{"id":101797,"date":"2025-09-11T11:13:00","date_gmt":"2025-09-11T14:13:00","guid":{"rendered":"https:\/\/www.correiobraziliense.com.br\/cbradar\/?p=101797"},"modified":"2025-09-10T16:48:13","modified_gmt":"2025-09-10T19:48:13","slug":"o-que-significa-para-alguem-usar-sempre-preto-segundo-a-psicologia","status":"publish","type":"post","link":"https:\/\/www.correiobraziliense.com.br\/cbradar\/o-que-significa-para-alguem-usar-sempre-preto-segundo-a-psicologia\/","title":{"rendered":"O que significa para algu\u00e9m usar sempre preto, segundo a psicologia?"},"content":{"rendered":"\n<p>Vestir-se sempre de <strong>preto<\/strong> \u00e9 uma escolha de estilo que vai al\u00e9m da moda. A <strong>psicologia<\/strong> revela como essa prefer\u00eancia de cor pode refletir aspectos da personalidade e do estado emocional de quem a adota. Entenda os motivos por tr\u00e1s dessa escolha e como ela impacta a percep\u00e7\u00e3o das outras pessoas.<\/p>\n\n\n\n<ul class=\"wp-block-list\">\n<li><strong>Autoconfian\u00e7a:<\/strong> O preto muitas vezes est\u00e1 associado \u00e0 autoridade e seguran\u00e7a.<\/li>\n\n\n\n<li><strong>Misteriosidade:<\/strong> Essa cor pode sugerir seriedade e introspec\u00e7\u00e3o.<\/li>\n\n\n\n<li><strong>Efeito de prote\u00e7\u00e3o:<\/strong> Pretos s\u00e3o frequentemente escolhidos por aqueles que desejam criar uma barreira emocional.<\/li>\n<\/ul>\n\n\n\n<h2 class=\"wp-block-heading\">Por que algumas pessoas preferem usar preto regularmente?<\/h2>\n\n\n\n<p>A prefer\u00eancia por se vestir de <strong>preto<\/strong> pode indicar uma busca por <strong>autonomia<\/strong> e individualidade. Muitas vezes, as pessoas que adotam essa cor buscam projetar uma imagem de profissionalismo e seriedade.<\/p>\n\n\n\n<h2 class=\"wp-block-heading\">Como o preto influencia a percep\u00e7\u00e3o dos outros?<\/h2>\n\n\n\n<p>Quando algu\u00e9m escolhe se vestir de <strong>preto<\/strong>, os outros podem perceb\u00ea-lo como mais confiante e assertivo. Isso ocorre porque a cor preta \u00e9 visualmente impactante e pode transmitir poder e eleg\u00e2ncia.<\/p>\n\n\n\n<p><em>Dica r\u00e1pida:<\/em> Para reuni\u00f5es importantes ou eventos formais, uma pe\u00e7a de roupa preta pode ajudar a projetar uma imagem de confian\u00e7a.<\/p>\n\n\n\n<figure class=\"wp-block-image size-large\"><img decoding=\"async\" width=\"1024\" height=\"576\" src=\"https:\/\/www.correiobraziliense.com.br\/cbradar\/wp-content\/uploads\/2025\/09\/roupa-preta_1757533672291-1024x576.jpg\" alt=\"O que significa para algu\u00e9m usar sempre preto, segundo a psicologia?\" class=\"wp-image-101802\" srcset=\"https:\/\/www.correiobraziliense.com.br\/cbradar\/wp-content\/uploads\/2025\/09\/roupa-preta_1757533672291-1024x576.jpg 1024w, https:\/\/www.correiobraziliense.com.br\/cbradar\/wp-content\/uploads\/2025\/09\/roupa-preta_1757533672291-300x169.jpg 300w, https:\/\/www.correiobraziliense.com.br\/cbradar\/wp-content\/uploads\/2025\/09\/roupa-preta_1757533672291-768x432.jpg 768w, https:\/\/www.correiobraziliense.com.br\/cbradar\/wp-content\/uploads\/2025\/09\/roupa-preta_1757533672291-750x422.jpg 750w, https:\/\/www.correiobraziliense.com.br\/cbradar\/wp-content\/uploads\/2025\/09\/roupa-preta_1757533672291-1140x641.jpg 1140w, https:\/\/www.correiobraziliense.com.br\/cbradar\/wp-content\/uploads\/2025\/09\/roupa-preta_1757533672291.jpg 1280w\" sizes=\"(max-width: 1024px) 100vw, 1024px\" \/><figcaption class=\"wp-element-caption\">roupa preta. Cr\u00e9ditos: depositphotos.com \/ AntonMatyukha<\/figcaption><\/figure>\n\n\n\n<h2 class=\"wp-block-heading\">Qual \u00e9 a rela\u00e7\u00e3o entre a cor preta e o estado emocional?<\/h2>\n\n\n\n<p>A escolha do preto pode ser uma forma de <strong>prote\u00e7\u00e3o emocional<\/strong>. Algumas pessoas usam preto para <strong>se proteger<\/strong> de intera\u00e7\u00f5es indesejadas ou para permanecer discretas em ambientes sociais.<\/p>\n\n\n\n<p>Leia tamb\u00e9m: <a href=\"https:\/\/www.correiobraziliense.com.br\/cbradar\/falar-sozinho-pode-ter-um-significado-oculto-segundo-a-psicologia\/\" target=\"_blank\" rel=\"noreferrer noopener\">Falar sozinho pode ter um significado oculto segundo a psicologia<\/a><\/p>\n\n\n\n<p>Sugerir intera\u00e7\u00e3o: Voc\u00ea usa preto regularmente? Compartilhe suas experi\u00eancias e impress\u00f5es sobre como essa escolha de cor afeta sua vida.<\/p>\n\n\n\n<h2 class=\"wp-block-heading\">Impacto do preto na autoexpress\u00e3o<\/h2>\n\n\n\n<p>Vestir preto pode ser uma forma poderosa de <strong>autoexpress\u00e3o<\/strong> para aqueles que a adotam como sua cor assinatura. Ao embrulhar-se neste tom, as pessoas muitas vezes sentem que suas <strong>verdadeiras personalidades<\/strong> s\u00e3o melhor representadas.<\/p>\n\n\n\n<ul class=\"wp-block-list\">\n<li>O preto geralmente comunica eleg\u00e2ncia e sofistica\u00e7\u00e3o.<\/li>\n\n\n\n<li>Pode ser uma escolha pr\u00e1tica, j\u00e1 que combina com v\u00e1rias situa\u00e7\u00f5es e estilos.<\/li>\n\n\n\n<li>\u00c9 uma cor que nunca sai de moda e sempre est\u00e1 em alta.<\/li>\n<\/ul>\n\n\n\n<h2 class=\"wp-block-heading\">Principais insights sobre a psicologia do preto<\/h2>\n\n\n\n<ul class=\"wp-block-list\">\n<li>O uso frequente de preto pode indicar uma busca por seguran\u00e7a e prote\u00e7\u00e3o emocional.<\/li>\n\n\n\n<li>Essa cor transmite mensagens de for\u00e7a e autoridade para quem a utiliza.<\/li>\n\n\n\n<li>Apesar das conota\u00e7\u00f5es de seriedade, preto \u00e9 uma escolha vers\u00e1til e universalmente aceita.<\/li>\n<\/ul>\n","protected":false},"excerpt":{"rendered":"<p>Entenda o significado psicol\u00f3gico de se vestir de preto e como essa escolha de cor afeta sua imagem e emo\u00e7\u00f5es.<\/p>\n","protected":false},"author":3,"featured_media":101801,"comment_status":"open","ping_status":"open","sticky":false,"template":"","format":"standard","meta":{"_yoast_wpseo_focuskw":"algu\u00e9m usar sempre preto","_yoast_wpseo_title":"%%title%%","_yoast_wpseo_metadesc":"Entenda o significado psicol\u00f3gico de se vestir de preto e como essa escolha de cor afeta sua imagem e emo\u00e7\u00f5es.","jnews-multi-image_gallery":[],"jnews_single_post":{"format":"standard"},"jnews_primary_category":[],"jnews_social_meta":[],"jnews_override_counter":[],"footnotes":""},"categories":[112],"tags":[144,404],"class_list":["post-101797","post","type-post","status-publish","format-standard","has-post-thumbnail","hentry","category-curiosidades","tag-curiosidades","tag-psicologia"],"yoast_head":"<!-- This site is optimized with the Yoast SEO plugin v24.6 - https:\/\/yoast.com\/wordpress\/plugins\/seo\/ -->\n<title>O que significa para algu\u00e9m usar sempre preto, segundo a psicologia?<\/title>\n<meta name=\"description\" content=\"Entenda o significado psicol\u00f3gico de se vestir de preto e como essa escolha de cor afeta sua imagem e emo\u00e7\u00f5es.\" \/>\n<meta name=\"robots\" content=\"index, follow, max-snippet:-1, max-image-preview:large, max-video-preview:-1\" \/>\n<link rel=\"canonical\" href=\"https:\/\/www.correiobraziliense.com.br\/cbradar\/o-que-significa-para-alguem-usar-sempre-preto-segundo-a-psicologia\/\" \/>\n<meta property=\"og:locale\" content=\"pt_BR\" \/>\n<meta property=\"og:type\" content=\"article\" \/>\n<meta property=\"og:title\" content=\"O que significa para algu\u00e9m usar sempre preto, segundo a psicologia?\" \/>\n<meta property=\"og:description\" content=\"Entenda o significado psicol\u00f3gico de se vestir de preto e como essa escolha de cor afeta sua imagem e emo\u00e7\u00f5es.\" \/>\n<meta property=\"og:url\" content=\"https:\/\/www.correiobraziliense.com.br\/cbradar\/o-que-significa-para-alguem-usar-sempre-preto-segundo-a-psicologia\/\" \/>\n<meta property=\"og:site_name\" content=\"Correio Braziliense - Radar\" \/>\n<meta property=\"article:published_time\" content=\"2025-09-11T14:13:00+00:00\" \/>\n<meta property=\"og:image\" content=\"https:\/\/www.correiobraziliense.com.br\/cbradar\/wp-content\/uploads\/2025\/09\/roupa-preta_1757533646654.jpg\" \/>\n\t<meta property=\"og:image:width\" content=\"1280\" \/>\n\t<meta property=\"og:image:height\" content=\"720\" \/>\n\t<meta property=\"og:image:type\" content=\"image\/jpeg\" \/>\n<meta name=\"author\" content=\"Larissa Carvalho\" \/>\n<meta name=\"twitter:card\" content=\"summary_large_image\" \/>\n<meta name=\"twitter:label1\" content=\"Escrito por\" \/>\n\t<meta name=\"twitter:data1\" content=\"Larissa Carvalho\" \/>\n\t<meta name=\"twitter:label2\" content=\"Est. tempo de leitura\" \/>\n\t<meta name=\"twitter:data2\" content=\"3 minutos\" \/>\n<!-- \/ Yoast SEO plugin. -->","yoast_head_json":{"title":"O que significa para algu\u00e9m usar sempre preto, segundo a psicologia?","description":"Entenda o significado psicol\u00f3gico de se vestir de preto e como essa escolha de cor afeta sua imagem e emo\u00e7\u00f5es.","robots":{"index":"index","follow":"follow","max-snippet":"max-snippet:-1","max-image-preview":"max-image-preview:large","max-video-preview":"max-video-preview:-1"},"canonical":"https:\/\/www.correiobraziliense.com.br\/cbradar\/o-que-significa-para-alguem-usar-sempre-preto-segundo-a-psicologia\/","og_locale":"pt_BR","og_type":"article","og_title":"O que significa para algu\u00e9m usar sempre preto, segundo a psicologia?","og_description":"Entenda o significado psicol\u00f3gico de se vestir de preto e como essa escolha de cor afeta sua imagem e emo\u00e7\u00f5es.","og_url":"https:\/\/www.correiobraziliense.com.br\/cbradar\/o-que-significa-para-alguem-usar-sempre-preto-segundo-a-psicologia\/","og_site_name":"Correio Braziliense - Radar","article_published_time":"2025-09-11T14:13:00+00:00","og_image":[{"width":1280,"height":720,"url":"https:\/\/www.correiobraziliense.com.br\/cbradar\/wp-content\/uploads\/2025\/09\/roupa-preta_1757533646654.jpg","type":"image\/jpeg"}],"author":"Larissa Carvalho","twitter_card":"summary_large_image","twitter_misc":{"Escrito por":"Larissa Carvalho","Est. tempo de leitura":"3 minutos"},"schema":{"@context":"https:\/\/schema.org","@graph":[{"@type":"WebPage","@id":"https:\/\/www.correiobraziliense.com.br\/cbradar\/o-que-significa-para-alguem-usar-sempre-preto-segundo-a-psicologia\/","url":"https:\/\/www.correiobraziliense.com.br\/cbradar\/o-que-significa-para-alguem-usar-sempre-preto-segundo-a-psicologia\/","name":"O que significa para algu\u00e9m usar sempre preto, segundo a psicologia?","isPartOf":{"@id":"https:\/\/www.correiobraziliense.com.br\/cbradar\/#website"},"primaryImageOfPage":{"@id":"https:\/\/www.correiobraziliense.com.br\/cbradar\/o-que-significa-para-alguem-usar-sempre-preto-segundo-a-psicologia\/#primaryimage"},"image":{"@id":"https:\/\/www.correiobraziliense.com.br\/cbradar\/o-que-significa-para-alguem-usar-sempre-preto-segundo-a-psicologia\/#primaryimage"},"thumbnailUrl":"https:\/\/www.correiobraziliense.com.br\/cbradar\/wp-content\/uploads\/2025\/09\/roupa-preta_1757533646654.jpg","datePublished":"2025-09-11T14:13:00+00:00","author":{"@id":"https:\/\/www.correiobraziliense.com.br\/cbradar\/#\/schema\/person\/58422787644df994b53a19d3e56c1513"},"description":"Entenda o significado psicol\u00f3gico de se vestir de preto e como essa escolha de cor afeta sua imagem e emo\u00e7\u00f5es.","breadcrumb":{"@id":"https:\/\/www.correiobraziliense.com.br\/cbradar\/o-que-significa-para-alguem-usar-sempre-preto-segundo-a-psicologia\/#breadcrumb"},"inLanguage":"pt-BR","potentialAction":[{"@type":"ReadAction","target":["https:\/\/www.correiobraziliense.com.br\/cbradar\/o-que-significa-para-alguem-usar-sempre-preto-segundo-a-psicologia\/"]}]},{"@type":"ImageObject","inLanguage":"pt-BR","@id":"https:\/\/www.correiobraziliense.com.br\/cbradar\/o-que-significa-para-alguem-usar-sempre-preto-segundo-a-psicologia\/#primaryimage","url":"https:\/\/www.correiobraziliense.com.br\/cbradar\/wp-content\/uploads\/2025\/09\/roupa-preta_1757533646654.jpg","contentUrl":"https:\/\/www.correiobraziliense.com.br\/cbradar\/wp-content\/uploads\/2025\/09\/roupa-preta_1757533646654.jpg","width":1280,"height":720,"caption":"roupa preta. Cr\u00e9ditos: depositphotos.com \/ VikiKviki"},{"@type":"BreadcrumbList","@id":"https:\/\/www.correiobraziliense.com.br\/cbradar\/o-que-significa-para-alguem-usar-sempre-preto-segundo-a-psicologia\/#breadcrumb","itemListElement":[{"@type":"ListItem","position":1,"name":"In\u00edcio","item":"https:\/\/www.correiobraziliense.com.br\/cbradar\/"},{"@type":"ListItem","position":2,"name":"O que significa para algu\u00e9m usar sempre preto, segundo a psicologia?"}]},{"@type":"WebSite","@id":"https:\/\/www.correiobraziliense.com.br\/cbradar\/#website","url":"https:\/\/www.correiobraziliense.com.br\/cbradar\/","name":"Correio Braziliense - Radar","description":"Acompanhe as \u00faltimas not\u00edcias e fique bem informado sobre tudo o que acontece no Brasil e no mundo.","potentialAction":[{"@type":"SearchAction","target":{"@type":"EntryPoint","urlTemplate":"https:\/\/www.correiobraziliense.com.br\/cbradar\/?s={search_term_string}"},"query-input":{"@type":"PropertyValueSpecification","valueRequired":true,"valueName":"search_term_string"}}],"inLanguage":"pt-BR"},{"@type":"Person","@id":"https:\/\/www.correiobraziliense.com.br\/cbradar\/#\/schema\/person\/58422787644df994b53a19d3e56c1513","name":"Larissa Carvalho","image":{"@type":"ImageObject","inLanguage":"pt-BR","@id":"https:\/\/www.correiobraziliense.com.br\/cbradar\/#\/schema\/person\/image\/","url":"https:\/\/secure.gravatar.com\/avatar\/fe4f91a0de32b52a838d0d612abdc1aa?s=96&d=mm&r=g","contentUrl":"https:\/\/secure.gravatar.com\/avatar\/fe4f91a0de32b52a838d0d612abdc1aa?s=96&d=mm&r=g","caption":"Larissa Carvalho"},"url":"https:\/\/www.correiobraziliense.com.br\/cbradar\/author\/larissamyth\/"}]}},"_links":{"self":[{"href":"https:\/\/www.correiobraziliense.com.br\/cbradar\/wp-json\/wp\/v2\/posts\/101797","targetHints":{"allow":["GET"]}}],"collection":[{"href":"https:\/\/www.correiobraziliense.com.br\/cbradar\/wp-json\/wp\/v2\/posts"}],"about":[{"href":"https:\/\/www.correiobraziliense.com.br\/cbradar\/wp-json\/wp\/v2\/types\/post"}],"author":[{"embeddable":true,"href":"https:\/\/www.correiobraziliense.com.br\/cbradar\/wp-json\/wp\/v2\/users\/3"}],"replies":[{"embeddable":true,"href":"https:\/\/www.correiobraziliense.com.br\/cbradar\/wp-json\/wp\/v2\/comments?post=101797"}],"version-history":[{"count":2,"href":"https:\/\/www.correiobraziliense.com.br\/cbradar\/wp-json\/wp\/v2\/posts\/101797\/revisions"}],"predecessor-version":[{"id":101805,"href":"https:\/\/www.correiobraziliense.com.br\/cbradar\/wp-json\/wp\/v2\/posts\/101797\/revisions\/101805"}],"wp:featuredmedia":[{"embeddable":true,"href":"https:\/\/www.correiobraziliense.com.br\/cbradar\/wp-json\/wp\/v2\/media\/101801"}],"wp:attachment":[{"href":"https:\/\/www.correiobraziliense.com.br\/cbradar\/wp-json\/wp\/v2\/media?parent=101797"}],"wp:term":[{"taxonomy":"category","embeddable":true,"href":"https:\/\/www.correiobraziliense.com.br\/cbradar\/wp-json\/wp\/v2\/categories?post=101797"},{"taxonomy":"post_tag","embeddable":true,"href":"https:\/\/www.correiobraziliense.com.br\/cbradar\/wp-json\/wp\/v2\/tags?post=101797"}],"curies":[{"name":"wp","href":"https:\/\/api.w.org\/{rel}","templated":true}]}}