{"id":101808,"date":"2025-09-11T12:33:00","date_gmt":"2025-09-11T15:33:00","guid":{"rendered":"https:\/\/www.correiobraziliense.com.br\/cbradar\/?p=101808"},"modified":"2025-09-10T16:56:40","modified_gmt":"2025-09-10T19:56:40","slug":"as-5-frases-para-responder-a-pessoas-ingratas-segundo-psicologos","status":"publish","type":"post","link":"https:\/\/www.correiobraziliense.com.br\/cbradar\/as-5-frases-para-responder-a-pessoas-ingratas-segundo-psicologos\/","title":{"rendered":"As 5 frases para responder a pessoas ingratas, segundo psic\u00f3logos"},"content":{"rendered":"\n<p>A <strong>ingratid\u00e3o<\/strong> pode ser frustrante, mas saber como lidar com ela \u00e9 essencial para sua pr\u00f3pria paz de esp\u00edrito. <strong>Psic\u00f3logos<\/strong> t\u00eam algumas sugest\u00f5es pr\u00e1ticas para responder a essas situa\u00e7\u00f5es sem perder a compostura.<\/p>\n\n\n\n<ul class=\"wp-block-list\">\n<li>Entenda o contexto da ingratid\u00e3o e aprenda a se proteger emocionalmente.<\/li>\n\n\n\n<li>Descubra formas de comunica\u00e7\u00e3o assertiva para expressar seus sentimentos.<\/li>\n\n\n\n<li>Desenvolva uma mentalidade de gratid\u00e3o para lidar melhor com a situa\u00e7\u00e3o.<\/li>\n<\/ul>\n\n\n\n<h2 class=\"wp-block-heading\">Por que algumas pessoas s\u00e3o ingratas?<\/h2>\n\n\n\n<p>Entender as ra\u00edzes da <strong>ingratid\u00e3o<\/strong> pode ajudar a lidar melhor com essa atitude. Muitas vezes, essa atitude reflete aspectos emocionais ou experi\u00eancias de vida que influenciam o comportamento das pessoas.<\/p>\n\n\n\n<h2 class=\"wp-block-heading\">Como responder a uma pessoa ingrata de forma assertiva?<\/h2>\n\n\n\n<p>Mantenha a calma e use <strong>frases assertivas<\/strong> para expressar seus sentimentos. Dizer algo como &#8220;Percebo que n\u00e3o estou sendo reconhecido e isso me incomoda&#8221; pode abrir espa\u00e7o para um di\u00e1logo produtivo.<\/p>\n\n\n\n<h2 class=\"wp-block-heading\">Quais s\u00e3o as frases recomendadas por psic\u00f3logos?<\/h2>\n\n\n\n<p>Psic\u00f3logos sugerem algumas frases para lidar com a ingratid\u00e3o de forma construtiva. Veja exemplos pr\u00e1ticos:<\/p>\n\n\n\n<ul class=\"wp-block-list\">\n<li>&#8220;Gostaria de conversar sobre como podemos avan\u00e7ar juntos de forma justa.&#8221;<\/li>\n\n\n\n<li>&#8220;Sinto que minha contribui\u00e7\u00e3o n\u00e3o foi reconhecida e gostaria de entender o motivo.&#8221;<\/li>\n\n\n\n<li>&#8220;Estou sempre dispon\u00edvel para ajudar, mas aprecio o reconhecimento.&#8221;<\/li>\n\n\n\n<li>&#8220;J\u00e1 parou para pensar como isso pode estar me afetando?&#8221;<\/li>\n\n\n\n<li>&#8220;Entendo que estamos todos ocupados, mas um agradecimento faz diferen\u00e7a.&#8221;<\/li>\n<\/ul>\n\n\n\n<figure class=\"wp-block-image size-large\"><img decoding=\"async\" width=\"1024\" height=\"576\" src=\"https:\/\/www.correiobraziliense.com.br\/cbradar\/wp-content\/uploads\/2025\/09\/pessoas-discutindo_1757534175191-1024x576.jpg\" alt=\"As 5 frases para responder a pessoas ingratas, segundo psic\u00f3logos\" class=\"wp-image-101814\" srcset=\"https:\/\/www.correiobraziliense.com.br\/cbradar\/wp-content\/uploads\/2025\/09\/pessoas-discutindo_1757534175191-1024x576.jpg 1024w, https:\/\/www.correiobraziliense.com.br\/cbradar\/wp-content\/uploads\/2025\/09\/pessoas-discutindo_1757534175191-300x169.jpg 300w, https:\/\/www.correiobraziliense.com.br\/cbradar\/wp-content\/uploads\/2025\/09\/pessoas-discutindo_1757534175191-768x432.jpg 768w, https:\/\/www.correiobraziliense.com.br\/cbradar\/wp-content\/uploads\/2025\/09\/pessoas-discutindo_1757534175191-750x422.jpg 750w, https:\/\/www.correiobraziliense.com.br\/cbradar\/wp-content\/uploads\/2025\/09\/pessoas-discutindo_1757534175191-1140x641.jpg 1140w, https:\/\/www.correiobraziliense.com.br\/cbradar\/wp-content\/uploads\/2025\/09\/pessoas-discutindo_1757534175191.jpg 1280w\" sizes=\"(max-width: 1024px) 100vw, 1024px\" \/><figcaption class=\"wp-element-caption\">pessoas discutindo. Cr\u00e9ditos: depositphotos.com \/ IgorVetushko<\/figcaption><\/figure>\n\n\n\n<h2 class=\"wp-block-heading\">Import\u00e2ncia de cultivar a gratid\u00e3o em nossa vida<\/h2>\n\n\n\n<p>Desenvolver uma mentalidade de <strong>gratid\u00e3o<\/strong> \u00e9 crucial para aumentar nosso bem-estar. Isso n\u00e3o apenas melhora nossas rela\u00e7\u00f5es pessoais, mas tamb\u00e9m fortalece nossa resili\u00eancia emocional.<\/p>\n\n\n\n<p><strong>Aten\u00e7\u00e3o:<\/strong> Evite guardar m\u00e1goas. Isso s\u00f3 aumentar\u00e1 o desconforto e n\u00e3o solucionar\u00e1 o problema.<\/p>\n\n\n\n<h2 class=\"wp-block-heading\">Incorpore a gratid\u00e3o no seu dia a dia<\/h2>\n\n\n\n<p>Transformar a <strong>gratid\u00e3o<\/strong> em um h\u00e1bito di\u00e1rio pode trazer in\u00fameros benef\u00edcios. Pratique o h\u00e1bito de reconhecer o que outros fazem por voc\u00ea e veja a diferen\u00e7a nas suas rela\u00e7\u00f5es.<\/p>\n\n\n\n<p>Leia tamb\u00e9m: <a href=\"https:\/\/www.correiobraziliense.com.br\/cbradar\/os-sinais-que-revelam-inteligencia-acima-da-media-segundo-a-psicologia\/\" target=\"_blank\" rel=\"noreferrer noopener\">Os sinais que revelam intelig\u00eancia acima da m\u00e9dia segundo a psicologia<\/a><\/p>\n\n\n\n<h2 class=\"wp-block-heading\">Destaques e aprendizados essenciais<\/h2>\n\n\n\n<ul class=\"wp-block-list\">\n<li>Identifique as causas da ingratid\u00e3o e proteja-se emocionalmente.<\/li>\n\n\n\n<li>Utilize respostas assertivas para comunicar seus sentimentos e promover o di\u00e1logo.<\/li>\n\n\n\n<li>Desenvolva uma mentalidade de gratid\u00e3o para melhorar suas rela\u00e7\u00f5es.<\/li>\n<\/ul>\n","protected":false},"excerpt":{"rendered":"<p>Estrat\u00e9gias psicol\u00f3gicas para responder a ingratid\u00e3o de forma assertiva e manter a paz de esp\u00edrito. Aprenda a se proteger emocionalmente.<\/p>\n","protected":false},"author":3,"featured_media":101811,"comment_status":"open","ping_status":"open","sticky":false,"template":"","format":"standard","meta":{"_yoast_wpseo_focuskw":"frases responder pessoa ingrata","_yoast_wpseo_title":"%%title%%","_yoast_wpseo_metadesc":"Estrat\u00e9gias psicol\u00f3gicas para responder a ingratid\u00e3o de forma assertiva e manter a paz de esp\u00edrito. Aprenda a se proteger emocionalmente.","jnews-multi-image_gallery":[],"jnews_single_post":{"format":"standard"},"jnews_primary_category":[],"jnews_social_meta":[],"jnews_override_counter":[],"footnotes":""},"categories":[112],"tags":[144,10183,404],"class_list":["post-101808","post","type-post","status-publish","format-standard","has-post-thumbnail","hentry","category-curiosidades","tag-curiosidades","tag-ingratidao","tag-psicologia"],"yoast_head":"<!-- This site is optimized with the Yoast SEO plugin v24.6 - https:\/\/yoast.com\/wordpress\/plugins\/seo\/ -->\n<title>As 5 frases para responder a pessoas ingratas, segundo psic\u00f3logos<\/title>\n<meta name=\"description\" content=\"Estrat\u00e9gias psicol\u00f3gicas para responder a ingratid\u00e3o de forma assertiva e manter a paz de esp\u00edrito. Aprenda a se proteger emocionalmente.\" \/>\n<meta name=\"robots\" content=\"index, follow, max-snippet:-1, max-image-preview:large, max-video-preview:-1\" \/>\n<link rel=\"canonical\" href=\"https:\/\/www.correiobraziliense.com.br\/cbradar\/as-5-frases-para-responder-a-pessoas-ingratas-segundo-psicologos\/\" \/>\n<meta property=\"og:locale\" content=\"pt_BR\" \/>\n<meta property=\"og:type\" content=\"article\" \/>\n<meta property=\"og:title\" content=\"As 5 frases para responder a pessoas ingratas, segundo psic\u00f3logos\" \/>\n<meta property=\"og:description\" content=\"Estrat\u00e9gias psicol\u00f3gicas para responder a ingratid\u00e3o de forma assertiva e manter a paz de esp\u00edrito. Aprenda a se proteger emocionalmente.\" \/>\n<meta property=\"og:url\" content=\"https:\/\/www.correiobraziliense.com.br\/cbradar\/as-5-frases-para-responder-a-pessoas-ingratas-segundo-psicologos\/\" \/>\n<meta property=\"og:site_name\" content=\"Correio Braziliense - Radar\" \/>\n<meta property=\"article:published_time\" content=\"2025-09-11T15:33:00+00:00\" \/>\n<meta property=\"og:image\" content=\"https:\/\/www.correiobraziliense.com.br\/cbradar\/wp-content\/uploads\/2025\/09\/pessoas-discutindo_1757533864221.jpg\" \/>\n\t<meta property=\"og:image:width\" content=\"1280\" \/>\n\t<meta property=\"og:image:height\" content=\"720\" \/>\n\t<meta property=\"og:image:type\" content=\"image\/jpeg\" \/>\n<meta name=\"author\" content=\"Larissa Carvalho\" \/>\n<meta name=\"twitter:card\" content=\"summary_large_image\" \/>\n<meta name=\"twitter:label1\" content=\"Escrito por\" \/>\n\t<meta name=\"twitter:data1\" content=\"Larissa Carvalho\" \/>\n\t<meta name=\"twitter:label2\" content=\"Est. tempo de leitura\" \/>\n\t<meta name=\"twitter:data2\" content=\"3 minutos\" \/>\n<!-- \/ Yoast SEO plugin. -->","yoast_head_json":{"title":"As 5 frases para responder a pessoas ingratas, segundo psic\u00f3logos","description":"Estrat\u00e9gias psicol\u00f3gicas para responder a ingratid\u00e3o de forma assertiva e manter a paz de esp\u00edrito. Aprenda a se proteger emocionalmente.","robots":{"index":"index","follow":"follow","max-snippet":"max-snippet:-1","max-image-preview":"max-image-preview:large","max-video-preview":"max-video-preview:-1"},"canonical":"https:\/\/www.correiobraziliense.com.br\/cbradar\/as-5-frases-para-responder-a-pessoas-ingratas-segundo-psicologos\/","og_locale":"pt_BR","og_type":"article","og_title":"As 5 frases para responder a pessoas ingratas, segundo psic\u00f3logos","og_description":"Estrat\u00e9gias psicol\u00f3gicas para responder a ingratid\u00e3o de forma assertiva e manter a paz de esp\u00edrito. Aprenda a se proteger emocionalmente.","og_url":"https:\/\/www.correiobraziliense.com.br\/cbradar\/as-5-frases-para-responder-a-pessoas-ingratas-segundo-psicologos\/","og_site_name":"Correio Braziliense - Radar","article_published_time":"2025-09-11T15:33:00+00:00","og_image":[{"width":1280,"height":720,"url":"https:\/\/www.correiobraziliense.com.br\/cbradar\/wp-content\/uploads\/2025\/09\/pessoas-discutindo_1757533864221.jpg","type":"image\/jpeg"}],"author":"Larissa Carvalho","twitter_card":"summary_large_image","twitter_misc":{"Escrito por":"Larissa Carvalho","Est. tempo de leitura":"3 minutos"},"schema":{"@context":"https:\/\/schema.org","@graph":[{"@type":"WebPage","@id":"https:\/\/www.correiobraziliense.com.br\/cbradar\/as-5-frases-para-responder-a-pessoas-ingratas-segundo-psicologos\/","url":"https:\/\/www.correiobraziliense.com.br\/cbradar\/as-5-frases-para-responder-a-pessoas-ingratas-segundo-psicologos\/","name":"As 5 frases para responder a pessoas ingratas, segundo psic\u00f3logos","isPartOf":{"@id":"https:\/\/www.correiobraziliense.com.br\/cbradar\/#website"},"primaryImageOfPage":{"@id":"https:\/\/www.correiobraziliense.com.br\/cbradar\/as-5-frases-para-responder-a-pessoas-ingratas-segundo-psicologos\/#primaryimage"},"image":{"@id":"https:\/\/www.correiobraziliense.com.br\/cbradar\/as-5-frases-para-responder-a-pessoas-ingratas-segundo-psicologos\/#primaryimage"},"thumbnailUrl":"https:\/\/www.correiobraziliense.com.br\/cbradar\/wp-content\/uploads\/2025\/09\/pessoas-discutindo_1757533864221.jpg","datePublished":"2025-09-11T15:33:00+00:00","author":{"@id":"https:\/\/www.correiobraziliense.com.br\/cbradar\/#\/schema\/person\/58422787644df994b53a19d3e56c1513"},"description":"Estrat\u00e9gias psicol\u00f3gicas para responder a ingratid\u00e3o de forma assertiva e manter a paz de esp\u00edrito. Aprenda a se proteger emocionalmente.","breadcrumb":{"@id":"https:\/\/www.correiobraziliense.com.br\/cbradar\/as-5-frases-para-responder-a-pessoas-ingratas-segundo-psicologos\/#breadcrumb"},"inLanguage":"pt-BR","potentialAction":[{"@type":"ReadAction","target":["https:\/\/www.correiobraziliense.com.br\/cbradar\/as-5-frases-para-responder-a-pessoas-ingratas-segundo-psicologos\/"]}]},{"@type":"ImageObject","inLanguage":"pt-BR","@id":"https:\/\/www.correiobraziliense.com.br\/cbradar\/as-5-frases-para-responder-a-pessoas-ingratas-segundo-psicologos\/#primaryimage","url":"https:\/\/www.correiobraziliense.com.br\/cbradar\/wp-content\/uploads\/2025\/09\/pessoas-discutindo_1757533864221.jpg","contentUrl":"https:\/\/www.correiobraziliense.com.br\/cbradar\/wp-content\/uploads\/2025\/09\/pessoas-discutindo_1757533864221.jpg","width":1280,"height":720,"caption":"pessoas discutindo. Cr\u00e9ditos: depositphotos.com \/ IgorVetushko"},{"@type":"BreadcrumbList","@id":"https:\/\/www.correiobraziliense.com.br\/cbradar\/as-5-frases-para-responder-a-pessoas-ingratas-segundo-psicologos\/#breadcrumb","itemListElement":[{"@type":"ListItem","position":1,"name":"In\u00edcio","item":"https:\/\/www.correiobraziliense.com.br\/cbradar\/"},{"@type":"ListItem","position":2,"name":"As 5 frases para responder a pessoas ingratas, segundo psic\u00f3logos"}]},{"@type":"WebSite","@id":"https:\/\/www.correiobraziliense.com.br\/cbradar\/#website","url":"https:\/\/www.correiobraziliense.com.br\/cbradar\/","name":"Correio Braziliense - Radar","description":"Acompanhe as \u00faltimas not\u00edcias e fique bem informado sobre tudo o que acontece no Brasil e no mundo.","potentialAction":[{"@type":"SearchAction","target":{"@type":"EntryPoint","urlTemplate":"https:\/\/www.correiobraziliense.com.br\/cbradar\/?s={search_term_string}"},"query-input":{"@type":"PropertyValueSpecification","valueRequired":true,"valueName":"search_term_string"}}],"inLanguage":"pt-BR"},{"@type":"Person","@id":"https:\/\/www.correiobraziliense.com.br\/cbradar\/#\/schema\/person\/58422787644df994b53a19d3e56c1513","name":"Larissa Carvalho","image":{"@type":"ImageObject","inLanguage":"pt-BR","@id":"https:\/\/www.correiobraziliense.com.br\/cbradar\/#\/schema\/person\/image\/","url":"https:\/\/secure.gravatar.com\/avatar\/fe4f91a0de32b52a838d0d612abdc1aa?s=96&d=mm&r=g","contentUrl":"https:\/\/secure.gravatar.com\/avatar\/fe4f91a0de32b52a838d0d612abdc1aa?s=96&d=mm&r=g","caption":"Larissa Carvalho"},"url":"https:\/\/www.correiobraziliense.com.br\/cbradar\/author\/larissamyth\/"}]}},"_links":{"self":[{"href":"https:\/\/www.correiobraziliense.com.br\/cbradar\/wp-json\/wp\/v2\/posts\/101808","targetHints":{"allow":["GET"]}}],"collection":[{"href":"https:\/\/www.correiobraziliense.com.br\/cbradar\/wp-json\/wp\/v2\/posts"}],"about":[{"href":"https:\/\/www.correiobraziliense.com.br\/cbradar\/wp-json\/wp\/v2\/types\/post"}],"author":[{"embeddable":true,"href":"https:\/\/www.correiobraziliense.com.br\/cbradar\/wp-json\/wp\/v2\/users\/3"}],"replies":[{"embeddable":true,"href":"https:\/\/www.correiobraziliense.com.br\/cbradar\/wp-json\/wp\/v2\/comments?post=101808"}],"version-history":[{"count":2,"href":"https:\/\/www.correiobraziliense.com.br\/cbradar\/wp-json\/wp\/v2\/posts\/101808\/revisions"}],"predecessor-version":[{"id":101817,"href":"https:\/\/www.correiobraziliense.com.br\/cbradar\/wp-json\/wp\/v2\/posts\/101808\/revisions\/101817"}],"wp:featuredmedia":[{"embeddable":true,"href":"https:\/\/www.correiobraziliense.com.br\/cbradar\/wp-json\/wp\/v2\/media\/101811"}],"wp:attachment":[{"href":"https:\/\/www.correiobraziliense.com.br\/cbradar\/wp-json\/wp\/v2\/media?parent=101808"}],"wp:term":[{"taxonomy":"category","embeddable":true,"href":"https:\/\/www.correiobraziliense.com.br\/cbradar\/wp-json\/wp\/v2\/categories?post=101808"},{"taxonomy":"post_tag","embeddable":true,"href":"https:\/\/www.correiobraziliense.com.br\/cbradar\/wp-json\/wp\/v2\/tags?post=101808"}],"curies":[{"name":"wp","href":"https:\/\/api.w.org\/{rel}","templated":true}]}}