{"id":101840,"date":"2025-09-11T20:33:00","date_gmt":"2025-09-11T23:33:00","guid":{"rendered":"https:\/\/www.correiobraziliense.com.br\/cbradar\/?p=101840"},"modified":"2025-09-12T09:46:44","modified_gmt":"2025-09-12T12:46:44","slug":"o-que-significa-quando-alguem-cruza-os-dedos-as-maos-ou-segundo-os-bracos-na-frente-do-corpo-a-psicologia","status":"publish","type":"post","link":"https:\/\/www.correiobraziliense.com.br\/cbradar\/o-que-significa-quando-alguem-cruza-os-dedos-as-maos-ou-segundo-os-bracos-na-frente-do-corpo-a-psicologia\/","title":{"rendered":"O que significa quando algu\u00e9m cruza os dedos, as m\u00e3os ou os bra\u00e7os na frente do corpo, segundo a psicologia"},"content":{"rendered":"\n<p>Cruzar os <strong>dedos<\/strong>, <strong>m\u00e3os<\/strong> ou <strong>bra\u00e7os<\/strong> \u00e9 um gesto comum que muitas pessoas fazem inconscientemente. Mas, ser\u00e1 que esses gestos possuem algum significado psicol\u00f3gico? Vamos explorar o contexto por tr\u00e1s dessas a\u00e7\u00f5es e o que elas podem revelar sobre nossas emo\u00e7\u00f5es e inten\u00e7\u00f5es.<\/p>\n\n\n\n<ul class=\"wp-block-list\">\n<li><strong>Cruzar os dedos<\/strong> \u00e9 frequentemente associado a um desejo de sorte.<\/li>\n\n\n\n<li><strong>Cruzar as m\u00e3os<\/strong> pode indicar nervosismo ou uma tentativa de autocontrole.<\/li>\n\n\n\n<li><strong>Cruzar os bra\u00e7os<\/strong> pode ser visto como uma postura defensiva ou de prote\u00e7\u00e3o.<\/li>\n<\/ul>\n\n\n\n<h2 class=\"wp-block-heading\">Por que cruzamos os dedos?<\/h2>\n\n\n\n<p>Cruzar os <strong>dedos<\/strong> \u00e9 um gesto <strong>simb\u00f3lico<\/strong>, geralmente usado para expressar esperan\u00e7a em um resultado positivo. Na psicologia, este gesto pode ser visto como uma maneira de aliviar a ansiedade e demonstrar otimismo.<\/p>\n\n\n\n<h2 class=\"wp-block-heading\">O que significa cruzar as m\u00e3os?<\/h2>\n\n\n\n<p>Cruzar as <strong>m\u00e3os<\/strong> muitas vezes acontece quando uma pessoa est\u00e1 se sentindo nervosa ou ansiosa. Este gesto pode ser um mecanismo de autoconten\u00e7\u00e3o, oferecendo um pouco de conforto em situa\u00e7\u00f5es estressantes.<\/p>\n\n\n\n<figure class=\"wp-block-image size-large\"><img decoding=\"async\" width=\"1024\" height=\"576\" src=\"https:\/\/www.correiobraziliense.com.br\/cbradar\/wp-content\/uploads\/2025\/09\/dedos-cruzados_1757535075173-1024x576.jpg\" alt=\"O que significa quando algu\u00e9m cruza os dedos, as m\u00e3os ou segundo os bra\u00e7os na frente do corpo, a psicologia\" class=\"wp-image-101844\" srcset=\"https:\/\/www.correiobraziliense.com.br\/cbradar\/wp-content\/uploads\/2025\/09\/dedos-cruzados_1757535075173-1024x576.jpg 1024w, https:\/\/www.correiobraziliense.com.br\/cbradar\/wp-content\/uploads\/2025\/09\/dedos-cruzados_1757535075173-300x169.jpg 300w, https:\/\/www.correiobraziliense.com.br\/cbradar\/wp-content\/uploads\/2025\/09\/dedos-cruzados_1757535075173-768x432.jpg 768w, https:\/\/www.correiobraziliense.com.br\/cbradar\/wp-content\/uploads\/2025\/09\/dedos-cruzados_1757535075173-750x422.jpg 750w, https:\/\/www.correiobraziliense.com.br\/cbradar\/wp-content\/uploads\/2025\/09\/dedos-cruzados_1757535075173-1140x641.jpg 1140w, https:\/\/www.correiobraziliense.com.br\/cbradar\/wp-content\/uploads\/2025\/09\/dedos-cruzados_1757535075173.jpg 1280w\" sizes=\"(max-width: 1024px) 100vw, 1024px\" \/><figcaption class=\"wp-element-caption\">dedos cruzados. Cr\u00e9ditos: depositphotos.com \/ AsierRomeroCarballo<\/figcaption><\/figure>\n\n\n\n<h2 class=\"wp-block-heading\">Cruzar os bra\u00e7os \u00e9 sempre defensivo?<\/h2>\n\n\n\n<p>Embora cruzar os <strong>bra\u00e7os<\/strong> seja frequentemente percebido como um sinal de defesa ou isolamento, em alguns contextos pode simplesmente indicar conforto ou descanso. \u00c9 importante considerar o ambiente e outros sinais corporais antes de tirar conclus\u00f5es.<\/p>\n\n\n\n<p><em>Dica r\u00e1pida<\/em>: Quando observar algu\u00e9m com os bra\u00e7os cruzados, observe se a postura \u00e9 acompanhada de express\u00f5es faciais negativas ou outros sinais de desconforto.<\/p>\n\n\n\n<p>Leia tamb\u00e9m: <a href=\"https:\/\/www.correiobraziliense.com.br\/cbradar\/os-sinais-que-revelam-inteligencia-acima-da-media-segundo-a-psicologia\/\" target=\"_blank\" rel=\"noreferrer noopener\">Os sinais que revelam intelig\u00eancia acima da m\u00e9dia segundo a psicologia<\/a><\/p>\n\n\n\n<h2 class=\"wp-block-heading\">Como interpretar esses gestos de forma mais precisa<\/h2>\n\n\n\n<p>Para uma interpreta\u00e7\u00e3o <strong>precisa<\/strong>, \u00e9 essencial analisar o contexto e a combina\u00e7\u00e3o com outros sinais n\u00e3o verbais. A postura geral, o tom de voz e as express\u00f5es faciais oferecem pistas adicionais sobre as inten\u00e7\u00f5es e sentimentos da pessoa.<\/p>\n\n\n\n<p><em>Aten\u00e7\u00e3o<\/em>: Evite tirar conclus\u00f5es precipitadas ao interpretar linguagem corporal. Cada pessoa pode ter varia\u00e7\u00f5es na express\u00e3o de gestos semelhantes.<\/p>\n\n\n\n<h2 class=\"wp-block-heading\">Principais insights sobre a linguagem corporal<\/h2>\n\n\n\n<ul class=\"wp-block-list\">\n<li>Cruzar <strong>dedos<\/strong>, <strong>m\u00e3os<\/strong> e <strong>bra\u00e7os<\/strong> pode transmitir mensagens diferentes dependendo do contexto.<\/li>\n\n\n\n<li>Associar estes gestos a outros sinais pode melhorar a precis\u00e3o na leitura da linguagem corporal.<\/li>\n\n\n\n<li>Busque compreender a pessoa como um todo, considerando suas emo\u00e7\u00f5es e o ambiente em que est\u00e1 inserida.<\/li>\n<\/ul>\n","protected":false},"excerpt":{"rendered":"<p>Entenda o significado psicol\u00f3gico por tr\u00e1s de cruzar dedos, m\u00e3os e bra\u00e7os. Descubra como a linguagem corporal revela emo\u00e7\u00f5es e inten\u00e7\u00f5es.<\/p>\n","protected":false},"author":3,"featured_media":101843,"comment_status":"open","ping_status":"open","sticky":false,"template":"","format":"standard","meta":{"_yoast_wpseo_focuskw":"cruzar dedos m\u00e3os psicologia","_yoast_wpseo_title":"%%title%%","_yoast_wpseo_metadesc":"Entenda o significado psicol\u00f3gico por tr\u00e1s de cruzar dedos, m\u00e3os e bra\u00e7os. Descubra como a linguagem corporal revela emo\u00e7\u00f5es e inten\u00e7\u00f5es.","jnews-multi-image_gallery":[],"jnews_single_post":{"format":"standard"},"jnews_primary_category":[],"jnews_social_meta":[],"jnews_override_counter":[],"footnotes":""},"categories":[112],"post_tag":[144,404],"class_list":["post-101840","post","type-post","status-publish","format-standard","has-post-thumbnail","hentry","category-curiosidades","tag-curiosidades","tag-psicologia"],"yoast_head":"<!-- This site is optimized with the Yoast SEO plugin v24.6 - https:\/\/yoast.com\/wordpress\/plugins\/seo\/ -->\n<title>O que significa quando algu\u00e9m cruza os dedos, as m\u00e3os ou os bra\u00e7os na frente do corpo, segundo a psicologia<\/title>\n<meta name=\"description\" content=\"Entenda o significado psicol\u00f3gico por tr\u00e1s de cruzar dedos, m\u00e3os e bra\u00e7os. Descubra como a linguagem corporal revela emo\u00e7\u00f5es e inten\u00e7\u00f5es.\" \/>\n<meta name=\"robots\" content=\"index, follow, max-snippet:-1, max-image-preview:large, max-video-preview:-1\" \/>\n<link rel=\"canonical\" href=\"https:\/\/www.correiobraziliense.com.br\/cbradar\/o-que-significa-quando-alguem-cruza-os-dedos-as-maos-ou-segundo-os-bracos-na-frente-do-corpo-a-psicologia\/\" \/>\n<meta property=\"og:locale\" content=\"pt_BR\" \/>\n<meta property=\"og:type\" content=\"article\" \/>\n<meta property=\"og:title\" content=\"O que significa quando algu\u00e9m cruza os dedos, as m\u00e3os ou os bra\u00e7os na frente do corpo, segundo a psicologia\" \/>\n<meta property=\"og:description\" content=\"Entenda o significado psicol\u00f3gico por tr\u00e1s de cruzar dedos, m\u00e3os e bra\u00e7os. Descubra como a linguagem corporal revela emo\u00e7\u00f5es e inten\u00e7\u00f5es.\" \/>\n<meta property=\"og:url\" content=\"https:\/\/www.correiobraziliense.com.br\/cbradar\/o-que-significa-quando-alguem-cruza-os-dedos-as-maos-ou-segundo-os-bracos-na-frente-do-corpo-a-psicologia\/\" \/>\n<meta property=\"og:site_name\" content=\"Correio Braziliense - Radar\" \/>\n<meta property=\"article:published_time\" content=\"2025-09-11T23:33:00+00:00\" \/>\n<meta property=\"article:modified_time\" content=\"2025-09-12T12:46:44+00:00\" \/>\n<meta property=\"og:image\" content=\"https:\/\/www.correiobraziliense.com.br\/cbradar\/wp-content\/uploads\/2025\/09\/dedos-cruzados_1757535045713.jpg\" \/>\n\t<meta property=\"og:image:width\" content=\"1280\" \/>\n\t<meta property=\"og:image:height\" content=\"720\" \/>\n\t<meta property=\"og:image:type\" content=\"image\/jpeg\" \/>\n<meta name=\"author\" content=\"Larissa Carvalho\" \/>\n<meta name=\"twitter:card\" content=\"summary_large_image\" \/>\n<meta name=\"twitter:label1\" content=\"Escrito por\" \/>\n\t<meta name=\"twitter:data1\" content=\"Larissa Carvalho\" \/>\n\t<meta name=\"twitter:label2\" content=\"Est. tempo de leitura\" \/>\n\t<meta name=\"twitter:data2\" content=\"3 minutos\" \/>\n<!-- \/ Yoast SEO plugin. -->","yoast_head_json":{"title":"O que significa quando algu\u00e9m cruza os dedos, as m\u00e3os ou os bra\u00e7os na frente do corpo, segundo a psicologia","description":"Entenda o significado psicol\u00f3gico por tr\u00e1s de cruzar dedos, m\u00e3os e bra\u00e7os. Descubra como a linguagem corporal revela emo\u00e7\u00f5es e inten\u00e7\u00f5es.","robots":{"index":"index","follow":"follow","max-snippet":"max-snippet:-1","max-image-preview":"max-image-preview:large","max-video-preview":"max-video-preview:-1"},"canonical":"https:\/\/www.correiobraziliense.com.br\/cbradar\/o-que-significa-quando-alguem-cruza-os-dedos-as-maos-ou-segundo-os-bracos-na-frente-do-corpo-a-psicologia\/","og_locale":"pt_BR","og_type":"article","og_title":"O que significa quando algu\u00e9m cruza os dedos, as m\u00e3os ou os bra\u00e7os na frente do corpo, segundo a psicologia","og_description":"Entenda o significado psicol\u00f3gico por tr\u00e1s de cruzar dedos, m\u00e3os e bra\u00e7os. Descubra como a linguagem corporal revela emo\u00e7\u00f5es e inten\u00e7\u00f5es.","og_url":"https:\/\/www.correiobraziliense.com.br\/cbradar\/o-que-significa-quando-alguem-cruza-os-dedos-as-maos-ou-segundo-os-bracos-na-frente-do-corpo-a-psicologia\/","og_site_name":"Correio Braziliense - Radar","article_published_time":"2025-09-11T23:33:00+00:00","article_modified_time":"2025-09-12T12:46:44+00:00","og_image":[{"width":1280,"height":720,"url":"https:\/\/www.correiobraziliense.com.br\/cbradar\/wp-content\/uploads\/2025\/09\/dedos-cruzados_1757535045713.jpg","type":"image\/jpeg"}],"author":"Larissa Carvalho","twitter_card":"summary_large_image","twitter_misc":{"Escrito por":"Larissa Carvalho","Est. tempo de leitura":"3 minutos"},"schema":{"@context":"https:\/\/schema.org","@graph":[{"@type":"WebPage","@id":"https:\/\/www.correiobraziliense.com.br\/cbradar\/o-que-significa-quando-alguem-cruza-os-dedos-as-maos-ou-segundo-os-bracos-na-frente-do-corpo-a-psicologia\/","url":"https:\/\/www.correiobraziliense.com.br\/cbradar\/o-que-significa-quando-alguem-cruza-os-dedos-as-maos-ou-segundo-os-bracos-na-frente-do-corpo-a-psicologia\/","name":"O que significa quando algu\u00e9m cruza os dedos, as m\u00e3os ou os bra\u00e7os na frente do corpo, segundo a psicologia","isPartOf":{"@id":"https:\/\/www.correiobraziliense.com.br\/cbradar\/#website"},"primaryImageOfPage":{"@id":"https:\/\/www.correiobraziliense.com.br\/cbradar\/o-que-significa-quando-alguem-cruza-os-dedos-as-maos-ou-segundo-os-bracos-na-frente-do-corpo-a-psicologia\/#primaryimage"},"image":{"@id":"https:\/\/www.correiobraziliense.com.br\/cbradar\/o-que-significa-quando-alguem-cruza-os-dedos-as-maos-ou-segundo-os-bracos-na-frente-do-corpo-a-psicologia\/#primaryimage"},"thumbnailUrl":"https:\/\/www.correiobraziliense.com.br\/cbradar\/wp-content\/uploads\/2025\/09\/dedos-cruzados_1757535045713.jpg","datePublished":"2025-09-11T23:33:00+00:00","dateModified":"2025-09-12T12:46:44+00:00","author":{"@id":"https:\/\/www.correiobraziliense.com.br\/cbradar\/#\/schema\/person\/58422787644df994b53a19d3e56c1513"},"description":"Entenda o significado psicol\u00f3gico por tr\u00e1s de cruzar dedos, m\u00e3os e bra\u00e7os. Descubra como a linguagem corporal revela emo\u00e7\u00f5es e inten\u00e7\u00f5es.","breadcrumb":{"@id":"https:\/\/www.correiobraziliense.com.br\/cbradar\/o-que-significa-quando-alguem-cruza-os-dedos-as-maos-ou-segundo-os-bracos-na-frente-do-corpo-a-psicologia\/#breadcrumb"},"inLanguage":"pt-BR","potentialAction":[{"@type":"ReadAction","target":["https:\/\/www.correiobraziliense.com.br\/cbradar\/o-que-significa-quando-alguem-cruza-os-dedos-as-maos-ou-segundo-os-bracos-na-frente-do-corpo-a-psicologia\/"]}]},{"@type":"ImageObject","inLanguage":"pt-BR","@id":"https:\/\/www.correiobraziliense.com.br\/cbradar\/o-que-significa-quando-alguem-cruza-os-dedos-as-maos-ou-segundo-os-bracos-na-frente-do-corpo-a-psicologia\/#primaryimage","url":"https:\/\/www.correiobraziliense.com.br\/cbradar\/wp-content\/uploads\/2025\/09\/dedos-cruzados_1757535045713.jpg","contentUrl":"https:\/\/www.correiobraziliense.com.br\/cbradar\/wp-content\/uploads\/2025\/09\/dedos-cruzados_1757535045713.jpg","width":1280,"height":720,"caption":"dedos cruzados. Cr\u00e9ditos: depositphotos.com \/ AndrewLozovyi"},{"@type":"BreadcrumbList","@id":"https:\/\/www.correiobraziliense.com.br\/cbradar\/o-que-significa-quando-alguem-cruza-os-dedos-as-maos-ou-segundo-os-bracos-na-frente-do-corpo-a-psicologia\/#breadcrumb","itemListElement":[{"@type":"ListItem","position":1,"name":"In\u00edcio","item":"https:\/\/www.correiobraziliense.com.br\/cbradar\/"},{"@type":"ListItem","position":2,"name":"O que significa quando algu\u00e9m cruza os dedos, as m\u00e3os ou os bra\u00e7os na frente do corpo, segundo a psicologia"}]},{"@type":"WebSite","@id":"https:\/\/www.correiobraziliense.com.br\/cbradar\/#website","url":"https:\/\/www.correiobraziliense.com.br\/cbradar\/","name":"Correio Braziliense - Radar","description":"Acompanhe as \u00faltimas not\u00edcias e fique bem informado sobre tudo o que acontece no Brasil e no mundo.","potentialAction":[{"@type":"SearchAction","target":{"@type":"EntryPoint","urlTemplate":"https:\/\/www.correiobraziliense.com.br\/cbradar\/?s={search_term_string}"},"query-input":{"@type":"PropertyValueSpecification","valueRequired":true,"valueName":"search_term_string"}}],"inLanguage":"pt-BR"},{"@type":"Person","@id":"https:\/\/www.correiobraziliense.com.br\/cbradar\/#\/schema\/person\/58422787644df994b53a19d3e56c1513","name":"Larissa Carvalho","image":{"@type":"ImageObject","inLanguage":"pt-BR","@id":"https:\/\/www.correiobraziliense.com.br\/cbradar\/#\/schema\/person\/image\/","url":"https:\/\/secure.gravatar.com\/avatar\/fe4f91a0de32b52a838d0d612abdc1aa?s=96&d=mm&r=g","contentUrl":"https:\/\/secure.gravatar.com\/avatar\/fe4f91a0de32b52a838d0d612abdc1aa?s=96&d=mm&r=g","caption":"Larissa Carvalho"},"url":"https:\/\/www.correiobraziliense.com.br\/cbradar\/author\/larissamyth\/"}]}},"_links":{"self":[{"href":"https:\/\/www.correiobraziliense.com.br\/cbradar\/wp-json\/wp\/v2\/posts\/101840","targetHints":{"allow":["GET"]}}],"collection":[{"href":"https:\/\/www.correiobraziliense.com.br\/cbradar\/wp-json\/wp\/v2\/posts"}],"about":[{"href":"https:\/\/www.correiobraziliense.com.br\/cbradar\/wp-json\/wp\/v2\/types\/post"}],"author":[{"embeddable":true,"href":"https:\/\/www.correiobraziliense.com.br\/cbradar\/wp-json\/wp\/v2\/users\/3"}],"replies":[{"embeddable":true,"href":"https:\/\/www.correiobraziliense.com.br\/cbradar\/wp-json\/wp\/v2\/comments?post=101840"}],"version-history":[{"count":3,"href":"https:\/\/www.correiobraziliense.com.br\/cbradar\/wp-json\/wp\/v2\/posts\/101840\/revisions"}],"predecessor-version":[{"id":102518,"href":"https:\/\/www.correiobraziliense.com.br\/cbradar\/wp-json\/wp\/v2\/posts\/101840\/revisions\/102518"}],"wp:featuredmedia":[{"embeddable":true,"href":"https:\/\/www.correiobraziliense.com.br\/cbradar\/wp-json\/wp\/v2\/media\/101843"}],"wp:attachment":[{"href":"https:\/\/www.correiobraziliense.com.br\/cbradar\/wp-json\/wp\/v2\/media?parent=101840"}],"wp:term":[{"taxonomy":"category","embeddable":true,"href":"https:\/\/www.correiobraziliense.com.br\/cbradar\/wp-json\/wp\/v2\/categories?post=101840"},{"taxonomy":"post_tag","embeddable":true,"href":"https:\/\/www.correiobraziliense.com.br\/cbradar\/wp-json\/wp\/v2\/post_tag?post=101840"}],"curies":[{"name":"wp","href":"https:\/\/api.w.org\/{rel}","templated":true}]}}