{"id":102362,"date":"2025-09-12T14:23:00","date_gmt":"2025-09-12T17:23:00","guid":{"rendered":"https:\/\/www.correiobraziliense.com.br\/cbradar\/?p=102362"},"modified":"2025-09-11T19:20:56","modified_gmt":"2025-09-11T22:20:56","slug":"cerebro-jovem-apos-os-40-anos-e-possivel-com-estas-praticas","status":"publish","type":"post","link":"https:\/\/www.correiobraziliense.com.br\/cbradar\/cerebro-jovem-apos-os-40-anos-e-possivel-com-estas-praticas\/","title":{"rendered":"C\u00e9rebro jovem ap\u00f3s os 40 anos \u00e9 poss\u00edvel com estas pr\u00e1ticas"},"content":{"rendered":"\n<p>O <strong>Envelhecimento Cerebral<\/strong> \u00e9 um fen\u00f4meno que ocorre naturalmente \u00e0 medida que as pessoas envelhecem. A partir dos 40 anos, muitas pessoas notam mudan\u00e7as leves nas capacidades cognitivas, como uma diminui\u00e7\u00e3o gradual na velocidade de processamento de informa\u00e7\u00f5es e lapsos de mem\u00f3ria ocasionais. Essas mudan\u00e7as s\u00e3o t\u00edpicas do envelhecimento biol\u00f3gico e n\u00e3o necessariamente indicam doen\u00e7as neurol\u00f3gicas ou dem\u00eancia.<\/p>\n\n\n\n<p>Estudos recentes mostram que mesmo em c\u00e9rebros saud\u00e1veis, pode haver um aumento no tempo de rea\u00e7\u00e3o e dificuldade em lembrar detalhes ao longo dos anos. Especialistas enfatizam que essas altera\u00e7\u00f5es s\u00e3o normais e fazem parte do processo natural de envelhecimento. Elas est\u00e3o frequentemente associadas a uma diminui\u00e7\u00e3o das conex\u00f5es neurais e a uma comunica\u00e7\u00e3o menos eficaz entre as c\u00e9lulas do c\u00e9rebro.<\/p>\n\n\n\n<h2 class=\"wp-block-heading\">Qual a import\u00e2ncia do estilo de vida na sa\u00fade do c\u00e9rebro?<\/h2>\n\n\n\n<p>O estilo de vida tem um impacto significativo sobre como o c\u00e9rebro envelhece. Indiv\u00edduos que mant\u00eam h\u00e1bitos <a href=\"https:\/\/www.gov.br\/saude\/pt-br\" target=\"_blank\" rel=\"noreferrer noopener\">saud\u00e1veis<\/a>, incluindo uma boa alimenta\u00e7\u00e3o e exerc\u00edcios f\u00edsicos, tendem a preservar melhor suas fun\u00e7\u00f5es mentais ao longo dos anos. Controlar condi\u00e7\u00f5es como hipertens\u00e3o, diabetes e colesterol \u00e9 crucial, j\u00e1 que esses fatores podem acelerar o decl\u00ednio cognitivo.<\/p>\n\n\n<div class=\"wp-block-image\">\n<figure class=\"aligncenter size-large\"><img decoding=\"async\" width=\"1024\" height=\"576\" src=\"https:\/\/www.correiobraziliense.com.br\/cbradar\/wp-content\/uploads\/2025\/09\/cerebro_1756753495245-1024x576.jpg\" alt=\"\" class=\"wp-image-97028\" srcset=\"https:\/\/www.correiobraziliense.com.br\/cbradar\/wp-content\/uploads\/2025\/09\/cerebro_1756753495245-1024x576.jpg 1024w, https:\/\/www.correiobraziliense.com.br\/cbradar\/wp-content\/uploads\/2025\/09\/cerebro_1756753495245-300x169.jpg 300w, https:\/\/www.correiobraziliense.com.br\/cbradar\/wp-content\/uploads\/2025\/09\/cerebro_1756753495245-768x432.jpg 768w, https:\/\/www.correiobraziliense.com.br\/cbradar\/wp-content\/uploads\/2025\/09\/cerebro_1756753495245-750x422.jpg 750w, https:\/\/www.correiobraziliense.com.br\/cbradar\/wp-content\/uploads\/2025\/09\/cerebro_1756753495245-1140x641.jpg 1140w, https:\/\/www.correiobraziliense.com.br\/cbradar\/wp-content\/uploads\/2025\/09\/cerebro_1756753495245.jpg 1280w\" sizes=\"(max-width: 1024px) 100vw, 1024px\" \/><figcaption class=\"wp-element-caption\">C\u00e9rebro &#8211; Cr\u00e9ditos: depositphotos.com \/ KostyaKlimenko<\/figcaption><\/figure><\/div>\n\n\n<p>Pr\u00e1ticas que promovem a <a href=\"https:\/\/www.correiobraziliense.com.br\/cbradar\/dra-najla-smaili-dermatologista-esse-procedimento-pode-rejuvenescer-sua-vagina\/\" target=\"_blank\" rel=\"noreferrer noopener\">sa\u00fade <\/a>do c\u00e9rebro incluem garantir um sono de qualidade, que \u00e9 vital para a manuten\u00e7\u00e3o da mem\u00f3ria e da capacidade de aprendizado. N\u00e3o se trata apenas da quantidade de horas dormidas, mas tamb\u00e9m da profundidade do sono, que \u00e9 essencial para a regenera\u00e7\u00e3o cerebral. Manter uma rotina regular de sono alinhada com os ritmos naturais do corpo pode aumentar esses benef\u00edcios.<\/p>\n\n\n\n<h2 class=\"wp-block-heading\">Como as doen\u00e7as vasculares afetam o c\u00e9rebro?<\/h2>\n\n\n\n<p>Doen\u00e7as vasculares como hipertens\u00e3o e diabetes s\u00e3o conhecidas por acelerar o envelhecimento do c\u00e9rebro. Mesmo em aus\u00eancia de problemas card\u00edacos, essas condi\u00e7\u00f5es podem afetar a estrutura e a funcionalidade cerebral, aumentando a vulnerabilidade do tecido nervoso. Monitorar e gerenciar essas condi\u00e7\u00f5es \u00e9 vital para prevenir o decl\u00ednio cognitivo e proteger o c\u00e9rebro.<\/p>\n\n\n\n<h2 class=\"wp-block-heading\">Como \u00e9 poss\u00edvel manter a sa\u00fade cognitiva na velhice?<\/h2>\n\n\n\n<p>Para muitos, manter um c\u00e9rebro &#8220;jovem&#8221; envolve uma combina\u00e7\u00e3o de h\u00e1bitos saud\u00e1veis. Pessoas que cuidam de sua sa\u00fade tendem a ter fun\u00e7\u00f5es mentais que se comparam a idades mais jovens. Boas pr\u00e1ticas incluem uma dieta balanceada, exerc\u00edcios regulares e estimula\u00e7\u00e3o mental constante. Compreender os fatores que influenciam o Envelhecimento Cerebral pode guiar decis\u00f5es que protejam a mem\u00f3ria e o racioc\u00ednio ao longo do tempo.<\/p>\n\n\n\n<p>Em suma, envelhecer com sa\u00fade cerebral requer um compromisso cont\u00ednuo com um estilo de vida saud\u00e1vel. As decis\u00f5es que as pessoas tomam ao longo da vida desempenham um papel significativo em preservar sua autonomia e qualidade de vida \u00e0 medida que envelhecem. Implementar estrat\u00e9gias para proteger a sa\u00fade mental pode resultar em um envelhecimento mais gratificante e aut\u00f4nomo.<\/p>\n\n\n<a href=\"https:\/\/www.instagram.com\/dra.annaluisabf\/\" target=\"_blank\" rel=\"noopener\" style=\"text-decoration: none; color: inherit;\">\n    <span style=\"display: inline-block; border: 1px solid #ccc; border-radius: 10px; padding: 15px; max-width: 550px; font-family: sans-serif; box-shadow: 0 2px 5px rgba(0,0,0,0.1); width: 100%;\">\n\n      <!-- T\u00edtulo -->\n      <span style=\"display: block; margin: 0 0 15px 0; font-weight: bold; color: #2c3e50; text-align: center;\">\n        Entre em contato:\n      <\/span>\n\n      <!-- Linha do perfil -->\n      <span style=\"display: flex; align-items: center; gap: 15px;\">\n        <img decoding=\"async\"\n          src=\"https:\/\/www.correiobraziliense.com.br\/cbradar\/wp-content\/uploads\/2025\/08\/dra_anna_luisa.jpeg\"\n          alt=\"Foto da Dra. Anna Lu\u00edsa\"\n          style=\"border-radius: 50%; width: 80px; height: 80px; object-fit: cover;\"\n        \/>\n        <span style=\"display: flex; flex-direction: column;\">\n          <span style=\"font-size: 18px; font-weight: 700; color: #2c3e50;\">Dra. Anna Lu\u00edsa Barbosa Fernandes<\/span>\n          <span style=\"color: #555;\">CRM-GO 33.271<\/span>\n        <\/span>\n      <\/span>\n\n      <!-- Redes -->\n      <span style=\"display: flex; align-items: center; gap: 10px; margin-top: 12px;\">\n        <img decoding=\"async\" src=\"https:\/\/cdn-icons-png.flaticon.com\/24\/1384\/1384063.png\" alt=\"Instagram\" width=\"24\" height=\"24\" \/>\n        <span style=\"text-decoration: underline; color: #2c3e50;\">@dra.annaluisabf<\/span>\n      <\/span>\n\n    <\/span>\n  <\/a>","protected":false},"excerpt":{"rendered":"<p>O Envelhecimento Cerebral \u00e9 um fen\u00f4meno que ocorre naturalmente \u00e0 medida que as pessoas envelhecem. A partir dos 40 anos, muitas pessoas notam mudan\u00e7as leves nas capacidades cognitivas, como uma diminui\u00e7\u00e3o gradual na velocidade de processamento de informa\u00e7\u00f5es e lapsos de mem\u00f3ria ocasionais. Essas mudan\u00e7as s\u00e3o t\u00edpicas do envelhecimento biol\u00f3gico e n\u00e3o necessariamente indicam doen\u00e7as [&hellip;]<\/p>\n","protected":false},"author":14,"featured_media":37970,"comment_status":"open","ping_status":"open","sticky":false,"template":"","format":"standard","meta":{"_yoast_wpseo_focuskw":"Envelhecimento Cerebral","_yoast_wpseo_title":"","_yoast_wpseo_metadesc":"Veja como o estilo de vida impacta o c\u00e9rebro e quais pr\u00e1ticas ajudam a preservar mem\u00f3ria e racioc\u00ednio mesmo na velhice.","jnews-multi-image_gallery":[],"jnews_single_post":{"format":"standard"},"jnews_primary_category":[],"jnews_social_meta":[],"jnews_override_counter":[],"footnotes":""},"categories":[4404],"tags":[120,1318,405],"class_list":["post-102362","post","type-post","status-publish","format-standard","has-post-thumbnail","hentry","category-saude","tag-bem-estar","tag-saude-2","tag-saude-mental"],"yoast_head":"<!-- This site is optimized with the Yoast SEO plugin v24.6 - https:\/\/yoast.com\/wordpress\/plugins\/seo\/ -->\n<title>C\u00e9rebro jovem ap\u00f3s os 40 anos \u00e9 poss\u00edvel com estas pr\u00e1ticas - Correio Braziliense - Radar<\/title>\n<meta name=\"description\" content=\"Veja como o estilo de vida impacta o c\u00e9rebro e quais pr\u00e1ticas ajudam a preservar mem\u00f3ria e racioc\u00ednio mesmo na velhice.\" \/>\n<meta name=\"robots\" content=\"index, follow, max-snippet:-1, max-image-preview:large, max-video-preview:-1\" \/>\n<link rel=\"canonical\" href=\"https:\/\/www.correiobraziliense.com.br\/cbradar\/cerebro-jovem-apos-os-40-anos-e-possivel-com-estas-praticas\/\" \/>\n<meta property=\"og:locale\" content=\"pt_BR\" \/>\n<meta property=\"og:type\" content=\"article\" \/>\n<meta property=\"og:title\" content=\"C\u00e9rebro jovem ap\u00f3s os 40 anos \u00e9 poss\u00edvel com estas pr\u00e1ticas - Correio Braziliense - Radar\" \/>\n<meta property=\"og:description\" content=\"Veja como o estilo de vida impacta o c\u00e9rebro e quais pr\u00e1ticas ajudam a preservar mem\u00f3ria e racioc\u00ednio mesmo na velhice.\" \/>\n<meta property=\"og:url\" content=\"https:\/\/www.correiobraziliense.com.br\/cbradar\/cerebro-jovem-apos-os-40-anos-e-possivel-com-estas-praticas\/\" \/>\n<meta property=\"og:site_name\" content=\"Correio Braziliense - Radar\" \/>\n<meta property=\"article:published_time\" content=\"2025-09-12T17:23:00+00:00\" \/>\n<meta property=\"og:image\" content=\"https:\/\/www.correiobraziliense.com.br\/cbradar\/wp-content\/uploads\/2025\/05\/exercicio-cerebro_1747410056818.jpg\" \/>\n\t<meta property=\"og:image:width\" content=\"1280\" \/>\n\t<meta property=\"og:image:height\" content=\"720\" \/>\n\t<meta property=\"og:image:type\" content=\"image\/jpeg\" \/>\n<meta name=\"author\" content=\"guilherme_saude\" \/>\n<meta name=\"twitter:card\" content=\"summary_large_image\" \/>\n<meta name=\"twitter:label1\" content=\"Escrito por\" \/>\n\t<meta name=\"twitter:data1\" content=\"guilherme_saude\" \/>\n\t<meta name=\"twitter:label2\" content=\"Est. tempo de leitura\" \/>\n\t<meta name=\"twitter:data2\" content=\"4 minutos\" \/>\n<!-- \/ Yoast SEO plugin. -->","yoast_head_json":{"title":"C\u00e9rebro jovem ap\u00f3s os 40 anos \u00e9 poss\u00edvel com estas pr\u00e1ticas - Correio Braziliense - Radar","description":"Veja como o estilo de vida impacta o c\u00e9rebro e quais pr\u00e1ticas ajudam a preservar mem\u00f3ria e racioc\u00ednio mesmo na velhice.","robots":{"index":"index","follow":"follow","max-snippet":"max-snippet:-1","max-image-preview":"max-image-preview:large","max-video-preview":"max-video-preview:-1"},"canonical":"https:\/\/www.correiobraziliense.com.br\/cbradar\/cerebro-jovem-apos-os-40-anos-e-possivel-com-estas-praticas\/","og_locale":"pt_BR","og_type":"article","og_title":"C\u00e9rebro jovem ap\u00f3s os 40 anos \u00e9 poss\u00edvel com estas pr\u00e1ticas - Correio Braziliense - Radar","og_description":"Veja como o estilo de vida impacta o c\u00e9rebro e quais pr\u00e1ticas ajudam a preservar mem\u00f3ria e racioc\u00ednio mesmo na velhice.","og_url":"https:\/\/www.correiobraziliense.com.br\/cbradar\/cerebro-jovem-apos-os-40-anos-e-possivel-com-estas-praticas\/","og_site_name":"Correio Braziliense - Radar","article_published_time":"2025-09-12T17:23:00+00:00","og_image":[{"width":1280,"height":720,"url":"https:\/\/www.correiobraziliense.com.br\/cbradar\/wp-content\/uploads\/2025\/05\/exercicio-cerebro_1747410056818.jpg","type":"image\/jpeg"}],"author":"guilherme_saude","twitter_card":"summary_large_image","twitter_misc":{"Escrito por":"guilherme_saude","Est. tempo de leitura":"4 minutos"},"schema":{"@context":"https:\/\/schema.org","@graph":[{"@type":"WebPage","@id":"https:\/\/www.correiobraziliense.com.br\/cbradar\/cerebro-jovem-apos-os-40-anos-e-possivel-com-estas-praticas\/","url":"https:\/\/www.correiobraziliense.com.br\/cbradar\/cerebro-jovem-apos-os-40-anos-e-possivel-com-estas-praticas\/","name":"C\u00e9rebro jovem ap\u00f3s os 40 anos \u00e9 poss\u00edvel com estas pr\u00e1ticas - Correio Braziliense - Radar","isPartOf":{"@id":"https:\/\/www.correiobraziliense.com.br\/cbradar\/#website"},"primaryImageOfPage":{"@id":"https:\/\/www.correiobraziliense.com.br\/cbradar\/cerebro-jovem-apos-os-40-anos-e-possivel-com-estas-praticas\/#primaryimage"},"image":{"@id":"https:\/\/www.correiobraziliense.com.br\/cbradar\/cerebro-jovem-apos-os-40-anos-e-possivel-com-estas-praticas\/#primaryimage"},"thumbnailUrl":"https:\/\/www.correiobraziliense.com.br\/cbradar\/wp-content\/uploads\/2025\/05\/exercicio-cerebro_1747410056818.jpg","datePublished":"2025-09-12T17:23:00+00:00","author":{"@id":"https:\/\/www.correiobraziliense.com.br\/cbradar\/#\/schema\/person\/5aa4bf3c8fa699c267933611de12978b"},"description":"Veja como o estilo de vida impacta o c\u00e9rebro e quais pr\u00e1ticas ajudam a preservar mem\u00f3ria e racioc\u00ednio mesmo na velhice.","breadcrumb":{"@id":"https:\/\/www.correiobraziliense.com.br\/cbradar\/cerebro-jovem-apos-os-40-anos-e-possivel-com-estas-praticas\/#breadcrumb"},"inLanguage":"pt-BR","potentialAction":[{"@type":"ReadAction","target":["https:\/\/www.correiobraziliense.com.br\/cbradar\/cerebro-jovem-apos-os-40-anos-e-possivel-com-estas-praticas\/"]}]},{"@type":"ImageObject","inLanguage":"pt-BR","@id":"https:\/\/www.correiobraziliense.com.br\/cbradar\/cerebro-jovem-apos-os-40-anos-e-possivel-com-estas-praticas\/#primaryimage","url":"https:\/\/www.correiobraziliense.com.br\/cbradar\/wp-content\/uploads\/2025\/05\/exercicio-cerebro_1747410056818.jpg","contentUrl":"https:\/\/www.correiobraziliense.com.br\/cbradar\/wp-content\/uploads\/2025\/05\/exercicio-cerebro_1747410056818.jpg","width":1280,"height":720,"caption":"A combina\u00e7\u00e3o natural que ativa mem\u00f3ria e foco - Cr\u00e9ditos: depositphotos.com \/ KaterynaPavlenko"},{"@type":"BreadcrumbList","@id":"https:\/\/www.correiobraziliense.com.br\/cbradar\/cerebro-jovem-apos-os-40-anos-e-possivel-com-estas-praticas\/#breadcrumb","itemListElement":[{"@type":"ListItem","position":1,"name":"In\u00edcio","item":"https:\/\/www.correiobraziliense.com.br\/cbradar\/"},{"@type":"ListItem","position":2,"name":"C\u00e9rebro jovem ap\u00f3s os 40 anos \u00e9 poss\u00edvel com estas pr\u00e1ticas"}]},{"@type":"WebSite","@id":"https:\/\/www.correiobraziliense.com.br\/cbradar\/#website","url":"https:\/\/www.correiobraziliense.com.br\/cbradar\/","name":"Correio Braziliense - Radar","description":"Acompanhe as \u00faltimas not\u00edcias e fique bem informado sobre tudo o que acontece no Brasil e no mundo.","potentialAction":[{"@type":"SearchAction","target":{"@type":"EntryPoint","urlTemplate":"https:\/\/www.correiobraziliense.com.br\/cbradar\/?s={search_term_string}"},"query-input":{"@type":"PropertyValueSpecification","valueRequired":true,"valueName":"search_term_string"}}],"inLanguage":"pt-BR"},{"@type":"Person","@id":"https:\/\/www.correiobraziliense.com.br\/cbradar\/#\/schema\/person\/5aa4bf3c8fa699c267933611de12978b","name":"guilherme_saude","image":{"@type":"ImageObject","inLanguage":"pt-BR","@id":"https:\/\/www.correiobraziliense.com.br\/cbradar\/#\/schema\/person\/image\/","url":"https:\/\/secure.gravatar.com\/avatar\/df9adfb835d344bc0af109d41756253f?s=96&d=mm&r=g","contentUrl":"https:\/\/secure.gravatar.com\/avatar\/df9adfb835d344bc0af109d41756253f?s=96&d=mm&r=g","caption":"guilherme_saude"},"url":"https:\/\/www.correiobraziliense.com.br\/cbradar\/author\/guilherme_saude\/"}]}},"_links":{"self":[{"href":"https:\/\/www.correiobraziliense.com.br\/cbradar\/wp-json\/wp\/v2\/posts\/102362","targetHints":{"allow":["GET"]}}],"collection":[{"href":"https:\/\/www.correiobraziliense.com.br\/cbradar\/wp-json\/wp\/v2\/posts"}],"about":[{"href":"https:\/\/www.correiobraziliense.com.br\/cbradar\/wp-json\/wp\/v2\/types\/post"}],"author":[{"embeddable":true,"href":"https:\/\/www.correiobraziliense.com.br\/cbradar\/wp-json\/wp\/v2\/users\/14"}],"replies":[{"embeddable":true,"href":"https:\/\/www.correiobraziliense.com.br\/cbradar\/wp-json\/wp\/v2\/comments?post=102362"}],"version-history":[{"count":1,"href":"https:\/\/www.correiobraziliense.com.br\/cbradar\/wp-json\/wp\/v2\/posts\/102362\/revisions"}],"predecessor-version":[{"id":102367,"href":"https:\/\/www.correiobraziliense.com.br\/cbradar\/wp-json\/wp\/v2\/posts\/102362\/revisions\/102367"}],"wp:featuredmedia":[{"embeddable":true,"href":"https:\/\/www.correiobraziliense.com.br\/cbradar\/wp-json\/wp\/v2\/media\/37970"}],"wp:attachment":[{"href":"https:\/\/www.correiobraziliense.com.br\/cbradar\/wp-json\/wp\/v2\/media?parent=102362"}],"wp:term":[{"taxonomy":"category","embeddable":true,"href":"https:\/\/www.correiobraziliense.com.br\/cbradar\/wp-json\/wp\/v2\/categories?post=102362"},{"taxonomy":"post_tag","embeddable":true,"href":"https:\/\/www.correiobraziliense.com.br\/cbradar\/wp-json\/wp\/v2\/tags?post=102362"}],"curies":[{"name":"wp","href":"https:\/\/api.w.org\/{rel}","templated":true}]}}