{"id":102431,"date":"2025-09-12T19:03:00","date_gmt":"2025-09-12T22:03:00","guid":{"rendered":"https:\/\/www.correiobraziliense.com.br\/cbradar\/?p=102431"},"modified":"2025-09-12T00:32:46","modified_gmt":"2025-09-12T03:32:46","slug":"o-que-e-creatina-e-por-que-voce-deveria-usar","status":"publish","type":"post","link":"https:\/\/www.correiobraziliense.com.br\/cbradar\/o-que-e-creatina-e-por-que-voce-deveria-usar\/","title":{"rendered":"O que \u00e9 Creatina e por que voc\u00ea deveria usar?"},"content":{"rendered":"\n<p>A <strong>Creatina<\/strong>, subst\u00e2ncia amplamente discutida no mundo da suplementa\u00e7\u00e3o, tem ganhado notoriedade n\u00e3o s\u00f3 entre atletas, mas tamb\u00e9m no p\u00fablico em geral interessado em impulsionar a sa\u00fade muscular e o desempenho cognitivo. Este composto \u00e9 reconhecido por sua efici\u00eancia em fornecer energia r\u00e1pida \u00e0s c\u00e9lulas musculares, sendo essencial para pessoas que buscam melhorar sua disposi\u00e7\u00e3o no dia a dia.<\/p>\n\n\n\n<p>Descoberta originalmente em 1832, a Creatina teve seu uso como suplemento esportivo popularizado na d\u00e9cada de 1990 gra\u00e7as \u00e0 pesquisa realizada pelo professor Roger Harris. Desde ent\u00e3o, diversos estudos t\u00eam atestado sua efic\u00e1cia e seguran\u00e7a, especialmente para atletas que desejam melhorar sua performance em atividades de alta intensidade. A Sociedade Internacional de Nutri\u00e7\u00e3o Esportiva enfatiza que a Creatina monohidratada \u00e9 um dos suplementos ergog\u00eanicos mais eficazes dispon\u00edveis atualmente.<\/p>\n\n\n\n<figure class=\"wp-block-image aligncenter size-large\"><img decoding=\"async\" width=\"1024\" height=\"576\" src=\"https:\/\/www.correiobraziliense.com.br\/cbradar\/wp-content\/uploads\/2025\/05\/creatina_1747680386454-1024x576.jpg\" alt=\"\" class=\"wp-image-39537\" srcset=\"https:\/\/www.correiobraziliense.com.br\/cbradar\/wp-content\/uploads\/2025\/05\/creatina_1747680386454-1024x576.jpg 1024w, https:\/\/www.correiobraziliense.com.br\/cbradar\/wp-content\/uploads\/2025\/05\/creatina_1747680386454-300x169.jpg 300w, https:\/\/www.correiobraziliense.com.br\/cbradar\/wp-content\/uploads\/2025\/05\/creatina_1747680386454-768x432.jpg 768w, https:\/\/www.correiobraziliense.com.br\/cbradar\/wp-content\/uploads\/2025\/05\/creatina_1747680386454-750x422.jpg 750w, https:\/\/www.correiobraziliense.com.br\/cbradar\/wp-content\/uploads\/2025\/05\/creatina_1747680386454-1140x641.jpg 1140w, https:\/\/www.correiobraziliense.com.br\/cbradar\/wp-content\/uploads\/2025\/05\/creatina_1747680386454.jpg 1280w\" sizes=\"(max-width: 1024px) 100vw, 1024px\" \/><figcaption class=\"wp-element-caption\">descobriram o uso mais inesperado da creatina comum &#8211; Cr\u00e9ditos: depositphotos.com \/ vvvproduct\n\n<\/figcaption><\/figure>\n\n\n\n<h2 class=\"wp-block-heading\">O que faz a Creatina ser t\u00e3o eficaz?<\/h2>\n\n\n\n<p>A Creatina atua principalmente no sistema de fosfocreatina, encarregado de garantir energia r\u00e1pida para as c\u00e9lulas durante atividades de alta demanda energ\u00e9tica. Essa caracter\u00edstica a torna muito mais do que um simples recurso para atletas; ela se destaca tamb\u00e9m na prote\u00e7\u00e3o e funcionamento eficientes dos neur\u00f4nios, mostrando-se ben\u00e9fica para a sa\u00fade cerebral. Estudos recentes t\u00eam explorado o papel da Creatina na potencializa\u00e7\u00e3o das fun\u00e7\u00f5es cognitivas, incluindo mem\u00f3ria e aten\u00e7\u00e3o, al\u00e9m de oferecer um efeito antioxidante essencial \u00e0 <a href=\"https:\/\/www.correiobraziliense.com.br\/cbradar\/dra-najla-smaili-dermatologista-esse-procedimento-pode-rejuvenescer-sua-vagina\/\" target=\"_blank\" rel=\"noreferrer noopener\">sa\u00fade <\/a>humana.<\/p>\n\n\n\n<h2 class=\"wp-block-heading\">A Creatina \u00e9 segura para todos?<\/h2>\n\n\n\n<p>A seguran\u00e7a da Creatina tem sido objeto de v\u00e1rios estudos que asseguram sua efic\u00e1cia quando utilizada corretamente. Mesmo com o aumento do consumo, a preocupa\u00e7\u00e3o com efeitos colaterais, como danos renais, foi desmentida por pesquisas que indicam a pureza e a dosagem adequada como fatores de seguran\u00e7a. A ind\u00fastria de suplementa\u00e7\u00e3o segue normas rigorosas para garantir a seguran\u00e7a dos consumidores.<\/p>\n\n\n\n<h2 class=\"wp-block-heading\">Quais s\u00e3o os mitos comuns sobre a Creatina?<\/h2>\n\n\n\n<ul class=\"wp-block-list\">\n<li><strong>Creatina causa danos renais:<\/strong>\u00a0Estudos comprovam que quando utilizada adequadamente, a Creatina n\u00e3o afeta negativamente os rins em indiv\u00edduos saud\u00e1veis.<\/li>\n\n\n\n<li><strong>A forma do suplemento altera a efic\u00e1cia:<\/strong>\u00a0Seja em p\u00f3, c\u00e1psulas ou gummies, o que importa \u00e9 a pureza e a dose correta do produto.<\/li>\n\n\n\n<li><strong>Suplementos com aditivos s\u00e3o prejudiciais:<\/strong>\u00a0Componentes como sucralose e corantes regulamentados s\u00e3o seguros, desde que sejam de fontes confi\u00e1veis.<\/li>\n<\/ul>\n\n\n\n<h2 class=\"wp-block-heading\">Como a Creatina contribui para a sa\u00fade al\u00e9m do esporte?<\/h2>\n\n\n\n<p>A Creatina vai al\u00e9m da performance esportiva, estendendo benef\u00edcios para <a href=\"https:\/\/www.gov.br\/saude\/pt-br\" target=\"_blank\" rel=\"noreferrer noopener\">sa\u00fade <\/a>geral, incluindo a preven\u00e7\u00e3o de doen\u00e7as cr\u00f4nicas como a sarcopenia. Estudos tamb\u00e9m associam a Creatina a um melhor desempenho em situa\u00e7\u00f5es de estresse, ajudando, por exemplo, a gerenciar a press\u00e3o em casos de priva\u00e7\u00e3o de sono. Al\u00e9m disso, a suplementa\u00e7\u00e3o \u00e9 destacada por suas aplica\u00e7\u00f5es em reabilita\u00e7\u00e3o, principalmente em idosos, bem como melhoria do humor em quadros de depress\u00e3o leve, mostrando-se vers\u00e1til e promissora para diversos p\u00fablicos.<\/p>\n\n\n\n<p>Com este panorama, a Creatina se consolida como uma aliada n\u00e3o s\u00f3 no \u00e2mbito esportivo, mas como um suplemento que pode oferecer m\u00faltiplos benef\u00edcios \u00e0 sa\u00fade, sempre que utilizado de forma segura e adequada. Isso refor\u00e7a a import\u00e2ncia de se buscar informa\u00e7\u00f5es precisas e optar por produtos de marcas confi\u00e1veis que sigam as regulamenta\u00e7\u00f5es de seguran\u00e7a adequadas.<\/p>\n\n\n<a href=\"https:\/\/www.instagram.com\/dra.annaluisabf\/\" target=\"_blank\" rel=\"noopener\" style=\"text-decoration: none; color: inherit;\">\n    <span style=\"display: inline-block; border: 1px solid #ccc; border-radius: 10px; padding: 15px; max-width: 550px; font-family: sans-serif; box-shadow: 0 2px 5px rgba(0,0,0,0.1); width: 100%;\">\n\n      <!-- T\u00edtulo -->\n      <span style=\"display: block; margin: 0 0 15px 0; font-weight: bold; color: #2c3e50; text-align: center;\">\n        Entre em contato:\n      <\/span>\n\n      <!-- Linha do perfil -->\n      <span style=\"display: flex; align-items: center; gap: 15px;\">\n        <img decoding=\"async\"\n          src=\"https:\/\/www.correiobraziliense.com.br\/cbradar\/wp-content\/uploads\/2025\/08\/dra_anna_luisa.jpeg\"\n          alt=\"Foto da Dra. Anna Lu\u00edsa\"\n          style=\"border-radius: 50%; width: 80px; height: 80px; object-fit: cover;\"\n        \/>\n        <span style=\"display: flex; flex-direction: column;\">\n          <span style=\"font-size: 18px; font-weight: 700; color: #2c3e50;\">Dra. Anna Lu\u00edsa Barbosa Fernandes<\/span>\n          <span style=\"color: #555;\">CRM-GO 33.271<\/span>\n        <\/span>\n      <\/span>\n\n      <!-- Redes -->\n      <span style=\"display: flex; align-items: center; gap: 10px; margin-top: 12px;\">\n        <img decoding=\"async\" src=\"https:\/\/cdn-icons-png.flaticon.com\/24\/1384\/1384063.png\" alt=\"Instagram\" width=\"24\" height=\"24\" \/>\n        <span style=\"text-decoration: underline; color: #2c3e50;\">@dra.annaluisabf<\/span>\n      <\/span>\n\n    <\/span>\n  <\/a>","protected":false},"excerpt":{"rendered":"<p>A Creatina, subst\u00e2ncia amplamente discutida no mundo da suplementa\u00e7\u00e3o, tem ganhado notoriedade n\u00e3o s\u00f3 entre atletas, mas tamb\u00e9m no p\u00fablico em geral interessado em impulsionar a sa\u00fade muscular e o desempenho cognitivo. Este composto \u00e9 reconhecido por sua efici\u00eancia em fornecer energia r\u00e1pida \u00e0s c\u00e9lulas musculares, sendo essencial para pessoas que buscam melhorar sua disposi\u00e7\u00e3o [&hellip;]<\/p>\n","protected":false},"author":14,"featured_media":39529,"comment_status":"open","ping_status":"open","sticky":false,"template":"","format":"standard","meta":{"_yoast_wpseo_focuskw":"Creatina","_yoast_wpseo_title":"","_yoast_wpseo_metadesc":"\u00c9 mito que creatina faz mal aos rins! Descubra os verdadeiros efeitos desse suplemento no corpo, no c\u00e9rebro e na sa\u00fade geral.","jnews-multi-image_gallery":[],"jnews_single_post":{"format":"standard"},"jnews_primary_category":[],"jnews_social_meta":[],"jnews_override_counter":[],"footnotes":""},"categories":[1],"post_tag":[],"class_list":["post-102431","post","type-post","status-publish","format-standard","has-post-thumbnail","hentry","category-uncategorized"],"yoast_head":"<!-- This site is optimized with the Yoast SEO plugin v24.6 - https:\/\/yoast.com\/wordpress\/plugins\/seo\/ -->\n<title>O que \u00e9 Creatina e por que voc\u00ea deveria usar? - Correio Braziliense - Radar<\/title>\n<meta name=\"description\" content=\"\u00c9 mito que creatina faz mal aos rins! Descubra os verdadeiros efeitos desse suplemento no corpo, no c\u00e9rebro e na sa\u00fade geral.\" \/>\n<meta name=\"robots\" content=\"index, follow, max-snippet:-1, max-image-preview:large, max-video-preview:-1\" \/>\n<link rel=\"canonical\" href=\"https:\/\/www.correiobraziliense.com.br\/cbradar\/o-que-e-creatina-e-por-que-voce-deveria-usar\/\" \/>\n<meta property=\"og:locale\" content=\"pt_BR\" \/>\n<meta property=\"og:type\" content=\"article\" \/>\n<meta property=\"og:title\" content=\"O que \u00e9 Creatina e por que voc\u00ea deveria usar? - Correio Braziliense - Radar\" \/>\n<meta property=\"og:description\" content=\"\u00c9 mito que creatina faz mal aos rins! Descubra os verdadeiros efeitos desse suplemento no corpo, no c\u00e9rebro e na sa\u00fade geral.\" \/>\n<meta property=\"og:url\" content=\"https:\/\/www.correiobraziliense.com.br\/cbradar\/o-que-e-creatina-e-por-que-voce-deveria-usar\/\" \/>\n<meta property=\"og:site_name\" content=\"Correio Braziliense - Radar\" \/>\n<meta property=\"article:published_time\" content=\"2025-09-12T22:03:00+00:00\" \/>\n<meta property=\"og:image\" content=\"https:\/\/www.correiobraziliense.com.br\/cbradar\/wp-content\/uploads\/2025\/05\/creatina_1747680147637.jpg\" \/>\n\t<meta property=\"og:image:width\" content=\"1280\" \/>\n\t<meta property=\"og:image:height\" content=\"720\" \/>\n\t<meta property=\"og:image:type\" content=\"image\/jpeg\" \/>\n<meta name=\"author\" content=\"guilherme_saude\" \/>\n<meta name=\"twitter:card\" content=\"summary_large_image\" \/>\n<meta name=\"twitter:label1\" content=\"Escrito por\" \/>\n\t<meta name=\"twitter:data1\" content=\"guilherme_saude\" \/>\n\t<meta name=\"twitter:label2\" content=\"Est. tempo de leitura\" \/>\n\t<meta name=\"twitter:data2\" content=\"4 minutos\" \/>\n<!-- \/ Yoast SEO plugin. -->","yoast_head_json":{"title":"O que \u00e9 Creatina e por que voc\u00ea deveria usar? - Correio Braziliense - Radar","description":"\u00c9 mito que creatina faz mal aos rins! Descubra os verdadeiros efeitos desse suplemento no corpo, no c\u00e9rebro e na sa\u00fade geral.","robots":{"index":"index","follow":"follow","max-snippet":"max-snippet:-1","max-image-preview":"max-image-preview:large","max-video-preview":"max-video-preview:-1"},"canonical":"https:\/\/www.correiobraziliense.com.br\/cbradar\/o-que-e-creatina-e-por-que-voce-deveria-usar\/","og_locale":"pt_BR","og_type":"article","og_title":"O que \u00e9 Creatina e por que voc\u00ea deveria usar? - Correio Braziliense - Radar","og_description":"\u00c9 mito que creatina faz mal aos rins! Descubra os verdadeiros efeitos desse suplemento no corpo, no c\u00e9rebro e na sa\u00fade geral.","og_url":"https:\/\/www.correiobraziliense.com.br\/cbradar\/o-que-e-creatina-e-por-que-voce-deveria-usar\/","og_site_name":"Correio Braziliense - Radar","article_published_time":"2025-09-12T22:03:00+00:00","og_image":[{"width":1280,"height":720,"url":"https:\/\/www.correiobraziliense.com.br\/cbradar\/wp-content\/uploads\/2025\/05\/creatina_1747680147637.jpg","type":"image\/jpeg"}],"author":"guilherme_saude","twitter_card":"summary_large_image","twitter_misc":{"Escrito por":"guilherme_saude","Est. tempo de leitura":"4 minutos"},"schema":{"@context":"https:\/\/schema.org","@graph":[{"@type":"WebPage","@id":"https:\/\/www.correiobraziliense.com.br\/cbradar\/o-que-e-creatina-e-por-que-voce-deveria-usar\/","url":"https:\/\/www.correiobraziliense.com.br\/cbradar\/o-que-e-creatina-e-por-que-voce-deveria-usar\/","name":"O que \u00e9 Creatina e por que voc\u00ea deveria usar? - Correio Braziliense - Radar","isPartOf":{"@id":"https:\/\/www.correiobraziliense.com.br\/cbradar\/#website"},"primaryImageOfPage":{"@id":"https:\/\/www.correiobraziliense.com.br\/cbradar\/o-que-e-creatina-e-por-que-voce-deveria-usar\/#primaryimage"},"image":{"@id":"https:\/\/www.correiobraziliense.com.br\/cbradar\/o-que-e-creatina-e-por-que-voce-deveria-usar\/#primaryimage"},"thumbnailUrl":"https:\/\/www.correiobraziliense.com.br\/cbradar\/wp-content\/uploads\/2025\/05\/creatina_1747680147637.jpg","datePublished":"2025-09-12T22:03:00+00:00","author":{"@id":"https:\/\/www.correiobraziliense.com.br\/cbradar\/#\/schema\/person\/5aa4bf3c8fa699c267933611de12978b"},"description":"\u00c9 mito que creatina faz mal aos rins! Descubra os verdadeiros efeitos desse suplemento no corpo, no c\u00e9rebro e na sa\u00fade geral.","breadcrumb":{"@id":"https:\/\/www.correiobraziliense.com.br\/cbradar\/o-que-e-creatina-e-por-que-voce-deveria-usar\/#breadcrumb"},"inLanguage":"pt-BR","potentialAction":[{"@type":"ReadAction","target":["https:\/\/www.correiobraziliense.com.br\/cbradar\/o-que-e-creatina-e-por-que-voce-deveria-usar\/"]}]},{"@type":"ImageObject","inLanguage":"pt-BR","@id":"https:\/\/www.correiobraziliense.com.br\/cbradar\/o-que-e-creatina-e-por-que-voce-deveria-usar\/#primaryimage","url":"https:\/\/www.correiobraziliense.com.br\/cbradar\/wp-content\/uploads\/2025\/05\/creatina_1747680147637.jpg","contentUrl":"https:\/\/www.correiobraziliense.com.br\/cbradar\/wp-content\/uploads\/2025\/05\/creatina_1747680147637.jpg","width":1280,"height":720,"caption":"a verdade mais chocante sobre a creatina foi revelada - Cr\u00e9ditos: depositphotos.com \/ robertohunger"},{"@type":"BreadcrumbList","@id":"https:\/\/www.correiobraziliense.com.br\/cbradar\/o-que-e-creatina-e-por-que-voce-deveria-usar\/#breadcrumb","itemListElement":[{"@type":"ListItem","position":1,"name":"In\u00edcio","item":"https:\/\/www.correiobraziliense.com.br\/cbradar\/"},{"@type":"ListItem","position":2,"name":"O que \u00e9 Creatina e por que voc\u00ea deveria usar?"}]},{"@type":"WebSite","@id":"https:\/\/www.correiobraziliense.com.br\/cbradar\/#website","url":"https:\/\/www.correiobraziliense.com.br\/cbradar\/","name":"Correio Braziliense - Radar","description":"Acompanhe as \u00faltimas not\u00edcias e fique bem informado sobre tudo o que acontece no Brasil e no mundo.","potentialAction":[{"@type":"SearchAction","target":{"@type":"EntryPoint","urlTemplate":"https:\/\/www.correiobraziliense.com.br\/cbradar\/?s={search_term_string}"},"query-input":{"@type":"PropertyValueSpecification","valueRequired":true,"valueName":"search_term_string"}}],"inLanguage":"pt-BR"},{"@type":"Person","@id":"https:\/\/www.correiobraziliense.com.br\/cbradar\/#\/schema\/person\/5aa4bf3c8fa699c267933611de12978b","name":"guilherme_saude","image":{"@type":"ImageObject","inLanguage":"pt-BR","@id":"https:\/\/www.correiobraziliense.com.br\/cbradar\/#\/schema\/person\/image\/","url":"https:\/\/secure.gravatar.com\/avatar\/df9adfb835d344bc0af109d41756253f?s=96&d=mm&r=g","contentUrl":"https:\/\/secure.gravatar.com\/avatar\/df9adfb835d344bc0af109d41756253f?s=96&d=mm&r=g","caption":"guilherme_saude"},"url":"https:\/\/www.correiobraziliense.com.br\/cbradar\/author\/guilherme_saude\/"}]}},"_links":{"self":[{"href":"https:\/\/www.correiobraziliense.com.br\/cbradar\/wp-json\/wp\/v2\/posts\/102431","targetHints":{"allow":["GET"]}}],"collection":[{"href":"https:\/\/www.correiobraziliense.com.br\/cbradar\/wp-json\/wp\/v2\/posts"}],"about":[{"href":"https:\/\/www.correiobraziliense.com.br\/cbradar\/wp-json\/wp\/v2\/types\/post"}],"author":[{"embeddable":true,"href":"https:\/\/www.correiobraziliense.com.br\/cbradar\/wp-json\/wp\/v2\/users\/14"}],"replies":[{"embeddable":true,"href":"https:\/\/www.correiobraziliense.com.br\/cbradar\/wp-json\/wp\/v2\/comments?post=102431"}],"version-history":[{"count":2,"href":"https:\/\/www.correiobraziliense.com.br\/cbradar\/wp-json\/wp\/v2\/posts\/102431\/revisions"}],"predecessor-version":[{"id":102434,"href":"https:\/\/www.correiobraziliense.com.br\/cbradar\/wp-json\/wp\/v2\/posts\/102431\/revisions\/102434"}],"wp:featuredmedia":[{"embeddable":true,"href":"https:\/\/www.correiobraziliense.com.br\/cbradar\/wp-json\/wp\/v2\/media\/39529"}],"wp:attachment":[{"href":"https:\/\/www.correiobraziliense.com.br\/cbradar\/wp-json\/wp\/v2\/media?parent=102431"}],"wp:term":[{"taxonomy":"category","embeddable":true,"href":"https:\/\/www.correiobraziliense.com.br\/cbradar\/wp-json\/wp\/v2\/categories?post=102431"},{"taxonomy":"post_tag","embeddable":true,"href":"https:\/\/www.correiobraziliense.com.br\/cbradar\/wp-json\/wp\/v2\/post_tag?post=102431"}],"curies":[{"name":"wp","href":"https:\/\/api.w.org\/{rel}","templated":true}]}}