{"id":102451,"date":"2025-09-12T21:03:00","date_gmt":"2025-09-13T00:03:00","guid":{"rendered":"https:\/\/www.correiobraziliense.com.br\/cbradar\/?p=102451"},"modified":"2025-09-12T07:22:47","modified_gmt":"2025-09-12T10:22:47","slug":"que-raca-de-cao-voce-e-de-acordo-com-seu-ano-de-nascimento","status":"publish","type":"post","link":"https:\/\/www.correiobraziliense.com.br\/cbradar\/que-raca-de-cao-voce-e-de-acordo-com-seu-ano-de-nascimento\/","title":{"rendered":"Que ra\u00e7a de c\u00e3o voc\u00ea \u00e9, de acordo com seu ano de nascimento"},"content":{"rendered":"\n<p>H\u00e1 muito tempo, a humanidade busca conex\u00f5es simb\u00f3licas entre suas caracter\u00edsticas e as de animais. Agora, uma tend\u00eancia nas redes sociais sugere que o ano de nascimento possa ser associado a diferentes <strong>ra\u00e7as de c\u00e3es<\/strong>, mesclando as tradi\u00e7\u00f5es do hor\u00f3scopo chin\u00eas com as peculiaridades de cada animal.<\/p>\n\n\n\n<ul class=\"wp-block-list\">\n<li>Personalidade do Golden Retriever: lealdade e simpatia.<\/li>\n\n\n\n<li>Natureza do Pastor Alem\u00e3o: seguran\u00e7a e dilig\u00eancia.<\/li>\n\n\n\n<li>Particularidades do Caniche: intelecto e criatividade.<\/li>\n<\/ul>\n\n\n\n<h2 class=\"wp-block-heading\">Por que os nascidos em 1960, 1972, 1984, 1996 e 2008 S\u00e3o Como o Golden Retriever?<\/h2>\n\n\n\n<p>Esses indiv\u00edduos compartilham da <strong>lealdade<\/strong> e simpatia do Golden Retriever. Sua natureza confi\u00e1vel torna-os companheiros ideais em diversas situa\u00e7\u00f5es. Al\u00e9m disso, s\u00e3o conhecidos por promoverem harmonia em grupos e por sempre buscarem o bem-estar das pessoas ao seu redor.<\/p>\n\n\n\n<h2 class=\"wp-block-heading\">Qualidades do pastor Alem\u00e3o: Nascidos em 1961, 1973, 1985, 1997 e 2009<\/h2>\n\n\n\n<p>Desempenhando pap\u00e9is fortes e protetores, os nascidos sob esses anos t\u00eam um forte <strong>senso de responsabilidade<\/strong>, assim como o Pastor Alem\u00e3o. Costumam ser refer\u00eancias de apoio e inspira\u00e7\u00e3o nos c\u00edrculos familiares e profissionais.<\/p>\n\n\n\n<h2 class=\"wp-block-heading\">A criatividade dos nascidos em 1962, 1974, 1986, 1998 e 2010 em rela\u00e7\u00e3o ao Caniche<\/h2>\n\n\n\n<p>Inteligentes e criativos como um <strong>Caniche<\/strong>, essas pessoas tendem a brilhar em campos intelectuais e art\u00edsticos, mas cuidado com o perfeccionismo. Facilitam processos de mudan\u00e7a nos ambientes em que atuam e inspiram outros a buscarem inova\u00e7\u00e3o.<\/p>\n\n\n\n<p><strong>Dica r\u00e1pida:<\/strong> Explore seu lado criativo com novos hobbies que desafiem sua mente.<\/p>\n\n\n\n<figure class=\"wp-block-image size-large\"><img decoding=\"async\" width=\"1024\" height=\"576\" src=\"https:\/\/www.correiobraziliense.com.br\/cbradar\/wp-content\/uploads\/2025\/09\/cachorro_1757672527669-1024x576.jpg\" alt=\"Que ra\u00e7a de c\u00e3o voc\u00ea \u00e9, de acordo com seu ano de nascimento\" class=\"wp-image-102454\" srcset=\"https:\/\/www.correiobraziliense.com.br\/cbradar\/wp-content\/uploads\/2025\/09\/cachorro_1757672527669-1024x576.jpg 1024w, https:\/\/www.correiobraziliense.com.br\/cbradar\/wp-content\/uploads\/2025\/09\/cachorro_1757672527669-300x169.jpg 300w, https:\/\/www.correiobraziliense.com.br\/cbradar\/wp-content\/uploads\/2025\/09\/cachorro_1757672527669-768x432.jpg 768w, https:\/\/www.correiobraziliense.com.br\/cbradar\/wp-content\/uploads\/2025\/09\/cachorro_1757672527669-750x422.jpg 750w, https:\/\/www.correiobraziliense.com.br\/cbradar\/wp-content\/uploads\/2025\/09\/cachorro_1757672527669-1140x641.jpg 1140w, https:\/\/www.correiobraziliense.com.br\/cbradar\/wp-content\/uploads\/2025\/09\/cachorro_1757672527669.jpg 1280w\" sizes=\"(max-width: 1024px) 100vw, 1024px\" \/><figcaption class=\"wp-element-caption\">cachorro. Cr\u00e9ditos: depositphotos.com \/ AllaSerebrina<\/figcaption><\/figure>\n\n\n\n<h2 class=\"wp-block-heading\">A alegria e adapta\u00e7\u00e3o dos nascidos em 1963, 1975, 1987, 1999 e 2011<\/h2>\n\n\n\n<p>Assim como o <strong>Bulldog Franc\u00eas<\/strong>, essas pessoas s\u00e3o adapt\u00e1veis e valorizam o momento presente, sem serem sobrecarregados por preocupa\u00e7\u00f5es futuras. Sua resili\u00eancia em lidar com situa\u00e7\u00f5es inesperadas \u00e9 not\u00e1vel, tornando-os amigos valiosos em qualquer contexto.<\/p>\n\n\n\n<h2 class=\"wp-block-heading\">Esp\u00edrito aventureiro dos nascidos em 1964, 1976, 1988, 2000 e 2012: O caso do Husky Siberiano<\/h2>\n\n\n\n<p>Com uma paix\u00e3o pela aventura e explora\u00e7\u00e3o, os nascidos nesses anos espelham a <strong>independ\u00eancia<\/strong> do Husky Siberiano, sempre ansiosos por explorar o desconhecido. S\u00e3o tamb\u00e9m motivados a desafiar limites e encorajar companheiros a terem mais coragem.<\/p>\n\n\n\n<h2 class=\"wp-block-heading\">Curiosidade e sociabilidade dos nascidos em 1965, 1977, 1989, 2001 e 2013: afinidade com o Beagle<\/h2>\n\n\n\n<p>Os <strong>Beagles<\/strong> s\u00e3o curiosos e sociais, caracter\u00edsticas que se refletem em pessoas que gostam de estar acompanhadas, mas tamb\u00e9m seguem suas pr\u00f3prias paix\u00f5es. Possuem facilidade em fazer amizades e s\u00e3o grandes fontes de energia positiva para todos ao seu redor.<\/p>\n\n\n\n<p><strong>Leia tamb\u00e9m:<\/strong> <a href=\"https:\/\/www.correiobraziliense.com.br\/cbradar\/essas-sao-as-melhores-racas-de-cachorro-para-pessoas-com-mais-de-65-anos\/\" target=\"_blank\" rel=\"noreferrer noopener\">Essas s\u00e3o as melhores ra\u00e7as de cachorro para pessoas com mais de 65 anos<\/a><\/p>\n\n\n\n<h2 class=\"wp-block-heading\">Cada ra\u00e7a com sua singularidade<\/h2>\n\n\n\n<ul class=\"wp-block-list\">\n<li>Fa\u00e7amos uma pausa para identificar o que nos faz \u00fanicos.<\/li>\n\n\n\n<li>As rela\u00e7\u00f5es homem-cachorro promovem momentos de conex\u00e3o genu\u00edna.<\/li>\n\n\n\n<li>Encare esta compara\u00e7\u00e3o como uma desculpa divertida para entender melhor a si mesmo.<\/li>\n<\/ul>\n","protected":false},"excerpt":{"rendered":"<p>Descubra sua ra\u00e7a canina de acordo com seu ano de nascimento. Encontre semelhan\u00e7as divertidas entre suas caracter\u00edsticas e a personalidade de c\u00e3es.<\/p>\n","protected":false},"author":3,"featured_media":102453,"comment_status":"open","ping_status":"open","sticky":false,"template":"","format":"standard","meta":{"_yoast_wpseo_focuskw":"qual ra\u00e7a voc\u00ea \u00e9 ano de nascimento","_yoast_wpseo_title":"%%title%%","_yoast_wpseo_metadesc":"Descubra sua ra\u00e7a canina de acordo com seu ano de nascimento. Encontre semelhan\u00e7as divertidas entre suas caracter\u00edsticas e a personalidade de c\u00e3es.","jnews-multi-image_gallery":[],"jnews_single_post":{"format":"standard"},"jnews_primary_category":[],"jnews_social_meta":[],"jnews_override_counter":[],"footnotes":""},"categories":[112],"post_tag":[230,1977,378,144],"class_list":["post-102451","post","type-post","status-publish","format-standard","has-post-thumbnail","hentry","category-curiosidades","tag-animais","tag-animais-de-estimacao","tag-cachorro","tag-curiosidades"],"yoast_head":"<!-- This site is optimized with the Yoast SEO plugin v24.6 - https:\/\/yoast.com\/wordpress\/plugins\/seo\/ -->\n<title>Que ra\u00e7a de c\u00e3o voc\u00ea \u00e9, de acordo com seu ano de nascimento<\/title>\n<meta name=\"description\" content=\"Descubra sua ra\u00e7a canina de acordo com seu ano de nascimento. Encontre semelhan\u00e7as divertidas entre suas caracter\u00edsticas e a personalidade de c\u00e3es.\" \/>\n<meta name=\"robots\" content=\"index, follow, max-snippet:-1, max-image-preview:large, max-video-preview:-1\" \/>\n<link rel=\"canonical\" href=\"https:\/\/www.correiobraziliense.com.br\/cbradar\/que-raca-de-cao-voce-e-de-acordo-com-seu-ano-de-nascimento\/\" \/>\n<meta property=\"og:locale\" content=\"pt_BR\" \/>\n<meta property=\"og:type\" content=\"article\" \/>\n<meta property=\"og:title\" content=\"Que ra\u00e7a de c\u00e3o voc\u00ea \u00e9, de acordo com seu ano de nascimento\" \/>\n<meta property=\"og:description\" content=\"Descubra sua ra\u00e7a canina de acordo com seu ano de nascimento. Encontre semelhan\u00e7as divertidas entre suas caracter\u00edsticas e a personalidade de c\u00e3es.\" \/>\n<meta property=\"og:url\" content=\"https:\/\/www.correiobraziliense.com.br\/cbradar\/que-raca-de-cao-voce-e-de-acordo-com-seu-ano-de-nascimento\/\" \/>\n<meta property=\"og:site_name\" content=\"Correio Braziliense - Radar\" \/>\n<meta property=\"article:published_time\" content=\"2025-09-13T00:03:00+00:00\" \/>\n<meta property=\"og:image\" content=\"https:\/\/www.correiobraziliense.com.br\/cbradar\/wp-content\/uploads\/2025\/09\/cachorro_1757672423981.jpg\" \/>\n\t<meta property=\"og:image:width\" content=\"1280\" \/>\n\t<meta property=\"og:image:height\" content=\"720\" \/>\n\t<meta property=\"og:image:type\" content=\"image\/jpeg\" \/>\n<meta name=\"author\" content=\"Larissa Carvalho\" \/>\n<meta name=\"twitter:card\" content=\"summary_large_image\" \/>\n<meta name=\"twitter:label1\" content=\"Escrito por\" \/>\n\t<meta name=\"twitter:data1\" content=\"Larissa Carvalho\" \/>\n\t<meta name=\"twitter:label2\" content=\"Est. tempo de leitura\" \/>\n\t<meta name=\"twitter:data2\" content=\"3 minutos\" \/>\n<!-- \/ Yoast SEO plugin. -->","yoast_head_json":{"title":"Que ra\u00e7a de c\u00e3o voc\u00ea \u00e9, de acordo com seu ano de nascimento","description":"Descubra sua ra\u00e7a canina de acordo com seu ano de nascimento. Encontre semelhan\u00e7as divertidas entre suas caracter\u00edsticas e a personalidade de c\u00e3es.","robots":{"index":"index","follow":"follow","max-snippet":"max-snippet:-1","max-image-preview":"max-image-preview:large","max-video-preview":"max-video-preview:-1"},"canonical":"https:\/\/www.correiobraziliense.com.br\/cbradar\/que-raca-de-cao-voce-e-de-acordo-com-seu-ano-de-nascimento\/","og_locale":"pt_BR","og_type":"article","og_title":"Que ra\u00e7a de c\u00e3o voc\u00ea \u00e9, de acordo com seu ano de nascimento","og_description":"Descubra sua ra\u00e7a canina de acordo com seu ano de nascimento. Encontre semelhan\u00e7as divertidas entre suas caracter\u00edsticas e a personalidade de c\u00e3es.","og_url":"https:\/\/www.correiobraziliense.com.br\/cbradar\/que-raca-de-cao-voce-e-de-acordo-com-seu-ano-de-nascimento\/","og_site_name":"Correio Braziliense - Radar","article_published_time":"2025-09-13T00:03:00+00:00","og_image":[{"width":1280,"height":720,"url":"https:\/\/www.correiobraziliense.com.br\/cbradar\/wp-content\/uploads\/2025\/09\/cachorro_1757672423981.jpg","type":"image\/jpeg"}],"author":"Larissa Carvalho","twitter_card":"summary_large_image","twitter_misc":{"Escrito por":"Larissa Carvalho","Est. tempo de leitura":"3 minutos"},"schema":{"@context":"https:\/\/schema.org","@graph":[{"@type":"WebPage","@id":"https:\/\/www.correiobraziliense.com.br\/cbradar\/que-raca-de-cao-voce-e-de-acordo-com-seu-ano-de-nascimento\/","url":"https:\/\/www.correiobraziliense.com.br\/cbradar\/que-raca-de-cao-voce-e-de-acordo-com-seu-ano-de-nascimento\/","name":"Que ra\u00e7a de c\u00e3o voc\u00ea \u00e9, de acordo com seu ano de nascimento","isPartOf":{"@id":"https:\/\/www.correiobraziliense.com.br\/cbradar\/#website"},"primaryImageOfPage":{"@id":"https:\/\/www.correiobraziliense.com.br\/cbradar\/que-raca-de-cao-voce-e-de-acordo-com-seu-ano-de-nascimento\/#primaryimage"},"image":{"@id":"https:\/\/www.correiobraziliense.com.br\/cbradar\/que-raca-de-cao-voce-e-de-acordo-com-seu-ano-de-nascimento\/#primaryimage"},"thumbnailUrl":"https:\/\/www.correiobraziliense.com.br\/cbradar\/wp-content\/uploads\/2025\/09\/cachorro_1757672423981.jpg","datePublished":"2025-09-13T00:03:00+00:00","author":{"@id":"https:\/\/www.correiobraziliense.com.br\/cbradar\/#\/schema\/person\/58422787644df994b53a19d3e56c1513"},"description":"Descubra sua ra\u00e7a canina de acordo com seu ano de nascimento. Encontre semelhan\u00e7as divertidas entre suas caracter\u00edsticas e a personalidade de c\u00e3es.","breadcrumb":{"@id":"https:\/\/www.correiobraziliense.com.br\/cbradar\/que-raca-de-cao-voce-e-de-acordo-com-seu-ano-de-nascimento\/#breadcrumb"},"inLanguage":"pt-BR","potentialAction":[{"@type":"ReadAction","target":["https:\/\/www.correiobraziliense.com.br\/cbradar\/que-raca-de-cao-voce-e-de-acordo-com-seu-ano-de-nascimento\/"]}]},{"@type":"ImageObject","inLanguage":"pt-BR","@id":"https:\/\/www.correiobraziliense.com.br\/cbradar\/que-raca-de-cao-voce-e-de-acordo-com-seu-ano-de-nascimento\/#primaryimage","url":"https:\/\/www.correiobraziliense.com.br\/cbradar\/wp-content\/uploads\/2025\/09\/cachorro_1757672423981.jpg","contentUrl":"https:\/\/www.correiobraziliense.com.br\/cbradar\/wp-content\/uploads\/2025\/09\/cachorro_1757672423981.jpg","width":1280,"height":720,"caption":"cachorro. Cr\u00e9ditos: depositphotos.com \/ NatashaFedorova"},{"@type":"BreadcrumbList","@id":"https:\/\/www.correiobraziliense.com.br\/cbradar\/que-raca-de-cao-voce-e-de-acordo-com-seu-ano-de-nascimento\/#breadcrumb","itemListElement":[{"@type":"ListItem","position":1,"name":"In\u00edcio","item":"https:\/\/www.correiobraziliense.com.br\/cbradar\/"},{"@type":"ListItem","position":2,"name":"Que ra\u00e7a de c\u00e3o voc\u00ea \u00e9, de acordo com seu ano de nascimento"}]},{"@type":"WebSite","@id":"https:\/\/www.correiobraziliense.com.br\/cbradar\/#website","url":"https:\/\/www.correiobraziliense.com.br\/cbradar\/","name":"Correio Braziliense - Radar","description":"Acompanhe as \u00faltimas not\u00edcias e fique bem informado sobre tudo o que acontece no Brasil e no mundo.","potentialAction":[{"@type":"SearchAction","target":{"@type":"EntryPoint","urlTemplate":"https:\/\/www.correiobraziliense.com.br\/cbradar\/?s={search_term_string}"},"query-input":{"@type":"PropertyValueSpecification","valueRequired":true,"valueName":"search_term_string"}}],"inLanguage":"pt-BR"},{"@type":"Person","@id":"https:\/\/www.correiobraziliense.com.br\/cbradar\/#\/schema\/person\/58422787644df994b53a19d3e56c1513","name":"Larissa Carvalho","image":{"@type":"ImageObject","inLanguage":"pt-BR","@id":"https:\/\/www.correiobraziliense.com.br\/cbradar\/#\/schema\/person\/image\/","url":"https:\/\/secure.gravatar.com\/avatar\/fe4f91a0de32b52a838d0d612abdc1aa?s=96&d=mm&r=g","contentUrl":"https:\/\/secure.gravatar.com\/avatar\/fe4f91a0de32b52a838d0d612abdc1aa?s=96&d=mm&r=g","caption":"Larissa Carvalho"},"url":"https:\/\/www.correiobraziliense.com.br\/cbradar\/author\/larissamyth\/"}]}},"_links":{"self":[{"href":"https:\/\/www.correiobraziliense.com.br\/cbradar\/wp-json\/wp\/v2\/posts\/102451","targetHints":{"allow":["GET"]}}],"collection":[{"href":"https:\/\/www.correiobraziliense.com.br\/cbradar\/wp-json\/wp\/v2\/posts"}],"about":[{"href":"https:\/\/www.correiobraziliense.com.br\/cbradar\/wp-json\/wp\/v2\/types\/post"}],"author":[{"embeddable":true,"href":"https:\/\/www.correiobraziliense.com.br\/cbradar\/wp-json\/wp\/v2\/users\/3"}],"replies":[{"embeddable":true,"href":"https:\/\/www.correiobraziliense.com.br\/cbradar\/wp-json\/wp\/v2\/comments?post=102451"}],"version-history":[{"count":2,"href":"https:\/\/www.correiobraziliense.com.br\/cbradar\/wp-json\/wp\/v2\/posts\/102451\/revisions"}],"predecessor-version":[{"id":102455,"href":"https:\/\/www.correiobraziliense.com.br\/cbradar\/wp-json\/wp\/v2\/posts\/102451\/revisions\/102455"}],"wp:featuredmedia":[{"embeddable":true,"href":"https:\/\/www.correiobraziliense.com.br\/cbradar\/wp-json\/wp\/v2\/media\/102453"}],"wp:attachment":[{"href":"https:\/\/www.correiobraziliense.com.br\/cbradar\/wp-json\/wp\/v2\/media?parent=102451"}],"wp:term":[{"taxonomy":"category","embeddable":true,"href":"https:\/\/www.correiobraziliense.com.br\/cbradar\/wp-json\/wp\/v2\/categories?post=102451"},{"taxonomy":"post_tag","embeddable":true,"href":"https:\/\/www.correiobraziliense.com.br\/cbradar\/wp-json\/wp\/v2\/post_tag?post=102451"}],"curies":[{"name":"wp","href":"https:\/\/api.w.org\/{rel}","templated":true}]}}