{"id":102512,"date":"2025-09-12T16:00:00","date_gmt":"2025-09-12T19:00:00","guid":{"rendered":"https:\/\/www.correiobraziliense.com.br\/cbradar\/?p=102512"},"modified":"2025-09-12T08:43:30","modified_gmt":"2025-09-12T11:43:30","slug":"esse-erro-no-cafe-da-manha-pode-estar-diminuindo-sua-expectativa-de-vida","status":"publish","type":"post","link":"https:\/\/www.correiobraziliense.com.br\/cbradar\/esse-erro-no-cafe-da-manha-pode-estar-diminuindo-sua-expectativa-de-vida\/","title":{"rendered":"Esse erro no caf\u00e9 da manh\u00e3 pode estar diminuindo sua expectativa de vida"},"content":{"rendered":"\n<p>A pesquisa cient\u00edfica tem lan\u00e7ado luz sobre como os hor\u00e1rios das refei\u00e7\u00f5es podem impactar a sa\u00fade, especialmente \u00e0 medida que envelhecemos. Um estudo abrangente, realizado por pesquisadores do Massachusetts General Hospital e da Universidade de Manchester, acompanhou cerca de 3.000 adultos com idades entre 42 e 94 anos por um per\u00edodo m\u00e9dio de 22 anos. Este estudo investigou como os hor\u00e1rios das refei\u00e7\u00f5es, juntamente com fatores de estilo de vida e dados gen\u00e9ticos, mudam com o passar do tempo e como isso influencia a sa\u00fade a longo prazo.<\/p>\n\n\n\n<p>Conforme os participantes envelheciam, observou-se uma tend\u00eancia a consumirem suas refei\u00e7\u00f5es mais tarde durante o dia, estreitando tamb\u00e9m o intervalo de tempo dedicado \u00e0s refei\u00e7\u00f5es di\u00e1rias. Contudo, o dado mais relevante deste estudo foi a correla\u00e7\u00e3o entre o atraso no hor\u00e1rio do caf\u00e9 da manh\u00e3 e um aumento no risco de mortalidade. Indiv\u00edduos que comiam mais cedo apresentavam uma taxa de sobreviv\u00eancia em dez anos de quase 90%, comparados a 87% entre os que demoravam a iniciar as refei\u00e7\u00f5es.<\/p>\n\n\n\n<h2 class=\"wp-block-heading\">Qual \u00e9 a rela\u00e7\u00e3o entre atrasar o caf\u00e9 da manh\u00e3 e sa\u00fade a longo prazo?<\/h2>\n\n\n\n<p>O estudo revelou que cada hora adicional de atraso no caf\u00e9 da manh\u00e3 estava associada a um aumento de 8-11% no risco de mortalidade. Este dado permaneceu consistente mesmo ap\u00f3s ajustes para fatores como idade, sexo e estilo de vida dos participantes. Os pesquisadores destacaram que as raz\u00f5es para os atrasos no caf\u00e9 da manh\u00e3 estavam, frequentemente, ligadas a desafios de sa\u00fade. Por exemplo, idosos com fadiga, depress\u00e3o, ansiedade e v\u00e1rias doen\u00e7as cr\u00f4nicas tendiam a comer mais tarde.<\/p>\n\n\n\n<figure class=\"wp-block-image size-large\"><img decoding=\"async\" width=\"1024\" height=\"576\" src=\"https:\/\/www.correiobraziliense.com.br\/cbradar\/wp-content\/uploads\/2025\/09\/cafe-da-manha_1757677388055-1024x576.jpg\" alt=\"Esse erro no caf\u00e9 da manh\u00e3 pode estar diminuindo sua expectativa de vida\" class=\"wp-image-102515\" srcset=\"https:\/\/www.correiobraziliense.com.br\/cbradar\/wp-content\/uploads\/2025\/09\/cafe-da-manha_1757677388055-1024x576.jpg 1024w, https:\/\/www.correiobraziliense.com.br\/cbradar\/wp-content\/uploads\/2025\/09\/cafe-da-manha_1757677388055-300x169.jpg 300w, https:\/\/www.correiobraziliense.com.br\/cbradar\/wp-content\/uploads\/2025\/09\/cafe-da-manha_1757677388055-768x432.jpg 768w, https:\/\/www.correiobraziliense.com.br\/cbradar\/wp-content\/uploads\/2025\/09\/cafe-da-manha_1757677388055-750x422.jpg 750w, https:\/\/www.correiobraziliense.com.br\/cbradar\/wp-content\/uploads\/2025\/09\/cafe-da-manha_1757677388055-1140x641.jpg 1140w, https:\/\/www.correiobraziliense.com.br\/cbradar\/wp-content\/uploads\/2025\/09\/cafe-da-manha_1757677388055.jpg 1280w\" sizes=\"(max-width: 1024px) 100vw, 1024px\" \/><figcaption class=\"wp-element-caption\">Caf\u00e9 da manh\u00e3. Cr\u00e9ditos: depositphotos.com \/ monticello<\/figcaption><\/figure>\n\n\n\n<h2 class=\"wp-block-heading\">Quais fatores podem contribuir para atrasos nos hor\u00e1rios das refei\u00e7\u00f5es?<\/h2>\n\n\n\n<p>Dificuldades na prepara\u00e7\u00e3o dos alimentos e a baixa qualidade do sono tamb\u00e9m desempenharam um papel nos atrasos, bem como uma predisposi\u00e7\u00e3o gen\u00e9tica para h\u00e1bitos noturnos. Como este estudo foi observacional, \u00e9 importante considerar que a maior taxa de mortalidade entre os que comiam mais tarde pode estar relacionada a quest\u00f5es de sa\u00fade subjacentes, que tamb\u00e9m afetaram o hor\u00e1rio das refei\u00e7\u00f5es.<\/p>\n\n\n\n<h2 class=\"wp-block-heading\">Esta pesquisa se aplica a todas as popula\u00e7\u00f5es?<\/h2>\n\n\n\n<p>\u00c9 importante notar que o estudo concentrou-se, em grande parte, em adultos brit\u00e2nicos brancos e dependia de autorreportagens sobre os hor\u00e1rios das refei\u00e7\u00f5es. Isso pode limitar a aplicabilidade dos resultados a outras popula\u00e7\u00f5es com diferentes contextos culturais e gen\u00e9ticos. No entanto, as conclus\u00f5es sugerem que manter a consist\u00eancia nos hor\u00e1rios das refei\u00e7\u00f5es, especialmente come\u00e7ando o dia com o caf\u00e9 da manh\u00e3 mais cedo, pode ser um indicador de sa\u00fade melhor em adultos mais velhos.<\/p>\n\n\n\n<p>Em suma, embora mais pesquisas sejam necess\u00e1rias para compreender completamente essa rela\u00e7\u00e3o, adotar uma rotina consistente de caf\u00e9 da manh\u00e3 pode ser um passo simples em dire\u00e7\u00e3o a um envelhecimento mais saud\u00e1vel. Al\u00e9m disso, mudan\u00e7as nos hor\u00e1rios das refei\u00e7\u00f5es podem n\u00e3o apenas refletir problemas de sa\u00fade subjacentes, mas tamb\u00e9m influenciar ritmos circadianos importantes para regular o sono e o metabolismo.<\/p>\n","protected":false},"excerpt":{"rendered":"<p>Pesquisa revela que atrasar o hor\u00e1rio do caf\u00e9 da manh\u00e3 pode aumentar o risco de mortalidade. Entenda a conex\u00e3o entre hor\u00e1rios de refei\u00e7\u00f5es e longevidade.<\/p>\n","protected":false},"author":3,"featured_media":102514,"comment_status":"open","ping_status":"open","sticky":false,"template":"","format":"standard","meta":{"jnews-multi-image_gallery":[],"jnews_single_post":{"format":"standard"},"jnews_primary_category":[],"jnews_social_meta":[],"jnews_override_counter":[],"footnotes":""},"categories":[112],"post_tag":[4319,144],"class_list":["post-102512","post","type-post","status-publish","format-standard","has-post-thumbnail","hentry","category-curiosidades","tag-cafe-da-manha","tag-curiosidades"],"yoast_head":"<!-- This site is optimized with the Yoast SEO plugin v24.6 - https:\/\/yoast.com\/wordpress\/plugins\/seo\/ -->\n<title>Esse erro no caf\u00e9 da manh\u00e3 pode estar diminuindo sua expectativa de vida<\/title>\n<meta name=\"description\" content=\"Pesquisa revela que atrasar o hor\u00e1rio do caf\u00e9 da manh\u00e3 pode aumentar o risco de mortalidade. Entenda a conex\u00e3o entre hor\u00e1rios de refei\u00e7\u00f5es e longevidade.\" \/>\n<meta name=\"robots\" content=\"index, follow, max-snippet:-1, max-image-preview:large, max-video-preview:-1\" \/>\n<link rel=\"canonical\" href=\"https:\/\/www.correiobraziliense.com.br\/cbradar\/esse-erro-no-cafe-da-manha-pode-estar-diminuindo-sua-expectativa-de-vida\/\" \/>\n<meta property=\"og:locale\" content=\"pt_BR\" \/>\n<meta property=\"og:type\" content=\"article\" \/>\n<meta property=\"og:title\" content=\"Esse erro no caf\u00e9 da manh\u00e3 pode estar diminuindo sua expectativa de vida\" \/>\n<meta property=\"og:description\" content=\"Pesquisa revela que atrasar o hor\u00e1rio do caf\u00e9 da manh\u00e3 pode aumentar o risco de mortalidade. Entenda a conex\u00e3o entre hor\u00e1rios de refei\u00e7\u00f5es e longevidade.\" \/>\n<meta property=\"og:url\" content=\"https:\/\/www.correiobraziliense.com.br\/cbradar\/esse-erro-no-cafe-da-manha-pode-estar-diminuindo-sua-expectativa-de-vida\/\" \/>\n<meta property=\"og:site_name\" content=\"Correio Braziliense - Radar\" \/>\n<meta property=\"article:published_time\" content=\"2025-09-12T19:00:00+00:00\" \/>\n<meta property=\"og:image\" content=\"https:\/\/www.correiobraziliense.com.br\/cbradar\/wp-content\/uploads\/2025\/09\/cafe-da-manha_1757677200521.jpg\" \/>\n\t<meta property=\"og:image:width\" content=\"1280\" \/>\n\t<meta property=\"og:image:height\" content=\"720\" \/>\n\t<meta property=\"og:image:type\" content=\"image\/jpeg\" \/>\n<meta name=\"author\" content=\"Larissa Carvalho\" \/>\n<meta name=\"twitter:card\" content=\"summary_large_image\" \/>\n<meta name=\"twitter:label1\" content=\"Escrito por\" \/>\n\t<meta name=\"twitter:data1\" content=\"Larissa Carvalho\" \/>\n\t<meta name=\"twitter:label2\" content=\"Est. tempo de leitura\" \/>\n\t<meta name=\"twitter:data2\" content=\"4 minutos\" \/>\n<!-- \/ Yoast SEO plugin. -->","yoast_head_json":{"title":"Esse erro no caf\u00e9 da manh\u00e3 pode estar diminuindo sua expectativa de vida","description":"Pesquisa revela que atrasar o hor\u00e1rio do caf\u00e9 da manh\u00e3 pode aumentar o risco de mortalidade. Entenda a conex\u00e3o entre hor\u00e1rios de refei\u00e7\u00f5es e longevidade.","robots":{"index":"index","follow":"follow","max-snippet":"max-snippet:-1","max-image-preview":"max-image-preview:large","max-video-preview":"max-video-preview:-1"},"canonical":"https:\/\/www.correiobraziliense.com.br\/cbradar\/esse-erro-no-cafe-da-manha-pode-estar-diminuindo-sua-expectativa-de-vida\/","og_locale":"pt_BR","og_type":"article","og_title":"Esse erro no caf\u00e9 da manh\u00e3 pode estar diminuindo sua expectativa de vida","og_description":"Pesquisa revela que atrasar o hor\u00e1rio do caf\u00e9 da manh\u00e3 pode aumentar o risco de mortalidade. Entenda a conex\u00e3o entre hor\u00e1rios de refei\u00e7\u00f5es e longevidade.","og_url":"https:\/\/www.correiobraziliense.com.br\/cbradar\/esse-erro-no-cafe-da-manha-pode-estar-diminuindo-sua-expectativa-de-vida\/","og_site_name":"Correio Braziliense - Radar","article_published_time":"2025-09-12T19:00:00+00:00","og_image":[{"width":1280,"height":720,"url":"https:\/\/www.correiobraziliense.com.br\/cbradar\/wp-content\/uploads\/2025\/09\/cafe-da-manha_1757677200521.jpg","type":"image\/jpeg"}],"author":"Larissa Carvalho","twitter_card":"summary_large_image","twitter_misc":{"Escrito por":"Larissa Carvalho","Est. tempo de leitura":"4 minutos"},"schema":{"@context":"https:\/\/schema.org","@graph":[{"@type":"WebPage","@id":"https:\/\/www.correiobraziliense.com.br\/cbradar\/esse-erro-no-cafe-da-manha-pode-estar-diminuindo-sua-expectativa-de-vida\/","url":"https:\/\/www.correiobraziliense.com.br\/cbradar\/esse-erro-no-cafe-da-manha-pode-estar-diminuindo-sua-expectativa-de-vida\/","name":"Esse erro no caf\u00e9 da manh\u00e3 pode estar diminuindo sua expectativa de vida","isPartOf":{"@id":"https:\/\/www.correiobraziliense.com.br\/cbradar\/#website"},"primaryImageOfPage":{"@id":"https:\/\/www.correiobraziliense.com.br\/cbradar\/esse-erro-no-cafe-da-manha-pode-estar-diminuindo-sua-expectativa-de-vida\/#primaryimage"},"image":{"@id":"https:\/\/www.correiobraziliense.com.br\/cbradar\/esse-erro-no-cafe-da-manha-pode-estar-diminuindo-sua-expectativa-de-vida\/#primaryimage"},"thumbnailUrl":"https:\/\/www.correiobraziliense.com.br\/cbradar\/wp-content\/uploads\/2025\/09\/cafe-da-manha_1757677200521.jpg","datePublished":"2025-09-12T19:00:00+00:00","author":{"@id":"https:\/\/www.correiobraziliense.com.br\/cbradar\/#\/schema\/person\/58422787644df994b53a19d3e56c1513"},"description":"Pesquisa revela que atrasar o hor\u00e1rio do caf\u00e9 da manh\u00e3 pode aumentar o risco de mortalidade. Entenda a conex\u00e3o entre hor\u00e1rios de refei\u00e7\u00f5es e longevidade.","breadcrumb":{"@id":"https:\/\/www.correiobraziliense.com.br\/cbradar\/esse-erro-no-cafe-da-manha-pode-estar-diminuindo-sua-expectativa-de-vida\/#breadcrumb"},"inLanguage":"pt-BR","potentialAction":[{"@type":"ReadAction","target":["https:\/\/www.correiobraziliense.com.br\/cbradar\/esse-erro-no-cafe-da-manha-pode-estar-diminuindo-sua-expectativa-de-vida\/"]}]},{"@type":"ImageObject","inLanguage":"pt-BR","@id":"https:\/\/www.correiobraziliense.com.br\/cbradar\/esse-erro-no-cafe-da-manha-pode-estar-diminuindo-sua-expectativa-de-vida\/#primaryimage","url":"https:\/\/www.correiobraziliense.com.br\/cbradar\/wp-content\/uploads\/2025\/09\/cafe-da-manha_1757677200521.jpg","contentUrl":"https:\/\/www.correiobraziliense.com.br\/cbradar\/wp-content\/uploads\/2025\/09\/cafe-da-manha_1757677200521.jpg","width":1280,"height":720,"caption":"caf\u00e9 da manh\u00e3. Cr\u00e9ditos: depositphotos.com \/ JeniFoto"},{"@type":"BreadcrumbList","@id":"https:\/\/www.correiobraziliense.com.br\/cbradar\/esse-erro-no-cafe-da-manha-pode-estar-diminuindo-sua-expectativa-de-vida\/#breadcrumb","itemListElement":[{"@type":"ListItem","position":1,"name":"In\u00edcio","item":"https:\/\/www.correiobraziliense.com.br\/cbradar\/"},{"@type":"ListItem","position":2,"name":"Esse erro no caf\u00e9 da manh\u00e3 pode estar diminuindo sua expectativa de vida"}]},{"@type":"WebSite","@id":"https:\/\/www.correiobraziliense.com.br\/cbradar\/#website","url":"https:\/\/www.correiobraziliense.com.br\/cbradar\/","name":"Correio Braziliense - Radar","description":"Acompanhe as \u00faltimas not\u00edcias e fique bem informado sobre tudo o que acontece no Brasil e no mundo.","potentialAction":[{"@type":"SearchAction","target":{"@type":"EntryPoint","urlTemplate":"https:\/\/www.correiobraziliense.com.br\/cbradar\/?s={search_term_string}"},"query-input":{"@type":"PropertyValueSpecification","valueRequired":true,"valueName":"search_term_string"}}],"inLanguage":"pt-BR"},{"@type":"Person","@id":"https:\/\/www.correiobraziliense.com.br\/cbradar\/#\/schema\/person\/58422787644df994b53a19d3e56c1513","name":"Larissa Carvalho","image":{"@type":"ImageObject","inLanguage":"pt-BR","@id":"https:\/\/www.correiobraziliense.com.br\/cbradar\/#\/schema\/person\/image\/","url":"https:\/\/secure.gravatar.com\/avatar\/fe4f91a0de32b52a838d0d612abdc1aa?s=96&d=mm&r=g","contentUrl":"https:\/\/secure.gravatar.com\/avatar\/fe4f91a0de32b52a838d0d612abdc1aa?s=96&d=mm&r=g","caption":"Larissa Carvalho"},"url":"https:\/\/www.correiobraziliense.com.br\/cbradar\/author\/larissamyth\/"}]}},"_links":{"self":[{"href":"https:\/\/www.correiobraziliense.com.br\/cbradar\/wp-json\/wp\/v2\/posts\/102512","targetHints":{"allow":["GET"]}}],"collection":[{"href":"https:\/\/www.correiobraziliense.com.br\/cbradar\/wp-json\/wp\/v2\/posts"}],"about":[{"href":"https:\/\/www.correiobraziliense.com.br\/cbradar\/wp-json\/wp\/v2\/types\/post"}],"author":[{"embeddable":true,"href":"https:\/\/www.correiobraziliense.com.br\/cbradar\/wp-json\/wp\/v2\/users\/3"}],"replies":[{"embeddable":true,"href":"https:\/\/www.correiobraziliense.com.br\/cbradar\/wp-json\/wp\/v2\/comments?post=102512"}],"version-history":[{"count":2,"href":"https:\/\/www.correiobraziliense.com.br\/cbradar\/wp-json\/wp\/v2\/posts\/102512\/revisions"}],"predecessor-version":[{"id":102516,"href":"https:\/\/www.correiobraziliense.com.br\/cbradar\/wp-json\/wp\/v2\/posts\/102512\/revisions\/102516"}],"wp:featuredmedia":[{"embeddable":true,"href":"https:\/\/www.correiobraziliense.com.br\/cbradar\/wp-json\/wp\/v2\/media\/102514"}],"wp:attachment":[{"href":"https:\/\/www.correiobraziliense.com.br\/cbradar\/wp-json\/wp\/v2\/media?parent=102512"}],"wp:term":[{"taxonomy":"category","embeddable":true,"href":"https:\/\/www.correiobraziliense.com.br\/cbradar\/wp-json\/wp\/v2\/categories?post=102512"},{"taxonomy":"post_tag","embeddable":true,"href":"https:\/\/www.correiobraziliense.com.br\/cbradar\/wp-json\/wp\/v2\/post_tag?post=102512"}],"curies":[{"name":"wp","href":"https:\/\/api.w.org\/{rel}","templated":true}]}}