{"id":10258,"date":"2025-03-08T22:30:00","date_gmt":"2025-03-09T01:30:00","guid":{"rendered":"https:\/\/www.correiobraziliense.com.br\/cbradar\/?p=10258"},"modified":"2025-03-08T09:51:24","modified_gmt":"2025-03-08T12:51:24","slug":"ajustes-de-precos-da-nintendo-no-brasil-veja-o-que-mudou","status":"publish","type":"post","link":"https:\/\/www.correiobraziliense.com.br\/cbradar\/ajustes-de-precos-da-nintendo-no-brasil-veja-o-que-mudou\/","title":{"rendered":"Ajustes de pre\u00e7os da Nintendo no Brasil, veja o que mudou"},"content":{"rendered":"\n<p>Os jogadores brasileiros de <strong><a href=\"https:\/\/www.correiobraziliense.com.br\/cbradar\/nintendo-switch-2-ja-tem-especificacoes-vazadas-veja\/\" target=\"_blank\" rel=\"noreferrer noopener\">Nintendo Switch<\/a><\/strong> enfrentam um cen\u00e1rio cada vez mais desafiador. Recentemente, a Nintendo aumentou os pre\u00e7os dos jogos digitais na eShop do Brasil, afetando t\u00edtulos populares como\u00a0<em><strong>Zelda: Tears of the Kingdom<\/strong><\/em>\u00a0e\u00a0<em><strong>Super Mario Party: Jamboree<\/strong><\/em>. Esses jogos passaram a custar R$ 399 e R$ 349, respectivamente. A situa\u00e7\u00e3o \u00e9 semelhante em outros pa\u00edses da Am\u00e9rica Latina, como M\u00e9xico, Chile, Peru e Argentina.<\/p>\n\n\n\n<p>Ao contr\u00e1rio de outras empresas do setor, a Nintendo mant\u00e9m uma pol\u00edtica de pre\u00e7os r\u00edgida e raramente oferece promo\u00e7\u00f5es significativas em sua loja digital. Isso significa que jogos lan\u00e7ados h\u00e1 v\u00e1rios anos, como\u00a0<em><strong>Mario Kart 8 Deluxe<\/strong><\/em>\u00a0e\u00a0<em><strong>Pok\u00e9mon Sword &amp; Shield<\/strong><\/em>, continuam com pre\u00e7os semelhantes aos de lan\u00e7amentos recentes. A falta de descontos tem sido uma das principais queixas dos jogadores.<\/p>\n\n\n\n<h2 class=\"wp-block-heading\"><strong>Por que a Nintendo ajustou os pre\u00e7os dos Jogos?<\/strong><\/h2>\n\n\n\n<p>O aumento de pre\u00e7os na <strong>eShop <\/strong>do Brasil foi de R$ 50 em m\u00e9dia. Al\u00e9m disso, os cupons para jogos do Switch tamb\u00e9m sofreram reajustes, passando de R$ 500 para R$ 579. Esses ajustes refletem uma tend\u00eancia de aumento de pre\u00e7os que n\u00e3o se limita ao Brasil, mas tamb\u00e9m \u00e9 observada em outras regi\u00f5es. A Nintendo ainda n\u00e3o comentou oficialmente sobre as raz\u00f5es por tr\u00e1s desses aumentos, mas especula-se que possam estar relacionados a estrat\u00e9gias de mercado e ao futuro lan\u00e7amento do Switch 2.<\/p>\n\n\n\n<figure class=\"wp-block-image size-large\"><img decoding=\"async\" width=\"1024\" height=\"576\" src=\"https:\/\/www.correiobraziliense.com.br\/cbradar\/wp-content\/uploads\/2025\/03\/Nintendo-_1741355173461-1024x576.jpg\" alt=\"Ajustes de pre\u00e7os da Nintendo no Brasil, veja o que mudou\" class=\"wp-image-10262\" srcset=\"https:\/\/www.correiobraziliense.com.br\/cbradar\/wp-content\/uploads\/2025\/03\/Nintendo-_1741355173461-1024x576.jpg 1024w, https:\/\/www.correiobraziliense.com.br\/cbradar\/wp-content\/uploads\/2025\/03\/Nintendo-_1741355173461-300x169.jpg 300w, https:\/\/www.correiobraziliense.com.br\/cbradar\/wp-content\/uploads\/2025\/03\/Nintendo-_1741355173461-768x432.jpg 768w, https:\/\/www.correiobraziliense.com.br\/cbradar\/wp-content\/uploads\/2025\/03\/Nintendo-_1741355173461-750x422.jpg 750w, https:\/\/www.correiobraziliense.com.br\/cbradar\/wp-content\/uploads\/2025\/03\/Nintendo-_1741355173461-1140x641.jpg 1140w, https:\/\/www.correiobraziliense.com.br\/cbradar\/wp-content\/uploads\/2025\/03\/Nintendo-_1741355173461.jpg 1280w\" sizes=\"(max-width: 1024px) 100vw, 1024px\" \/><figcaption class=\"wp-element-caption\">Nintendo. Cr\u00e9ditos: depositphotos.com \/ skvalval<\/figcaption><\/figure>\n\n\n\n<h2 class=\"wp-block-heading\"><strong>Como as tarifas internacionais afetam a Ind\u00fastria de videogames?<\/strong><\/h2>\n\n\n\n<p>Al\u00e9m dos aumentos de pre\u00e7os locais, as tarifas internacionais tamb\u00e9m desempenham um papel significativo na ind\u00fastria de videogames. As tarifas impostas pelos Estados Unidos sobre produtos importados do M\u00e9xico, Canad\u00e1 e China podem impactar a produ\u00e7\u00e3o e distribui\u00e7\u00e3o de jogos f\u00edsicos e consoles. Com isso, algumas empresas podem optar por uma estrat\u00e9gia de vendas totalmente digital, afetando ainda mais os pre\u00e7os para os consumidores.<\/p>\n\n\n\n<h2 class=\"wp-block-heading\"><strong>Quais as implica\u00e7\u00f5es para os jogadores brasileiros?<\/strong><\/h2>\n\n\n\n<p>Para os jogadores brasileiros, as mudan\u00e7as nos pre\u00e7os e pol\u00edticas da Nintendo representam um desafio adicional. A descontinua\u00e7\u00e3o de programas como o My Nintendo e o sistema de cashback da eShop, que ofereciam pontos de desconto, tamb\u00e9m contribui para a insatisfa\u00e7\u00e3o dos consumidores. A expectativa \u00e9 que o lan\u00e7amento do Switch 2 traga novas oportunidades, mas tamb\u00e9m incertezas sobre os pre\u00e7os futuros dos jogos.<\/p>\n\n\n\n<h2 class=\"wp-block-heading\"><strong>O que esperar do lan\u00e7amento do Switch 2?<\/strong><\/h2>\n\n\n\n<p>A Nintendo anunciou que realizar\u00e1 um evento Direct focado no Switch 2 em 2 de abril. Espera-se que a empresa revele detalhes sobre o novo console, incluindo suas funcionalidades e pre\u00e7os. A comunidade de jogadores aguarda ansiosamente por essas informa\u00e7\u00f5es, na esperan\u00e7a de que o Switch 2 traga novidades positivas e acess\u00edveis para os f\u00e3s da marca.<\/p>\n","protected":false},"excerpt":{"rendered":"<p>An\u00e1lise do impacto dos ajustes de pre\u00e7os da Nintendo no Brasil, discutindo tend\u00eancias de mercado, tarifas internacionais e suas implica\u00e7\u00f5es.<\/p>\n","protected":false},"author":3,"featured_media":10260,"comment_status":"open","ping_status":"open","sticky":false,"template":"","format":"standard","meta":{"_yoast_wpseo_focuskw":"pre\u00e7os Nintendo Brasil","_yoast_wpseo_title":"%%title%%","_yoast_wpseo_metadesc":"An\u00e1lise do impacto dos ajustes de pre\u00e7os da Nintendo no Brasil, discutindo tend\u00eancias de mercado, tarifas internacionais e suas implica\u00e7\u00f5es.","jnews-multi-image_gallery":[],"jnews_single_post":{"format":"standard"},"jnews_primary_category":[],"jnews_social_meta":[],"jnews_override_counter":[],"footnotes":""},"categories":[115],"post_tag":[331,332],"class_list":["post-10258","post","type-post","status-publish","format-standard","has-post-thumbnail","hentry","category-tecnologia","tag-nintendo","tag-nintendo-switch-2"],"yoast_head":"<!-- This site is optimized with the Yoast SEO plugin v24.6 - https:\/\/yoast.com\/wordpress\/plugins\/seo\/ -->\n<title>Ajustes de pre\u00e7os da Nintendo no Brasil, veja o que mudou<\/title>\n<meta name=\"description\" content=\"An\u00e1lise do impacto dos ajustes de pre\u00e7os da Nintendo no Brasil, discutindo tend\u00eancias de mercado, tarifas internacionais e suas implica\u00e7\u00f5es.\" \/>\n<meta name=\"robots\" content=\"index, follow, max-snippet:-1, max-image-preview:large, max-video-preview:-1\" \/>\n<link rel=\"canonical\" href=\"https:\/\/www.correiobraziliense.com.br\/cbradar\/ajustes-de-precos-da-nintendo-no-brasil-veja-o-que-mudou\/\" \/>\n<meta property=\"og:locale\" content=\"pt_BR\" \/>\n<meta property=\"og:type\" content=\"article\" \/>\n<meta property=\"og:title\" content=\"Ajustes de pre\u00e7os da Nintendo no Brasil, veja o que mudou\" \/>\n<meta property=\"og:description\" content=\"An\u00e1lise do impacto dos ajustes de pre\u00e7os da Nintendo no Brasil, discutindo tend\u00eancias de mercado, tarifas internacionais e suas implica\u00e7\u00f5es.\" \/>\n<meta property=\"og:url\" content=\"https:\/\/www.correiobraziliense.com.br\/cbradar\/ajustes-de-precos-da-nintendo-no-brasil-veja-o-que-mudou\/\" \/>\n<meta property=\"og:site_name\" content=\"Correio Braziliense - Radar\" \/>\n<meta property=\"article:published_time\" content=\"2025-03-09T01:30:00+00:00\" \/>\n<meta property=\"og:image\" content=\"https:\/\/www.correiobraziliense.com.br\/cbradar\/wp-content\/uploads\/2025\/03\/Nintendo-_1741355087130.jpg\" \/>\n\t<meta property=\"og:image:width\" content=\"1280\" \/>\n\t<meta property=\"og:image:height\" content=\"720\" \/>\n\t<meta property=\"og:image:type\" content=\"image\/jpeg\" \/>\n<meta name=\"author\" content=\"Larissa Carvalho\" \/>\n<meta name=\"twitter:card\" content=\"summary_large_image\" \/>\n<meta name=\"twitter:label1\" content=\"Escrito por\" \/>\n\t<meta name=\"twitter:data1\" content=\"Larissa Carvalho\" \/>\n\t<meta name=\"twitter:label2\" content=\"Est. tempo de leitura\" \/>\n\t<meta name=\"twitter:data2\" content=\"3 minutos\" \/>\n<!-- \/ Yoast SEO plugin. -->","yoast_head_json":{"title":"Ajustes de pre\u00e7os da Nintendo no Brasil, veja o que mudou","description":"An\u00e1lise do impacto dos ajustes de pre\u00e7os da Nintendo no Brasil, discutindo tend\u00eancias de mercado, tarifas internacionais e suas implica\u00e7\u00f5es.","robots":{"index":"index","follow":"follow","max-snippet":"max-snippet:-1","max-image-preview":"max-image-preview:large","max-video-preview":"max-video-preview:-1"},"canonical":"https:\/\/www.correiobraziliense.com.br\/cbradar\/ajustes-de-precos-da-nintendo-no-brasil-veja-o-que-mudou\/","og_locale":"pt_BR","og_type":"article","og_title":"Ajustes de pre\u00e7os da Nintendo no Brasil, veja o que mudou","og_description":"An\u00e1lise do impacto dos ajustes de pre\u00e7os da Nintendo no Brasil, discutindo tend\u00eancias de mercado, tarifas internacionais e suas implica\u00e7\u00f5es.","og_url":"https:\/\/www.correiobraziliense.com.br\/cbradar\/ajustes-de-precos-da-nintendo-no-brasil-veja-o-que-mudou\/","og_site_name":"Correio Braziliense - Radar","article_published_time":"2025-03-09T01:30:00+00:00","og_image":[{"width":1280,"height":720,"url":"https:\/\/www.correiobraziliense.com.br\/cbradar\/wp-content\/uploads\/2025\/03\/Nintendo-_1741355087130.jpg","type":"image\/jpeg"}],"author":"Larissa Carvalho","twitter_card":"summary_large_image","twitter_misc":{"Escrito por":"Larissa Carvalho","Est. tempo de leitura":"3 minutos"},"schema":{"@context":"https:\/\/schema.org","@graph":[{"@type":"WebPage","@id":"https:\/\/www.correiobraziliense.com.br\/cbradar\/ajustes-de-precos-da-nintendo-no-brasil-veja-o-que-mudou\/","url":"https:\/\/www.correiobraziliense.com.br\/cbradar\/ajustes-de-precos-da-nintendo-no-brasil-veja-o-que-mudou\/","name":"Ajustes de pre\u00e7os da Nintendo no Brasil, veja o que mudou","isPartOf":{"@id":"https:\/\/www.correiobraziliense.com.br\/cbradar\/#website"},"primaryImageOfPage":{"@id":"https:\/\/www.correiobraziliense.com.br\/cbradar\/ajustes-de-precos-da-nintendo-no-brasil-veja-o-que-mudou\/#primaryimage"},"image":{"@id":"https:\/\/www.correiobraziliense.com.br\/cbradar\/ajustes-de-precos-da-nintendo-no-brasil-veja-o-que-mudou\/#primaryimage"},"thumbnailUrl":"https:\/\/www.correiobraziliense.com.br\/cbradar\/wp-content\/uploads\/2025\/03\/Nintendo-_1741355087130.jpg","datePublished":"2025-03-09T01:30:00+00:00","author":{"@id":"https:\/\/www.correiobraziliense.com.br\/cbradar\/#\/schema\/person\/58422787644df994b53a19d3e56c1513"},"description":"An\u00e1lise do impacto dos ajustes de pre\u00e7os da Nintendo no Brasil, discutindo tend\u00eancias de mercado, tarifas internacionais e suas implica\u00e7\u00f5es.","breadcrumb":{"@id":"https:\/\/www.correiobraziliense.com.br\/cbradar\/ajustes-de-precos-da-nintendo-no-brasil-veja-o-que-mudou\/#breadcrumb"},"inLanguage":"pt-BR","potentialAction":[{"@type":"ReadAction","target":["https:\/\/www.correiobraziliense.com.br\/cbradar\/ajustes-de-precos-da-nintendo-no-brasil-veja-o-que-mudou\/"]}]},{"@type":"ImageObject","inLanguage":"pt-BR","@id":"https:\/\/www.correiobraziliense.com.br\/cbradar\/ajustes-de-precos-da-nintendo-no-brasil-veja-o-que-mudou\/#primaryimage","url":"https:\/\/www.correiobraziliense.com.br\/cbradar\/wp-content\/uploads\/2025\/03\/Nintendo-_1741355087130.jpg","contentUrl":"https:\/\/www.correiobraziliense.com.br\/cbradar\/wp-content\/uploads\/2025\/03\/Nintendo-_1741355087130.jpg","width":1280,"height":720,"caption":"Nintendo. Cr\u00e9ditos: depositphotos.com \/ Torian"},{"@type":"BreadcrumbList","@id":"https:\/\/www.correiobraziliense.com.br\/cbradar\/ajustes-de-precos-da-nintendo-no-brasil-veja-o-que-mudou\/#breadcrumb","itemListElement":[{"@type":"ListItem","position":1,"name":"In\u00edcio","item":"https:\/\/www.correiobraziliense.com.br\/cbradar\/"},{"@type":"ListItem","position":2,"name":"Ajustes de pre\u00e7os da Nintendo no Brasil, veja o que mudou"}]},{"@type":"WebSite","@id":"https:\/\/www.correiobraziliense.com.br\/cbradar\/#website","url":"https:\/\/www.correiobraziliense.com.br\/cbradar\/","name":"Correio Braziliense - Radar","description":"Acompanhe as \u00faltimas not\u00edcias e fique bem informado sobre tudo o que acontece no Brasil e no mundo.","potentialAction":[{"@type":"SearchAction","target":{"@type":"EntryPoint","urlTemplate":"https:\/\/www.correiobraziliense.com.br\/cbradar\/?s={search_term_string}"},"query-input":{"@type":"PropertyValueSpecification","valueRequired":true,"valueName":"search_term_string"}}],"inLanguage":"pt-BR"},{"@type":"Person","@id":"https:\/\/www.correiobraziliense.com.br\/cbradar\/#\/schema\/person\/58422787644df994b53a19d3e56c1513","name":"Larissa Carvalho","image":{"@type":"ImageObject","inLanguage":"pt-BR","@id":"https:\/\/www.correiobraziliense.com.br\/cbradar\/#\/schema\/person\/image\/","url":"https:\/\/secure.gravatar.com\/avatar\/fe4f91a0de32b52a838d0d612abdc1aa?s=96&d=mm&r=g","contentUrl":"https:\/\/secure.gravatar.com\/avatar\/fe4f91a0de32b52a838d0d612abdc1aa?s=96&d=mm&r=g","caption":"Larissa Carvalho"},"url":"https:\/\/www.correiobraziliense.com.br\/cbradar\/author\/larissamyth\/"}]}},"_links":{"self":[{"href":"https:\/\/www.correiobraziliense.com.br\/cbradar\/wp-json\/wp\/v2\/posts\/10258","targetHints":{"allow":["GET"]}}],"collection":[{"href":"https:\/\/www.correiobraziliense.com.br\/cbradar\/wp-json\/wp\/v2\/posts"}],"about":[{"href":"https:\/\/www.correiobraziliense.com.br\/cbradar\/wp-json\/wp\/v2\/types\/post"}],"author":[{"embeddable":true,"href":"https:\/\/www.correiobraziliense.com.br\/cbradar\/wp-json\/wp\/v2\/users\/3"}],"replies":[{"embeddable":true,"href":"https:\/\/www.correiobraziliense.com.br\/cbradar\/wp-json\/wp\/v2\/comments?post=10258"}],"version-history":[{"count":1,"href":"https:\/\/www.correiobraziliense.com.br\/cbradar\/wp-json\/wp\/v2\/posts\/10258\/revisions"}],"predecessor-version":[{"id":10348,"href":"https:\/\/www.correiobraziliense.com.br\/cbradar\/wp-json\/wp\/v2\/posts\/10258\/revisions\/10348"}],"wp:featuredmedia":[{"embeddable":true,"href":"https:\/\/www.correiobraziliense.com.br\/cbradar\/wp-json\/wp\/v2\/media\/10260"}],"wp:attachment":[{"href":"https:\/\/www.correiobraziliense.com.br\/cbradar\/wp-json\/wp\/v2\/media?parent=10258"}],"wp:term":[{"taxonomy":"category","embeddable":true,"href":"https:\/\/www.correiobraziliense.com.br\/cbradar\/wp-json\/wp\/v2\/categories?post=10258"},{"taxonomy":"post_tag","embeddable":true,"href":"https:\/\/www.correiobraziliense.com.br\/cbradar\/wp-json\/wp\/v2\/post_tag?post=10258"}],"curies":[{"name":"wp","href":"https:\/\/api.w.org\/{rel}","templated":true}]}}