{"id":102864,"date":"2025-09-13T17:03:00","date_gmt":"2025-09-13T20:03:00","guid":{"rendered":"https:\/\/www.correiobraziliense.com.br\/cbradar\/?p=102864"},"modified":"2025-09-12T17:40:34","modified_gmt":"2025-09-12T20:40:34","slug":"um-novo-estudo-massivo-com-88-mil-pessoas-diz-que-e-isso-que-acontece-quando-voce-nao-dorme-o-suficiente","status":"publish","type":"post","link":"https:\/\/www.correiobraziliense.com.br\/cbradar\/um-novo-estudo-massivo-com-88-mil-pessoas-diz-que-e-isso-que-acontece-quando-voce-nao-dorme-o-suficiente\/","title":{"rendered":"Um novo estudo massivo com 88 mil pessoas diz que \u00e9 isso que acontece quando voc\u00ea n\u00e3o dorme o suficiente"},"content":{"rendered":"\n<p>Um <strong>novo estudo<\/strong> revolucion\u00e1rio analisou dados biom\u00e9tricos de mais de 88.000 pessoas para investigar a <strong>rela\u00e7\u00e3o entre h\u00e1bitos de sono<\/strong> e o aumento de 172 doen\u00e7as. Utilizando o <em>UK Biobank<\/em>, os pesquisadores correlacionaram ritmos circadianos e hor\u00e1rios de dormir regulares com a incid\u00eancia de doen\u00e7as.<\/p>\n\n\n\n<ul class=\"wp-block-list\">\n<li>Correla\u00e7\u00f5es entre ritmos circadianos e sa\u00fade.<\/li>\n\n\n\n<li>Papel do <strong>sossego noturno<\/strong> na preven\u00e7\u00e3o de doen\u00e7as.<\/li>\n\n\n\n<li>Import\u00e2ncia de <strong>rotinas de sono consistentes<\/strong>.<\/li>\n<\/ul>\n\n\n\n<h2 class=\"wp-block-heading\">Como o sono irregular pode afetar sua sa\u00fade?<\/h2>\n\n\n\n<p><strong>Padr\u00f5es de sono inconsistente<\/strong> foram correlacionados com uma s\u00e9rie de doen\u00e7as, incluindo asma e o v\u00edrus zoster.<\/p>\n\n\n\n<p>A import\u00e2ncia de dormir em hor\u00e1rios consistentes pode ir al\u00e9m do bem-estar di\u00e1rio, prevenindo at\u00e9 doen\u00e7as cr\u00f4nicas.<\/p>\n\n\n\n<h2 class=\"wp-block-heading\">Qual \u00e9 a rela\u00e7\u00e3o entre sono e comportamentos de risco?<\/h2>\n\n\n\n<p>A pesquisa do <em>Health Data Science<\/em> aponta que <strong>pessoas com h\u00e1bitos de sono irregulares<\/strong> podem apresentar maior tend\u00eancia a comportamentos de risco.<\/p>\n\n\n\n<p>Essas pessoas podem ter h\u00e1bitos de vida menos estruturados, afetando consistentemente sua sa\u00fade.<\/p>\n\n\n\n<figure class=\"wp-block-image size-large\"><img decoding=\"async\" width=\"1024\" height=\"576\" src=\"https:\/\/www.correiobraziliense.com.br\/cbradar\/wp-content\/uploads\/2025\/09\/pessoa-com-insonia_1757709600827-1024x576.jpg\" alt=\"Um novo estudo massivo com 88 mil pessoas diz que \u00e9 isso que acontece quando voc\u00ea n\u00e3o dorme o suficiente\" class=\"wp-image-102867\" srcset=\"https:\/\/www.correiobraziliense.com.br\/cbradar\/wp-content\/uploads\/2025\/09\/pessoa-com-insonia_1757709600827-1024x576.jpg 1024w, https:\/\/www.correiobraziliense.com.br\/cbradar\/wp-content\/uploads\/2025\/09\/pessoa-com-insonia_1757709600827-300x169.jpg 300w, https:\/\/www.correiobraziliense.com.br\/cbradar\/wp-content\/uploads\/2025\/09\/pessoa-com-insonia_1757709600827-768x432.jpg 768w, https:\/\/www.correiobraziliense.com.br\/cbradar\/wp-content\/uploads\/2025\/09\/pessoa-com-insonia_1757709600827-750x422.jpg 750w, https:\/\/www.correiobraziliense.com.br\/cbradar\/wp-content\/uploads\/2025\/09\/pessoa-com-insonia_1757709600827-1140x641.jpg 1140w, https:\/\/www.correiobraziliense.com.br\/cbradar\/wp-content\/uploads\/2025\/09\/pessoa-com-insonia_1757709600827.jpg 1280w\" sizes=\"(max-width: 1024px) 100vw, 1024px\" \/><figcaption class=\"wp-element-caption\">pessoa com ins\u00f4nia. Cr\u00e9ditos: depositphotos.com \/ HayDmitriy<\/figcaption><\/figure>\n\n\n\n<h2 class=\"wp-block-heading\">Estudos destacam a import\u00e2ncia da regularidade do sono<\/h2>\n\n\n\n<p>O estudo liderado por Shengfeng Wang ressalta a subestimada import\u00e2ncia da <strong>regularidade do sono<\/strong>.<\/p>\n\n\n\n<p>A conclus\u00e3o \u00e9 que a defini\u00e7\u00e3o de um bom sono deve ir al\u00e9m da dura\u00e7\u00e3o, englobando a consist\u00eancia dos hor\u00e1rios.<\/p>\n\n\n\n<p><strong>Dica r\u00e1pida:<\/strong> Estabelecer uma rotina de sono consistente pode ser t\u00e3o crucial quanto dormir um n\u00famero adequado de horas.<\/p>\n\n\n\n<h2 class=\"wp-block-heading\">Ajustando seus hor\u00e1rios para melhor sa\u00fade<\/h2>\n\n\n\n<p>Adotar hor\u00e1rios de dormir e acordar regulares pode ter um impacto positivo significativo em sua <strong>sa\u00fade geral<\/strong>.<\/p>\n\n\n\n<p><strong>Aten\u00e7\u00e3o:<\/strong> Se voc\u00ea \u00e9 um empres\u00e1rio que trabalha at\u00e9 tarde, considere ajustar sua rotina para beneficiar sua sa\u00fade.<\/p>\n\n\n\n<h2 class=\"wp-block-heading\">Principais li\u00e7\u00f5es sobre h\u00e1bitos de sono<\/h2>\n\n\n\n<ul class=\"wp-block-list\">\n<li>Regularidade do sono \u00e9 t\u00e3o importante quanto a dura\u00e7\u00e3o.<\/li>\n\n\n\n<li>Evitar hor\u00e1rios irregulares pode reduzir riscos \u00e0 sa\u00fade.<\/li>\n\n\n\n<li>Consist\u00eancia nos h\u00e1bitos de sono promove um bem-estar geral mais forte.<\/li>\n<\/ul>\n","protected":false},"excerpt":{"rendered":"<p>Entenda a rela\u00e7\u00e3o entre padr\u00f5es de sono e sa\u00fade. Pesquisa revela: sono irregular pode levar a s\u00e9rios problemas de sa\u00fade.<\/p>\n","protected":false},"author":3,"featured_media":102866,"comment_status":"open","ping_status":"open","sticky":false,"template":"","format":"standard","meta":{"_yoast_wpseo_focuskw":"isso acontece ins\u00f4nia","_yoast_wpseo_title":"%%title%%","_yoast_wpseo_metadesc":"Entenda a rela\u00e7\u00e3o entre padr\u00f5es de sono e sa\u00fade. Pesquisa revela: sono irregular pode levar a s\u00e9rios problemas de sa\u00fade.","jnews-multi-image_gallery":[],"jnews_single_post":{"format":"standard"},"jnews_primary_category":[],"jnews_social_meta":[],"jnews_override_counter":[],"footnotes":""},"categories":[112],"post_tag":[3559,144,2145,565,1313],"class_list":["post-102864","post","type-post","status-publish","format-standard","has-post-thumbnail","hentry","category-curiosidades","tag-corpo-humano","tag-curiosidades","tag-insonia","tag-saude","tag-sono"],"yoast_head":"<!-- This site is optimized with the Yoast SEO plugin v24.6 - https:\/\/yoast.com\/wordpress\/plugins\/seo\/ -->\n<title>Um novo estudo massivo com 88 mil pessoas diz que \u00e9 isso que acontece quando voc\u00ea n\u00e3o dorme o suficiente<\/title>\n<meta name=\"description\" content=\"Entenda a rela\u00e7\u00e3o entre padr\u00f5es de sono e sa\u00fade. Pesquisa revela: sono irregular pode levar a s\u00e9rios problemas de sa\u00fade.\" \/>\n<meta name=\"robots\" content=\"index, follow, max-snippet:-1, max-image-preview:large, max-video-preview:-1\" \/>\n<link rel=\"canonical\" href=\"https:\/\/www.correiobraziliense.com.br\/cbradar\/um-novo-estudo-massivo-com-88-mil-pessoas-diz-que-e-isso-que-acontece-quando-voce-nao-dorme-o-suficiente\/\" \/>\n<meta property=\"og:locale\" content=\"pt_BR\" \/>\n<meta property=\"og:type\" content=\"article\" \/>\n<meta property=\"og:title\" content=\"Um novo estudo massivo com 88 mil pessoas diz que \u00e9 isso que acontece quando voc\u00ea n\u00e3o dorme o suficiente\" \/>\n<meta property=\"og:description\" content=\"Entenda a rela\u00e7\u00e3o entre padr\u00f5es de sono e sa\u00fade. Pesquisa revela: sono irregular pode levar a s\u00e9rios problemas de sa\u00fade.\" \/>\n<meta property=\"og:url\" content=\"https:\/\/www.correiobraziliense.com.br\/cbradar\/um-novo-estudo-massivo-com-88-mil-pessoas-diz-que-e-isso-que-acontece-quando-voce-nao-dorme-o-suficiente\/\" \/>\n<meta property=\"og:site_name\" content=\"Correio Braziliense - Radar\" \/>\n<meta property=\"article:published_time\" content=\"2025-09-13T20:03:00+00:00\" \/>\n<meta property=\"og:image\" content=\"https:\/\/www.correiobraziliense.com.br\/cbradar\/wp-content\/uploads\/2025\/09\/pessoa-com-insonia_1757709472617.jpg\" \/>\n\t<meta property=\"og:image:width\" content=\"1280\" \/>\n\t<meta property=\"og:image:height\" content=\"720\" \/>\n\t<meta property=\"og:image:type\" content=\"image\/jpeg\" \/>\n<meta name=\"author\" content=\"Larissa Carvalho\" \/>\n<meta name=\"twitter:card\" content=\"summary_large_image\" \/>\n<meta name=\"twitter:label1\" content=\"Escrito por\" \/>\n\t<meta name=\"twitter:data1\" content=\"Larissa Carvalho\" \/>\n\t<meta name=\"twitter:label2\" content=\"Est. tempo de leitura\" \/>\n\t<meta name=\"twitter:data2\" content=\"3 minutos\" \/>\n<!-- \/ Yoast SEO plugin. -->","yoast_head_json":{"title":"Um novo estudo massivo com 88 mil pessoas diz que \u00e9 isso que acontece quando voc\u00ea n\u00e3o dorme o suficiente","description":"Entenda a rela\u00e7\u00e3o entre padr\u00f5es de sono e sa\u00fade. Pesquisa revela: sono irregular pode levar a s\u00e9rios problemas de sa\u00fade.","robots":{"index":"index","follow":"follow","max-snippet":"max-snippet:-1","max-image-preview":"max-image-preview:large","max-video-preview":"max-video-preview:-1"},"canonical":"https:\/\/www.correiobraziliense.com.br\/cbradar\/um-novo-estudo-massivo-com-88-mil-pessoas-diz-que-e-isso-que-acontece-quando-voce-nao-dorme-o-suficiente\/","og_locale":"pt_BR","og_type":"article","og_title":"Um novo estudo massivo com 88 mil pessoas diz que \u00e9 isso que acontece quando voc\u00ea n\u00e3o dorme o suficiente","og_description":"Entenda a rela\u00e7\u00e3o entre padr\u00f5es de sono e sa\u00fade. Pesquisa revela: sono irregular pode levar a s\u00e9rios problemas de sa\u00fade.","og_url":"https:\/\/www.correiobraziliense.com.br\/cbradar\/um-novo-estudo-massivo-com-88-mil-pessoas-diz-que-e-isso-que-acontece-quando-voce-nao-dorme-o-suficiente\/","og_site_name":"Correio Braziliense - Radar","article_published_time":"2025-09-13T20:03:00+00:00","og_image":[{"width":1280,"height":720,"url":"https:\/\/www.correiobraziliense.com.br\/cbradar\/wp-content\/uploads\/2025\/09\/pessoa-com-insonia_1757709472617.jpg","type":"image\/jpeg"}],"author":"Larissa Carvalho","twitter_card":"summary_large_image","twitter_misc":{"Escrito por":"Larissa Carvalho","Est. tempo de leitura":"3 minutos"},"schema":{"@context":"https:\/\/schema.org","@graph":[{"@type":"WebPage","@id":"https:\/\/www.correiobraziliense.com.br\/cbradar\/um-novo-estudo-massivo-com-88-mil-pessoas-diz-que-e-isso-que-acontece-quando-voce-nao-dorme-o-suficiente\/","url":"https:\/\/www.correiobraziliense.com.br\/cbradar\/um-novo-estudo-massivo-com-88-mil-pessoas-diz-que-e-isso-que-acontece-quando-voce-nao-dorme-o-suficiente\/","name":"Um novo estudo massivo com 88 mil pessoas diz que \u00e9 isso que acontece quando voc\u00ea n\u00e3o dorme o suficiente","isPartOf":{"@id":"https:\/\/www.correiobraziliense.com.br\/cbradar\/#website"},"primaryImageOfPage":{"@id":"https:\/\/www.correiobraziliense.com.br\/cbradar\/um-novo-estudo-massivo-com-88-mil-pessoas-diz-que-e-isso-que-acontece-quando-voce-nao-dorme-o-suficiente\/#primaryimage"},"image":{"@id":"https:\/\/www.correiobraziliense.com.br\/cbradar\/um-novo-estudo-massivo-com-88-mil-pessoas-diz-que-e-isso-que-acontece-quando-voce-nao-dorme-o-suficiente\/#primaryimage"},"thumbnailUrl":"https:\/\/www.correiobraziliense.com.br\/cbradar\/wp-content\/uploads\/2025\/09\/pessoa-com-insonia_1757709472617.jpg","datePublished":"2025-09-13T20:03:00+00:00","author":{"@id":"https:\/\/www.correiobraziliense.com.br\/cbradar\/#\/schema\/person\/58422787644df994b53a19d3e56c1513"},"description":"Entenda a rela\u00e7\u00e3o entre padr\u00f5es de sono e sa\u00fade. Pesquisa revela: sono irregular pode levar a s\u00e9rios problemas de sa\u00fade.","breadcrumb":{"@id":"https:\/\/www.correiobraziliense.com.br\/cbradar\/um-novo-estudo-massivo-com-88-mil-pessoas-diz-que-e-isso-que-acontece-quando-voce-nao-dorme-o-suficiente\/#breadcrumb"},"inLanguage":"pt-BR","potentialAction":[{"@type":"ReadAction","target":["https:\/\/www.correiobraziliense.com.br\/cbradar\/um-novo-estudo-massivo-com-88-mil-pessoas-diz-que-e-isso-que-acontece-quando-voce-nao-dorme-o-suficiente\/"]}]},{"@type":"ImageObject","inLanguage":"pt-BR","@id":"https:\/\/www.correiobraziliense.com.br\/cbradar\/um-novo-estudo-massivo-com-88-mil-pessoas-diz-que-e-isso-que-acontece-quando-voce-nao-dorme-o-suficiente\/#primaryimage","url":"https:\/\/www.correiobraziliense.com.br\/cbradar\/wp-content\/uploads\/2025\/09\/pessoa-com-insonia_1757709472617.jpg","contentUrl":"https:\/\/www.correiobraziliense.com.br\/cbradar\/wp-content\/uploads\/2025\/09\/pessoa-com-insonia_1757709472617.jpg","width":1280,"height":720,"caption":"pessoa com ins\u00f4nia. Cr\u00e9ditos: depositphotos.com \/ Milkos"},{"@type":"BreadcrumbList","@id":"https:\/\/www.correiobraziliense.com.br\/cbradar\/um-novo-estudo-massivo-com-88-mil-pessoas-diz-que-e-isso-que-acontece-quando-voce-nao-dorme-o-suficiente\/#breadcrumb","itemListElement":[{"@type":"ListItem","position":1,"name":"In\u00edcio","item":"https:\/\/www.correiobraziliense.com.br\/cbradar\/"},{"@type":"ListItem","position":2,"name":"Um novo estudo massivo com 88 mil pessoas diz que \u00e9 isso que acontece quando voc\u00ea n\u00e3o dorme o suficiente"}]},{"@type":"WebSite","@id":"https:\/\/www.correiobraziliense.com.br\/cbradar\/#website","url":"https:\/\/www.correiobraziliense.com.br\/cbradar\/","name":"Correio Braziliense - Radar","description":"Acompanhe as \u00faltimas not\u00edcias e fique bem informado sobre tudo o que acontece no Brasil e no mundo.","potentialAction":[{"@type":"SearchAction","target":{"@type":"EntryPoint","urlTemplate":"https:\/\/www.correiobraziliense.com.br\/cbradar\/?s={search_term_string}"},"query-input":{"@type":"PropertyValueSpecification","valueRequired":true,"valueName":"search_term_string"}}],"inLanguage":"pt-BR"},{"@type":"Person","@id":"https:\/\/www.correiobraziliense.com.br\/cbradar\/#\/schema\/person\/58422787644df994b53a19d3e56c1513","name":"Larissa Carvalho","image":{"@type":"ImageObject","inLanguage":"pt-BR","@id":"https:\/\/www.correiobraziliense.com.br\/cbradar\/#\/schema\/person\/image\/","url":"https:\/\/secure.gravatar.com\/avatar\/fe4f91a0de32b52a838d0d612abdc1aa?s=96&d=mm&r=g","contentUrl":"https:\/\/secure.gravatar.com\/avatar\/fe4f91a0de32b52a838d0d612abdc1aa?s=96&d=mm&r=g","caption":"Larissa Carvalho"},"url":"https:\/\/www.correiobraziliense.com.br\/cbradar\/author\/larissamyth\/"}]}},"_links":{"self":[{"href":"https:\/\/www.correiobraziliense.com.br\/cbradar\/wp-json\/wp\/v2\/posts\/102864","targetHints":{"allow":["GET"]}}],"collection":[{"href":"https:\/\/www.correiobraziliense.com.br\/cbradar\/wp-json\/wp\/v2\/posts"}],"about":[{"href":"https:\/\/www.correiobraziliense.com.br\/cbradar\/wp-json\/wp\/v2\/types\/post"}],"author":[{"embeddable":true,"href":"https:\/\/www.correiobraziliense.com.br\/cbradar\/wp-json\/wp\/v2\/users\/3"}],"replies":[{"embeddable":true,"href":"https:\/\/www.correiobraziliense.com.br\/cbradar\/wp-json\/wp\/v2\/comments?post=102864"}],"version-history":[{"count":2,"href":"https:\/\/www.correiobraziliense.com.br\/cbradar\/wp-json\/wp\/v2\/posts\/102864\/revisions"}],"predecessor-version":[{"id":102868,"href":"https:\/\/www.correiobraziliense.com.br\/cbradar\/wp-json\/wp\/v2\/posts\/102864\/revisions\/102868"}],"wp:featuredmedia":[{"embeddable":true,"href":"https:\/\/www.correiobraziliense.com.br\/cbradar\/wp-json\/wp\/v2\/media\/102866"}],"wp:attachment":[{"href":"https:\/\/www.correiobraziliense.com.br\/cbradar\/wp-json\/wp\/v2\/media?parent=102864"}],"wp:term":[{"taxonomy":"category","embeddable":true,"href":"https:\/\/www.correiobraziliense.com.br\/cbradar\/wp-json\/wp\/v2\/categories?post=102864"},{"taxonomy":"post_tag","embeddable":true,"href":"https:\/\/www.correiobraziliense.com.br\/cbradar\/wp-json\/wp\/v2\/post_tag?post=102864"}],"curies":[{"name":"wp","href":"https:\/\/api.w.org\/{rel}","templated":true}]}}