{"id":102906,"date":"2025-09-13T15:53:00","date_gmt":"2025-09-13T18:53:00","guid":{"rendered":"https:\/\/www.correiobraziliense.com.br\/cbradar\/?p=102906"},"modified":"2025-09-12T19:30:13","modified_gmt":"2025-09-12T22:30:13","slug":"esta-planta-antiga-os-nossos-ancestrais-usavam-para-revitalizar-o-intestino","status":"publish","type":"post","link":"https:\/\/www.correiobraziliense.com.br\/cbradar\/esta-planta-antiga-os-nossos-ancestrais-usavam-para-revitalizar-o-intestino\/","title":{"rendered":"Esta planta antiga os nossos ancestrais usavam para revitalizar o intestino"},"content":{"rendered":"\n<p>Ao longo dos tempos, a natureza tem sido fonte de solu\u00e7\u00f5es para quest\u00f5es de <a href=\"https:\/\/www.correiobraziliense.com.br\/cbradar\/dra-tayuane-pinto-oftalmologistao-que-ninguem-te-contou-sobre-tuberculose-e-saude-dos-olhos\/\" target=\"_blank\" rel=\"noreferrer noopener\">sa\u00fade<\/a>, e a <strong>Camomila <\/strong>surge como uma das plantas medicinais mais antigas e respeitadas. Amplamente utilizada por suas\u00a0<strong>propriedades digestivas e calmantes<\/strong>, esta planta tem uma rica hist\u00f3ria de utiliza\u00e7\u00e3o por civiliza\u00e7\u00f5es antigas, que a usavam para aliviar desconfortos e promover o bem-estar geral.<\/p>\n\n\n\n<p>No Brasil, o uso da Camomila \u00e9 amplamente difundido e tradicionalmente empregado em lares para tratar\u00a0<em>c\u00f3licas e problemas digestivos<\/em>. Sua capacidade de trazer serenidade tornou-a uma aliada no cotidiano, seja em infus\u00f5es, banhos ou at\u00e9 em produtos de beleza naturais.<\/p>\n\n\n\n<h2 class=\"wp-block-heading\">Guia para o cultivo dom\u00e9stico de Camomila?<\/h2>\n\n\n\n<p>Para aqueles que desejam cultivar Camomila em casa, \u00e9 um processo simples e recompensador. A Camomila adapta-se bem a diferentes ambientes, podendo ser cultivada em vasos ou jardinagens, preferindo locais com boa exposi\u00e7\u00e3o ao sol, mas suportando climas mais amenos. Segue um processo b\u00e1sico para o cultivo:<\/p>\n\n\n\n<ol class=\"wp-block-list\">\n<li>Escolher um local iluminado.<\/li>\n\n\n\n<li>Preparar o solo com boa drenagem.<\/li>\n\n\n\n<li>Sementes devem ser plantadas em solo umedecido.<\/li>\n\n\n\n<li>Mantenha a rega moderada, evitando excesso de \u00e1gua.<\/li>\n<\/ol>\n\n\n\n<h2 class=\"wp-block-heading\">Quais s\u00e3o os benef\u00edcios terapeuticos oferecidos pela Camomila?<\/h2>\n\n\n\n<p>Os benef\u00edcios proporcionados pela Camomila v\u00e3o al\u00e9m de sua reputa\u00e7\u00e3o popular. Suas propriedades incluem al\u00edvio de\u00a0<strong>inflama\u00e7\u00f5es e gases<\/strong>, proporcionando relaxamento tanto para o corpo quanto para a mente. O ch\u00e1 de Camomila \u00e9 frequentemente recomendado para ajudar a melhora do sono e tranquilidade mental.<\/p>\n\n\n\n<p>O uso deve ser feito com cautela, pois o consumo excessivo pode levar a rea\u00e7\u00f5es al\u00e9rgicas em pessoas suscet\u00edveis. Embora acess\u00edvel, \u00e9 fundamental que se consulte orienta\u00e7\u00e3o espec\u00edfica quando a Camomila \u00e9 utilizada para tratamento complementar.<\/p>\n\n\n\n<h2 class=\"wp-block-heading\">Quais os aspectos culturais e curiosidades?<\/h2>\n\n\n\n<p>A Camomila, al\u00e9m de suas tradicionais fun\u00e7\u00f5es terap\u00eauticas, possui uma dimens\u00e3o cultural que inclui sua presen\u00e7a em antigos rituais. Este aspecto transcendeu gera\u00e7\u00f5es, refletindo em como diversas culturas a integraram em seus costumes e pr\u00e1ticas espirituais.<\/p>\n\n\n\n<figure class=\"wp-block-image aligncenter size-large\"><img decoding=\"async\" width=\"1024\" height=\"576\" src=\"https:\/\/www.correiobraziliense.com.br\/cbradar\/wp-content\/uploads\/2025\/05\/cha-de-camomila_1746903336995-1024x576.jpg\" alt=\"\" class=\"wp-image-35123\" srcset=\"https:\/\/www.correiobraziliense.com.br\/cbradar\/wp-content\/uploads\/2025\/05\/cha-de-camomila_1746903336995-1024x576.jpg 1024w, https:\/\/www.correiobraziliense.com.br\/cbradar\/wp-content\/uploads\/2025\/05\/cha-de-camomila_1746903336995-300x169.jpg 300w, https:\/\/www.correiobraziliense.com.br\/cbradar\/wp-content\/uploads\/2025\/05\/cha-de-camomila_1746903336995-768x432.jpg 768w, https:\/\/www.correiobraziliense.com.br\/cbradar\/wp-content\/uploads\/2025\/05\/cha-de-camomila_1746903336995-750x422.jpg 750w, https:\/\/www.correiobraziliense.com.br\/cbradar\/wp-content\/uploads\/2025\/05\/cha-de-camomila_1746903336995-1140x641.jpg 1140w, https:\/\/www.correiobraziliense.com.br\/cbradar\/wp-content\/uploads\/2025\/05\/cha-de-camomila_1746903336995.jpg 1280w\" sizes=\"(max-width: 1024px) 100vw, 1024px\" \/><figcaption class=\"wp-element-caption\">Ch\u00e1 de camomila: Benef\u00edcios surpreendentes para sua sa\u00fade &#8211; Cr\u00e9ditos: depositphotos.com \/ kolesnikovserg\n\n<\/figcaption><\/figure>\n\n\n\n<p>Plantar Camomila  \u00e9 um gesto de conex\u00e3o com m\u00e9todos tradicionais de <a href=\"https:\/\/www.correiobraziliense.com.br\/cbradar\/dra-tayuane-pinto-oftalmologistao-que-ninguem-te-contou-sobre-tuberculose-e-saude-dos-olhos\/\" target=\"_blank\" rel=\"noreferrer noopener\">sa\u00fade<\/a>, que incentiva o autocuidado e reduz a depend\u00eancia de produtos comercializados, proporcionando um cotidiano mais natural e sustent\u00e1vel.<\/p>\n\n\n\n<h2 class=\"wp-block-heading\">Qual a import\u00e2ncia do cultivo de Camomila?<\/h2>\n\n\n\n<p>Para quem aprecia jardinagem, a Camomila representa um ponto de partida ideal para a pr\u00e1tica dom\u00e9stica e promo\u00e7\u00e3o da qualidade de vida. Al\u00e9m dos benef\u00edcios f\u00edsicos, cuidar dessas plantas oferece momentos de introspec\u00e7\u00e3o e satisfa\u00e7\u00e3o pessoal, refor\u00e7ando uma conex\u00e3o harmoniosa com a natureza.<\/p>\n\n\n<a href=\"https:\/\/www.instagram.com\/dra.annaluisabf\/\" target=\"_blank\" rel=\"noopener\" style=\"text-decoration: none; color: inherit;\">\n    <span style=\"display: inline-block; border: 1px solid #ccc; border-radius: 10px; padding: 15px; max-width: 550px; font-family: sans-serif; box-shadow: 0 2px 5px rgba(0,0,0,0.1); width: 100%;\">\n\n      <!-- T\u00edtulo -->\n      <span style=\"display: block; margin: 0 0 15px 0; font-weight: bold; color: #2c3e50; text-align: center;\">\n        Entre em contato:\n      <\/span>\n\n      <!-- Linha do perfil -->\n      <span style=\"display: flex; align-items: center; gap: 15px;\">\n        <img decoding=\"async\"\n          src=\"https:\/\/www.correiobraziliense.com.br\/cbradar\/wp-content\/uploads\/2025\/08\/dra_anna_luisa.jpeg\"\n          alt=\"Foto da Dra. Anna Lu\u00edsa\"\n          style=\"border-radius: 50%; width: 80px; height: 80px; object-fit: cover;\"\n        \/>\n        <span style=\"display: flex; flex-direction: column;\">\n          <span style=\"font-size: 18px; font-weight: 700; color: #2c3e50;\">Dra. Anna Lu\u00edsa Barbosa Fernandes<\/span>\n          <span style=\"color: #555;\">CRM-GO 33.271<\/span>\n        <\/span>\n      <\/span>\n\n      <!-- Redes -->\n      <span style=\"display: flex; align-items: center; gap: 10px; margin-top: 12px;\">\n        <img decoding=\"async\" src=\"https:\/\/cdn-icons-png.flaticon.com\/24\/1384\/1384063.png\" alt=\"Instagram\" width=\"24\" height=\"24\" \/>\n        <span style=\"text-decoration: underline; color: #2c3e50;\">@dra.annaluisabf<\/span>\n      <\/span>\n\n    <\/span>\n  <\/a>\n\n\n<p><\/p>\n","protected":false},"excerpt":{"rendered":"<p>Ao longo dos tempos, a natureza tem sido fonte de solu\u00e7\u00f5es para quest\u00f5es de sa\u00fade, e a Camomila surge como uma das plantas medicinais mais antigas e respeitadas. Amplamente utilizada por suas\u00a0propriedades digestivas e calmantes, esta planta tem uma rica hist\u00f3ria de utiliza\u00e7\u00e3o por civiliza\u00e7\u00f5es antigas, que a usavam para aliviar desconfortos e promover o [&hellip;]<\/p>\n","protected":false},"author":14,"featured_media":35120,"comment_status":"open","ping_status":"open","sticky":false,"template":"","format":"standard","meta":{"_yoast_wpseo_focuskw":"Camomila","_yoast_wpseo_title":"","_yoast_wpseo_metadesc":"Camomila tem propriedades \u00fanicas para relaxar corpo e mente. Veja como plantar e usar essa planta poderosa no seu dia a dia.","jnews-multi-image_gallery":[],"jnews_single_post":{"format":"standard"},"jnews_primary_category":[],"jnews_social_meta":[],"jnews_override_counter":[],"footnotes":""},"categories":[4404],"post_tag":[281,120,1318],"class_list":["post-102906","post","type-post","status-publish","format-standard","has-post-thumbnail","hentry","category-saude","tag-alimentacao","tag-bem-estar","tag-saude-2"],"yoast_head":"<!-- This site is optimized with the Yoast SEO plugin v24.6 - https:\/\/yoast.com\/wordpress\/plugins\/seo\/ -->\n<title>Esta planta antiga os nossos ancestrais usavam para revitalizar o intestino - Correio Braziliense - Radar<\/title>\n<meta name=\"description\" content=\"Camomila tem propriedades \u00fanicas para relaxar corpo e mente. Veja como plantar e usar essa planta poderosa no seu dia a dia.\" \/>\n<meta name=\"robots\" content=\"index, follow, max-snippet:-1, max-image-preview:large, max-video-preview:-1\" \/>\n<link rel=\"canonical\" href=\"https:\/\/www.correiobraziliense.com.br\/cbradar\/esta-planta-antiga-os-nossos-ancestrais-usavam-para-revitalizar-o-intestino\/\" \/>\n<meta property=\"og:locale\" content=\"pt_BR\" \/>\n<meta property=\"og:type\" content=\"article\" \/>\n<meta property=\"og:title\" content=\"Esta planta antiga os nossos ancestrais usavam para revitalizar o intestino - Correio Braziliense - Radar\" \/>\n<meta property=\"og:description\" content=\"Camomila tem propriedades \u00fanicas para relaxar corpo e mente. Veja como plantar e usar essa planta poderosa no seu dia a dia.\" \/>\n<meta property=\"og:url\" content=\"https:\/\/www.correiobraziliense.com.br\/cbradar\/esta-planta-antiga-os-nossos-ancestrais-usavam-para-revitalizar-o-intestino\/\" \/>\n<meta property=\"og:site_name\" content=\"Correio Braziliense - Radar\" \/>\n<meta property=\"article:published_time\" content=\"2025-09-13T18:53:00+00:00\" \/>\n<meta property=\"og:image\" content=\"https:\/\/www.correiobraziliense.com.br\/cbradar\/wp-content\/uploads\/2025\/05\/cha-de-camomila_1746903186965.jpg\" \/>\n\t<meta property=\"og:image:width\" content=\"1280\" \/>\n\t<meta property=\"og:image:height\" content=\"720\" \/>\n\t<meta property=\"og:image:type\" content=\"image\/jpeg\" \/>\n<meta name=\"author\" content=\"guilherme_saude\" \/>\n<meta name=\"twitter:card\" content=\"summary_large_image\" \/>\n<meta name=\"twitter:label1\" content=\"Escrito por\" \/>\n\t<meta name=\"twitter:data1\" content=\"guilherme_saude\" \/>\n\t<meta name=\"twitter:label2\" content=\"Est. tempo de leitura\" \/>\n\t<meta name=\"twitter:data2\" content=\"4 minutos\" \/>\n<!-- \/ Yoast SEO plugin. -->","yoast_head_json":{"title":"Esta planta antiga os nossos ancestrais usavam para revitalizar o intestino - Correio Braziliense - Radar","description":"Camomila tem propriedades \u00fanicas para relaxar corpo e mente. Veja como plantar e usar essa planta poderosa no seu dia a dia.","robots":{"index":"index","follow":"follow","max-snippet":"max-snippet:-1","max-image-preview":"max-image-preview:large","max-video-preview":"max-video-preview:-1"},"canonical":"https:\/\/www.correiobraziliense.com.br\/cbradar\/esta-planta-antiga-os-nossos-ancestrais-usavam-para-revitalizar-o-intestino\/","og_locale":"pt_BR","og_type":"article","og_title":"Esta planta antiga os nossos ancestrais usavam para revitalizar o intestino - Correio Braziliense - Radar","og_description":"Camomila tem propriedades \u00fanicas para relaxar corpo e mente. Veja como plantar e usar essa planta poderosa no seu dia a dia.","og_url":"https:\/\/www.correiobraziliense.com.br\/cbradar\/esta-planta-antiga-os-nossos-ancestrais-usavam-para-revitalizar-o-intestino\/","og_site_name":"Correio Braziliense - Radar","article_published_time":"2025-09-13T18:53:00+00:00","og_image":[{"width":1280,"height":720,"url":"https:\/\/www.correiobraziliense.com.br\/cbradar\/wp-content\/uploads\/2025\/05\/cha-de-camomila_1746903186965.jpg","type":"image\/jpeg"}],"author":"guilherme_saude","twitter_card":"summary_large_image","twitter_misc":{"Escrito por":"guilherme_saude","Est. tempo de leitura":"4 minutos"},"schema":{"@context":"https:\/\/schema.org","@graph":[{"@type":"WebPage","@id":"https:\/\/www.correiobraziliense.com.br\/cbradar\/esta-planta-antiga-os-nossos-ancestrais-usavam-para-revitalizar-o-intestino\/","url":"https:\/\/www.correiobraziliense.com.br\/cbradar\/esta-planta-antiga-os-nossos-ancestrais-usavam-para-revitalizar-o-intestino\/","name":"Esta planta antiga os nossos ancestrais usavam para revitalizar o intestino - Correio Braziliense - Radar","isPartOf":{"@id":"https:\/\/www.correiobraziliense.com.br\/cbradar\/#website"},"primaryImageOfPage":{"@id":"https:\/\/www.correiobraziliense.com.br\/cbradar\/esta-planta-antiga-os-nossos-ancestrais-usavam-para-revitalizar-o-intestino\/#primaryimage"},"image":{"@id":"https:\/\/www.correiobraziliense.com.br\/cbradar\/esta-planta-antiga-os-nossos-ancestrais-usavam-para-revitalizar-o-intestino\/#primaryimage"},"thumbnailUrl":"https:\/\/www.correiobraziliense.com.br\/cbradar\/wp-content\/uploads\/2025\/05\/cha-de-camomila_1746903186965.jpg","datePublished":"2025-09-13T18:53:00+00:00","author":{"@id":"https:\/\/www.correiobraziliense.com.br\/cbradar\/#\/schema\/person\/5aa4bf3c8fa699c267933611de12978b"},"description":"Camomila tem propriedades \u00fanicas para relaxar corpo e mente. Veja como plantar e usar essa planta poderosa no seu dia a dia.","breadcrumb":{"@id":"https:\/\/www.correiobraziliense.com.br\/cbradar\/esta-planta-antiga-os-nossos-ancestrais-usavam-para-revitalizar-o-intestino\/#breadcrumb"},"inLanguage":"pt-BR","potentialAction":[{"@type":"ReadAction","target":["https:\/\/www.correiobraziliense.com.br\/cbradar\/esta-planta-antiga-os-nossos-ancestrais-usavam-para-revitalizar-o-intestino\/"]}]},{"@type":"ImageObject","inLanguage":"pt-BR","@id":"https:\/\/www.correiobraziliense.com.br\/cbradar\/esta-planta-antiga-os-nossos-ancestrais-usavam-para-revitalizar-o-intestino\/#primaryimage","url":"https:\/\/www.correiobraziliense.com.br\/cbradar\/wp-content\/uploads\/2025\/05\/cha-de-camomila_1746903186965.jpg","contentUrl":"https:\/\/www.correiobraziliense.com.br\/cbradar\/wp-content\/uploads\/2025\/05\/cha-de-camomila_1746903186965.jpg","width":1280,"height":720,"caption":"Ch\u00e1 de camomila: O segredo natural para aliviar estresse e ansiedade - Cr\u00e9ditos: depositphotos.com \/ gdolgikh"},{"@type":"BreadcrumbList","@id":"https:\/\/www.correiobraziliense.com.br\/cbradar\/esta-planta-antiga-os-nossos-ancestrais-usavam-para-revitalizar-o-intestino\/#breadcrumb","itemListElement":[{"@type":"ListItem","position":1,"name":"In\u00edcio","item":"https:\/\/www.correiobraziliense.com.br\/cbradar\/"},{"@type":"ListItem","position":2,"name":"Esta planta antiga os nossos ancestrais usavam para revitalizar o intestino"}]},{"@type":"WebSite","@id":"https:\/\/www.correiobraziliense.com.br\/cbradar\/#website","url":"https:\/\/www.correiobraziliense.com.br\/cbradar\/","name":"Correio Braziliense - Radar","description":"Acompanhe as \u00faltimas not\u00edcias e fique bem informado sobre tudo o que acontece no Brasil e no mundo.","potentialAction":[{"@type":"SearchAction","target":{"@type":"EntryPoint","urlTemplate":"https:\/\/www.correiobraziliense.com.br\/cbradar\/?s={search_term_string}"},"query-input":{"@type":"PropertyValueSpecification","valueRequired":true,"valueName":"search_term_string"}}],"inLanguage":"pt-BR"},{"@type":"Person","@id":"https:\/\/www.correiobraziliense.com.br\/cbradar\/#\/schema\/person\/5aa4bf3c8fa699c267933611de12978b","name":"guilherme_saude","image":{"@type":"ImageObject","inLanguage":"pt-BR","@id":"https:\/\/www.correiobraziliense.com.br\/cbradar\/#\/schema\/person\/image\/","url":"https:\/\/secure.gravatar.com\/avatar\/df9adfb835d344bc0af109d41756253f?s=96&d=mm&r=g","contentUrl":"https:\/\/secure.gravatar.com\/avatar\/df9adfb835d344bc0af109d41756253f?s=96&d=mm&r=g","caption":"guilherme_saude"},"url":"https:\/\/www.correiobraziliense.com.br\/cbradar\/author\/guilherme_saude\/"}]}},"_links":{"self":[{"href":"https:\/\/www.correiobraziliense.com.br\/cbradar\/wp-json\/wp\/v2\/posts\/102906","targetHints":{"allow":["GET"]}}],"collection":[{"href":"https:\/\/www.correiobraziliense.com.br\/cbradar\/wp-json\/wp\/v2\/posts"}],"about":[{"href":"https:\/\/www.correiobraziliense.com.br\/cbradar\/wp-json\/wp\/v2\/types\/post"}],"author":[{"embeddable":true,"href":"https:\/\/www.correiobraziliense.com.br\/cbradar\/wp-json\/wp\/v2\/users\/14"}],"replies":[{"embeddable":true,"href":"https:\/\/www.correiobraziliense.com.br\/cbradar\/wp-json\/wp\/v2\/comments?post=102906"}],"version-history":[{"count":1,"href":"https:\/\/www.correiobraziliense.com.br\/cbradar\/wp-json\/wp\/v2\/posts\/102906\/revisions"}],"predecessor-version":[{"id":102910,"href":"https:\/\/www.correiobraziliense.com.br\/cbradar\/wp-json\/wp\/v2\/posts\/102906\/revisions\/102910"}],"wp:featuredmedia":[{"embeddable":true,"href":"https:\/\/www.correiobraziliense.com.br\/cbradar\/wp-json\/wp\/v2\/media\/35120"}],"wp:attachment":[{"href":"https:\/\/www.correiobraziliense.com.br\/cbradar\/wp-json\/wp\/v2\/media?parent=102906"}],"wp:term":[{"taxonomy":"category","embeddable":true,"href":"https:\/\/www.correiobraziliense.com.br\/cbradar\/wp-json\/wp\/v2\/categories?post=102906"},{"taxonomy":"post_tag","embeddable":true,"href":"https:\/\/www.correiobraziliense.com.br\/cbradar\/wp-json\/wp\/v2\/post_tag?post=102906"}],"curies":[{"name":"wp","href":"https:\/\/api.w.org\/{rel}","templated":true}]}}