{"id":102955,"date":"2025-09-14T14:13:00","date_gmt":"2025-09-14T17:13:00","guid":{"rendered":"https:\/\/www.correiobraziliense.com.br\/cbradar\/?p=102955"},"modified":"2025-09-13T11:23:55","modified_gmt":"2025-09-13T14:23:55","slug":"cidade-secreta-do-dedo-de-deus-nas-montanhas-do-brasil-encanta-visitantes","status":"publish","type":"post","link":"https:\/\/www.correiobraziliense.com.br\/cbradar\/cidade-secreta-do-dedo-de-deus-nas-montanhas-do-brasil-encanta-visitantes\/","title":{"rendered":"Cidade secreta do Dedo de Deus nas montanhas do Brasil encanta visitantes"},"content":{"rendered":"\n<p><strong>Teres\u00f3polis<\/strong>, na regi\u00e3o serrana do <strong>Rio de Janeiro<\/strong>, <strong>Brasil<\/strong>, a 96 km da capital <strong>Rio de Janeiro<\/strong> e pr\u00f3xima \u00e0 <strong>Nova Friburgo<\/strong> e <strong>Petr\u00f3polis<\/strong>, \u00e9 conhecida como \u201c<strong>Cidade do<\/strong> <strong>Dedo de Deus<\/strong>\u201d. Com clima ameno e natureza exuberante, <strong>Teres\u00f3polis<\/strong> \u00e9 ideal para quem busca qualidade de vida na serra fluminense. Vivencie o que torna esta cidade um destino encantador entre as montanhas.<\/p>\n\n\n\n<ul class=\"wp-block-list\">\n<li>Economia diversificada com turismo e agroneg\u00f3cios pr\u00f3speros.<\/li>\n\n\n\n<li>Cultura vibrante com festivais e tradi\u00e7\u00f5es serranas.<\/li>\n\n\n\n<li>Qualidade de vida com clima ameno e paisagens deslumbrantes.<\/li>\n<\/ul>\n\n\n\n<h2 class=\"wp-block-heading\">Por que morar em Teres\u00f3polis?<\/h2>\n\n\n\n<p><strong>Teres\u00f3polis<\/strong> possui um IDH de 0,730, segundo o <strong><strong>Programa das Na\u00e7\u00f5es Unidas para o Desenvolvimento<\/strong><\/strong>. A economia \u00e9 movida por turismo, agroneg\u00f3cios e ind\u00fastria t\u00eaxtil, conforme a <strong><a href=\"https:\/\/www.teresopolis.rj.gov.br\/\" target=\"_blank\" rel=\"noreferrer noopener\">Prefeitura de Teres\u00f3polis<\/a><\/strong>.<\/p>\n\n\n\n<p>Com cerca de 183.000 habitantes, segundo o <strong>IBGE<\/strong>, a cidade oferece servi\u00e7os de sa\u00fade e educa\u00e7\u00e3o de qualidade. A seguran\u00e7a \u00e9 refor\u00e7ada em \u00e1reas residenciais centrais.<\/p>\n\n\n\n<p>O custo de vida \u00e9 mais acess\u00edvel que na capital, com alugu\u00e9is cerca de 40% mais baratos. O clima serrano proporciona temperaturas amenas durante todo o ano.<\/p>\n\n\n\n<p>A cidade conta com hospitais especializados e universidades reconhecidas. O mercado imobili\u00e1rio apresenta valoriza\u00e7\u00e3o constante nas regi\u00f5es nobres.<\/p>\n\n\n<div class=\"wp-block-image\">\n<figure class=\"aligncenter size-large\"><img decoding=\"async\" width=\"1024\" height=\"576\" src=\"https:\/\/www.correiobraziliense.com.br\/cbradar\/wp-content\/uploads\/2025\/08\/Edicoes-2025-08-08T184338.745-1024x576.png\" alt=\"A cidade do Dedo de Deus encanta brasileiros com sua beleza divina\" class=\"wp-image-83272\" srcset=\"https:\/\/www.correiobraziliense.com.br\/cbradar\/wp-content\/uploads\/2025\/08\/Edicoes-2025-08-08T184338.745-1024x576.png 1024w, https:\/\/www.correiobraziliense.com.br\/cbradar\/wp-content\/uploads\/2025\/08\/Edicoes-2025-08-08T184338.745-300x169.png 300w, https:\/\/www.correiobraziliense.com.br\/cbradar\/wp-content\/uploads\/2025\/08\/Edicoes-2025-08-08T184338.745-768x432.png 768w, https:\/\/www.correiobraziliense.com.br\/cbradar\/wp-content\/uploads\/2025\/08\/Edicoes-2025-08-08T184338.745-750x422.png 750w, https:\/\/www.correiobraziliense.com.br\/cbradar\/wp-content\/uploads\/2025\/08\/Edicoes-2025-08-08T184338.745-1140x641.png 1140w, https:\/\/www.correiobraziliense.com.br\/cbradar\/wp-content\/uploads\/2025\/08\/Edicoes-2025-08-08T184338.745.png 1280w\" sizes=\"(max-width: 1024px) 100vw, 1024px\" \/><figcaption class=\"wp-element-caption\">Teres\u00f3polis \/\/ Cr\u00e9ditos: YouTube @NanauSolMaior<\/figcaption><\/figure><\/div>\n\n\n<h2 class=\"wp-block-heading\">Quais s\u00e3o os melhores bairros para morar em Teres\u00f3polis?<\/h2>\n\n\n\n<p>O <strong>Alto<\/strong> \u00e9 o bairro mais nobre, com casas de alto padr\u00e3o e vista para as montanhas. Ideal para quem busca exclusividade e tranquilidade.<\/p>\n\n\n\n<p>O <strong>Centro<\/strong> oferece praticidade com com\u00e9rcio, bancos e acesso ao <strong>Mercado Municipal<\/strong>. Perfeito para quem valoriza a vida urbana.<\/p>\n\n\n\n<p><strong>V\u00e1rzea<\/strong> \u00e9 residencial e familiar, com ruas arborizadas e proximidade \u00e0s escolas. Uma op\u00e7\u00e3o equilibrada entre conforto e acessibilidade.<\/p>\n\n\n\n<p>O <strong>Bonsucesso<\/strong> cresce como \u00e1rea promissora, com novos empreendimentos e f\u00e1cil acesso \u00e0s principais vias. Atrativo para jovens profissionais.<\/p>\n\n\n\n<figure class=\"wp-block-embed aligncenter is-type-video is-provider-youtube wp-block-embed-youtube wp-embed-aspect-16-9 wp-has-aspect-ratio\"><div class=\"wp-block-embed__wrapper\">\n<div class=\"jeg_video_container jeg_video_content\"><iframe loading=\"lazy\" title=\"Teres\u00f3polis em 4k, mostrando alguns pontos tur\u00edsticos irados ( Drone Phantom 4) !\" width=\"500\" height=\"281\" src=\"https:\/\/www.youtube.com\/embed\/UcqaeqVycXo?start=117&#038;feature=oembed\" frameborder=\"0\" allow=\"accelerometer; autoplay; clipboard-write; encrypted-media; gyroscope; picture-in-picture; web-share\" referrerpolicy=\"strict-origin-when-cross-origin\" allowfullscreen><\/iframe><\/div>\n<\/div><figcaption class=\"wp-element-caption\">Teres\u00f3polis \/\/ Cr\u00e9ditos: YouTube @dronextreme<\/figcaption><\/figure>\n\n\n\n<h2 class=\"wp-block-heading\">Quais s\u00e3o as principais atra\u00e7\u00f5es tur\u00edsticas de Teres\u00f3polis?<\/h2>\n\n\n\n<p>O <strong>Parque Nacional da Serra dos \u00d3rg\u00e3os<\/strong> impressiona com trilhas desafiadoras e o ic\u00f4nico <strong>Dedo de Deus<\/strong>. \u00c9 considerado um dos principais destinos de montanhismo do <strong>Brasil<\/strong>, segundo o <strong>Melhores Destinos<\/strong>. As trilhas oferecem diferentes n\u00edveis de dificuldade para todos os perfis.<\/p>\n\n\n\n<p>A <strong>Fonte Judith<\/strong> \u00e9 um marco hist\u00f3rico da cidade, conhecida por suas \u00e1guas cristalinas. Local tradicional de encontro e contempla\u00e7\u00e3o no cora\u00e7\u00e3o de <strong>Teres\u00f3polis<\/strong>. A fonte representa a liga\u00e7\u00e3o da cidade com suas origens.<\/p>\n\n\n\n<p>O <strong>Mirante do Soberbo<\/strong> proporciona vista panor\u00e2mica da <strong>Baixada Fluminense<\/strong> e <strong>Ba\u00eda de Guanabara<\/strong>. Em dias claros, \u00e9 poss\u00edvel avistar o <strong>Cristo Redentor<\/strong>. O acesso \u00e9 feito por estrada c\u00eanica atrav\u00e9s da <strong>Estrada do Soberbo<\/strong>.<\/p>\n\n\n\n<p>A <strong>Casa de Pedra<\/strong> abriga o museu e centro de visitantes do parque nacional. Constru\u00e7\u00e3o hist\u00f3rica que contextualiza a forma\u00e7\u00e3o geol\u00f3gica da regi\u00e3o. Oferece exposi\u00e7\u00f5es permanentes sobre a fauna e flora local.<\/p>\n\n\n\n<p>O <strong>Colina dos Mirantes<\/strong> re\u00fane diversos pontos de observa\u00e7\u00e3o da cidade e montanhas. \u00c1rea desenvolvida especialmente para o turismo contemplativo. Local ideal para apreciar o p\u00f4r do sol na serra.<\/p>\n\n\n\n<ul class=\"wp-block-list\">\n<li><strong>Parque Nacional da Serra dos \u00d3rg\u00e3os<\/strong>: Trilhas e montanhismo de n\u00edvel mundial.<\/li>\n\n\n\n<li><strong>Fonte Judith<\/strong>: Marco hist\u00f3rico com \u00e1guas cristalinas.<\/li>\n\n\n\n<li><strong>Mirante do Soberbo<\/strong>: Vista panor\u00e2mica da regi\u00e3o metropolitana.<\/li>\n\n\n\n<li><strong>Casa de Pedra<\/strong>: Museu e centro de visitantes.<\/li>\n\n\n\n<li><strong>Colina dos Mirantes<\/strong>: Pontos de observa\u00e7\u00e3o privilegiados.<\/li>\n<\/ul>\n\n\n<div class=\"wp-block-image\">\n<figure class=\"aligncenter size-large\"><img decoding=\"async\" width=\"1024\" height=\"576\" src=\"https:\/\/www.correiobraziliense.com.br\/cbradar\/wp-content\/uploads\/2025\/08\/Edicoes-2025-08-08T184248.545-1-1024x576.png\" alt=\"A cidade do Dedo de Deus encanta brasileiros com sua beleza divina\" class=\"wp-image-83275\" srcset=\"https:\/\/www.correiobraziliense.com.br\/cbradar\/wp-content\/uploads\/2025\/08\/Edicoes-2025-08-08T184248.545-1-1024x576.png 1024w, https:\/\/www.correiobraziliense.com.br\/cbradar\/wp-content\/uploads\/2025\/08\/Edicoes-2025-08-08T184248.545-1-300x169.png 300w, https:\/\/www.correiobraziliense.com.br\/cbradar\/wp-content\/uploads\/2025\/08\/Edicoes-2025-08-08T184248.545-1-768x432.png 768w, https:\/\/www.correiobraziliense.com.br\/cbradar\/wp-content\/uploads\/2025\/08\/Edicoes-2025-08-08T184248.545-1-750x422.png 750w, https:\/\/www.correiobraziliense.com.br\/cbradar\/wp-content\/uploads\/2025\/08\/Edicoes-2025-08-08T184248.545-1-1140x641.png 1140w, https:\/\/www.correiobraziliense.com.br\/cbradar\/wp-content\/uploads\/2025\/08\/Edicoes-2025-08-08T184248.545-1.png 1280w\" sizes=\"(max-width: 1024px) 100vw, 1024px\" \/><figcaption class=\"wp-element-caption\">Teres\u00f3polis \/\/ Cr\u00e9ditos: YouTube @NanauSolMaior<\/figcaption><\/figure><\/div>\n\n\n<h2 class=\"wp-block-heading\">Como \u00e9 a vida cultural em Teres\u00f3polis?<\/h2>\n\n\n\n<p><strong>Teres\u00f3polis<\/strong> vibra com o <strong>Festival de Inverno<\/strong>, que re\u00fane m\u00fasica cl\u00e1ssica e popular durante julho. A <strong>Feira do Alto<\/strong> oferece artesanato local, flores e produtos org\u00e2nicos da regi\u00e3o serrana.<\/p>\n\n\n\n<p>A gastronomia serrana se destaca com pratos t\u00edpicos nos restaurantes do <strong>Alto<\/strong> e <strong>Centro<\/strong>. Produtores locais fornecem ingredientes frescos para a culin\u00e1ria regional.<\/p>\n\n\n\n<p>O <strong>Teatro Municipal<\/strong> promove espet\u00e1culos durante todo o ano. A cidade mant\u00e9m tradi\u00e7\u00f5es culturais que misturam influ\u00eancias europeias e brasileiras.<\/p>\n\n\n\n<h2 class=\"wp-block-heading\">Por que Teres\u00f3polis \u00e9 refer\u00eancia em turismo ecol\u00f3gico?<\/h2>\n\n\n\n<p><strong>Teres\u00f3polis<\/strong> \u00e9 reconhecida como portal de entrada para o <strong>Parque Nacional da Serra dos \u00d3rg\u00e3os<\/strong>, segundo a <strong>Secretaria de Turismo de Teres\u00f3polis<\/strong>. A cidade desenvolveu infraestrutura especializada para receber montanhistas e ecoturistas de todo o mundo.<\/p>\n\n\n\n<p>O turismo sustent\u00e1vel movimenta significativamente a economia local. Pousadas, restaurantes e guias especializados atendem milhares de visitantes anualmente.<\/p>\n\n\n\n<p>A preserva\u00e7\u00e3o ambiental \u00e9 prioridade municipal, com programas de educa\u00e7\u00e3o ecol\u00f3gica. <strong>Teres\u00f3polis<\/strong> equilibra desenvolvimento urbano com conserva\u00e7\u00e3o da <strong>Mata Atl\u00e2ntica<\/strong>.<\/p>\n\n\n<div class=\"wp-block-image\">\n<figure class=\"aligncenter size-large\"><img decoding=\"async\" width=\"1024\" height=\"576\" src=\"https:\/\/www.correiobraziliense.com.br\/cbradar\/wp-content\/uploads\/2025\/06\/Teresopolis_1748893258114-1024x576.jpg\" alt=\"A joia escondida com qualidade de vida nas montanhas do Rio de Janeiro\" class=\"wp-image-47122\" srcset=\"https:\/\/www.correiobraziliense.com.br\/cbradar\/wp-content\/uploads\/2025\/06\/Teresopolis_1748893258114-1024x576.jpg 1024w, https:\/\/www.correiobraziliense.com.br\/cbradar\/wp-content\/uploads\/2025\/06\/Teresopolis_1748893258114-300x169.jpg 300w, https:\/\/www.correiobraziliense.com.br\/cbradar\/wp-content\/uploads\/2025\/06\/Teresopolis_1748893258114-768x432.jpg 768w, https:\/\/www.correiobraziliense.com.br\/cbradar\/wp-content\/uploads\/2025\/06\/Teresopolis_1748893258114-750x422.jpg 750w, https:\/\/www.correiobraziliense.com.br\/cbradar\/wp-content\/uploads\/2025\/06\/Teresopolis_1748893258114-1140x641.jpg 1140w, https:\/\/www.correiobraziliense.com.br\/cbradar\/wp-content\/uploads\/2025\/06\/Teresopolis_1748893258114.jpg 1280w\" sizes=\"(max-width: 1024px) 100vw, 1024px\" \/><figcaption class=\"wp-element-caption\">Teres\u00f3polis \/\/ Cr\u00e9ditos: depositphotos.com \/ Ranimiro<\/figcaption><\/figure><\/div>\n\n\n<h2 class=\"wp-block-heading\">A origem do nome imperial<\/h2>\n\n\n\n<p><strong>Teres\u00f3polis<\/strong> recebeu o nome em homenagem \u00e0 Imperatriz <strong>Teresa Cristina<\/strong>, esposa de <strong>Dom Pedro II<\/strong>. A cidade foi fundada como col\u00f4nia de imigrantes alem\u00e3es em 1855.<\/p>\n\n\n\n<p>O clima serrano atraiu a fam\u00edlia imperial, que frequentava a regi\u00e3o durante os ver\u00f5es. A influ\u00eancia europeia permanece vis\u00edvel na arquitetura e tradi\u00e7\u00f5es locais at\u00e9 hoje.<\/p>\n\n\n\n<h2 class=\"wp-block-heading\">Melhor \u00e9poca para visitar Teres\u00f3polis?<\/h2>\n\n\n\n<p>Entre <strong>maio e setembro<\/strong>, <strong>Teres\u00f3polis<\/strong> tem temperaturas entre 10\u202f\u00b0C e 25\u202f\u00b0C, segundo o <strong>Climatempo<\/strong>. O inverno seco \u00e9 ideal para trilhas e atividades ao ar livre.<\/p>\n\n\n\n<p><strong>Julho<\/strong> \u00e9 o m\u00eas do <strong>Festival de Inverno<\/strong>, combinando clima perfeito com programa\u00e7\u00e3o cultural intensa. A baixa umidade favorece a visibilidade das montanhas.<\/p>\n\n\n\n<p><strong>Outubro a mar\u00e7o<\/strong> apresenta clima mais quente e chuvas de ver\u00e3o. Per\u00edodo ideal para quem aprecia a natureza em flora\u00e7\u00e3o e cachoeiras com maior volume.<\/p>\n\n\n\n<p>A <strong>Festa Nacional da Cerveja<\/strong> em <strong>outubro<\/strong> atrai milhares de visitantes. As temperaturas amenas tornam qualquer \u00e9poca do ano agrad\u00e1vel para conhecer a cidade.<\/p>\n\n\n\n<p><strong>Leia tamb\u00e9m:<\/strong> <strong><a href=\"https:\/\/www.correiobraziliense.com.br\/cbradar\/a-cidade-brasileira-que-oferece-estilo-de-vida-europeu-sem-sair-do-brasil\/\" target=\"_blank\" rel=\"noreferrer noopener\">A cidade brasileira que oferece estilo de vida europeu sem sair do Brasil.<\/a><\/strong><\/p>\n\n\n\n<h2 class=\"wp-block-heading\">Vivencie Teres\u00f3polis<\/h2>\n\n\n\n<p><strong>Teres\u00f3polis<\/strong> une qualidade de vida serrana com proximidade da metr\u00f3pole no <strong>Rio de Janeiro<\/strong>. Do <strong>Parque Nacional da Serra dos \u00d3rg\u00e3os<\/strong> ao <strong>Festival de Inverno<\/strong>, \u00e9 um destino que encanta residentes e visitantes. Planeje sua mudan\u00e7a ou viajem para viver o charme da \u201cCidade das Flores\u201d nas montanhas fluminenses.<\/p>\n\n\n\n<ul class=\"wp-block-list\">\n<li>Economia diversificada com turismo ecol\u00f3gico em crescimento.<\/li>\n\n\n\n<li>Cultura rica com festivais e tradi\u00e7\u00f5es serranas preservadas.<\/li>\n\n\n\n<li>Qualidade de vida privilegiada com clima ameno e natureza exuberante.<\/li>\n<\/ul>\n","protected":false},"excerpt":{"rendered":"<p>Teres\u00f3polis, na regi\u00e3o serrana do Rio de Janeiro, Brasil, a 96 km da capital Rio de Janeiro e pr\u00f3xima \u00e0 Nova Friburgo e Petr\u00f3polis, \u00e9 conhecida como \u201cCidade do Dedo de Deus\u201d. Com clima ameno e natureza exuberante, Teres\u00f3polis \u00e9 ideal para quem busca qualidade de vida na serra fluminense. Vivencie o que torna esta [&hellip;]<\/p>\n","protected":false},"author":8,"featured_media":56741,"comment_status":"open","ping_status":"open","sticky":false,"template":"","format":"standard","meta":{"_yoast_wpseo_focuskw":"cidade","_yoast_wpseo_title":"","_yoast_wpseo_metadesc":"Conhe\u00e7a a cidade secreta do Dedo de Deus e suas montanhas impressionantes que encantam moradores e turistas no Brasil.","jnews-multi-image_gallery":[],"jnews_single_post":{"format":"standard"},"jnews_primary_category":[],"jnews_social_meta":[],"jnews_override_counter":[],"footnotes":""},"categories":[108,111],"post_tag":[225,304,5565],"class_list":["post-102955","post","type-post","status-publish","format-standard","has-post-thumbnail","hentry","category-cidades","category-turismo","tag-brasil","tag-rio-de-janeiro","tag-teresopolis"],"yoast_head":"<!-- This site is optimized with the Yoast SEO plugin v24.6 - https:\/\/yoast.com\/wordpress\/plugins\/seo\/ -->\n<title>Cidade secreta do Dedo de Deus nas montanhas do Brasil encanta visitantes - Correio Braziliense - Radar<\/title>\n<meta name=\"description\" content=\"Conhe\u00e7a a cidade secreta do Dedo de Deus e suas montanhas impressionantes que encantam moradores e turistas no Brasil.\" \/>\n<meta name=\"robots\" content=\"index, follow, max-snippet:-1, max-image-preview:large, max-video-preview:-1\" \/>\n<link rel=\"canonical\" href=\"https:\/\/www.correiobraziliense.com.br\/cbradar\/cidade-secreta-do-dedo-de-deus-nas-montanhas-do-brasil-encanta-visitantes\/\" \/>\n<meta property=\"og:locale\" content=\"pt_BR\" \/>\n<meta property=\"og:type\" content=\"article\" \/>\n<meta property=\"og:title\" content=\"Cidade secreta do Dedo de Deus nas montanhas do Brasil encanta visitantes - Correio Braziliense - Radar\" \/>\n<meta property=\"og:description\" content=\"Conhe\u00e7a a cidade secreta do Dedo de Deus e suas montanhas impressionantes que encantam moradores e turistas no Brasil.\" \/>\n<meta property=\"og:url\" content=\"https:\/\/www.correiobraziliense.com.br\/cbradar\/cidade-secreta-do-dedo-de-deus-nas-montanhas-do-brasil-encanta-visitantes\/\" \/>\n<meta property=\"og:site_name\" content=\"Correio Braziliense - Radar\" \/>\n<meta property=\"article:published_time\" content=\"2025-09-14T17:13:00+00:00\" \/>\n<meta property=\"og:image\" content=\"https:\/\/www.correiobraziliense.com.br\/cbradar\/wp-content\/uploads\/2025\/06\/Edicoes-16-1.png\" \/>\n\t<meta property=\"og:image:width\" content=\"1280\" \/>\n\t<meta property=\"og:image:height\" content=\"720\" \/>\n\t<meta property=\"og:image:type\" content=\"image\/png\" \/>\n<meta name=\"author\" content=\"Maura Pereira\" \/>\n<meta name=\"twitter:card\" content=\"summary_large_image\" \/>\n<meta name=\"twitter:label1\" content=\"Escrito por\" \/>\n\t<meta name=\"twitter:data1\" content=\"Maura Pereira\" \/>\n\t<meta name=\"twitter:label2\" content=\"Est. tempo de leitura\" \/>\n\t<meta name=\"twitter:data2\" content=\"6 minutos\" \/>\n<!-- \/ Yoast SEO plugin. -->","yoast_head_json":{"title":"Cidade secreta do Dedo de Deus nas montanhas do Brasil encanta visitantes - Correio Braziliense - Radar","description":"Conhe\u00e7a a cidade secreta do Dedo de Deus e suas montanhas impressionantes que encantam moradores e turistas no Brasil.","robots":{"index":"index","follow":"follow","max-snippet":"max-snippet:-1","max-image-preview":"max-image-preview:large","max-video-preview":"max-video-preview:-1"},"canonical":"https:\/\/www.correiobraziliense.com.br\/cbradar\/cidade-secreta-do-dedo-de-deus-nas-montanhas-do-brasil-encanta-visitantes\/","og_locale":"pt_BR","og_type":"article","og_title":"Cidade secreta do Dedo de Deus nas montanhas do Brasil encanta visitantes - Correio Braziliense - Radar","og_description":"Conhe\u00e7a a cidade secreta do Dedo de Deus e suas montanhas impressionantes que encantam moradores e turistas no Brasil.","og_url":"https:\/\/www.correiobraziliense.com.br\/cbradar\/cidade-secreta-do-dedo-de-deus-nas-montanhas-do-brasil-encanta-visitantes\/","og_site_name":"Correio Braziliense - Radar","article_published_time":"2025-09-14T17:13:00+00:00","og_image":[{"width":1280,"height":720,"url":"https:\/\/www.correiobraziliense.com.br\/cbradar\/wp-content\/uploads\/2025\/06\/Edicoes-16-1.png","type":"image\/png"}],"author":"Maura Pereira","twitter_card":"summary_large_image","twitter_misc":{"Escrito por":"Maura Pereira","Est. tempo de leitura":"6 minutos"},"schema":{"@context":"https:\/\/schema.org","@graph":[{"@type":"WebPage","@id":"https:\/\/www.correiobraziliense.com.br\/cbradar\/cidade-secreta-do-dedo-de-deus-nas-montanhas-do-brasil-encanta-visitantes\/","url":"https:\/\/www.correiobraziliense.com.br\/cbradar\/cidade-secreta-do-dedo-de-deus-nas-montanhas-do-brasil-encanta-visitantes\/","name":"Cidade secreta do Dedo de Deus nas montanhas do Brasil encanta visitantes - Correio Braziliense - Radar","isPartOf":{"@id":"https:\/\/www.correiobraziliense.com.br\/cbradar\/#website"},"primaryImageOfPage":{"@id":"https:\/\/www.correiobraziliense.com.br\/cbradar\/cidade-secreta-do-dedo-de-deus-nas-montanhas-do-brasil-encanta-visitantes\/#primaryimage"},"image":{"@id":"https:\/\/www.correiobraziliense.com.br\/cbradar\/cidade-secreta-do-dedo-de-deus-nas-montanhas-do-brasil-encanta-visitantes\/#primaryimage"},"thumbnailUrl":"https:\/\/www.correiobraziliense.com.br\/cbradar\/wp-content\/uploads\/2025\/06\/Edicoes-16-1.png","datePublished":"2025-09-14T17:13:00+00:00","author":{"@id":"https:\/\/www.correiobraziliense.com.br\/cbradar\/#\/schema\/person\/4053c651a9bfc785afc6f4cbc9032fd3"},"description":"Conhe\u00e7a a cidade secreta do Dedo de Deus e suas montanhas impressionantes que encantam moradores e turistas no Brasil.","breadcrumb":{"@id":"https:\/\/www.correiobraziliense.com.br\/cbradar\/cidade-secreta-do-dedo-de-deus-nas-montanhas-do-brasil-encanta-visitantes\/#breadcrumb"},"inLanguage":"pt-BR","potentialAction":[{"@type":"ReadAction","target":["https:\/\/www.correiobraziliense.com.br\/cbradar\/cidade-secreta-do-dedo-de-deus-nas-montanhas-do-brasil-encanta-visitantes\/"]}]},{"@type":"ImageObject","inLanguage":"pt-BR","@id":"https:\/\/www.correiobraziliense.com.br\/cbradar\/cidade-secreta-do-dedo-de-deus-nas-montanhas-do-brasil-encanta-visitantes\/#primaryimage","url":"https:\/\/www.correiobraziliense.com.br\/cbradar\/wp-content\/uploads\/2025\/06\/Edicoes-16-1.png","contentUrl":"https:\/\/www.correiobraziliense.com.br\/cbradar\/wp-content\/uploads\/2025\/06\/Edicoes-16-1.png","width":1280,"height":720,"caption":"Teres\u00f3polis foi a primeira cidade do Brasil a ter \u00e1rea de prote\u00e7\u00e3o ambiental municipal, criada em 1991. \/\/ Reprodu\u00e7\u00e3o: Wikimedia Commons"},{"@type":"BreadcrumbList","@id":"https:\/\/www.correiobraziliense.com.br\/cbradar\/cidade-secreta-do-dedo-de-deus-nas-montanhas-do-brasil-encanta-visitantes\/#breadcrumb","itemListElement":[{"@type":"ListItem","position":1,"name":"In\u00edcio","item":"https:\/\/www.correiobraziliense.com.br\/cbradar\/"},{"@type":"ListItem","position":2,"name":"Cidade secreta do Dedo de Deus nas montanhas do Brasil encanta visitantes"}]},{"@type":"WebSite","@id":"https:\/\/www.correiobraziliense.com.br\/cbradar\/#website","url":"https:\/\/www.correiobraziliense.com.br\/cbradar\/","name":"Correio Braziliense - Radar","description":"Acompanhe as \u00faltimas not\u00edcias e fique bem informado sobre tudo o que acontece no Brasil e no mundo.","potentialAction":[{"@type":"SearchAction","target":{"@type":"EntryPoint","urlTemplate":"https:\/\/www.correiobraziliense.com.br\/cbradar\/?s={search_term_string}"},"query-input":{"@type":"PropertyValueSpecification","valueRequired":true,"valueName":"search_term_string"}}],"inLanguage":"pt-BR"},{"@type":"Person","@id":"https:\/\/www.correiobraziliense.com.br\/cbradar\/#\/schema\/person\/4053c651a9bfc785afc6f4cbc9032fd3","name":"Maura Pereira","image":{"@type":"ImageObject","inLanguage":"pt-BR","@id":"https:\/\/www.correiobraziliense.com.br\/cbradar\/#\/schema\/person\/image\/","url":"https:\/\/secure.gravatar.com\/avatar\/3effd6bdadfa447f15089c7f7144eaa6?s=96&d=mm&r=g","contentUrl":"https:\/\/secure.gravatar.com\/avatar\/3effd6bdadfa447f15089c7f7144eaa6?s=96&d=mm&r=g","caption":"Maura Pereira"},"sameAs":["https:\/\/www.correiobraziliense.com.br\/"],"url":"https:\/\/www.correiobraziliense.com.br\/cbradar\/author\/mauramyth\/"}]}},"_links":{"self":[{"href":"https:\/\/www.correiobraziliense.com.br\/cbradar\/wp-json\/wp\/v2\/posts\/102955","targetHints":{"allow":["GET"]}}],"collection":[{"href":"https:\/\/www.correiobraziliense.com.br\/cbradar\/wp-json\/wp\/v2\/posts"}],"about":[{"href":"https:\/\/www.correiobraziliense.com.br\/cbradar\/wp-json\/wp\/v2\/types\/post"}],"author":[{"embeddable":true,"href":"https:\/\/www.correiobraziliense.com.br\/cbradar\/wp-json\/wp\/v2\/users\/8"}],"replies":[{"embeddable":true,"href":"https:\/\/www.correiobraziliense.com.br\/cbradar\/wp-json\/wp\/v2\/comments?post=102955"}],"version-history":[{"count":16,"href":"https:\/\/www.correiobraziliense.com.br\/cbradar\/wp-json\/wp\/v2\/posts\/102955\/revisions"}],"predecessor-version":[{"id":103196,"href":"https:\/\/www.correiobraziliense.com.br\/cbradar\/wp-json\/wp\/v2\/posts\/102955\/revisions\/103196"}],"wp:featuredmedia":[{"embeddable":true,"href":"https:\/\/www.correiobraziliense.com.br\/cbradar\/wp-json\/wp\/v2\/media\/56741"}],"wp:attachment":[{"href":"https:\/\/www.correiobraziliense.com.br\/cbradar\/wp-json\/wp\/v2\/media?parent=102955"}],"wp:term":[{"taxonomy":"category","embeddable":true,"href":"https:\/\/www.correiobraziliense.com.br\/cbradar\/wp-json\/wp\/v2\/categories?post=102955"},{"taxonomy":"post_tag","embeddable":true,"href":"https:\/\/www.correiobraziliense.com.br\/cbradar\/wp-json\/wp\/v2\/post_tag?post=102955"}],"curies":[{"name":"wp","href":"https:\/\/api.w.org\/{rel}","templated":true}]}}