{"id":103079,"date":"2025-09-14T08:03:00","date_gmt":"2025-09-14T11:03:00","guid":{"rendered":"https:\/\/www.correiobraziliense.com.br\/cbradar\/?p=103079"},"modified":"2025-09-13T11:11:07","modified_gmt":"2025-09-13T14:11:07","slug":"excesso-de-proteina-pode-causar-doencas-graves","status":"publish","type":"post","link":"https:\/\/www.correiobraziliense.com.br\/cbradar\/excesso-de-proteina-pode-causar-doencas-graves\/","title":{"rendered":"Excesso de prote\u00edna pode causar doen\u00e7as graves"},"content":{"rendered":"\n<p>As <strong>Prote\u00ednas e as Fibras<\/strong> desempenham pap\u00e9is fundamentais em uma dieta equilibrada, destacando-se como importantes aliadas na busca por uma vida saud\u00e1vel. Nos \u00faltimos anos, a prote\u00edna, em particular, ganhou destaque na alimenta\u00e7\u00e3o di\u00e1ria, n\u00e3o apenas por contribuir para a massa muscular, mas tamb\u00e9m por fornecer amino\u00e1cidos essenciais ao corpo. Esses amino\u00e1cidos s\u00e3o indispens\u00e1veis para fun\u00e7\u00f5es vitais, como a manuten\u00e7\u00e3o de m\u00fasculos, produ\u00e7\u00e3o hormonal e fortalecimento do sistema imunol\u00f3gico.<\/p>\n\n\n\n<p>No entanto, o consumo em excesso de prote\u00edna pode se tornar um problema. Ao ingerir mais do que o corpo necessita, o excesso n\u00e3o \u00e9 armazenado, sendo eliminado ou transformado em gordura ou energia. Enquanto o consumo exagerado de prote\u00edna n\u00e3o causa danos imediatos \u00e0 maioria das pessoas saud\u00e1veis, a falta de equil\u00edbrio com fibras na dieta pode gerar desconfortos, como a constipa\u00e7\u00e3o. Isso refor\u00e7a a import\u00e2ncia de n\u00e3o apenas focar nas prote\u00ednas, mas tamb\u00e9m integrar fibras de forma adequada.<\/p>\n\n\n<div class=\"wp-block-image\">\n<figure class=\"aligncenter size-large\"><img decoding=\"async\" width=\"1024\" height=\"576\" src=\"https:\/\/www.correiobraziliense.com.br\/cbradar\/wp-content\/uploads\/2025\/06\/Proteinas-_1750680880498-1024x576.jpg\" alt=\"\" class=\"wp-image-57940\" srcset=\"https:\/\/www.correiobraziliense.com.br\/cbradar\/wp-content\/uploads\/2025\/06\/Proteinas-_1750680880498-1024x576.jpg 1024w, https:\/\/www.correiobraziliense.com.br\/cbradar\/wp-content\/uploads\/2025\/06\/Proteinas-_1750680880498-300x169.jpg 300w, https:\/\/www.correiobraziliense.com.br\/cbradar\/wp-content\/uploads\/2025\/06\/Proteinas-_1750680880498-768x432.jpg 768w, https:\/\/www.correiobraziliense.com.br\/cbradar\/wp-content\/uploads\/2025\/06\/Proteinas-_1750680880498-750x422.jpg 750w, https:\/\/www.correiobraziliense.com.br\/cbradar\/wp-content\/uploads\/2025\/06\/Proteinas-_1750680880498-1140x641.jpg 1140w, https:\/\/www.correiobraziliense.com.br\/cbradar\/wp-content\/uploads\/2025\/06\/Proteinas-_1750680880498.jpg 1280w\" sizes=\"(max-width: 1024px) 100vw, 1024px\" \/><figcaption class=\"wp-element-caption\">Prote\u00ednas &#8211; Cr\u00e9ditos: depositphotos.com \/ robynmac<\/figcaption><\/figure><\/div>\n\n\n<h2 class=\"wp-block-heading\">Por que o equil\u00edbrio entre prote\u00edna e fibra \u00e9 crucial?<\/h2>\n\n\n\n<p>O equil\u00edbrio entre esses nutrientes \u00e9 essencial para a <a href=\"https:\/\/www.correiobraziliense.com.br\/cbradar\/dra-tayuane-pinto-oftalmologistao-que-ninguem-te-contou-sobre-tuberculose-e-saude-dos-olhos\/\" target=\"_blank\" rel=\"noreferrer noopener\">sa\u00fade <\/a>intestinal e para evitar complica\u00e7\u00f5es decorrentes de suas defici\u00eancias ou excessos. As fibras, especialmente as sol\u00faveis, desempenham papel importante na digest\u00e3o ao formar uma subst\u00e2ncia similar a gel que facilita o tr\u00e2nsito intestinal. J\u00e1 as fibras insol\u00faveis s\u00e3o respons\u00e1veis por aumentar o volume das fezes e melhorar a frequ\u00eancia das evacua\u00e7\u00f5es.<\/p>\n\n\n\n<h2 class=\"wp-block-heading\">Qual a quantidade ideal de prote\u00edna e fibra na dieta?<\/h2>\n\n\n\n<p>A ingest\u00e3o di\u00e1ria recomendada de prote\u00edna varia em torno de 0,8 gramas por quilo de peso corporal, enquanto a fibra deve ser consumida em quantidade entre 25 a 35 gramas por dia. Essas diretrizes podem ser adaptadas de acordo com a idade, n\u00edvel de atividades f\u00edsicas e objetivos pessoais, como a perda de peso. Um exemplo pr\u00e1tico \u00e9 focar em 30 gramas de prote\u00edna por refei\u00e7\u00e3o, 30 gramas de fibra ao longo do dia e 30 minutos de atividade f\u00edsica di\u00e1ria, estrat\u00e9gia que contribui significativamente para a manuten\u00e7\u00e3o do equil\u00edbrio nutricional.<\/p>\n\n\n\n<h2 class=\"wp-block-heading\">Como garantir uma dieta rica em prote\u00ednas e fibras?<\/h2>\n\n\n\n<p>Alimentos como ovos, iogurte grego e queijos cottage s\u00e3o excelentes fontes de prote\u00edna. J\u00e1 as fibras podem ser encontradas em alimentos como cereais integrais, feij\u00f5es, nozes e uma variedade de frutas e vegetais. Incorporar esses alimentos nas refei\u00e7\u00f5es di\u00e1rias n\u00e3o s\u00f3 melhora a ingest\u00e3o dos nutrientes necess\u00e1rios, mas tamb\u00e9m contribui para a sa\u00fade geral do organismo.<\/p>\n\n\n\n<h2 class=\"wp-block-heading\">Quais s\u00e3o as vantagens de seguir a dieta mediterr\u00e2nea?<\/h2>\n\n\n\n<p>A dieta mediterr\u00e2nea \u00e9 amplamente reconhecida por seu equil\u00edbrio nutricional, sendo rica em prote\u00ednas e fibras, al\u00e9m de incluir frutas, vegetais e azeite de oliva. Este tipo de dieta tem sido associado a v\u00e1rios benef\u00edcios \u00e0 sa\u00fade, como melhor funcionamento intestinal, sa\u00fade cardiovascular e redu\u00e7\u00e3o do risco de certas doen\u00e7as, incluindo o c\u00e2ncer colorretal. A ado\u00e7\u00e3o desse estilo alimentar pode ser uma estrat\u00e9gia eficaz para alcan\u00e7ar e manter o equil\u00edbrio desejado entre prote\u00edna e fibra.<\/p>\n\n\n<a href=\"https:\/\/www.instagram.com\/dra.annaluisabf\/\" target=\"_blank\" rel=\"noopener\" style=\"text-decoration: none; color: inherit;\">\n    <span style=\"display: inline-block; border: 1px solid #ccc; border-radius: 10px; padding: 15px; max-width: 550px; font-family: sans-serif; box-shadow: 0 2px 5px rgba(0,0,0,0.1); width: 100%;\">\n\n      <!-- T\u00edtulo -->\n      <span style=\"display: block; margin: 0 0 15px 0; font-weight: bold; color: #2c3e50; text-align: center;\">\n        Entre em contato:\n      <\/span>\n\n      <!-- Linha do perfil -->\n      <span style=\"display: flex; align-items: center; gap: 15px;\">\n        <img decoding=\"async\"\n          src=\"https:\/\/www.correiobraziliense.com.br\/cbradar\/wp-content\/uploads\/2025\/08\/dra_anna_luisa.jpeg\"\n          alt=\"Foto da Dra. Anna Lu\u00edsa\"\n          style=\"border-radius: 50%; width: 80px; height: 80px; object-fit: cover;\"\n        \/>\n        <span style=\"display: flex; flex-direction: column;\">\n          <span style=\"font-size: 18px; font-weight: 700; color: #2c3e50;\">Dra. Anna Lu\u00edsa Barbosa Fernandes<\/span>\n          <span style=\"color: #555;\">CRM-GO 33.271<\/span>\n        <\/span>\n      <\/span>\n\n      <!-- Redes -->\n      <span style=\"display: flex; align-items: center; gap: 10px; margin-top: 12px;\">\n        <img decoding=\"async\" src=\"https:\/\/cdn-icons-png.flaticon.com\/24\/1384\/1384063.png\" alt=\"Instagram\" width=\"24\" height=\"24\" \/>\n        <span style=\"text-decoration: underline; color: #2c3e50;\">@dra.annaluisabf<\/span>\n      <\/span>\n\n    <\/span>\n  <\/a>\n\n\n<p><\/p>\n","protected":false},"excerpt":{"rendered":"<p>As Prote\u00ednas e as Fibras desempenham pap\u00e9is fundamentais em uma dieta equilibrada, destacando-se como importantes aliadas na busca por uma vida saud\u00e1vel. Nos \u00faltimos anos, a prote\u00edna, em particular, ganhou destaque na alimenta\u00e7\u00e3o di\u00e1ria, n\u00e3o apenas por contribuir para a massa muscular, mas tamb\u00e9m por fornecer amino\u00e1cidos essenciais ao corpo. Esses amino\u00e1cidos s\u00e3o indispens\u00e1veis para [&hellip;]<\/p>\n","protected":false},"author":14,"featured_media":56336,"comment_status":"open","ping_status":"open","sticky":false,"template":"","format":"standard","meta":{"_yoast_wpseo_focuskw":"Prote\u00ednas e as Fibras","_yoast_wpseo_title":"","_yoast_wpseo_metadesc":"Entenda como prote\u00ednas e fibras atuam juntas na digest\u00e3o e por que o excesso de prote\u00edna sem fibra pode causar constipa\u00e7\u00e3o.","jnews-multi-image_gallery":[],"jnews_single_post":{"format":"standard"},"jnews_primary_category":[],"jnews_social_meta":[],"jnews_override_counter":[],"footnotes":""},"categories":[4404],"post_tag":[1423,120,565],"class_list":["post-103079","post","type-post","status-publish","format-standard","has-post-thumbnail","hentry","category-saude","tag-alimentos","tag-bem-estar","tag-saude"],"yoast_head":"<!-- This site is optimized with the Yoast SEO plugin v24.6 - https:\/\/yoast.com\/wordpress\/plugins\/seo\/ -->\n<title>Excesso de prote\u00edna pode causar doen\u00e7as graves - Correio Braziliense - Radar<\/title>\n<meta name=\"description\" content=\"Entenda como prote\u00ednas e fibras atuam juntas na digest\u00e3o e por que o excesso de prote\u00edna sem fibra pode causar constipa\u00e7\u00e3o.\" \/>\n<meta name=\"robots\" content=\"index, follow, max-snippet:-1, max-image-preview:large, max-video-preview:-1\" \/>\n<link rel=\"canonical\" href=\"https:\/\/www.correiobraziliense.com.br\/cbradar\/excesso-de-proteina-pode-causar-doencas-graves\/\" \/>\n<meta property=\"og:locale\" content=\"pt_BR\" \/>\n<meta property=\"og:type\" content=\"article\" \/>\n<meta property=\"og:title\" content=\"Excesso de prote\u00edna pode causar doen\u00e7as graves - Correio Braziliense - Radar\" \/>\n<meta property=\"og:description\" content=\"Entenda como prote\u00ednas e fibras atuam juntas na digest\u00e3o e por que o excesso de prote\u00edna sem fibra pode causar constipa\u00e7\u00e3o.\" \/>\n<meta property=\"og:url\" content=\"https:\/\/www.correiobraziliense.com.br\/cbradar\/excesso-de-proteina-pode-causar-doencas-graves\/\" \/>\n<meta property=\"og:site_name\" content=\"Correio Braziliense - Radar\" \/>\n<meta property=\"article:published_time\" content=\"2025-09-14T11:03:00+00:00\" \/>\n<meta property=\"og:image\" content=\"https:\/\/www.correiobraziliense.com.br\/cbradar\/wp-content\/uploads\/2025\/06\/proteina_1750424181118.jpg\" \/>\n\t<meta property=\"og:image:width\" content=\"1280\" \/>\n\t<meta property=\"og:image:height\" content=\"720\" \/>\n\t<meta property=\"og:image:type\" content=\"image\/jpeg\" \/>\n<meta name=\"author\" content=\"guilherme_saude\" \/>\n<meta name=\"twitter:card\" content=\"summary_large_image\" \/>\n<meta name=\"twitter:label1\" content=\"Escrito por\" \/>\n\t<meta name=\"twitter:data1\" content=\"guilherme_saude\" \/>\n\t<meta name=\"twitter:label2\" content=\"Est. tempo de leitura\" \/>\n\t<meta name=\"twitter:data2\" content=\"4 minutos\" \/>\n<!-- \/ Yoast SEO plugin. -->","yoast_head_json":{"title":"Excesso de prote\u00edna pode causar doen\u00e7as graves - Correio Braziliense - Radar","description":"Entenda como prote\u00ednas e fibras atuam juntas na digest\u00e3o e por que o excesso de prote\u00edna sem fibra pode causar constipa\u00e7\u00e3o.","robots":{"index":"index","follow":"follow","max-snippet":"max-snippet:-1","max-image-preview":"max-image-preview:large","max-video-preview":"max-video-preview:-1"},"canonical":"https:\/\/www.correiobraziliense.com.br\/cbradar\/excesso-de-proteina-pode-causar-doencas-graves\/","og_locale":"pt_BR","og_type":"article","og_title":"Excesso de prote\u00edna pode causar doen\u00e7as graves - Correio Braziliense - Radar","og_description":"Entenda como prote\u00ednas e fibras atuam juntas na digest\u00e3o e por que o excesso de prote\u00edna sem fibra pode causar constipa\u00e7\u00e3o.","og_url":"https:\/\/www.correiobraziliense.com.br\/cbradar\/excesso-de-proteina-pode-causar-doencas-graves\/","og_site_name":"Correio Braziliense - Radar","article_published_time":"2025-09-14T11:03:00+00:00","og_image":[{"width":1280,"height":720,"url":"https:\/\/www.correiobraziliense.com.br\/cbradar\/wp-content\/uploads\/2025\/06\/proteina_1750424181118.jpg","type":"image\/jpeg"}],"author":"guilherme_saude","twitter_card":"summary_large_image","twitter_misc":{"Escrito por":"guilherme_saude","Est. tempo de leitura":"4 minutos"},"schema":{"@context":"https:\/\/schema.org","@graph":[{"@type":"WebPage","@id":"https:\/\/www.correiobraziliense.com.br\/cbradar\/excesso-de-proteina-pode-causar-doencas-graves\/","url":"https:\/\/www.correiobraziliense.com.br\/cbradar\/excesso-de-proteina-pode-causar-doencas-graves\/","name":"Excesso de prote\u00edna pode causar doen\u00e7as graves - Correio Braziliense - Radar","isPartOf":{"@id":"https:\/\/www.correiobraziliense.com.br\/cbradar\/#website"},"primaryImageOfPage":{"@id":"https:\/\/www.correiobraziliense.com.br\/cbradar\/excesso-de-proteina-pode-causar-doencas-graves\/#primaryimage"},"image":{"@id":"https:\/\/www.correiobraziliense.com.br\/cbradar\/excesso-de-proteina-pode-causar-doencas-graves\/#primaryimage"},"thumbnailUrl":"https:\/\/www.correiobraziliense.com.br\/cbradar\/wp-content\/uploads\/2025\/06\/proteina_1750424181118.jpg","datePublished":"2025-09-14T11:03:00+00:00","author":{"@id":"https:\/\/www.correiobraziliense.com.br\/cbradar\/#\/schema\/person\/5aa4bf3c8fa699c267933611de12978b"},"description":"Entenda como prote\u00ednas e fibras atuam juntas na digest\u00e3o e por que o excesso de prote\u00edna sem fibra pode causar constipa\u00e7\u00e3o.","breadcrumb":{"@id":"https:\/\/www.correiobraziliense.com.br\/cbradar\/excesso-de-proteina-pode-causar-doencas-graves\/#breadcrumb"},"inLanguage":"pt-BR","potentialAction":[{"@type":"ReadAction","target":["https:\/\/www.correiobraziliense.com.br\/cbradar\/excesso-de-proteina-pode-causar-doencas-graves\/"]}]},{"@type":"ImageObject","inLanguage":"pt-BR","@id":"https:\/\/www.correiobraziliense.com.br\/cbradar\/excesso-de-proteina-pode-causar-doencas-graves\/#primaryimage","url":"https:\/\/www.correiobraziliense.com.br\/cbradar\/wp-content\/uploads\/2025\/06\/proteina_1750424181118.jpg","contentUrl":"https:\/\/www.correiobraziliense.com.br\/cbradar\/wp-content\/uploads\/2025\/06\/proteina_1750424181118.jpg","width":1280,"height":720,"caption":"Prote\u00edna - Cr\u00e9ditos: depositphotos.com \/ beats1"},{"@type":"BreadcrumbList","@id":"https:\/\/www.correiobraziliense.com.br\/cbradar\/excesso-de-proteina-pode-causar-doencas-graves\/#breadcrumb","itemListElement":[{"@type":"ListItem","position":1,"name":"In\u00edcio","item":"https:\/\/www.correiobraziliense.com.br\/cbradar\/"},{"@type":"ListItem","position":2,"name":"Excesso de prote\u00edna pode causar doen\u00e7as graves"}]},{"@type":"WebSite","@id":"https:\/\/www.correiobraziliense.com.br\/cbradar\/#website","url":"https:\/\/www.correiobraziliense.com.br\/cbradar\/","name":"Correio Braziliense - Radar","description":"Acompanhe as \u00faltimas not\u00edcias e fique bem informado sobre tudo o que acontece no Brasil e no mundo.","potentialAction":[{"@type":"SearchAction","target":{"@type":"EntryPoint","urlTemplate":"https:\/\/www.correiobraziliense.com.br\/cbradar\/?s={search_term_string}"},"query-input":{"@type":"PropertyValueSpecification","valueRequired":true,"valueName":"search_term_string"}}],"inLanguage":"pt-BR"},{"@type":"Person","@id":"https:\/\/www.correiobraziliense.com.br\/cbradar\/#\/schema\/person\/5aa4bf3c8fa699c267933611de12978b","name":"guilherme_saude","image":{"@type":"ImageObject","inLanguage":"pt-BR","@id":"https:\/\/www.correiobraziliense.com.br\/cbradar\/#\/schema\/person\/image\/","url":"https:\/\/secure.gravatar.com\/avatar\/df9adfb835d344bc0af109d41756253f?s=96&d=mm&r=g","contentUrl":"https:\/\/secure.gravatar.com\/avatar\/df9adfb835d344bc0af109d41756253f?s=96&d=mm&r=g","caption":"guilherme_saude"},"url":"https:\/\/www.correiobraziliense.com.br\/cbradar\/author\/guilherme_saude\/"}]}},"_links":{"self":[{"href":"https:\/\/www.correiobraziliense.com.br\/cbradar\/wp-json\/wp\/v2\/posts\/103079","targetHints":{"allow":["GET"]}}],"collection":[{"href":"https:\/\/www.correiobraziliense.com.br\/cbradar\/wp-json\/wp\/v2\/posts"}],"about":[{"href":"https:\/\/www.correiobraziliense.com.br\/cbradar\/wp-json\/wp\/v2\/types\/post"}],"author":[{"embeddable":true,"href":"https:\/\/www.correiobraziliense.com.br\/cbradar\/wp-json\/wp\/v2\/users\/14"}],"replies":[{"embeddable":true,"href":"https:\/\/www.correiobraziliense.com.br\/cbradar\/wp-json\/wp\/v2\/comments?post=103079"}],"version-history":[{"count":1,"href":"https:\/\/www.correiobraziliense.com.br\/cbradar\/wp-json\/wp\/v2\/posts\/103079\/revisions"}],"predecessor-version":[{"id":103080,"href":"https:\/\/www.correiobraziliense.com.br\/cbradar\/wp-json\/wp\/v2\/posts\/103079\/revisions\/103080"}],"wp:featuredmedia":[{"embeddable":true,"href":"https:\/\/www.correiobraziliense.com.br\/cbradar\/wp-json\/wp\/v2\/media\/56336"}],"wp:attachment":[{"href":"https:\/\/www.correiobraziliense.com.br\/cbradar\/wp-json\/wp\/v2\/media?parent=103079"}],"wp:term":[{"taxonomy":"category","embeddable":true,"href":"https:\/\/www.correiobraziliense.com.br\/cbradar\/wp-json\/wp\/v2\/categories?post=103079"},{"taxonomy":"post_tag","embeddable":true,"href":"https:\/\/www.correiobraziliense.com.br\/cbradar\/wp-json\/wp\/v2\/post_tag?post=103079"}],"curies":[{"name":"wp","href":"https:\/\/api.w.org\/{rel}","templated":true}]}}