{"id":103151,"date":"2025-09-14T19:03:00","date_gmt":"2025-09-14T22:03:00","guid":{"rendered":"https:\/\/www.correiobraziliense.com.br\/cbradar\/?p=103151"},"modified":"2025-09-13T11:05:42","modified_gmt":"2025-09-13T14:05:42","slug":"como-diferenciar-estresse-de-ansiedade","status":"publish","type":"post","link":"https:\/\/www.correiobraziliense.com.br\/cbradar\/como-diferenciar-estresse-de-ansiedade\/","title":{"rendered":"Como diferenciar estresse de ansiedade?"},"content":{"rendered":"\n<p>O <strong>Estresse e a Ansiedade<\/strong>, embora muitas vezes observados como fen\u00f4menos semelhantes, apresentam caracter\u00edsticas distintas. Enquanto o estresse se manifesta como uma resposta do organismo a desafios ou press\u00f5es externas imediatas, a ansiedade emerge frequentemente sem um gatilho espec\u00edfico evidente, caracterizando-se por uma sensa\u00e7\u00e3o persistente de medo e apreens\u00e3o. Ambos os estados afetam profundamente o bem-estar emocional e f\u00edsico, mas a dura\u00e7\u00e3o e origem dos sintomas diferem consideravelmente.<\/p>\n\n\n\n<p>No \u00e2mbito do estresse, este \u00e9 frequentemente associado a situa\u00e7\u00f5es pontuais que causam desconforto ou press\u00e3o, como demandas no trabalho, tr\u00e2nsito intenso ou conflitos familiares. Nessas circunst\u00e2ncias, os sintomas geralmente se dissipam ap\u00f3s a resolu\u00e7\u00e3o do problema, refletindo a resili\u00eancia natural do organismo em retornar ao equil\u00edbrio. Em contrapartida, a ansiedade pode ser desencadeada por situa\u00e7\u00f5es mais subjetivas e tendem a perdurar, mesmo na aus\u00eancia do estressor original, como em casos de fobia social ou transtornos de ansiedade generalizada.<\/p>\n\n\n\n<h2 class=\"wp-block-heading\">Como diferenciar o estresse da ansiedade?<\/h2>\n\n\n\n<p>O entendimento das nuances entre estresse e ansiedade \u00e9 crucial para identificar a abordagem correta de tratamento. O estresse \u00e9, na maioria das vezes, uma manifesta\u00e7\u00e3o fisiol\u00f3gica tempor\u00e1ria, caracterizada por sintomas como aumento dos batimentos card\u00edacos, tens\u00e3o muscular e dificuldade de concentra\u00e7\u00e3o. Estes sintomas cessam quando a causa subjacente \u00e9 abordada. J\u00e1 a ansiedade, por ser um transtorno mais profundo, frequentemente requer interven\u00e7\u00f5es terap\u00eauticas para mesclar preocupa\u00e7\u00f5es persistentes e a predisposi\u00e7\u00e3o a pensamentos negativos que desencadeiam crises frequentes.<\/p>\n\n\n<div class=\"wp-block-image\">\n<figure class=\"aligncenter size-large\"><img decoding=\"async\" width=\"1024\" height=\"576\" src=\"https:\/\/www.correiobraziliense.com.br\/cbradar\/wp-content\/uploads\/2025\/05\/ansiedade_1748700252282-1024x576.jpg\" alt=\"\" class=\"wp-image-45683\" srcset=\"https:\/\/www.correiobraziliense.com.br\/cbradar\/wp-content\/uploads\/2025\/05\/ansiedade_1748700252282-1024x576.jpg 1024w, https:\/\/www.correiobraziliense.com.br\/cbradar\/wp-content\/uploads\/2025\/05\/ansiedade_1748700252282-300x169.jpg 300w, https:\/\/www.correiobraziliense.com.br\/cbradar\/wp-content\/uploads\/2025\/05\/ansiedade_1748700252282-768x432.jpg 768w, https:\/\/www.correiobraziliense.com.br\/cbradar\/wp-content\/uploads\/2025\/05\/ansiedade_1748700252282-750x422.jpg 750w, https:\/\/www.correiobraziliense.com.br\/cbradar\/wp-content\/uploads\/2025\/05\/ansiedade_1748700252282-1140x641.jpg 1140w, https:\/\/www.correiobraziliense.com.br\/cbradar\/wp-content\/uploads\/2025\/05\/ansiedade_1748700252282.jpg 1280w\" sizes=\"(max-width: 1024px) 100vw, 1024px\" \/><figcaption class=\"wp-element-caption\">ansiedade &#8211; Cr\u00e9ditos: depositphotos.com \/ AndrewLozovyi<\/figcaption><\/figure><\/div>\n\n\n<h2 class=\"wp-block-heading\">Quais os impactos f\u00edsicos e psicol\u00f3gicos do estresse e da ansiedade?<\/h2>\n\n\n\n<p>Tanto o estresse quanto a ansiedade impactam o corpo de maneira similar, resultando em ins\u00f4nia, tremores e sensa\u00e7\u00f5es de inquieta\u00e7\u00e3o. Em cen\u00e1rios de crise prolongada, eles podem causar danos f\u00edsicos adicionais, como enfraquecimento das unhas, queda de cabelo e outros sinais de desgaste f\u00edsico. Os efeitos psicol\u00f3gicos n\u00e3o s\u00e3o menos impactantes, uma vez que tanto o estresse como a ansiedade podem levar a irritabilidade, sensa\u00e7\u00e3o de impot\u00eancia e dist\u00farbios emocionais significativos.<\/p>\n\n\n\n<h2 class=\"wp-block-heading\">Quais s\u00e3o as consequ\u00eancias prolongadas do estresse e da ansiedade?<\/h2>\n\n\n\n<p>Os efeitos duradouros do estresse e da ansiedade n\u00e3o devem ser subestimados. A exposi\u00e7\u00e3o cont\u00ednua a altos n\u00edveis de estresse pode resultar em condi\u00e7\u00f5es cr\u00f4nicas, como doen\u00e7as cardiovasculares e problemas metab\u00f3licos. A ansiedade, por sua vez, est\u00e1 frequentemente relacionada \u00e0 depress\u00e3o e outros transtornos psicol\u00f3gicos que impactam diretamente a qualidade de vida do indiv\u00edduo. Portanto, abordar esses estados n\u00e3o apenas como respostas normais do organismo, mas como condi\u00e7\u00f5es que podem exigir interven\u00e7\u00e3o \u00e9 essencial para uma abordagem hol\u00edstica ao bem-estar.<\/p>\n\n\n\n<h2 class=\"wp-block-heading\">Como aliviar os sintomas e prevenir crises futuras?<\/h2>\n\n\n\n<p>A ado\u00e7\u00e3o de h\u00e1bitos saud\u00e1veis \u00e9 uma estrat\u00e9gia fundamental para a mitiga\u00e7\u00e3o dos sintomas de estresse e ansiedade. Atividades f\u00edsicas regulares, pr\u00e1ticas de medita\u00e7\u00e3o e uso de t\u00e9cnicas de respira\u00e7\u00e3o ajudam a estabilizar as respostas emocionais e f\u00edsicas. O consumo de ch\u00e1s calmantes, como camomila e valeriana, tamb\u00e9m \u00e9 recomendado por seus efeitos relaxantes. Quando necess\u00e1rio, a psicoterapia serve como um recurso valioso, proporcionando uma an\u00e1lise mais profunda das causas emocionais subjacentes dos sintomas. Em casos mais severos, a consulta com um psiquiatra pode ser necess\u00e1ria para avaliar a introdu\u00e7\u00e3o de medicamentos espec\u00edficos, assegurando um <a href=\"https:\/\/www.correiobraziliense.com.br\/cbradar\/dra-tayuane-pinto-oftalmologistao-que-ninguem-te-contou-sobre-tuberculose-e-saude-dos-olhos\/\" target=\"_blank\" rel=\"noreferrer noopener\">tratamento <\/a>apropriado e eficaz.<\/p>\n\n\n<a href=\"https:\/\/www.instagram.com\/dra.annaluisabf\/\" target=\"_blank\" rel=\"noopener\" style=\"text-decoration: none; color: inherit;\">\n    <span style=\"display: inline-block; border: 1px solid #ccc; border-radius: 10px; padding: 15px; max-width: 550px; font-family: sans-serif; box-shadow: 0 2px 5px rgba(0,0,0,0.1); width: 100%;\">\n\n      <!-- T\u00edtulo -->\n      <span style=\"display: block; margin: 0 0 15px 0; font-weight: bold; color: #2c3e50; text-align: center;\">\n        Entre em contato:\n      <\/span>\n\n      <!-- Linha do perfil -->\n      <span style=\"display: flex; align-items: center; gap: 15px;\">\n        <img decoding=\"async\"\n          src=\"https:\/\/www.correiobraziliense.com.br\/cbradar\/wp-content\/uploads\/2025\/08\/dra_anna_luisa.jpeg\"\n          alt=\"Foto da Dra. Anna Lu\u00edsa\"\n          style=\"border-radius: 50%; width: 80px; height: 80px; object-fit: cover;\"\n        \/>\n        <span style=\"display: flex; flex-direction: column;\">\n          <span style=\"font-size: 18px; font-weight: 700; color: #2c3e50;\">Dra. Anna Lu\u00edsa Barbosa Fernandes<\/span>\n          <span style=\"color: #555;\">CRM-GO 33.271<\/span>\n        <\/span>\n      <\/span>\n\n      <!-- Redes -->\n      <span style=\"display: flex; align-items: center; gap: 10px; margin-top: 12px;\">\n        <img decoding=\"async\" src=\"https:\/\/cdn-icons-png.flaticon.com\/24\/1384\/1384063.png\" alt=\"Instagram\" width=\"24\" height=\"24\" \/>\n        <span style=\"text-decoration: underline; color: #2c3e50;\">@dra.annaluisabf<\/span>\n      <\/span>\n\n    <\/span>\n  <\/a>","protected":false},"excerpt":{"rendered":"<p>O Estresse e a Ansiedade, embora muitas vezes observados como fen\u00f4menos semelhantes, apresentam caracter\u00edsticas distintas. Enquanto o estresse se manifesta como uma resposta do organismo a desafios ou press\u00f5es externas imediatas, a ansiedade emerge frequentemente sem um gatilho espec\u00edfico evidente, caracterizando-se por uma sensa\u00e7\u00e3o persistente de medo e apreens\u00e3o. Ambos os estados afetam profundamente o [&hellip;]<\/p>\n","protected":false},"author":14,"featured_media":41793,"comment_status":"open","ping_status":"open","sticky":false,"template":"","format":"standard","meta":{"_yoast_wpseo_focuskw":"Estresse e a Ansiedade","_yoast_wpseo_title":"","_yoast_wpseo_metadesc":"Estresse \u00e9 rea\u00e7\u00e3o pontual. Ansiedade, persistente. Descubra como diferenciar e tratar cada condi\u00e7\u00e3o com seguran\u00e7a.","jnews-multi-image_gallery":[],"jnews_single_post":{"format":"standard"},"jnews_primary_category":[],"jnews_social_meta":[],"jnews_override_counter":[],"footnotes":""},"categories":[4404],"post_tag":[120,1318,405],"class_list":["post-103151","post","type-post","status-publish","format-standard","has-post-thumbnail","hentry","category-saude","tag-bem-estar","tag-saude-2","tag-saude-mental"],"yoast_head":"<!-- This site is optimized with the Yoast SEO plugin v24.6 - https:\/\/yoast.com\/wordpress\/plugins\/seo\/ -->\n<title>Como diferenciar estresse de ansiedade? - Correio Braziliense - Radar<\/title>\n<meta name=\"description\" content=\"Estresse \u00e9 rea\u00e7\u00e3o pontual. Ansiedade, persistente. Descubra como diferenciar e tratar cada condi\u00e7\u00e3o com seguran\u00e7a.\" \/>\n<meta name=\"robots\" content=\"index, follow, max-snippet:-1, max-image-preview:large, max-video-preview:-1\" \/>\n<link rel=\"canonical\" href=\"https:\/\/www.correiobraziliense.com.br\/cbradar\/como-diferenciar-estresse-de-ansiedade\/\" \/>\n<meta property=\"og:locale\" content=\"pt_BR\" \/>\n<meta property=\"og:type\" content=\"article\" \/>\n<meta property=\"og:title\" content=\"Como diferenciar estresse de ansiedade? - Correio Braziliense - Radar\" \/>\n<meta property=\"og:description\" content=\"Estresse \u00e9 rea\u00e7\u00e3o pontual. Ansiedade, persistente. Descubra como diferenciar e tratar cada condi\u00e7\u00e3o com seguran\u00e7a.\" \/>\n<meta property=\"og:url\" content=\"https:\/\/www.correiobraziliense.com.br\/cbradar\/como-diferenciar-estresse-de-ansiedade\/\" \/>\n<meta property=\"og:site_name\" content=\"Correio Braziliense - Radar\" \/>\n<meta property=\"article:published_time\" content=\"2025-09-14T22:03:00+00:00\" \/>\n<meta property=\"og:image\" content=\"https:\/\/www.correiobraziliense.com.br\/cbradar\/wp-content\/uploads\/2025\/05\/estresse_1748013694319.jpg\" \/>\n\t<meta property=\"og:image:width\" content=\"1280\" \/>\n\t<meta property=\"og:image:height\" content=\"720\" \/>\n\t<meta property=\"og:image:type\" content=\"image\/jpeg\" \/>\n<meta name=\"author\" content=\"guilherme_saude\" \/>\n<meta name=\"twitter:card\" content=\"summary_large_image\" \/>\n<meta name=\"twitter:label1\" content=\"Escrito por\" \/>\n\t<meta name=\"twitter:data1\" content=\"guilherme_saude\" \/>\n\t<meta name=\"twitter:label2\" content=\"Est. tempo de leitura\" \/>\n\t<meta name=\"twitter:data2\" content=\"4 minutos\" \/>\n<!-- \/ Yoast SEO plugin. -->","yoast_head_json":{"title":"Como diferenciar estresse de ansiedade? - Correio Braziliense - Radar","description":"Estresse \u00e9 rea\u00e7\u00e3o pontual. Ansiedade, persistente. Descubra como diferenciar e tratar cada condi\u00e7\u00e3o com seguran\u00e7a.","robots":{"index":"index","follow":"follow","max-snippet":"max-snippet:-1","max-image-preview":"max-image-preview:large","max-video-preview":"max-video-preview:-1"},"canonical":"https:\/\/www.correiobraziliense.com.br\/cbradar\/como-diferenciar-estresse-de-ansiedade\/","og_locale":"pt_BR","og_type":"article","og_title":"Como diferenciar estresse de ansiedade? - Correio Braziliense - Radar","og_description":"Estresse \u00e9 rea\u00e7\u00e3o pontual. Ansiedade, persistente. Descubra como diferenciar e tratar cada condi\u00e7\u00e3o com seguran\u00e7a.","og_url":"https:\/\/www.correiobraziliense.com.br\/cbradar\/como-diferenciar-estresse-de-ansiedade\/","og_site_name":"Correio Braziliense - Radar","article_published_time":"2025-09-14T22:03:00+00:00","og_image":[{"width":1280,"height":720,"url":"https:\/\/www.correiobraziliense.com.br\/cbradar\/wp-content\/uploads\/2025\/05\/estresse_1748013694319.jpg","type":"image\/jpeg"}],"author":"guilherme_saude","twitter_card":"summary_large_image","twitter_misc":{"Escrito por":"guilherme_saude","Est. tempo de leitura":"4 minutos"},"schema":{"@context":"https:\/\/schema.org","@graph":[{"@type":"WebPage","@id":"https:\/\/www.correiobraziliense.com.br\/cbradar\/como-diferenciar-estresse-de-ansiedade\/","url":"https:\/\/www.correiobraziliense.com.br\/cbradar\/como-diferenciar-estresse-de-ansiedade\/","name":"Como diferenciar estresse de ansiedade? - Correio Braziliense - Radar","isPartOf":{"@id":"https:\/\/www.correiobraziliense.com.br\/cbradar\/#website"},"primaryImageOfPage":{"@id":"https:\/\/www.correiobraziliense.com.br\/cbradar\/como-diferenciar-estresse-de-ansiedade\/#primaryimage"},"image":{"@id":"https:\/\/www.correiobraziliense.com.br\/cbradar\/como-diferenciar-estresse-de-ansiedade\/#primaryimage"},"thumbnailUrl":"https:\/\/www.correiobraziliense.com.br\/cbradar\/wp-content\/uploads\/2025\/05\/estresse_1748013694319.jpg","datePublished":"2025-09-14T22:03:00+00:00","author":{"@id":"https:\/\/www.correiobraziliense.com.br\/cbradar\/#\/schema\/person\/5aa4bf3c8fa699c267933611de12978b"},"description":"Estresse \u00e9 rea\u00e7\u00e3o pontual. Ansiedade, persistente. Descubra como diferenciar e tratar cada condi\u00e7\u00e3o com seguran\u00e7a.","breadcrumb":{"@id":"https:\/\/www.correiobraziliense.com.br\/cbradar\/como-diferenciar-estresse-de-ansiedade\/#breadcrumb"},"inLanguage":"pt-BR","potentialAction":[{"@type":"ReadAction","target":["https:\/\/www.correiobraziliense.com.br\/cbradar\/como-diferenciar-estresse-de-ansiedade\/"]}]},{"@type":"ImageObject","inLanguage":"pt-BR","@id":"https:\/\/www.correiobraziliense.com.br\/cbradar\/como-diferenciar-estresse-de-ansiedade\/#primaryimage","url":"https:\/\/www.correiobraziliense.com.br\/cbradar\/wp-content\/uploads\/2025\/05\/estresse_1748013694319.jpg","contentUrl":"https:\/\/www.correiobraziliense.com.br\/cbradar\/wp-content\/uploads\/2025\/05\/estresse_1748013694319.jpg","width":1280,"height":720,"caption":"O que realmente ajuda a aliviar o estresse rapidamente - Cr\u00e9ditos: depositphotos.com \/ DenisDenisenko"},{"@type":"BreadcrumbList","@id":"https:\/\/www.correiobraziliense.com.br\/cbradar\/como-diferenciar-estresse-de-ansiedade\/#breadcrumb","itemListElement":[{"@type":"ListItem","position":1,"name":"In\u00edcio","item":"https:\/\/www.correiobraziliense.com.br\/cbradar\/"},{"@type":"ListItem","position":2,"name":"Como diferenciar estresse de ansiedade?"}]},{"@type":"WebSite","@id":"https:\/\/www.correiobraziliense.com.br\/cbradar\/#website","url":"https:\/\/www.correiobraziliense.com.br\/cbradar\/","name":"Correio Braziliense - Radar","description":"Acompanhe as \u00faltimas not\u00edcias e fique bem informado sobre tudo o que acontece no Brasil e no mundo.","potentialAction":[{"@type":"SearchAction","target":{"@type":"EntryPoint","urlTemplate":"https:\/\/www.correiobraziliense.com.br\/cbradar\/?s={search_term_string}"},"query-input":{"@type":"PropertyValueSpecification","valueRequired":true,"valueName":"search_term_string"}}],"inLanguage":"pt-BR"},{"@type":"Person","@id":"https:\/\/www.correiobraziliense.com.br\/cbradar\/#\/schema\/person\/5aa4bf3c8fa699c267933611de12978b","name":"guilherme_saude","image":{"@type":"ImageObject","inLanguage":"pt-BR","@id":"https:\/\/www.correiobraziliense.com.br\/cbradar\/#\/schema\/person\/image\/","url":"https:\/\/secure.gravatar.com\/avatar\/df9adfb835d344bc0af109d41756253f?s=96&d=mm&r=g","contentUrl":"https:\/\/secure.gravatar.com\/avatar\/df9adfb835d344bc0af109d41756253f?s=96&d=mm&r=g","caption":"guilherme_saude"},"url":"https:\/\/www.correiobraziliense.com.br\/cbradar\/author\/guilherme_saude\/"}]}},"_links":{"self":[{"href":"https:\/\/www.correiobraziliense.com.br\/cbradar\/wp-json\/wp\/v2\/posts\/103151","targetHints":{"allow":["GET"]}}],"collection":[{"href":"https:\/\/www.correiobraziliense.com.br\/cbradar\/wp-json\/wp\/v2\/posts"}],"about":[{"href":"https:\/\/www.correiobraziliense.com.br\/cbradar\/wp-json\/wp\/v2\/types\/post"}],"author":[{"embeddable":true,"href":"https:\/\/www.correiobraziliense.com.br\/cbradar\/wp-json\/wp\/v2\/users\/14"}],"replies":[{"embeddable":true,"href":"https:\/\/www.correiobraziliense.com.br\/cbradar\/wp-json\/wp\/v2\/comments?post=103151"}],"version-history":[{"count":1,"href":"https:\/\/www.correiobraziliense.com.br\/cbradar\/wp-json\/wp\/v2\/posts\/103151\/revisions"}],"predecessor-version":[{"id":103152,"href":"https:\/\/www.correiobraziliense.com.br\/cbradar\/wp-json\/wp\/v2\/posts\/103151\/revisions\/103152"}],"wp:featuredmedia":[{"embeddable":true,"href":"https:\/\/www.correiobraziliense.com.br\/cbradar\/wp-json\/wp\/v2\/media\/41793"}],"wp:attachment":[{"href":"https:\/\/www.correiobraziliense.com.br\/cbradar\/wp-json\/wp\/v2\/media?parent=103151"}],"wp:term":[{"taxonomy":"category","embeddable":true,"href":"https:\/\/www.correiobraziliense.com.br\/cbradar\/wp-json\/wp\/v2\/categories?post=103151"},{"taxonomy":"post_tag","embeddable":true,"href":"https:\/\/www.correiobraziliense.com.br\/cbradar\/wp-json\/wp\/v2\/post_tag?post=103151"}],"curies":[{"name":"wp","href":"https:\/\/api.w.org\/{rel}","templated":true}]}}