{"id":10327,"date":"2025-03-08T18:10:00","date_gmt":"2025-03-08T21:10:00","guid":{"rendered":"https:\/\/www.correiobraziliense.com.br\/cbradar\/?p=10327"},"modified":"2025-03-07T18:59:02","modified_gmt":"2025-03-07T21:59:02","slug":"nova-serie-medica-da-netflix-causa-alvoroco-com-novo-trailer-veja","status":"publish","type":"post","link":"https:\/\/www.correiobraziliense.com.br\/cbradar\/nova-serie-medica-da-netflix-causa-alvoroco-com-novo-trailer-veja\/","title":{"rendered":"Nova s\u00e9rie m\u00e9dica da Netflix causa alvoro\u00e7o com novo trailer, veja"},"content":{"rendered":"\n<p>A <strong>Netflix <\/strong>lan\u00e7ou o primeiro trailer completo de sua nova s\u00e9rie m\u00e9dica, &#8220;<strong>Pulso<\/strong>&#8220;, que j\u00e1 est\u00e1 gerando grande expectativa entre os f\u00e3s do g\u00eanero. Com estreia marcada para 3 de abril de 2025, a produ\u00e7\u00e3o promete conquistar aqueles que apreciam dramas m\u00e9dicos intensos, no estilo de &#8220;<strong>Grey\u2019s Anatomy<\/strong>&#8220;.<\/p>\n\n\n\n<p>Ambientada em um centro de trauma em <strong>Miami<\/strong>, a s\u00e9rie foca nos desafios di\u00e1rios enfrentados por m\u00e9dicos e enfermeiros em um ambiente de alta press\u00e3o. A trama principal gira em torno de<strong> Danny Simms<\/strong>, interpretada por <strong>Willa Fitzgerald<\/strong>, uma jovem m\u00e9dica que assume inesperadamente o cargo de Chefe Residente, anteriormente ocupado por <strong>Xander Phillips<\/strong>, vivido por <strong>Colin Woodell<\/strong>.<\/p>\n\n\n\n<h2 class=\"wp-block-heading\"><strong>Como a trama de &#8220;Pulso&#8221; se desenvolve?<\/strong><\/h2>\n\n\n\n<p>O enredo de &#8220;Pulso&#8221; se intensifica quando um furac\u00e3o se aproxima de Miami, aumentando significativamente os casos de trauma e for\u00e7ando a equipe m\u00e9dica a trabalhar no limite de suas capacidades. Com o hospital fechado devido \u00e0 tempestade, Danny e Phillips precisam superar suas diferen\u00e7as pessoais para salvar vidas, enquanto suas disputas pessoais se tornam ainda mais acirradas.<\/p>\n\n\n\n<p>A s\u00e9rie explora a din\u00e2mica entre os personagens principais, destacando a tens\u00e3o palp\u00e1vel entre Danny e Phillips, que se reflete em suas rela\u00e7\u00f5es pessoais e profissionais. Este cen\u00e1rio cria um pano de fundo dram\u00e1tico e envolvente, que promete manter os espectadores na ponta de seus assentos.<\/p>\n\n\n\n<iframe loading=\"lazy\" width=\"560\" height=\"315\" src=\"https:\/\/www.youtube.com\/embed\/1thG78bh-rY?si=lYqeOWmQ45FGs0gG\" title=\"YouTube video player\" frameborder=\"0\" allow=\"accelerometer; autoplay; clipboard-write; encrypted-media; gyroscope; picture-in-picture; web-share\" referrerpolicy=\"strict-origin-when-cross-origin\" allowfullscreen><\/iframe>\n\n\n\n<h2 class=\"wp-block-heading\"><strong>Quem faz parte do elenco de &#8220;Pulso&#8221;?<\/strong><\/h2>\n\n\n\n<p>&#8220;Pulso&#8221; conta com um elenco de peso, incluindo nomes conhecidos da televis\u00e3o. Justina Machado, Jack Bannon, Jessie T. Usher e Chelsea Muirhead trazem diversidade e complexidade \u00e0s hist\u00f3rias e personagens, enriquecendo a narrativa da s\u00e9rie.<\/p>\n\n\n\n<p>A produ\u00e7\u00e3o est\u00e1 sob a dire\u00e7\u00e3o de Zoe Robyn e Carlton Cuse, que atuam como produtores executivos e showrunners. Kate Dennis, reconhecida por seu trabalho em s\u00e9ries aclamadas, dirige os dois primeiros epis\u00f3dios, garantindo uma abordagem intensa e realista da medicina de emerg\u00eancia.<\/p>\n\n\n\n<figure class=\"wp-block-image size-large\"><img decoding=\"async\" width=\"1024\" height=\"576\" src=\"https:\/\/www.correiobraziliense.com.br\/cbradar\/wp-content\/uploads\/2025\/03\/Pulso-2-1024x576.png\" alt=\"Nova s\u00e9rie m\u00e9dica da Netflix causa alvoro\u00e7o com novo trailer, veja\" class=\"wp-image-10331\" srcset=\"https:\/\/www.correiobraziliense.com.br\/cbradar\/wp-content\/uploads\/2025\/03\/Pulso-2-1024x576.png 1024w, https:\/\/www.correiobraziliense.com.br\/cbradar\/wp-content\/uploads\/2025\/03\/Pulso-2-300x169.png 300w, https:\/\/www.correiobraziliense.com.br\/cbradar\/wp-content\/uploads\/2025\/03\/Pulso-2-768x432.png 768w, https:\/\/www.correiobraziliense.com.br\/cbradar\/wp-content\/uploads\/2025\/03\/Pulso-2-750x422.png 750w, https:\/\/www.correiobraziliense.com.br\/cbradar\/wp-content\/uploads\/2025\/03\/Pulso-2-1140x641.png 1140w, https:\/\/www.correiobraziliense.com.br\/cbradar\/wp-content\/uploads\/2025\/03\/Pulso-2.png 1280w\" sizes=\"(max-width: 1024px) 100vw, 1024px\" \/><figcaption class=\"wp-element-caption\">Pulso. Fonte: divulga\u00e7\u00e3o \/ Netflix<\/figcaption><\/figure>\n\n\n\n<h2 class=\"wp-block-heading\"><strong>Por que &#8220;Pulso&#8221; \u00e9 uma grande aposta da Netflix?<\/strong><\/h2>\n\n\n\n<p>Com uma abordagem intensa e realista, &#8220;Pulso&#8221; promete ser uma das grandes apostas da Netflix para 2025. A s\u00e9rie oferece uma experi\u00eancia emocionante e cheia de adrenalina, explorando os altos e baixos da medicina de emerg\u00eancia em um cen\u00e1rio de alta press\u00e3o.<\/p>\n\n\n\n<p>O drama m\u00e9dico n\u00e3o apenas destaca os desafios profissionais enfrentados pelos personagens, mas tamb\u00e9m mergulha em suas vidas pessoais, criando uma narrativa rica e multifacetada. Combinando elementos de tens\u00e3o, drama e a\u00e7\u00e3o, &#8220;Pulso&#8221; tem todos os ingredientes para se tornar um sucesso entre os f\u00e3s do g\u00eanero.<\/p>\n","protected":false},"excerpt":{"rendered":"<p>Conhe\u00e7a a nova s\u00e9rie m\u00e9dica da Netflix, &#8216;Pulso&#8217;, que promete manter os espectadores na ponta de seus assentos com seu enredo intenso.<\/p>\n","protected":false},"author":3,"featured_media":10330,"comment_status":"open","ping_status":"open","sticky":false,"template":"","format":"standard","meta":{"_yoast_wpseo_focuskw":"s\u00e9rie m\u00e9dica netflix","_yoast_wpseo_title":"%%title%%","_yoast_wpseo_metadesc":"Conhe\u00e7a a nova s\u00e9rie m\u00e9dica da Netflix, 'Pulso', que promete manter os espectadores na ponta de seus assentos com seu enredo intenso.","jnews-multi-image_gallery":[],"jnews_single_post":{"format":"standard"},"jnews_primary_category":[],"jnews_social_meta":[],"jnews_override_counter":[],"footnotes":""},"categories":[140],"post_tag":[141,568],"class_list":["post-10327","post","type-post","status-publish","format-standard","has-post-thumbnail","hentry","category-entretenimento","tag-netflix","tag-series-e-filmes"],"yoast_head":"<!-- This site is optimized with the Yoast SEO plugin v24.6 - https:\/\/yoast.com\/wordpress\/plugins\/seo\/ -->\n<title>Nova s\u00e9rie m\u00e9dica da Netflix causa alvoro\u00e7o com novo trailer, veja<\/title>\n<meta name=\"description\" content=\"Conhe\u00e7a a nova s\u00e9rie m\u00e9dica da Netflix, &#039;Pulso&#039;, que promete manter os espectadores na ponta de seus assentos com seu enredo intenso.\" \/>\n<meta name=\"robots\" content=\"index, follow, max-snippet:-1, max-image-preview:large, max-video-preview:-1\" \/>\n<link rel=\"canonical\" href=\"https:\/\/www.correiobraziliense.com.br\/cbradar\/nova-serie-medica-da-netflix-causa-alvoroco-com-novo-trailer-veja\/\" \/>\n<meta property=\"og:locale\" content=\"pt_BR\" \/>\n<meta property=\"og:type\" content=\"article\" \/>\n<meta property=\"og:title\" content=\"Nova s\u00e9rie m\u00e9dica da Netflix causa alvoro\u00e7o com novo trailer, veja\" \/>\n<meta property=\"og:description\" content=\"Conhe\u00e7a a nova s\u00e9rie m\u00e9dica da Netflix, &#039;Pulso&#039;, que promete manter os espectadores na ponta de seus assentos com seu enredo intenso.\" \/>\n<meta property=\"og:url\" content=\"https:\/\/www.correiobraziliense.com.br\/cbradar\/nova-serie-medica-da-netflix-causa-alvoroco-com-novo-trailer-veja\/\" \/>\n<meta property=\"og:site_name\" content=\"Correio Braziliense - Radar\" \/>\n<meta property=\"article:published_time\" content=\"2025-03-08T21:10:00+00:00\" \/>\n<meta property=\"og:image\" content=\"https:\/\/www.correiobraziliense.com.br\/cbradar\/wp-content\/uploads\/2025\/03\/Pulso.png\" \/>\n\t<meta property=\"og:image:width\" content=\"1280\" \/>\n\t<meta property=\"og:image:height\" content=\"720\" \/>\n\t<meta property=\"og:image:type\" content=\"image\/png\" \/>\n<meta name=\"author\" content=\"Larissa Carvalho\" \/>\n<meta name=\"twitter:card\" content=\"summary_large_image\" \/>\n<meta name=\"twitter:label1\" content=\"Escrito por\" \/>\n\t<meta name=\"twitter:data1\" content=\"Larissa Carvalho\" \/>\n\t<meta name=\"twitter:label2\" content=\"Est. tempo de leitura\" \/>\n\t<meta name=\"twitter:data2\" content=\"3 minutos\" \/>\n<!-- \/ Yoast SEO plugin. -->","yoast_head_json":{"title":"Nova s\u00e9rie m\u00e9dica da Netflix causa alvoro\u00e7o com novo trailer, veja","description":"Conhe\u00e7a a nova s\u00e9rie m\u00e9dica da Netflix, 'Pulso', que promete manter os espectadores na ponta de seus assentos com seu enredo intenso.","robots":{"index":"index","follow":"follow","max-snippet":"max-snippet:-1","max-image-preview":"max-image-preview:large","max-video-preview":"max-video-preview:-1"},"canonical":"https:\/\/www.correiobraziliense.com.br\/cbradar\/nova-serie-medica-da-netflix-causa-alvoroco-com-novo-trailer-veja\/","og_locale":"pt_BR","og_type":"article","og_title":"Nova s\u00e9rie m\u00e9dica da Netflix causa alvoro\u00e7o com novo trailer, veja","og_description":"Conhe\u00e7a a nova s\u00e9rie m\u00e9dica da Netflix, 'Pulso', que promete manter os espectadores na ponta de seus assentos com seu enredo intenso.","og_url":"https:\/\/www.correiobraziliense.com.br\/cbradar\/nova-serie-medica-da-netflix-causa-alvoroco-com-novo-trailer-veja\/","og_site_name":"Correio Braziliense - Radar","article_published_time":"2025-03-08T21:10:00+00:00","og_image":[{"width":1280,"height":720,"url":"https:\/\/www.correiobraziliense.com.br\/cbradar\/wp-content\/uploads\/2025\/03\/Pulso.png","type":"image\/png"}],"author":"Larissa Carvalho","twitter_card":"summary_large_image","twitter_misc":{"Escrito por":"Larissa Carvalho","Est. tempo de leitura":"3 minutos"},"schema":{"@context":"https:\/\/schema.org","@graph":[{"@type":"WebPage","@id":"https:\/\/www.correiobraziliense.com.br\/cbradar\/nova-serie-medica-da-netflix-causa-alvoroco-com-novo-trailer-veja\/","url":"https:\/\/www.correiobraziliense.com.br\/cbradar\/nova-serie-medica-da-netflix-causa-alvoroco-com-novo-trailer-veja\/","name":"Nova s\u00e9rie m\u00e9dica da Netflix causa alvoro\u00e7o com novo trailer, veja","isPartOf":{"@id":"https:\/\/www.correiobraziliense.com.br\/cbradar\/#website"},"primaryImageOfPage":{"@id":"https:\/\/www.correiobraziliense.com.br\/cbradar\/nova-serie-medica-da-netflix-causa-alvoroco-com-novo-trailer-veja\/#primaryimage"},"image":{"@id":"https:\/\/www.correiobraziliense.com.br\/cbradar\/nova-serie-medica-da-netflix-causa-alvoroco-com-novo-trailer-veja\/#primaryimage"},"thumbnailUrl":"https:\/\/www.correiobraziliense.com.br\/cbradar\/wp-content\/uploads\/2025\/03\/Pulso.png","datePublished":"2025-03-08T21:10:00+00:00","author":{"@id":"https:\/\/www.correiobraziliense.com.br\/cbradar\/#\/schema\/person\/58422787644df994b53a19d3e56c1513"},"description":"Conhe\u00e7a a nova s\u00e9rie m\u00e9dica da Netflix, 'Pulso', que promete manter os espectadores na ponta de seus assentos com seu enredo intenso.","breadcrumb":{"@id":"https:\/\/www.correiobraziliense.com.br\/cbradar\/nova-serie-medica-da-netflix-causa-alvoroco-com-novo-trailer-veja\/#breadcrumb"},"inLanguage":"pt-BR","potentialAction":[{"@type":"ReadAction","target":["https:\/\/www.correiobraziliense.com.br\/cbradar\/nova-serie-medica-da-netflix-causa-alvoroco-com-novo-trailer-veja\/"]}]},{"@type":"ImageObject","inLanguage":"pt-BR","@id":"https:\/\/www.correiobraziliense.com.br\/cbradar\/nova-serie-medica-da-netflix-causa-alvoroco-com-novo-trailer-veja\/#primaryimage","url":"https:\/\/www.correiobraziliense.com.br\/cbradar\/wp-content\/uploads\/2025\/03\/Pulso.png","contentUrl":"https:\/\/www.correiobraziliense.com.br\/cbradar\/wp-content\/uploads\/2025\/03\/Pulso.png","width":1280,"height":720,"caption":"Pulso. Fonte: divulga\u00e7\u00e3o \/ Netflix"},{"@type":"BreadcrumbList","@id":"https:\/\/www.correiobraziliense.com.br\/cbradar\/nova-serie-medica-da-netflix-causa-alvoroco-com-novo-trailer-veja\/#breadcrumb","itemListElement":[{"@type":"ListItem","position":1,"name":"In\u00edcio","item":"https:\/\/www.correiobraziliense.com.br\/cbradar\/"},{"@type":"ListItem","position":2,"name":"Nova s\u00e9rie m\u00e9dica da Netflix causa alvoro\u00e7o com novo trailer, veja"}]},{"@type":"WebSite","@id":"https:\/\/www.correiobraziliense.com.br\/cbradar\/#website","url":"https:\/\/www.correiobraziliense.com.br\/cbradar\/","name":"Correio Braziliense - Radar","description":"Acompanhe as \u00faltimas not\u00edcias e fique bem informado sobre tudo o que acontece no Brasil e no mundo.","potentialAction":[{"@type":"SearchAction","target":{"@type":"EntryPoint","urlTemplate":"https:\/\/www.correiobraziliense.com.br\/cbradar\/?s={search_term_string}"},"query-input":{"@type":"PropertyValueSpecification","valueRequired":true,"valueName":"search_term_string"}}],"inLanguage":"pt-BR"},{"@type":"Person","@id":"https:\/\/www.correiobraziliense.com.br\/cbradar\/#\/schema\/person\/58422787644df994b53a19d3e56c1513","name":"Larissa Carvalho","image":{"@type":"ImageObject","inLanguage":"pt-BR","@id":"https:\/\/www.correiobraziliense.com.br\/cbradar\/#\/schema\/person\/image\/","url":"https:\/\/secure.gravatar.com\/avatar\/fe4f91a0de32b52a838d0d612abdc1aa?s=96&d=mm&r=g","contentUrl":"https:\/\/secure.gravatar.com\/avatar\/fe4f91a0de32b52a838d0d612abdc1aa?s=96&d=mm&r=g","caption":"Larissa Carvalho"},"url":"https:\/\/www.correiobraziliense.com.br\/cbradar\/author\/larissamyth\/"}]}},"_links":{"self":[{"href":"https:\/\/www.correiobraziliense.com.br\/cbradar\/wp-json\/wp\/v2\/posts\/10327","targetHints":{"allow":["GET"]}}],"collection":[{"href":"https:\/\/www.correiobraziliense.com.br\/cbradar\/wp-json\/wp\/v2\/posts"}],"about":[{"href":"https:\/\/www.correiobraziliense.com.br\/cbradar\/wp-json\/wp\/v2\/types\/post"}],"author":[{"embeddable":true,"href":"https:\/\/www.correiobraziliense.com.br\/cbradar\/wp-json\/wp\/v2\/users\/3"}],"replies":[{"embeddable":true,"href":"https:\/\/www.correiobraziliense.com.br\/cbradar\/wp-json\/wp\/v2\/comments?post=10327"}],"version-history":[{"count":1,"href":"https:\/\/www.correiobraziliense.com.br\/cbradar\/wp-json\/wp\/v2\/posts\/10327\/revisions"}],"predecessor-version":[{"id":10332,"href":"https:\/\/www.correiobraziliense.com.br\/cbradar\/wp-json\/wp\/v2\/posts\/10327\/revisions\/10332"}],"wp:featuredmedia":[{"embeddable":true,"href":"https:\/\/www.correiobraziliense.com.br\/cbradar\/wp-json\/wp\/v2\/media\/10330"}],"wp:attachment":[{"href":"https:\/\/www.correiobraziliense.com.br\/cbradar\/wp-json\/wp\/v2\/media?parent=10327"}],"wp:term":[{"taxonomy":"category","embeddable":true,"href":"https:\/\/www.correiobraziliense.com.br\/cbradar\/wp-json\/wp\/v2\/categories?post=10327"},{"taxonomy":"post_tag","embeddable":true,"href":"https:\/\/www.correiobraziliense.com.br\/cbradar\/wp-json\/wp\/v2\/post_tag?post=10327"}],"curies":[{"name":"wp","href":"https:\/\/api.w.org\/{rel}","templated":true}]}}