{"id":10339,"date":"2025-03-08T07:30:00","date_gmt":"2025-03-08T10:30:00","guid":{"rendered":"https:\/\/www.correiobraziliense.com.br\/cbradar\/?p=10339"},"modified":"2025-03-07T19:01:34","modified_gmt":"2025-03-07T22:01:34","slug":"essa-cidade-vive-sem-eletricidade-veja-como","status":"publish","type":"post","link":"https:\/\/www.correiobraziliense.com.br\/cbradar\/essa-cidade-vive-sem-eletricidade-veja-como\/","title":{"rendered":"Essa cidade vive sem eletricidade, veja como"},"content":{"rendered":"\n<p>Em um mundo onde a eletricidade \u00e9 essencial para quase tudo, \u00e9 dif\u00edcil imaginar um lugar que funcione sem ela. Mas essa \u00e9 a realidade dos moradores de <strong>Tristan da Cunha<\/strong>, um dos lugares mais isolados do planeta.<\/p>\n\n\n\n<p>Localizada no meio do oceano <strong>Atl\u00e2ntico Sul,<\/strong> essa ilha vulc\u00e2nica pertence ao <strong>Reino Unido<\/strong>, mas est\u00e1 t\u00e3o distante de qualquer outra civiliza\u00e7\u00e3o que a vida por l\u00e1 segue um ritmo pr\u00f3prio. Sem eletricidade regular, os habitantes dependem de formas alternativas para iluminar suas casas, cozinhar e viver o dia a dia. Mas como essa cidade funciona sem energia el\u00e9trica constante?<\/p>\n\n\n\n<h2 class=\"wp-block-heading\"><strong>Onde fica Tristan da Cunha?<\/strong><\/h2>\n\n\n\n<p>Tristan da Cunha \u00e9 um arquip\u00e9lago remoto pertencente ao Reino Unido, situado a cerca de <strong>2.400 km da \u00c1frica do Sul e 3.200 km da Am\u00e9rica do Sul<\/strong>. O local mais pr\u00f3ximo com habitantes \u00e9 a ilha de Santa Helena, famosa por ter sido o ex\u00edlio de Napole\u00e3o Bonaparte.<\/p>\n\n\n\n<p>Com uma popula\u00e7\u00e3o de apenas <strong>250 pessoas<\/strong>, Tristan da Cunha \u00e9 uma das comunidades mais isoladas do mundo. N\u00e3o h\u00e1 aeroporto na ilha, e a \u00fanica maneira de chegar l\u00e1 \u00e9 por barco, em uma viagem que pode levar at\u00e9 <strong>sete dias<\/strong> pelo oceano.<\/p>\n\n\n\n<figure class=\"wp-block-image size-large\"><img decoding=\"async\" width=\"1024\" height=\"576\" src=\"https:\/\/www.correiobraziliense.com.br\/cbradar\/wp-content\/uploads\/2025\/03\/Tristan-da-Cunha-2-1024x576.png\" alt=\"Essa cidade vive sem eletricidade, veja como\" class=\"wp-image-10369\" srcset=\"https:\/\/www.correiobraziliense.com.br\/cbradar\/wp-content\/uploads\/2025\/03\/Tristan-da-Cunha-2-1024x576.png 1024w, https:\/\/www.correiobraziliense.com.br\/cbradar\/wp-content\/uploads\/2025\/03\/Tristan-da-Cunha-2-300x169.png 300w, https:\/\/www.correiobraziliense.com.br\/cbradar\/wp-content\/uploads\/2025\/03\/Tristan-da-Cunha-2-768x432.png 768w, https:\/\/www.correiobraziliense.com.br\/cbradar\/wp-content\/uploads\/2025\/03\/Tristan-da-Cunha-2-750x422.png 750w, https:\/\/www.correiobraziliense.com.br\/cbradar\/wp-content\/uploads\/2025\/03\/Tristan-da-Cunha-2-1140x641.png 1140w, https:\/\/www.correiobraziliense.com.br\/cbradar\/wp-content\/uploads\/2025\/03\/Tristan-da-Cunha-2.png 1280w\" sizes=\"(max-width: 1024px) 100vw, 1024px\" \/><figcaption class=\"wp-element-caption\">Tristan da Cunha. Fonte: NASA ASTER volcano archive jpl, Public domain, via Wikimedia Commons<\/figcaption><\/figure>\n\n\n\n<h2 class=\"wp-block-heading\"><strong>Como \u00e9 viver sem eletricidade?<\/strong><\/h2>\n\n\n\n<p>Embora existam geradores a diesel na ilha, a eletricidade <strong>n\u00e3o \u00e9 fornecida 24 horas por dia<\/strong>. Os moradores precisam racionar o uso da energia, pois o combust\u00edvel para os geradores chega apenas algumas vezes por ano em navios de suprimentos.<\/p>\n\n\n\n<p>Quando n\u00e3o h\u00e1 eletricidade, os habitantes recorrem a m\u00e9todos tradicionais para manter o cotidiano funcionando:<\/p>\n\n\n\n<ul class=\"wp-block-list\">\n<li><strong>Ilumina\u00e7\u00e3o a base de velas e lampi\u00f5es<\/strong> \u2013 Muitas casas ainda usam luzes movidas a \u00f3leo ou querosene.<\/li>\n\n\n\n<li><strong>Aquecimento natural<\/strong> \u2013 Como n\u00e3o h\u00e1 sistemas el\u00e9tricos de aquecimento, os moradores utilizam lareiras ou roupas t\u00e9rmicas para suportar o frio.<\/li>\n\n\n\n<li><strong>Sem internet constante<\/strong> \u2013 A conex\u00e3o \u00e9 extremamente limitada, e a comunica\u00e7\u00e3o com o mundo exterior acontece por r\u00e1dio ou cartas enviadas nos raros navios que visitam a ilha.<\/li>\n\n\n\n<li><strong>Agricultura e pesca como base da sobreviv\u00eancia<\/strong> \u2013 Sem supermercados e geladeiras, os moradores cultivam seus pr\u00f3prios alimentos e dependem da pesca para obter prote\u00ednas.<\/li>\n<\/ul>\n\n\n\n<p>Mesmo sem eletricidade 24 horas, os habitantes de Tristan da Cunha encontraram maneiras de viver de forma autossuficiente, mantendo uma comunidade forte e unida.<\/p>\n\n\n\n<h3 class=\"wp-block-heading\"><strong>Curiosidades sobre Tristan da Cunha<\/strong><\/h3>\n\n\n\n<ul class=\"wp-block-list\">\n<li><strong>A ilha mais isolada do mundo<\/strong> \u2013 O lugar habitado mais pr\u00f3ximo est\u00e1 a mais de 2.000 km de dist\u00e2ncia.<\/li>\n\n\n\n<li><strong>Apenas nove sobrenomes<\/strong> \u2013 Como a popula\u00e7\u00e3o \u00e9 pequena e descendente de poucos colonizadores, quase todos compartilham um dos mesmos nove sobrenomes.<\/li>\n\n\n\n<li><strong>Sem turistas permanentes<\/strong> \u2013 Visitantes precisam de permiss\u00e3o especial para ir at\u00e9 a ilha, e n\u00e3o h\u00e1 hot\u00e9is.<\/li>\n\n\n\n<li><strong>Os moradores t\u00eam empregos m\u00faltiplos<\/strong> \u2013 Como n\u00e3o h\u00e1 muitas pessoas, cada habitante acumula v\u00e1rias fun\u00e7\u00f5es, como pescador, professor e agricultor ao mesmo tempo.<\/li>\n\n\n\n<li><strong>Risco de evacua\u00e7\u00e3o<\/strong> \u2013 A ilha \u00e9 um vulc\u00e3o ativo, e em 1961 a popula\u00e7\u00e3o precisou ser evacuada para o Reino Unido ap\u00f3s uma erup\u00e7\u00e3o.<\/li>\n<\/ul>\n\n\n\n<h2 class=\"wp-block-heading\"><strong>Viver sem eletricidade \u00e9 um desafio ou um al\u00edvio?<\/strong><\/h2>\n\n\n\n<p>Enquanto muitas pessoas n\u00e3o conseguem imaginar a vida sem eletr\u00f4nicos, internet ou ilumina\u00e7\u00e3o constante, os moradores de Tristan da Cunha aprenderam a se adaptar. Para eles, viver sem eletricidade regular significa menos polui\u00e7\u00e3o, menos estresse e uma conex\u00e3o mais forte com a natureza.<\/p>\n\n\n\n<p>A cidade sem energia el\u00e9trica 24 horas nos lembra que, apesar de todas as facilidades modernas, a humanidade ainda \u00e9 capaz de sobreviver e prosperar sem depender completamente da tecnologia. Mas ser\u00e1 que voc\u00ea conseguiria viver assim?<\/p>\n","protected":false},"excerpt":{"rendered":"<p>Existe um lugar onde a eletricidade n\u00e3o \u00e9 constante e os moradores vivem sem internet e luz 24 horas. Como essa cidade funciona?<\/p>\n","protected":false},"author":3,"featured_media":10366,"comment_status":"open","ping_status":"open","sticky":false,"template":"","format":"standard","meta":{"_yoast_wpseo_focuskw":"cidade sem eletricidade","_yoast_wpseo_title":"%%title%%","_yoast_wpseo_metadesc":"Existe um lugar onde a eletricidade n\u00e3o \u00e9 constante e os moradores vivem sem internet e luz 24 horas. Como essa cidade funciona?","jnews-multi-image_gallery":[],"jnews_single_post":{"format":"standard"},"jnews_primary_category":[],"jnews_social_meta":[],"jnews_override_counter":[],"footnotes":""},"categories":[108],"post_tag":[109],"class_list":["post-10339","post","type-post","status-publish","format-standard","has-post-thumbnail","hentry","category-cidades","tag-cidades"],"yoast_head":"<!-- This site is optimized with the Yoast SEO plugin v24.6 - https:\/\/yoast.com\/wordpress\/plugins\/seo\/ -->\n<title>Essa cidade vive sem eletricidade, veja como<\/title>\n<meta name=\"description\" content=\"Existe um lugar onde a eletricidade n\u00e3o \u00e9 constante e os moradores vivem sem internet e luz 24 horas. Como essa cidade funciona?\" \/>\n<meta name=\"robots\" content=\"index, follow, max-snippet:-1, max-image-preview:large, max-video-preview:-1\" \/>\n<link rel=\"canonical\" href=\"https:\/\/www.correiobraziliense.com.br\/cbradar\/essa-cidade-vive-sem-eletricidade-veja-como\/\" \/>\n<meta property=\"og:locale\" content=\"pt_BR\" \/>\n<meta property=\"og:type\" content=\"article\" \/>\n<meta property=\"og:title\" content=\"Essa cidade vive sem eletricidade, veja como\" \/>\n<meta property=\"og:description\" content=\"Existe um lugar onde a eletricidade n\u00e3o \u00e9 constante e os moradores vivem sem internet e luz 24 horas. Como essa cidade funciona?\" \/>\n<meta property=\"og:url\" content=\"https:\/\/www.correiobraziliense.com.br\/cbradar\/essa-cidade-vive-sem-eletricidade-veja-como\/\" \/>\n<meta property=\"og:site_name\" content=\"Correio Braziliense - Radar\" \/>\n<meta property=\"article:published_time\" content=\"2025-03-08T10:30:00+00:00\" \/>\n<meta property=\"og:image\" content=\"https:\/\/www.correiobraziliense.com.br\/cbradar\/wp-content\/uploads\/2025\/03\/Tristan-da-Cunha.png\" \/>\n\t<meta property=\"og:image:width\" content=\"1280\" \/>\n\t<meta property=\"og:image:height\" content=\"720\" \/>\n\t<meta property=\"og:image:type\" content=\"image\/png\" \/>\n<meta name=\"author\" content=\"Larissa Carvalho\" \/>\n<meta name=\"twitter:card\" content=\"summary_large_image\" \/>\n<meta name=\"twitter:label1\" content=\"Escrito por\" \/>\n\t<meta name=\"twitter:data1\" content=\"Larissa Carvalho\" \/>\n\t<meta name=\"twitter:label2\" content=\"Est. tempo de leitura\" \/>\n\t<meta name=\"twitter:data2\" content=\"4 minutos\" \/>\n<!-- \/ Yoast SEO plugin. -->","yoast_head_json":{"title":"Essa cidade vive sem eletricidade, veja como","description":"Existe um lugar onde a eletricidade n\u00e3o \u00e9 constante e os moradores vivem sem internet e luz 24 horas. Como essa cidade funciona?","robots":{"index":"index","follow":"follow","max-snippet":"max-snippet:-1","max-image-preview":"max-image-preview:large","max-video-preview":"max-video-preview:-1"},"canonical":"https:\/\/www.correiobraziliense.com.br\/cbradar\/essa-cidade-vive-sem-eletricidade-veja-como\/","og_locale":"pt_BR","og_type":"article","og_title":"Essa cidade vive sem eletricidade, veja como","og_description":"Existe um lugar onde a eletricidade n\u00e3o \u00e9 constante e os moradores vivem sem internet e luz 24 horas. Como essa cidade funciona?","og_url":"https:\/\/www.correiobraziliense.com.br\/cbradar\/essa-cidade-vive-sem-eletricidade-veja-como\/","og_site_name":"Correio Braziliense - Radar","article_published_time":"2025-03-08T10:30:00+00:00","og_image":[{"width":1280,"height":720,"url":"https:\/\/www.correiobraziliense.com.br\/cbradar\/wp-content\/uploads\/2025\/03\/Tristan-da-Cunha.png","type":"image\/png"}],"author":"Larissa Carvalho","twitter_card":"summary_large_image","twitter_misc":{"Escrito por":"Larissa Carvalho","Est. tempo de leitura":"4 minutos"},"schema":{"@context":"https:\/\/schema.org","@graph":[{"@type":"WebPage","@id":"https:\/\/www.correiobraziliense.com.br\/cbradar\/essa-cidade-vive-sem-eletricidade-veja-como\/","url":"https:\/\/www.correiobraziliense.com.br\/cbradar\/essa-cidade-vive-sem-eletricidade-veja-como\/","name":"Essa cidade vive sem eletricidade, veja como","isPartOf":{"@id":"https:\/\/www.correiobraziliense.com.br\/cbradar\/#website"},"primaryImageOfPage":{"@id":"https:\/\/www.correiobraziliense.com.br\/cbradar\/essa-cidade-vive-sem-eletricidade-veja-como\/#primaryimage"},"image":{"@id":"https:\/\/www.correiobraziliense.com.br\/cbradar\/essa-cidade-vive-sem-eletricidade-veja-como\/#primaryimage"},"thumbnailUrl":"https:\/\/www.correiobraziliense.com.br\/cbradar\/wp-content\/uploads\/2025\/03\/Tristan-da-Cunha.png","datePublished":"2025-03-08T10:30:00+00:00","author":{"@id":"https:\/\/www.correiobraziliense.com.br\/cbradar\/#\/schema\/person\/58422787644df994b53a19d3e56c1513"},"description":"Existe um lugar onde a eletricidade n\u00e3o \u00e9 constante e os moradores vivem sem internet e luz 24 horas. Como essa cidade funciona?","breadcrumb":{"@id":"https:\/\/www.correiobraziliense.com.br\/cbradar\/essa-cidade-vive-sem-eletricidade-veja-como\/#breadcrumb"},"inLanguage":"pt-BR","potentialAction":[{"@type":"ReadAction","target":["https:\/\/www.correiobraziliense.com.br\/cbradar\/essa-cidade-vive-sem-eletricidade-veja-como\/"]}]},{"@type":"ImageObject","inLanguage":"pt-BR","@id":"https:\/\/www.correiobraziliense.com.br\/cbradar\/essa-cidade-vive-sem-eletricidade-veja-como\/#primaryimage","url":"https:\/\/www.correiobraziliense.com.br\/cbradar\/wp-content\/uploads\/2025\/03\/Tristan-da-Cunha.png","contentUrl":"https:\/\/www.correiobraziliense.com.br\/cbradar\/wp-content\/uploads\/2025\/03\/Tristan-da-Cunha.png","width":1280,"height":720,"caption":"Tristan da Cunha. Fonte: Brian Gratwicke, CC BY 2.0, via Wikimedia Commons"},{"@type":"BreadcrumbList","@id":"https:\/\/www.correiobraziliense.com.br\/cbradar\/essa-cidade-vive-sem-eletricidade-veja-como\/#breadcrumb","itemListElement":[{"@type":"ListItem","position":1,"name":"In\u00edcio","item":"https:\/\/www.correiobraziliense.com.br\/cbradar\/"},{"@type":"ListItem","position":2,"name":"Essa cidade vive sem eletricidade, veja como"}]},{"@type":"WebSite","@id":"https:\/\/www.correiobraziliense.com.br\/cbradar\/#website","url":"https:\/\/www.correiobraziliense.com.br\/cbradar\/","name":"Correio Braziliense - Radar","description":"Acompanhe as \u00faltimas not\u00edcias e fique bem informado sobre tudo o que acontece no Brasil e no mundo.","potentialAction":[{"@type":"SearchAction","target":{"@type":"EntryPoint","urlTemplate":"https:\/\/www.correiobraziliense.com.br\/cbradar\/?s={search_term_string}"},"query-input":{"@type":"PropertyValueSpecification","valueRequired":true,"valueName":"search_term_string"}}],"inLanguage":"pt-BR"},{"@type":"Person","@id":"https:\/\/www.correiobraziliense.com.br\/cbradar\/#\/schema\/person\/58422787644df994b53a19d3e56c1513","name":"Larissa Carvalho","image":{"@type":"ImageObject","inLanguage":"pt-BR","@id":"https:\/\/www.correiobraziliense.com.br\/cbradar\/#\/schema\/person\/image\/","url":"https:\/\/secure.gravatar.com\/avatar\/fe4f91a0de32b52a838d0d612abdc1aa?s=96&d=mm&r=g","contentUrl":"https:\/\/secure.gravatar.com\/avatar\/fe4f91a0de32b52a838d0d612abdc1aa?s=96&d=mm&r=g","caption":"Larissa Carvalho"},"url":"https:\/\/www.correiobraziliense.com.br\/cbradar\/author\/larissamyth\/"}]}},"_links":{"self":[{"href":"https:\/\/www.correiobraziliense.com.br\/cbradar\/wp-json\/wp\/v2\/posts\/10339","targetHints":{"allow":["GET"]}}],"collection":[{"href":"https:\/\/www.correiobraziliense.com.br\/cbradar\/wp-json\/wp\/v2\/posts"}],"about":[{"href":"https:\/\/www.correiobraziliense.com.br\/cbradar\/wp-json\/wp\/v2\/types\/post"}],"author":[{"embeddable":true,"href":"https:\/\/www.correiobraziliense.com.br\/cbradar\/wp-json\/wp\/v2\/users\/3"}],"replies":[{"embeddable":true,"href":"https:\/\/www.correiobraziliense.com.br\/cbradar\/wp-json\/wp\/v2\/comments?post=10339"}],"version-history":[{"count":1,"href":"https:\/\/www.correiobraziliense.com.br\/cbradar\/wp-json\/wp\/v2\/posts\/10339\/revisions"}],"predecessor-version":[{"id":10371,"href":"https:\/\/www.correiobraziliense.com.br\/cbradar\/wp-json\/wp\/v2\/posts\/10339\/revisions\/10371"}],"wp:featuredmedia":[{"embeddable":true,"href":"https:\/\/www.correiobraziliense.com.br\/cbradar\/wp-json\/wp\/v2\/media\/10366"}],"wp:attachment":[{"href":"https:\/\/www.correiobraziliense.com.br\/cbradar\/wp-json\/wp\/v2\/media?parent=10339"}],"wp:term":[{"taxonomy":"category","embeddable":true,"href":"https:\/\/www.correiobraziliense.com.br\/cbradar\/wp-json\/wp\/v2\/categories?post=10339"},{"taxonomy":"post_tag","embeddable":true,"href":"https:\/\/www.correiobraziliense.com.br\/cbradar\/wp-json\/wp\/v2\/post_tag?post=10339"}],"curies":[{"name":"wp","href":"https:\/\/api.w.org\/{rel}","templated":true}]}}