{"id":10342,"date":"2025-03-09T08:30:00","date_gmt":"2025-03-09T11:30:00","guid":{"rendered":"https:\/\/www.correiobraziliense.com.br\/cbradar\/?p=10342"},"modified":"2025-03-07T22:03:08","modified_gmt":"2025-03-08T01:03:08","slug":"veja-qual-alexa-comprar-em-2025","status":"publish","type":"post","link":"https:\/\/www.correiobraziliense.com.br\/cbradar\/veja-qual-alexa-comprar-em-2025\/","title":{"rendered":"Veja qual Alexa comprar em 2025"},"content":{"rendered":"\n<p>Em 2025, a linha de <strong>smart speakers Echo<\/strong> da <strong><a href=\"https:\/\/www.amazon.com.br\/\" target=\"_blank\" rel=\"noreferrer noopener\">Amazon<\/a> <\/strong>continua a oferecer uma ampla gama de op\u00e7\u00f5es para os consumidores interessados em integrar a assistente virtual <strong><a href=\"https:\/\/www.correiobraziliense.com.br\/cbradar\/alexa-vai-ganhar-novas-funcoes-e-ficar-ainda-mais-inteligente-entenda\/\" target=\"_blank\" rel=\"noreferrer noopener\">Alexa<\/a> <\/strong>em suas rotinas di\u00e1rias. Com pre\u00e7os que variam de R$ 319 a R$ 2.699, os dispositivos Echo atendem a diferentes necessidades e prefer\u00eancias, desde modelos compactos e acess\u00edveis at\u00e9 vers\u00f5es mais sofisticadas com telas e recursos avan\u00e7ados.<\/p>\n\n\n\n<p>Os dispositivos Echo s\u00e3o projetados para facilitar a intera\u00e7\u00e3o com a Alexa, permitindo que os usu\u00e1rios controlem m\u00fasicas, dispositivos inteligentes, obtenham informa\u00e7\u00f5es e realizem chamadas de maneira pr\u00e1tica e intuitiva. A seguir, exploraremos os principais modelos dispon\u00edveis no mercado, destacando suas caracter\u00edsticas, pre\u00e7os e avalia\u00e7\u00f5es de usu\u00e1rios para ajudar na escolha do dispositivo ideal.<\/p>\n\n\n\n<h2 class=\"wp-block-heading\"><strong>Quais s\u00e3o os modelos de Echo dispon\u00edveis?<\/strong><\/h2>\n\n\n\n<p>A linha Echo inclui uma variedade de modelos, cada um com suas pr\u00f3prias caracter\u00edsticas e funcionalidades. Entre os modelos mais populares est\u00e3o o <strong>Echo Pop<\/strong>, <strong>Echo Dot (5\u00aa gera\u00e7\u00e3o)<\/strong>, <strong>Echo Spot, Echo Show 5 (3\u00aa gera\u00e7\u00e3o), Echo (4\u00aa gera\u00e7\u00e3o), Echo Show 8 (2\u00aa gera\u00e7\u00e3o), Echo Studio e Echo Show 15<\/strong>. Cada um desses dispositivos oferece uma experi\u00eancia \u00fanica, adaptando-se a diferentes ambientes e prefer\u00eancias dos usu\u00e1rios.<\/p>\n\n\n\n<figure class=\"wp-block-image size-large\"><img decoding=\"async\" width=\"1024\" height=\"576\" src=\"https:\/\/www.correiobraziliense.com.br\/cbradar\/wp-content\/uploads\/2025\/03\/alexa_1741375608332-1024x576.jpg\" alt=\"Veja qual Alexa comprar em 2025\" class=\"wp-image-10345\" srcset=\"https:\/\/www.correiobraziliense.com.br\/cbradar\/wp-content\/uploads\/2025\/03\/alexa_1741375608332-1024x576.jpg 1024w, https:\/\/www.correiobraziliense.com.br\/cbradar\/wp-content\/uploads\/2025\/03\/alexa_1741375608332-300x169.jpg 300w, https:\/\/www.correiobraziliense.com.br\/cbradar\/wp-content\/uploads\/2025\/03\/alexa_1741375608332-768x432.jpg 768w, https:\/\/www.correiobraziliense.com.br\/cbradar\/wp-content\/uploads\/2025\/03\/alexa_1741375608332-750x422.jpg 750w, https:\/\/www.correiobraziliense.com.br\/cbradar\/wp-content\/uploads\/2025\/03\/alexa_1741375608332-1140x641.jpg 1140w, https:\/\/www.correiobraziliense.com.br\/cbradar\/wp-content\/uploads\/2025\/03\/alexa_1741375608332.jpg 1280w\" sizes=\"(max-width: 1024px) 100vw, 1024px\" \/><figcaption class=\"wp-element-caption\">Alexa. Cr\u00e9ditos: depositphotos.com \/ Karneg<\/figcaption><\/figure>\n\n\n\n<h2 class=\"wp-block-heading\"><strong>Echo Pop: O modelo mais acess\u00edvel<\/strong><\/h2>\n\n\n\n<p>O Echo Pop \u00e9 o smart speaker mais acess\u00edvel da linha, com um pre\u00e7o inicial de R$ 319. Este dispositivo compacto \u00e9 ideal para espa\u00e7os pequenos, oferecendo funcionalidades b\u00e1sicas da Alexa, como controle de m\u00fasicas e dispositivos de casa inteligente. Apesar de seu pre\u00e7o acess\u00edvel, o Echo Pop \u00e9 elogiado por sua efici\u00eancia, embora alguns usu\u00e1rios apontem a qualidade de som b\u00e1sica e recursos limitados como desvantagens.<\/p>\n\n\n\n<h2 class=\"wp-block-heading\"><strong>Echo Dot (5\u00aa gera\u00e7\u00e3o): Som aprimorado em um design compacto<\/strong><\/h2>\n\n\n\n<p>O Echo Dot (5\u00aa gera\u00e7\u00e3o) oferece uma melhoria significativa na qualidade de som em compara\u00e7\u00e3o com o Echo Pop, apresentando graves mais potentes e vocais mais n\u00edtidos. Com um design esf\u00e9rico e compacto, este modelo \u00e9 adequado para qualquer ambiente e est\u00e1 dispon\u00edvel por R$ 459. Usu\u00e1rios apreciam o design e a qualidade sonora, mas alguns relatam dificuldades com o reconhecimento de voz.<\/p>\n\n\n\n<h2 class=\"wp-block-heading\"><strong>Como escolher o melhor Echo para sua casa?<\/strong><\/h2>\n\n\n\n<p>Escolher o dispositivo Echo ideal depende de v\u00e1rios fatores, incluindo o espa\u00e7o dispon\u00edvel, o or\u00e7amento e as funcionalidades desejadas. Para aqueles que buscam uma experi\u00eancia visual, os modelos Echo Show, como o Echo Show 5 (3\u00aa gera\u00e7\u00e3o) e o Echo Show 15, oferecem telas que permitem assistir a v\u00eddeos e realizar chamadas de v\u00eddeo. J\u00e1 para os entusiastas de \u00e1udio, o Echo Studio proporciona uma experi\u00eancia sonora premium com \u00e1udio espacial e adapta\u00e7\u00e3o autom\u00e1tica ao ambiente.<\/p>\n\n\n\n<p>Em \u00faltima an\u00e1lise, a escolha do dispositivo Echo deve considerar o equil\u00edbrio entre pre\u00e7o, funcionalidades e prefer\u00eancias pessoais. Com uma gama diversificada de op\u00e7\u00f5es, a linha Echo da Amazon continua a ser uma escolha popular para aqueles que desejam integrar a tecnologia de assistente virtual em suas vidas di\u00e1rias.<\/p>\n","protected":false},"excerpt":{"rendered":"<p>Conhe\u00e7a os modelos de dispositivos Echo dispon\u00edveis em 2025 e descubra como escolher o ideal para sua casa, com base em pre\u00e7o e prefer\u00eancias.<\/p>\n","protected":false},"author":3,"featured_media":10343,"comment_status":"open","ping_status":"open","sticky":false,"template":"","format":"standard","meta":{"_yoast_wpseo_focuskw":"Alexa","_yoast_wpseo_title":"%%title%%","_yoast_wpseo_metadesc":"Conhe\u00e7a os modelos de dispositivos Echo dispon\u00edveis em 2025 e descubra como escolher o ideal para sua casa, com base em pre\u00e7o e prefer\u00eancias.","jnews-multi-image_gallery":[],"jnews_single_post":{"format":"standard"},"jnews_primary_category":[],"jnews_social_meta":[],"jnews_override_counter":[],"footnotes":""},"categories":[115],"tags":[489,488],"class_list":["post-10342","post","type-post","status-publish","format-standard","has-post-thumbnail","hentry","category-tecnologia","tag-alexa","tag-amazon"],"yoast_head":"<!-- This site is optimized with the Yoast SEO plugin v24.6 - https:\/\/yoast.com\/wordpress\/plugins\/seo\/ -->\n<title>Veja qual Alexa comprar em 2025<\/title>\n<meta name=\"description\" content=\"Conhe\u00e7a os modelos de dispositivos Echo dispon\u00edveis em 2025 e descubra como escolher o ideal para sua casa, com base em pre\u00e7o e prefer\u00eancias.\" \/>\n<meta name=\"robots\" content=\"index, follow, max-snippet:-1, max-image-preview:large, max-video-preview:-1\" \/>\n<link rel=\"canonical\" href=\"https:\/\/www.correiobraziliense.com.br\/cbradar\/veja-qual-alexa-comprar-em-2025\/\" \/>\n<meta property=\"og:locale\" content=\"pt_BR\" \/>\n<meta property=\"og:type\" content=\"article\" \/>\n<meta property=\"og:title\" content=\"Veja qual Alexa comprar em 2025\" \/>\n<meta property=\"og:description\" content=\"Conhe\u00e7a os modelos de dispositivos Echo dispon\u00edveis em 2025 e descubra como escolher o ideal para sua casa, com base em pre\u00e7o e prefer\u00eancias.\" \/>\n<meta property=\"og:url\" content=\"https:\/\/www.correiobraziliense.com.br\/cbradar\/veja-qual-alexa-comprar-em-2025\/\" \/>\n<meta property=\"og:site_name\" content=\"Correio Braziliense - Radar\" \/>\n<meta property=\"article:published_time\" content=\"2025-03-09T11:30:00+00:00\" \/>\n<meta property=\"og:image\" content=\"https:\/\/www.correiobraziliense.com.br\/cbradar\/wp-content\/uploads\/2025\/03\/alexa_1741375581918.jpg\" \/>\n\t<meta property=\"og:image:width\" content=\"1280\" \/>\n\t<meta property=\"og:image:height\" content=\"720\" \/>\n\t<meta property=\"og:image:type\" content=\"image\/jpeg\" \/>\n<meta name=\"author\" content=\"Larissa Carvalho\" \/>\n<meta name=\"twitter:card\" content=\"summary_large_image\" \/>\n<meta name=\"twitter:label1\" content=\"Escrito por\" \/>\n\t<meta name=\"twitter:data1\" content=\"Larissa Carvalho\" \/>\n\t<meta name=\"twitter:label2\" content=\"Est. tempo de leitura\" \/>\n\t<meta name=\"twitter:data2\" content=\"4 minutos\" \/>\n<!-- \/ Yoast SEO plugin. -->","yoast_head_json":{"title":"Veja qual Alexa comprar em 2025","description":"Conhe\u00e7a os modelos de dispositivos Echo dispon\u00edveis em 2025 e descubra como escolher o ideal para sua casa, com base em pre\u00e7o e prefer\u00eancias.","robots":{"index":"index","follow":"follow","max-snippet":"max-snippet:-1","max-image-preview":"max-image-preview:large","max-video-preview":"max-video-preview:-1"},"canonical":"https:\/\/www.correiobraziliense.com.br\/cbradar\/veja-qual-alexa-comprar-em-2025\/","og_locale":"pt_BR","og_type":"article","og_title":"Veja qual Alexa comprar em 2025","og_description":"Conhe\u00e7a os modelos de dispositivos Echo dispon\u00edveis em 2025 e descubra como escolher o ideal para sua casa, com base em pre\u00e7o e prefer\u00eancias.","og_url":"https:\/\/www.correiobraziliense.com.br\/cbradar\/veja-qual-alexa-comprar-em-2025\/","og_site_name":"Correio Braziliense - Radar","article_published_time":"2025-03-09T11:30:00+00:00","og_image":[{"width":1280,"height":720,"url":"https:\/\/www.correiobraziliense.com.br\/cbradar\/wp-content\/uploads\/2025\/03\/alexa_1741375581918.jpg","type":"image\/jpeg"}],"author":"Larissa Carvalho","twitter_card":"summary_large_image","twitter_misc":{"Escrito por":"Larissa Carvalho","Est. tempo de leitura":"4 minutos"},"schema":{"@context":"https:\/\/schema.org","@graph":[{"@type":"WebPage","@id":"https:\/\/www.correiobraziliense.com.br\/cbradar\/veja-qual-alexa-comprar-em-2025\/","url":"https:\/\/www.correiobraziliense.com.br\/cbradar\/veja-qual-alexa-comprar-em-2025\/","name":"Veja qual Alexa comprar em 2025","isPartOf":{"@id":"https:\/\/www.correiobraziliense.com.br\/cbradar\/#website"},"primaryImageOfPage":{"@id":"https:\/\/www.correiobraziliense.com.br\/cbradar\/veja-qual-alexa-comprar-em-2025\/#primaryimage"},"image":{"@id":"https:\/\/www.correiobraziliense.com.br\/cbradar\/veja-qual-alexa-comprar-em-2025\/#primaryimage"},"thumbnailUrl":"https:\/\/www.correiobraziliense.com.br\/cbradar\/wp-content\/uploads\/2025\/03\/alexa_1741375581918.jpg","datePublished":"2025-03-09T11:30:00+00:00","author":{"@id":"https:\/\/www.correiobraziliense.com.br\/cbradar\/#\/schema\/person\/58422787644df994b53a19d3e56c1513"},"description":"Conhe\u00e7a os modelos de dispositivos Echo dispon\u00edveis em 2025 e descubra como escolher o ideal para sua casa, com base em pre\u00e7o e prefer\u00eancias.","breadcrumb":{"@id":"https:\/\/www.correiobraziliense.com.br\/cbradar\/veja-qual-alexa-comprar-em-2025\/#breadcrumb"},"inLanguage":"pt-BR","potentialAction":[{"@type":"ReadAction","target":["https:\/\/www.correiobraziliense.com.br\/cbradar\/veja-qual-alexa-comprar-em-2025\/"]}]},{"@type":"ImageObject","inLanguage":"pt-BR","@id":"https:\/\/www.correiobraziliense.com.br\/cbradar\/veja-qual-alexa-comprar-em-2025\/#primaryimage","url":"https:\/\/www.correiobraziliense.com.br\/cbradar\/wp-content\/uploads\/2025\/03\/alexa_1741375581918.jpg","contentUrl":"https:\/\/www.correiobraziliense.com.br\/cbradar\/wp-content\/uploads\/2025\/03\/alexa_1741375581918.jpg","width":1280,"height":720,"caption":"alexa. Cr\u00e9ditos: depositphotos.com \/ akulamatiau"},{"@type":"BreadcrumbList","@id":"https:\/\/www.correiobraziliense.com.br\/cbradar\/veja-qual-alexa-comprar-em-2025\/#breadcrumb","itemListElement":[{"@type":"ListItem","position":1,"name":"In\u00edcio","item":"https:\/\/www.correiobraziliense.com.br\/cbradar\/"},{"@type":"ListItem","position":2,"name":"Veja qual Alexa comprar em 2025"}]},{"@type":"WebSite","@id":"https:\/\/www.correiobraziliense.com.br\/cbradar\/#website","url":"https:\/\/www.correiobraziliense.com.br\/cbradar\/","name":"Correio Braziliense - Radar","description":"Acompanhe as \u00faltimas not\u00edcias e fique bem informado sobre tudo o que acontece no Brasil e no mundo.","potentialAction":[{"@type":"SearchAction","target":{"@type":"EntryPoint","urlTemplate":"https:\/\/www.correiobraziliense.com.br\/cbradar\/?s={search_term_string}"},"query-input":{"@type":"PropertyValueSpecification","valueRequired":true,"valueName":"search_term_string"}}],"inLanguage":"pt-BR"},{"@type":"Person","@id":"https:\/\/www.correiobraziliense.com.br\/cbradar\/#\/schema\/person\/58422787644df994b53a19d3e56c1513","name":"Larissa Carvalho","image":{"@type":"ImageObject","inLanguage":"pt-BR","@id":"https:\/\/www.correiobraziliense.com.br\/cbradar\/#\/schema\/person\/image\/","url":"https:\/\/secure.gravatar.com\/avatar\/fe4f91a0de32b52a838d0d612abdc1aa?s=96&d=mm&r=g","contentUrl":"https:\/\/secure.gravatar.com\/avatar\/fe4f91a0de32b52a838d0d612abdc1aa?s=96&d=mm&r=g","caption":"Larissa Carvalho"},"url":"https:\/\/www.correiobraziliense.com.br\/cbradar\/author\/larissamyth\/"}]}},"_links":{"self":[{"href":"https:\/\/www.correiobraziliense.com.br\/cbradar\/wp-json\/wp\/v2\/posts\/10342","targetHints":{"allow":["GET"]}}],"collection":[{"href":"https:\/\/www.correiobraziliense.com.br\/cbradar\/wp-json\/wp\/v2\/posts"}],"about":[{"href":"https:\/\/www.correiobraziliense.com.br\/cbradar\/wp-json\/wp\/v2\/types\/post"}],"author":[{"embeddable":true,"href":"https:\/\/www.correiobraziliense.com.br\/cbradar\/wp-json\/wp\/v2\/users\/3"}],"replies":[{"embeddable":true,"href":"https:\/\/www.correiobraziliense.com.br\/cbradar\/wp-json\/wp\/v2\/comments?post=10342"}],"version-history":[{"count":2,"href":"https:\/\/www.correiobraziliense.com.br\/cbradar\/wp-json\/wp\/v2\/posts\/10342\/revisions"}],"predecessor-version":[{"id":10421,"href":"https:\/\/www.correiobraziliense.com.br\/cbradar\/wp-json\/wp\/v2\/posts\/10342\/revisions\/10421"}],"wp:featuredmedia":[{"embeddable":true,"href":"https:\/\/www.correiobraziliense.com.br\/cbradar\/wp-json\/wp\/v2\/media\/10343"}],"wp:attachment":[{"href":"https:\/\/www.correiobraziliense.com.br\/cbradar\/wp-json\/wp\/v2\/media?parent=10342"}],"wp:term":[{"taxonomy":"category","embeddable":true,"href":"https:\/\/www.correiobraziliense.com.br\/cbradar\/wp-json\/wp\/v2\/categories?post=10342"},{"taxonomy":"post_tag","embeddable":true,"href":"https:\/\/www.correiobraziliense.com.br\/cbradar\/wp-json\/wp\/v2\/tags?post=10342"}],"curies":[{"name":"wp","href":"https:\/\/api.w.org\/{rel}","templated":true}]}}