{"id":10373,"date":"2025-03-08T09:30:00","date_gmt":"2025-03-08T12:30:00","guid":{"rendered":"https:\/\/www.correiobraziliense.com.br\/cbradar\/?p=10373"},"modified":"2025-03-08T05:34:37","modified_gmt":"2025-03-08T08:34:37","slug":"essa-cidade-existe-dentro-de-uma-prisao-entenda","status":"publish","type":"post","link":"https:\/\/www.correiobraziliense.com.br\/cbradar\/essa-cidade-existe-dentro-de-uma-prisao-entenda\/","title":{"rendered":"Essa cidade existe dentro de uma pris\u00e3o, entenda"},"content":{"rendered":"\n<p>Quando pensamos em pris\u00f5es, imaginamos locais isolados, com regras r\u00edgidas e pouco contato com o mundo exterior. Mas existe um lugar onde a pris\u00e3o funciona como uma <strong>cidade em miniatura<\/strong>, com mercados, restaurantes e at\u00e9 casas para fam\u00edlias. Esse lugar \u00e9 a <strong>Pris\u00e3o de San Pedro<\/strong>, na Bol\u00edvia, uma das mais inusitadas do mundo.<\/p>\n\n\n\n<p>Diferente de pres\u00eddios tradicionais, <strong>San Pedro<\/strong> n\u00e3o \u00e9 apenas um centro de deten\u00e7\u00e3o \u2013 \u00e9 tamb\u00e9m um local onde os presos vivem com suas fam\u00edlias, trabalham, compram im\u00f3veis e administram suas pr\u00f3prias regras. Mas como essa cidade-pris\u00e3o surgiu e como funciona o dia a dia em um lugar assim?<\/p>\n\n\n\n<h2 class=\"wp-block-heading\"><strong>Como a pris\u00e3o de San Pedro virou uma cidade?<\/strong><\/h2>\n\n\n\n<p>Localizada no cora\u00e7\u00e3o de La Paz, San Pedro come\u00e7ou como uma pris\u00e3o comum, mas rapidamente se transformou em algo \u00fanico. Com superlota\u00e7\u00e3o e falta de controle governamental, os pr\u00f3prios detentos criaram um sistema interno para organizar a vida dentro dos muros.<\/p>\n\n\n\n<p>Os presos n\u00e3o s\u00e3o simplesmente trancados em celas \u2013 eles precisam <strong>comprar ou alugar suas pr\u00f3prias &#8220;casas&#8221;<\/strong> dentro da pris\u00e3o. Os espa\u00e7os variam de pequenos quartos at\u00e9 acomoda\u00e7\u00f5es mais luxuosas, dependendo da condi\u00e7\u00e3o financeira do detento. O sistema \u00e9 t\u00e3o estruturado que h\u00e1 at\u00e9 bairros internos, com \u00e1reas mais pobres e outras mais privilegiadas.<\/p>\n\n\n\n<p>Al\u00e9m disso, muitos detentos trazem suas fam\u00edlias para morar com eles, incluindo esposas e filhos. Como n\u00e3o h\u00e1 presen\u00e7a constante de guardas dentro dos muros, a pr\u00f3pria comunidade estabelece regras de conviv\u00eancia e seguran\u00e7a.<\/p>\n\n\n\n<figure class=\"wp-block-image size-large\"><img decoding=\"async\" width=\"1024\" height=\"576\" src=\"https:\/\/www.correiobraziliense.com.br\/cbradar\/wp-content\/uploads\/2025\/03\/prisao_1741377661224-1024x576.jpg\" alt=\"Essa cidade existe dentro de uma pris\u00e3o, entenda\" class=\"wp-image-10375\" srcset=\"https:\/\/www.correiobraziliense.com.br\/cbradar\/wp-content\/uploads\/2025\/03\/prisao_1741377661224-1024x576.jpg 1024w, https:\/\/www.correiobraziliense.com.br\/cbradar\/wp-content\/uploads\/2025\/03\/prisao_1741377661224-300x169.jpg 300w, https:\/\/www.correiobraziliense.com.br\/cbradar\/wp-content\/uploads\/2025\/03\/prisao_1741377661224-768x432.jpg 768w, https:\/\/www.correiobraziliense.com.br\/cbradar\/wp-content\/uploads\/2025\/03\/prisao_1741377661224-750x422.jpg 750w, https:\/\/www.correiobraziliense.com.br\/cbradar\/wp-content\/uploads\/2025\/03\/prisao_1741377661224-1140x641.jpg 1140w, https:\/\/www.correiobraziliense.com.br\/cbradar\/wp-content\/uploads\/2025\/03\/prisao_1741377661224.jpg 1280w\" sizes=\"(max-width: 1024px) 100vw, 1024px\" \/><figcaption class=\"wp-element-caption\">Pris\u00e3o. Cr\u00e9ditos: depositphotos.com \/ albund<\/figcaption><\/figure>\n\n\n\n<h2 class=\"wp-block-heading\"><strong>Como \u00e9 o dia a dia dentro da pris\u00e3o?<\/strong><\/h2>\n\n\n\n<p>Dentro de San Pedro, a rotina se assemelha mais a uma pequena cidade do que a um pres\u00eddio convencional. Os presos trabalham para se sustentar, vendendo comida, oferecendo servi\u00e7os como barbeiros ou encanadores e at\u00e9 gerenciando pequenas lojas.<\/p>\n\n\n\n<p>As crian\u00e7as que vivem dentro da pris\u00e3o saem para estudar em escolas do lado de fora e depois voltam para casa, dentro dos muros da penitenci\u00e1ria. Os moradores se locomovem livremente pelo espa\u00e7o, e h\u00e1 at\u00e9 eventos e feiras onde \u00e9 poss\u00edvel comprar produtos feitos pelos pr\u00f3prios detentos.<\/p>\n\n\n\n<p>Embora a pris\u00e3o tenha suas pr\u00f3prias regras, a viol\u00eancia n\u00e3o \u00e9 inexistente. O sistema interno de justi\u00e7a \u00e9 muitas vezes administrado pelos pr\u00f3prios prisioneiros mais influentes, e quem desrespeita as regras pode sofrer puni\u00e7\u00f5es severas.<\/p>\n\n\n\n<h3 class=\"wp-block-heading\"><strong>Curiosidades sobre San Pedro<\/strong><\/h3>\n\n\n\n<ul class=\"wp-block-list\">\n<li><strong>Os presos precisam pagar por suas celas<\/strong> \u2013 N\u00e3o h\u00e1 distribui\u00e7\u00e3o de espa\u00e7o; quem tem dinheiro consegue morar em acomoda\u00e7\u00f5es melhores.<\/li>\n\n\n\n<li><strong>N\u00e3o h\u00e1 guardas dentro da pris\u00e3o<\/strong> \u2013 A seguran\u00e7a \u00e9 controlada pelos pr\u00f3prios prisioneiros, enquanto os policiais ficam apenas do lado de fora.<\/li>\n\n\n\n<li><strong>Crian\u00e7as crescem dentro da pris\u00e3o<\/strong> \u2013 Muitas fam\u00edlias moram l\u00e1, e as crian\u00e7as saem para estudar e voltam para casa na pris\u00e3o.<\/li>\n\n\n\n<li><strong>H\u00e1 restaurantes, lojas e mercados internos<\/strong> \u2013 Os pr\u00f3prios presos criaram um sistema econ\u00f4mico dentro dos muros.<\/li>\n\n\n\n<li><strong>Turistas j\u00e1 podiam visitar a pris\u00e3o<\/strong> \u2013 Durante anos, estrangeiros podiam pagar para fazer &#8220;tours&#8221; dentro de San Pedro, mas o governo proibiu essa pr\u00e1tica.<\/li>\n<\/ul>\n\n\n\n<h2 class=\"wp-block-heading\"><strong>Uma pris\u00e3o ou uma sociedade alternativa?<\/strong><\/h2>\n\n\n\n<p>San Pedro desafia todas as concep\u00e7\u00f5es tradicionais de um pres\u00eddio. Para muitos, parece uma cidade funcional onde os moradores se organizam sem interfer\u00eancia do Estado. Para outros, \u00e9 um sistema ca\u00f3tico, onde a justi\u00e7a se tornou informal e perigosamente descontrolada.<\/p>\n\n\n\n<p>Independentemente da vis\u00e3o, a pris\u00e3o de San Pedro continua sendo um dos lugares mais incomuns do mundo \u2013 um lugar onde a linha entre puni\u00e7\u00e3o e liberdade se tornou completamente borrada.<\/p>\n","protected":false},"excerpt":{"rendered":"<p>Existe uma pris\u00e3o onde os detentos vivem com suas fam\u00edlias, compram casas e trabalham como se estivessem em uma cidade normal.<\/p>\n","protected":false},"author":3,"featured_media":10563,"comment_status":"open","ping_status":"open","sticky":false,"template":"","format":"standard","meta":{"_yoast_wpseo_focuskw":"cidade pris\u00e3o","_yoast_wpseo_title":"%%title%%","_yoast_wpseo_metadesc":"Existe uma pris\u00e3o onde os detentos vivem com suas fam\u00edlias, compram casas e trabalham como se estivessem em uma cidade normal.","jnews-multi-image_gallery":[],"jnews_single_post":{"format":"standard"},"jnews_primary_category":[],"jnews_social_meta":[],"jnews_override_counter":[],"footnotes":""},"categories":[108],"post_tag":[109],"class_list":["post-10373","post","type-post","status-publish","format-standard","has-post-thumbnail","hentry","category-cidades","tag-cidades"],"yoast_head":"<!-- This site is optimized with the Yoast SEO plugin v24.6 - https:\/\/yoast.com\/wordpress\/plugins\/seo\/ -->\n<title>Essa cidade existe dentro de uma pris\u00e3o, entenda<\/title>\n<meta name=\"description\" content=\"Existe uma pris\u00e3o onde os detentos vivem com suas fam\u00edlias, compram casas e trabalham como se estivessem em uma cidade normal.\" \/>\n<meta name=\"robots\" content=\"index, follow, max-snippet:-1, max-image-preview:large, max-video-preview:-1\" \/>\n<link rel=\"canonical\" href=\"https:\/\/www.correiobraziliense.com.br\/cbradar\/essa-cidade-existe-dentro-de-uma-prisao-entenda\/\" \/>\n<meta property=\"og:locale\" content=\"pt_BR\" \/>\n<meta property=\"og:type\" content=\"article\" \/>\n<meta property=\"og:title\" content=\"Essa cidade existe dentro de uma pris\u00e3o, entenda\" \/>\n<meta property=\"og:description\" content=\"Existe uma pris\u00e3o onde os detentos vivem com suas fam\u00edlias, compram casas e trabalham como se estivessem em uma cidade normal.\" \/>\n<meta property=\"og:url\" content=\"https:\/\/www.correiobraziliense.com.br\/cbradar\/essa-cidade-existe-dentro-de-uma-prisao-entenda\/\" \/>\n<meta property=\"og:site_name\" content=\"Correio Braziliense - Radar\" \/>\n<meta property=\"article:published_time\" content=\"2025-03-08T12:30:00+00:00\" \/>\n<meta property=\"og:image\" content=\"https:\/\/www.correiobraziliense.com.br\/cbradar\/wp-content\/uploads\/2025\/03\/6490144693_5df3178f74_h-1.jpg\" \/>\n\t<meta property=\"og:image:width\" content=\"1599\" \/>\n\t<meta property=\"og:image:height\" content=\"1066\" \/>\n\t<meta property=\"og:image:type\" content=\"image\/jpeg\" \/>\n<meta name=\"author\" content=\"Larissa Carvalho\" \/>\n<meta name=\"twitter:card\" content=\"summary_large_image\" \/>\n<meta name=\"twitter:label1\" content=\"Escrito por\" \/>\n\t<meta name=\"twitter:data1\" content=\"Larissa Carvalho\" \/>\n\t<meta name=\"twitter:label2\" content=\"Est. tempo de leitura\" \/>\n\t<meta name=\"twitter:data2\" content=\"4 minutos\" \/>\n<!-- \/ Yoast SEO plugin. -->","yoast_head_json":{"title":"Essa cidade existe dentro de uma pris\u00e3o, entenda","description":"Existe uma pris\u00e3o onde os detentos vivem com suas fam\u00edlias, compram casas e trabalham como se estivessem em uma cidade normal.","robots":{"index":"index","follow":"follow","max-snippet":"max-snippet:-1","max-image-preview":"max-image-preview:large","max-video-preview":"max-video-preview:-1"},"canonical":"https:\/\/www.correiobraziliense.com.br\/cbradar\/essa-cidade-existe-dentro-de-uma-prisao-entenda\/","og_locale":"pt_BR","og_type":"article","og_title":"Essa cidade existe dentro de uma pris\u00e3o, entenda","og_description":"Existe uma pris\u00e3o onde os detentos vivem com suas fam\u00edlias, compram casas e trabalham como se estivessem em uma cidade normal.","og_url":"https:\/\/www.correiobraziliense.com.br\/cbradar\/essa-cidade-existe-dentro-de-uma-prisao-entenda\/","og_site_name":"Correio Braziliense - Radar","article_published_time":"2025-03-08T12:30:00+00:00","og_image":[{"width":1599,"height":1066,"url":"https:\/\/www.correiobraziliense.com.br\/cbradar\/wp-content\/uploads\/2025\/03\/6490144693_5df3178f74_h-1.jpg","type":"image\/jpeg"}],"author":"Larissa Carvalho","twitter_card":"summary_large_image","twitter_misc":{"Escrito por":"Larissa Carvalho","Est. tempo de leitura":"4 minutos"},"schema":{"@context":"https:\/\/schema.org","@graph":[{"@type":"WebPage","@id":"https:\/\/www.correiobraziliense.com.br\/cbradar\/essa-cidade-existe-dentro-de-uma-prisao-entenda\/","url":"https:\/\/www.correiobraziliense.com.br\/cbradar\/essa-cidade-existe-dentro-de-uma-prisao-entenda\/","name":"Essa cidade existe dentro de uma pris\u00e3o, entenda","isPartOf":{"@id":"https:\/\/www.correiobraziliense.com.br\/cbradar\/#website"},"primaryImageOfPage":{"@id":"https:\/\/www.correiobraziliense.com.br\/cbradar\/essa-cidade-existe-dentro-de-uma-prisao-entenda\/#primaryimage"},"image":{"@id":"https:\/\/www.correiobraziliense.com.br\/cbradar\/essa-cidade-existe-dentro-de-uma-prisao-entenda\/#primaryimage"},"thumbnailUrl":"https:\/\/www.correiobraziliense.com.br\/cbradar\/wp-content\/uploads\/2025\/03\/6490144693_5df3178f74_h-1.jpg","datePublished":"2025-03-08T12:30:00+00:00","author":{"@id":"https:\/\/www.correiobraziliense.com.br\/cbradar\/#\/schema\/person\/58422787644df994b53a19d3e56c1513"},"description":"Existe uma pris\u00e3o onde os detentos vivem com suas fam\u00edlias, compram casas e trabalham como se estivessem em uma cidade normal.","breadcrumb":{"@id":"https:\/\/www.correiobraziliense.com.br\/cbradar\/essa-cidade-existe-dentro-de-uma-prisao-entenda\/#breadcrumb"},"inLanguage":"pt-BR","potentialAction":[{"@type":"ReadAction","target":["https:\/\/www.correiobraziliense.com.br\/cbradar\/essa-cidade-existe-dentro-de-uma-prisao-entenda\/"]}]},{"@type":"ImageObject","inLanguage":"pt-BR","@id":"https:\/\/www.correiobraziliense.com.br\/cbradar\/essa-cidade-existe-dentro-de-uma-prisao-entenda\/#primaryimage","url":"https:\/\/www.correiobraziliense.com.br\/cbradar\/wp-content\/uploads\/2025\/03\/6490144693_5df3178f74_h-1.jpg","contentUrl":"https:\/\/www.correiobraziliense.com.br\/cbradar\/wp-content\/uploads\/2025\/03\/6490144693_5df3178f74_h-1.jpg","width":1599,"height":1066,"caption":"Essa cidade existe dentro de uma pris\u00e3o, entenda fonte flickr"},{"@type":"BreadcrumbList","@id":"https:\/\/www.correiobraziliense.com.br\/cbradar\/essa-cidade-existe-dentro-de-uma-prisao-entenda\/#breadcrumb","itemListElement":[{"@type":"ListItem","position":1,"name":"In\u00edcio","item":"https:\/\/www.correiobraziliense.com.br\/cbradar\/"},{"@type":"ListItem","position":2,"name":"Essa cidade existe dentro de uma pris\u00e3o, entenda"}]},{"@type":"WebSite","@id":"https:\/\/www.correiobraziliense.com.br\/cbradar\/#website","url":"https:\/\/www.correiobraziliense.com.br\/cbradar\/","name":"Correio Braziliense - Radar","description":"Acompanhe as \u00faltimas not\u00edcias e fique bem informado sobre tudo o que acontece no Brasil e no mundo.","potentialAction":[{"@type":"SearchAction","target":{"@type":"EntryPoint","urlTemplate":"https:\/\/www.correiobraziliense.com.br\/cbradar\/?s={search_term_string}"},"query-input":{"@type":"PropertyValueSpecification","valueRequired":true,"valueName":"search_term_string"}}],"inLanguage":"pt-BR"},{"@type":"Person","@id":"https:\/\/www.correiobraziliense.com.br\/cbradar\/#\/schema\/person\/58422787644df994b53a19d3e56c1513","name":"Larissa Carvalho","image":{"@type":"ImageObject","inLanguage":"pt-BR","@id":"https:\/\/www.correiobraziliense.com.br\/cbradar\/#\/schema\/person\/image\/","url":"https:\/\/secure.gravatar.com\/avatar\/fe4f91a0de32b52a838d0d612abdc1aa?s=96&d=mm&r=g","contentUrl":"https:\/\/secure.gravatar.com\/avatar\/fe4f91a0de32b52a838d0d612abdc1aa?s=96&d=mm&r=g","caption":"Larissa Carvalho"},"url":"https:\/\/www.correiobraziliense.com.br\/cbradar\/author\/larissamyth\/"}]}},"_links":{"self":[{"href":"https:\/\/www.correiobraziliense.com.br\/cbradar\/wp-json\/wp\/v2\/posts\/10373","targetHints":{"allow":["GET"]}}],"collection":[{"href":"https:\/\/www.correiobraziliense.com.br\/cbradar\/wp-json\/wp\/v2\/posts"}],"about":[{"href":"https:\/\/www.correiobraziliense.com.br\/cbradar\/wp-json\/wp\/v2\/types\/post"}],"author":[{"embeddable":true,"href":"https:\/\/www.correiobraziliense.com.br\/cbradar\/wp-json\/wp\/v2\/users\/3"}],"replies":[{"embeddable":true,"href":"https:\/\/www.correiobraziliense.com.br\/cbradar\/wp-json\/wp\/v2\/comments?post=10373"}],"version-history":[{"count":1,"href":"https:\/\/www.correiobraziliense.com.br\/cbradar\/wp-json\/wp\/v2\/posts\/10373\/revisions"}],"predecessor-version":[{"id":10377,"href":"https:\/\/www.correiobraziliense.com.br\/cbradar\/wp-json\/wp\/v2\/posts\/10373\/revisions\/10377"}],"wp:featuredmedia":[{"embeddable":true,"href":"https:\/\/www.correiobraziliense.com.br\/cbradar\/wp-json\/wp\/v2\/media\/10563"}],"wp:attachment":[{"href":"https:\/\/www.correiobraziliense.com.br\/cbradar\/wp-json\/wp\/v2\/media?parent=10373"}],"wp:term":[{"taxonomy":"category","embeddable":true,"href":"https:\/\/www.correiobraziliense.com.br\/cbradar\/wp-json\/wp\/v2\/categories?post=10373"},{"taxonomy":"post_tag","embeddable":true,"href":"https:\/\/www.correiobraziliense.com.br\/cbradar\/wp-json\/wp\/v2\/post_tag?post=10373"}],"curies":[{"name":"wp","href":"https:\/\/api.w.org\/{rel}","templated":true}]}}