{"id":10383,"date":"2025-03-08T20:10:00","date_gmt":"2025-03-08T23:10:00","guid":{"rendered":"https:\/\/www.correiobraziliense.com.br\/cbradar\/?p=10383"},"modified":"2025-03-07T18:57:57","modified_gmt":"2025-03-07T21:57:57","slug":"conheca-a-cidade-que-ficou-anos-submersa","status":"publish","type":"post","link":"https:\/\/www.correiobraziliense.com.br\/cbradar\/conheca-a-cidade-que-ficou-anos-submersa\/","title":{"rendered":"Conhe\u00e7a a cidade que ficou anos submersa"},"content":{"rendered":"\n<p>Imagine uma cidade completamente submersa, onde ruas, casas e pra\u00e7as ficaram escondidas debaixo d\u2019\u00e1gua por anos. Esse lugar existe e se chama <strong>Epecu\u00e9n<\/strong>, uma antiga cidade tur\u00edstica na Argentina que, ap\u00f3s uma enchente catastr\u00f3fica, passou <strong>25 anos submersa em um lago<\/strong> antes de ressurgir como uma cidade fantasma.<\/p>\n\n\n\n<p>Hoje, Epecu\u00e9n \u00e9 um cen\u00e1rio p\u00f3s-apocal\u00edptico, com ru\u00ednas que lembram um mundo esquecido. Mas como essa cidade foi engolida pela \u00e1gua? E o que aconteceu com os moradores depois da trag\u00e9dia?<\/p>\n\n\n\n<h2 class=\"wp-block-heading\"><strong>Como Epecu\u00e9n desapareceu?<\/strong><\/h2>\n\n\n\n<p>Nos anos 1920, Epecu\u00e9n era um dos destinos tur\u00edsticos mais populares da Argentina. Localizada \u00e0s margens da <strong>Laguna de Epecu\u00e9n<\/strong>, a cidade atra\u00eda milhares de visitantes por causa das \u00e1guas salinas do lago, que tinham uma concentra\u00e7\u00e3o de sal 10 vezes maior que a do oceano, sendo compar\u00e1veis ao Mar Morto. Muitos acreditavam que essas \u00e1guas tinham <strong>propriedades terap\u00eauticas<\/strong>, o que fez com que hot\u00e9is, restaurantes e lojas surgissem rapidamente na regi\u00e3o.<\/p>\n\n\n\n<p>No entanto, em 1985, uma trag\u00e9dia mudou tudo. Ap\u00f3s um per\u00edodo de chuvas intensas e falhas nas barreiras de conten\u00e7\u00e3o, o n\u00edvel da lagoa subiu rapidamente e rompeu os diques que protegiam a cidade. Em poucos dias, <strong>Epecu\u00e9n foi completamente inundada<\/strong>, e seus mais de 1.500 habitantes foram obrigados a abandonar tudo.<\/p>\n\n\n\n<figure class=\"wp-block-image size-large\"><img decoding=\"async\" width=\"1024\" height=\"576\" src=\"https:\/\/www.correiobraziliense.com.br\/cbradar\/wp-content\/uploads\/2025\/03\/Epecuen_1741378179951-1024x576.jpg\" alt=\"Conhe\u00e7a a cidade que ficou anos submersa\" class=\"wp-image-10387\" srcset=\"https:\/\/www.correiobraziliense.com.br\/cbradar\/wp-content\/uploads\/2025\/03\/Epecuen_1741378179951-1024x576.jpg 1024w, https:\/\/www.correiobraziliense.com.br\/cbradar\/wp-content\/uploads\/2025\/03\/Epecuen_1741378179951-300x169.jpg 300w, https:\/\/www.correiobraziliense.com.br\/cbradar\/wp-content\/uploads\/2025\/03\/Epecuen_1741378179951-768x432.jpg 768w, https:\/\/www.correiobraziliense.com.br\/cbradar\/wp-content\/uploads\/2025\/03\/Epecuen_1741378179951-750x422.jpg 750w, https:\/\/www.correiobraziliense.com.br\/cbradar\/wp-content\/uploads\/2025\/03\/Epecuen_1741378179951-1140x641.jpg 1140w, https:\/\/www.correiobraziliense.com.br\/cbradar\/wp-content\/uploads\/2025\/03\/Epecuen_1741378179951.jpg 1280w\" sizes=\"(max-width: 1024px) 100vw, 1024px\" \/><figcaption class=\"wp-element-caption\">Epecu\u00e9n. Cr\u00e9ditos: depositphotos.com \/ dimaberkut<\/figcaption><\/figure>\n\n\n\n<h2 class=\"wp-block-heading\"><strong>Como a cidade ressurgiu depois de 25 anos?<\/strong><\/h2>\n\n\n\n<p>Por mais de duas d\u00e9cadas, Epecu\u00e9n permaneceu submersa, sendo lentamente esquecida. Apenas no in\u00edcio dos anos 2000, com a redu\u00e7\u00e3o do n\u00edvel da lagoa, as \u00e1guas come\u00e7aram a recuar e revelar as ru\u00ednas da cidade perdida.<\/p>\n\n\n\n<p>O que emergiu foi um cen\u00e1rio surreal: <strong>casas destru\u00eddas, ruas cobertas de sal, \u00e1rvores mortas e escombros retorcidos<\/strong>. A longa exposi\u00e7\u00e3o \u00e0 \u00e1gua salgada cristalizou boa parte das estruturas, deixando tudo com um aspecto fantasmag\u00f3rico.<\/p>\n\n\n\n<p>Hoje, Epecu\u00e9n \u00e9 um destino tur\u00edstico peculiar. Muitos viajantes v\u00e3o at\u00e9 l\u00e1 para explorar as ru\u00ednas e conhecer a hist\u00f3ria da cidade submersa. O local tamb\u00e9m atrai fot\u00f3grafos, cineastas e at\u00e9 artistas que usam o cen\u00e1rio apocal\u00edptico como inspira\u00e7\u00e3o.<\/p>\n\n\n\n<h3 class=\"wp-block-heading\"><strong>Curiosidades sobre Epecu\u00e9n<\/strong><\/h3>\n\n\n\n<ul class=\"wp-block-list\">\n<li><strong>O \u00faltimo morador da cidade<\/strong> \u2013 Pablo Novak, um homem que se recusou a abandonar Epecu\u00e9n, vive sozinho entre as ru\u00ednas desde que a cidade reapareceu.<\/li>\n\n\n\n<li><strong>Turismo p\u00f3s-apocal\u00edptico<\/strong> \u2013 Apesar de destru\u00edda, Epecu\u00e9n recebe turistas que querem conhecer a cidade fantasma.<\/li>\n\n\n\n<li><strong>\u00c1gua com alto teor de sal<\/strong> \u2013 O lago continua sendo um dos corpos d\u2019\u00e1gua mais salgados do mundo, semelhante ao Mar Morto.<\/li>\n\n\n\n<li><strong>Uma cidade que nunca foi reconstru\u00edda<\/strong> \u2013 Diferente de outras cidades afetadas por enchentes, Epecu\u00e9n nunca foi recuperada, permanecendo como um lembrete da trag\u00e9dia.<\/li>\n\n\n\n<li><strong>Cen\u00e1rio de filmes e document\u00e1rios<\/strong> \u2013 O ambiente \u00fanico j\u00e1 serviu de inspira\u00e7\u00e3o para diversas produ\u00e7\u00f5es cinematogr\u00e1ficas.<\/li>\n<\/ul>\n\n\n\n<h2 class=\"wp-block-heading\"><strong>O que aprendemos com Epecu\u00e9n?<\/strong><\/h2>\n\n\n\n<p>A hist\u00f3ria de Epecu\u00e9n \u00e9 um lembrete poderoso de como a natureza pode transformar completamente uma cidade. O que antes era um pr\u00f3spero destino tur\u00edstico virou um cen\u00e1rio abandonado e melanc\u00f3lico.<\/p>\n\n\n\n<p>Apesar disso, Epecu\u00e9n continua viva na mem\u00f3ria de seus antigos moradores e nas visitas de turistas curiosos que querem ver com os pr\u00f3prios olhos a cidade que um dia viveu debaixo d\u2019\u00e1gua.<\/p>\n","protected":false},"excerpt":{"rendered":"<p>Existe uma cidade que passou 25 anos submersa antes de ressurgir como um cen\u00e1rio p\u00f3s-apocal\u00edptico. Descubra a impressionante hist\u00f3ria.<\/p>\n","protected":false},"author":3,"featured_media":10386,"comment_status":"open","ping_status":"open","sticky":false,"template":"","format":"standard","meta":{"_yoast_wpseo_focuskw":"cidade submersa","_yoast_wpseo_title":"%%title%%","_yoast_wpseo_metadesc":"Existe uma cidade que passou 25 anos submersa antes de ressurgir como um cen\u00e1rio p\u00f3s-apocal\u00edptico. Descubra a impressionante hist\u00f3ria.","jnews-multi-image_gallery":[],"jnews_single_post":{"format":"standard"},"jnews_primary_category":[],"jnews_social_meta":[],"jnews_override_counter":[],"footnotes":""},"categories":[108],"post_tag":[109],"class_list":["post-10383","post","type-post","status-publish","format-standard","has-post-thumbnail","hentry","category-cidades","tag-cidades"],"yoast_head":"<!-- This site is optimized with the Yoast SEO plugin v24.6 - https:\/\/yoast.com\/wordpress\/plugins\/seo\/ -->\n<title>Conhe\u00e7a a cidade que ficou anos submersa<\/title>\n<meta name=\"description\" content=\"Existe uma cidade que passou 25 anos submersa antes de ressurgir como um cen\u00e1rio p\u00f3s-apocal\u00edptico. Descubra a impressionante hist\u00f3ria.\" \/>\n<meta name=\"robots\" content=\"index, follow, max-snippet:-1, max-image-preview:large, max-video-preview:-1\" \/>\n<link rel=\"canonical\" href=\"https:\/\/www.correiobraziliense.com.br\/cbradar\/conheca-a-cidade-que-ficou-anos-submersa\/\" \/>\n<meta property=\"og:locale\" content=\"pt_BR\" \/>\n<meta property=\"og:type\" content=\"article\" \/>\n<meta property=\"og:title\" content=\"Conhe\u00e7a a cidade que ficou anos submersa\" \/>\n<meta property=\"og:description\" content=\"Existe uma cidade que passou 25 anos submersa antes de ressurgir como um cen\u00e1rio p\u00f3s-apocal\u00edptico. Descubra a impressionante hist\u00f3ria.\" \/>\n<meta property=\"og:url\" content=\"https:\/\/www.correiobraziliense.com.br\/cbradar\/conheca-a-cidade-que-ficou-anos-submersa\/\" \/>\n<meta property=\"og:site_name\" content=\"Correio Braziliense - Radar\" \/>\n<meta property=\"article:published_time\" content=\"2025-03-08T23:10:00+00:00\" \/>\n<meta property=\"og:image\" content=\"https:\/\/www.correiobraziliense.com.br\/cbradar\/wp-content\/uploads\/2025\/03\/Epecuen_1741378114677.jpg\" \/>\n\t<meta property=\"og:image:width\" content=\"1280\" \/>\n\t<meta property=\"og:image:height\" content=\"720\" \/>\n\t<meta property=\"og:image:type\" content=\"image\/jpeg\" \/>\n<meta name=\"author\" content=\"Larissa Carvalho\" \/>\n<meta name=\"twitter:card\" content=\"summary_large_image\" \/>\n<meta name=\"twitter:label1\" content=\"Escrito por\" \/>\n\t<meta name=\"twitter:data1\" content=\"Larissa Carvalho\" \/>\n\t<meta name=\"twitter:label2\" content=\"Est. tempo de leitura\" \/>\n\t<meta name=\"twitter:data2\" content=\"4 minutos\" \/>\n<!-- \/ Yoast SEO plugin. -->","yoast_head_json":{"title":"Conhe\u00e7a a cidade que ficou anos submersa","description":"Existe uma cidade que passou 25 anos submersa antes de ressurgir como um cen\u00e1rio p\u00f3s-apocal\u00edptico. Descubra a impressionante hist\u00f3ria.","robots":{"index":"index","follow":"follow","max-snippet":"max-snippet:-1","max-image-preview":"max-image-preview:large","max-video-preview":"max-video-preview:-1"},"canonical":"https:\/\/www.correiobraziliense.com.br\/cbradar\/conheca-a-cidade-que-ficou-anos-submersa\/","og_locale":"pt_BR","og_type":"article","og_title":"Conhe\u00e7a a cidade que ficou anos submersa","og_description":"Existe uma cidade que passou 25 anos submersa antes de ressurgir como um cen\u00e1rio p\u00f3s-apocal\u00edptico. Descubra a impressionante hist\u00f3ria.","og_url":"https:\/\/www.correiobraziliense.com.br\/cbradar\/conheca-a-cidade-que-ficou-anos-submersa\/","og_site_name":"Correio Braziliense - Radar","article_published_time":"2025-03-08T23:10:00+00:00","og_image":[{"width":1280,"height":720,"url":"https:\/\/www.correiobraziliense.com.br\/cbradar\/wp-content\/uploads\/2025\/03\/Epecuen_1741378114677.jpg","type":"image\/jpeg"}],"author":"Larissa Carvalho","twitter_card":"summary_large_image","twitter_misc":{"Escrito por":"Larissa Carvalho","Est. tempo de leitura":"4 minutos"},"schema":{"@context":"https:\/\/schema.org","@graph":[{"@type":"WebPage","@id":"https:\/\/www.correiobraziliense.com.br\/cbradar\/conheca-a-cidade-que-ficou-anos-submersa\/","url":"https:\/\/www.correiobraziliense.com.br\/cbradar\/conheca-a-cidade-que-ficou-anos-submersa\/","name":"Conhe\u00e7a a cidade que ficou anos submersa","isPartOf":{"@id":"https:\/\/www.correiobraziliense.com.br\/cbradar\/#website"},"primaryImageOfPage":{"@id":"https:\/\/www.correiobraziliense.com.br\/cbradar\/conheca-a-cidade-que-ficou-anos-submersa\/#primaryimage"},"image":{"@id":"https:\/\/www.correiobraziliense.com.br\/cbradar\/conheca-a-cidade-que-ficou-anos-submersa\/#primaryimage"},"thumbnailUrl":"https:\/\/www.correiobraziliense.com.br\/cbradar\/wp-content\/uploads\/2025\/03\/Epecuen_1741378114677.jpg","datePublished":"2025-03-08T23:10:00+00:00","author":{"@id":"https:\/\/www.correiobraziliense.com.br\/cbradar\/#\/schema\/person\/58422787644df994b53a19d3e56c1513"},"description":"Existe uma cidade que passou 25 anos submersa antes de ressurgir como um cen\u00e1rio p\u00f3s-apocal\u00edptico. Descubra a impressionante hist\u00f3ria.","breadcrumb":{"@id":"https:\/\/www.correiobraziliense.com.br\/cbradar\/conheca-a-cidade-que-ficou-anos-submersa\/#breadcrumb"},"inLanguage":"pt-BR","potentialAction":[{"@type":"ReadAction","target":["https:\/\/www.correiobraziliense.com.br\/cbradar\/conheca-a-cidade-que-ficou-anos-submersa\/"]}]},{"@type":"ImageObject","inLanguage":"pt-BR","@id":"https:\/\/www.correiobraziliense.com.br\/cbradar\/conheca-a-cidade-que-ficou-anos-submersa\/#primaryimage","url":"https:\/\/www.correiobraziliense.com.br\/cbradar\/wp-content\/uploads\/2025\/03\/Epecuen_1741378114677.jpg","contentUrl":"https:\/\/www.correiobraziliense.com.br\/cbradar\/wp-content\/uploads\/2025\/03\/Epecuen_1741378114677.jpg","width":1280,"height":720,"caption":"Epecu\u00e9n. Cr\u00e9ditos: depositphotos.com \/ dimaberkut"},{"@type":"BreadcrumbList","@id":"https:\/\/www.correiobraziliense.com.br\/cbradar\/conheca-a-cidade-que-ficou-anos-submersa\/#breadcrumb","itemListElement":[{"@type":"ListItem","position":1,"name":"In\u00edcio","item":"https:\/\/www.correiobraziliense.com.br\/cbradar\/"},{"@type":"ListItem","position":2,"name":"Conhe\u00e7a a cidade que ficou anos submersa"}]},{"@type":"WebSite","@id":"https:\/\/www.correiobraziliense.com.br\/cbradar\/#website","url":"https:\/\/www.correiobraziliense.com.br\/cbradar\/","name":"Correio Braziliense - Radar","description":"Acompanhe as \u00faltimas not\u00edcias e fique bem informado sobre tudo o que acontece no Brasil e no mundo.","potentialAction":[{"@type":"SearchAction","target":{"@type":"EntryPoint","urlTemplate":"https:\/\/www.correiobraziliense.com.br\/cbradar\/?s={search_term_string}"},"query-input":{"@type":"PropertyValueSpecification","valueRequired":true,"valueName":"search_term_string"}}],"inLanguage":"pt-BR"},{"@type":"Person","@id":"https:\/\/www.correiobraziliense.com.br\/cbradar\/#\/schema\/person\/58422787644df994b53a19d3e56c1513","name":"Larissa Carvalho","image":{"@type":"ImageObject","inLanguage":"pt-BR","@id":"https:\/\/www.correiobraziliense.com.br\/cbradar\/#\/schema\/person\/image\/","url":"https:\/\/secure.gravatar.com\/avatar\/fe4f91a0de32b52a838d0d612abdc1aa?s=96&d=mm&r=g","contentUrl":"https:\/\/secure.gravatar.com\/avatar\/fe4f91a0de32b52a838d0d612abdc1aa?s=96&d=mm&r=g","caption":"Larissa Carvalho"},"url":"https:\/\/www.correiobraziliense.com.br\/cbradar\/author\/larissamyth\/"}]}},"_links":{"self":[{"href":"https:\/\/www.correiobraziliense.com.br\/cbradar\/wp-json\/wp\/v2\/posts\/10383","targetHints":{"allow":["GET"]}}],"collection":[{"href":"https:\/\/www.correiobraziliense.com.br\/cbradar\/wp-json\/wp\/v2\/posts"}],"about":[{"href":"https:\/\/www.correiobraziliense.com.br\/cbradar\/wp-json\/wp\/v2\/types\/post"}],"author":[{"embeddable":true,"href":"https:\/\/www.correiobraziliense.com.br\/cbradar\/wp-json\/wp\/v2\/users\/3"}],"replies":[{"embeddable":true,"href":"https:\/\/www.correiobraziliense.com.br\/cbradar\/wp-json\/wp\/v2\/comments?post=10383"}],"version-history":[{"count":1,"href":"https:\/\/www.correiobraziliense.com.br\/cbradar\/wp-json\/wp\/v2\/posts\/10383\/revisions"}],"predecessor-version":[{"id":10388,"href":"https:\/\/www.correiobraziliense.com.br\/cbradar\/wp-json\/wp\/v2\/posts\/10383\/revisions\/10388"}],"wp:featuredmedia":[{"embeddable":true,"href":"https:\/\/www.correiobraziliense.com.br\/cbradar\/wp-json\/wp\/v2\/media\/10386"}],"wp:attachment":[{"href":"https:\/\/www.correiobraziliense.com.br\/cbradar\/wp-json\/wp\/v2\/media?parent=10383"}],"wp:term":[{"taxonomy":"category","embeddable":true,"href":"https:\/\/www.correiobraziliense.com.br\/cbradar\/wp-json\/wp\/v2\/categories?post=10383"},{"taxonomy":"post_tag","embeddable":true,"href":"https:\/\/www.correiobraziliense.com.br\/cbradar\/wp-json\/wp\/v2\/post_tag?post=10383"}],"curies":[{"name":"wp","href":"https:\/\/api.w.org\/{rel}","templated":true}]}}