{"id":10389,"date":"2025-03-08T21:30:00","date_gmt":"2025-03-09T00:30:00","guid":{"rendered":"https:\/\/www.correiobraziliense.com.br\/cbradar\/?p=10389"},"modified":"2025-03-07T18:57:19","modified_gmt":"2025-03-07T21:57:19","slug":"essa-cidade-muda-de-pais-constantemente","status":"publish","type":"post","link":"https:\/\/www.correiobraziliense.com.br\/cbradar\/essa-cidade-muda-de-pais-constantemente\/","title":{"rendered":"Essa cidade muda de pa\u00eds constantemente"},"content":{"rendered":"\n<p>Imagine morar em uma cidade onde o pa\u00eds ao qual voc\u00ea pertence pode mudar dependendo da porta que voc\u00ea usa. Parece surreal, mas essa \u00e9 a realidade de <strong>Baarle<\/strong>, uma cidade dividida entre a B\u00e9lgica e a Holanda, onde ruas, lojas e at\u00e9 casas s\u00e3o cortadas por fronteiras internacionais.<\/p>\n\n\n\n<p>O resultado? Baarle se tornou um dos lugares mais fragmentados do mundo, com partes da cidade pertencendo \u00e0 Holanda (<strong>Baarle-Nassau<\/strong>) e outras \u00e0 B\u00e9lgica (<strong>Baarle-Hertog<\/strong>), criando um verdadeiro quebra-cabe\u00e7a geopol\u00edtico. Mas como isso aconteceu e como os moradores lidam com essa divis\u00e3o?<\/p>\n\n\n\n<h2 class=\"wp-block-heading\"><strong>Por que Baarle tem tantas fronteiras?<\/strong><\/h2>\n\n\n\n<p>A hist\u00f3ria dessa cidade \u00fanica remonta \u00e0 Idade M\u00e9dia, quando diferentes terras foram sendo negociadas entre senhores feudais da regi\u00e3o. Em vez de definirem uma \u00fanica linha de fronteira, os territ\u00f3rios acabaram ficando misturados, resultando em <strong>mais de 20 enclaves belgas dentro da parte holandesa<\/strong> \u2013 e at\u00e9 enclaves holandeses dentro dos enclaves belgas!<\/p>\n\n\n\n<p>Com o passar dos s\u00e9culos, mesmo com tratados e reconfigura\u00e7\u00f5es de fronteiras, essa confus\u00e3o nunca foi totalmente resolvida. Hoje, Baarle continua sendo uma cidade com <strong>m\u00faltiplos peda\u00e7os de territ\u00f3rio pertencendo a pa\u00edses diferentes<\/strong>, o que gera situa\u00e7\u00f5es curiosas no dia a dia.<\/p>\n\n\n\n<figure class=\"wp-block-image size-large\"><img decoding=\"async\" width=\"1024\" height=\"576\" src=\"https:\/\/www.correiobraziliense.com.br\/cbradar\/wp-content\/uploads\/2025\/03\/fronteira-cidade_1741378428806-1024x576.jpg\" alt=\"Essa cidade muda de pa\u00eds constantemente\" class=\"wp-image-10391\" srcset=\"https:\/\/www.correiobraziliense.com.br\/cbradar\/wp-content\/uploads\/2025\/03\/fronteira-cidade_1741378428806-1024x576.jpg 1024w, https:\/\/www.correiobraziliense.com.br\/cbradar\/wp-content\/uploads\/2025\/03\/fronteira-cidade_1741378428806-300x169.jpg 300w, https:\/\/www.correiobraziliense.com.br\/cbradar\/wp-content\/uploads\/2025\/03\/fronteira-cidade_1741378428806-768x432.jpg 768w, https:\/\/www.correiobraziliense.com.br\/cbradar\/wp-content\/uploads\/2025\/03\/fronteira-cidade_1741378428806-750x422.jpg 750w, https:\/\/www.correiobraziliense.com.br\/cbradar\/wp-content\/uploads\/2025\/03\/fronteira-cidade_1741378428806-1140x641.jpg 1140w, https:\/\/www.correiobraziliense.com.br\/cbradar\/wp-content\/uploads\/2025\/03\/fronteira-cidade_1741378428806.jpg 1280w\" sizes=\"(max-width: 1024px) 100vw, 1024px\" \/><figcaption class=\"wp-element-caption\">Fronteira. Cr\u00e9ditos: depositphotos.com \/ jovannig<\/figcaption><\/figure>\n\n\n\n<h2 class=\"wp-block-heading\"><strong>Como a cidade funciona com duas nacionalidades?<\/strong><\/h2>\n\n\n\n<p>Apesar da complexidade, os moradores de Baarle j\u00e1 se acostumaram a viver em dois pa\u00edses ao mesmo tempo. Algumas peculiaridades incluem:<\/p>\n\n\n\n<ul class=\"wp-block-list\">\n<li><strong>Casas e lojas com duas nacionalidades<\/strong> \u2013 Em alguns im\u00f3veis, a sala pode estar na Holanda e a cozinha na B\u00e9lgica.<\/li>\n\n\n\n<li><strong>Endere\u00e7o depende da porta de entrada<\/strong> \u2013 Para evitar confus\u00e3o, o pa\u00eds oficial da casa \u00e9 determinado pelo lado onde fica a porta principal.<\/li>\n\n\n\n<li><strong>Duas prefeituras, dois servi\u00e7os p\u00fablicos<\/strong> \u2013 Dependendo de onde a casa estiver, os impostos e os servi\u00e7os (como coleta de lixo e policiamento) podem mudar.<\/li>\n\n\n\n<li><strong>Leis diferentes no mesmo quarteir\u00e3o<\/strong> \u2013 Na B\u00e9lgica, por exemplo, os restaurantes podem ficar abertos at\u00e9 mais tarde do que na Holanda, ent\u00e3o alguns comerciantes &#8220;movem&#8221; suas mesas para a parte belga \u00e0 noite.<\/li>\n<\/ul>\n\n\n\n<p>Essa situa\u00e7\u00e3o gerou cenas curiosas ao longo da hist\u00f3ria. Durante a pandemia de COVID-19, por exemplo, algumas lojas precisaram fechar do lado holand\u00eas, mas podiam continuar abertas do lado belga \u2013 no mesmo pr\u00e9dio!<\/p>\n\n\n\n<h3 class=\"wp-block-heading\"><strong>Curiosidades sobre Baarle<\/strong><\/h3>\n\n\n\n<ul class=\"wp-block-list\">\n<li><strong>Fronteiras desenhadas no ch\u00e3o<\/strong> \u2013 Linhas brancas e placas marcam a divis\u00e3o entre Holanda e B\u00e9lgica, at\u00e9 mesmo dentro de casas e lojas.<\/li>\n\n\n\n<li><strong>Mais de 20 enclaves e subenclaves<\/strong> \u2013 A cidade tem uma das fronteiras mais confusas do mundo, com peda\u00e7os de territ\u00f3rio dentro de outros peda\u00e7os.<\/li>\n\n\n\n<li><strong>Passaporte desnecess\u00e1rio<\/strong> \u2013 Apesar da divis\u00e3o, os moradores circulam livremente entre os dois pa\u00edses, sem necessidade de controle de imigra\u00e7\u00e3o.<\/li>\n\n\n\n<li><strong>Casos de mudan\u00e7a de nacionalidade<\/strong> \u2013 Se uma casa mudar sua porta de entrada, tecnicamente o morador pode mudar de pa\u00eds sem sair de casa.<\/li>\n\n\n\n<li><strong>Um destino tur\u00edstico curioso<\/strong> \u2013 Baarle atrai visitantes de todo o mundo interessados em ver de perto essa fronteira ca\u00f3tica.<\/li>\n<\/ul>\n\n\n\n<h2 class=\"wp-block-heading\"><strong>Um modelo de conviv\u00eancia internacional?<\/strong><\/h2>\n\n\n\n<p>Apesar da confus\u00e3o, Baarle \u00e9 um exemplo fascinante de como diferentes sistemas podem coexistir pacificamente. Enquanto algumas fronteiras do mundo s\u00e3o palco de conflitos e disputas, essa pequena cidade mostra que \u00e9 poss\u00edvel viver entre dois pa\u00edses sem barreiras reais.<\/p>\n\n\n\n<p>Para quem mora l\u00e1, mudar de pa\u00eds todos os dias j\u00e1 virou rotina \u2013 e talvez seja essa flexibilidade que faz de Baarle um dos lugares mais interessantes do mundo.<\/p>\n","protected":false},"excerpt":{"rendered":"<p>Existe uma cidade onde casas, ruas e lojas pertencem a dois pa\u00edses ao mesmo tempo. Como os moradores lidam com essa fronteira confusa?<\/p>\n","protected":false},"author":3,"featured_media":10390,"comment_status":"open","ping_status":"open","sticky":false,"template":"","format":"standard","meta":{"_yoast_wpseo_focuskw":"cidade muda de pa\u00eds","_yoast_wpseo_title":"%%title%%","_yoast_wpseo_metadesc":"Existe uma cidade onde casas, ruas e lojas pertencem a dois pa\u00edses ao mesmo tempo. Como os moradores lidam com essa fronteira confusa?","jnews-multi-image_gallery":[],"jnews_single_post":{"format":"standard"},"jnews_primary_category":[],"jnews_social_meta":[],"jnews_override_counter":[],"footnotes":""},"categories":[108],"post_tag":[109],"class_list":["post-10389","post","type-post","status-publish","format-standard","has-post-thumbnail","hentry","category-cidades","tag-cidades"],"yoast_head":"<!-- This site is optimized with the Yoast SEO plugin v24.6 - https:\/\/yoast.com\/wordpress\/plugins\/seo\/ -->\n<title>Essa cidade muda de pa\u00eds constantemente<\/title>\n<meta name=\"description\" content=\"Existe uma cidade onde casas, ruas e lojas pertencem a dois pa\u00edses ao mesmo tempo. Como os moradores lidam com essa fronteira confusa?\" \/>\n<meta name=\"robots\" content=\"index, follow, max-snippet:-1, max-image-preview:large, max-video-preview:-1\" \/>\n<link rel=\"canonical\" href=\"https:\/\/www.correiobraziliense.com.br\/cbradar\/essa-cidade-muda-de-pais-constantemente\/\" \/>\n<meta property=\"og:locale\" content=\"pt_BR\" \/>\n<meta property=\"og:type\" content=\"article\" \/>\n<meta property=\"og:title\" content=\"Essa cidade muda de pa\u00eds constantemente\" \/>\n<meta property=\"og:description\" content=\"Existe uma cidade onde casas, ruas e lojas pertencem a dois pa\u00edses ao mesmo tempo. Como os moradores lidam com essa fronteira confusa?\" \/>\n<meta property=\"og:url\" content=\"https:\/\/www.correiobraziliense.com.br\/cbradar\/essa-cidade-muda-de-pais-constantemente\/\" \/>\n<meta property=\"og:site_name\" content=\"Correio Braziliense - Radar\" \/>\n<meta property=\"article:published_time\" content=\"2025-03-09T00:30:00+00:00\" \/>\n<meta property=\"og:image\" content=\"https:\/\/www.correiobraziliense.com.br\/cbradar\/wp-content\/uploads\/2025\/03\/Baarle_1741378344960.jpg\" \/>\n\t<meta property=\"og:image:width\" content=\"1280\" \/>\n\t<meta property=\"og:image:height\" content=\"720\" \/>\n\t<meta property=\"og:image:type\" content=\"image\/jpeg\" \/>\n<meta name=\"author\" content=\"Larissa Carvalho\" \/>\n<meta name=\"twitter:card\" content=\"summary_large_image\" \/>\n<meta name=\"twitter:label1\" content=\"Escrito por\" \/>\n\t<meta name=\"twitter:data1\" content=\"Larissa Carvalho\" \/>\n\t<meta name=\"twitter:label2\" content=\"Est. tempo de leitura\" \/>\n\t<meta name=\"twitter:data2\" content=\"4 minutos\" \/>\n<!-- \/ Yoast SEO plugin. -->","yoast_head_json":{"title":"Essa cidade muda de pa\u00eds constantemente","description":"Existe uma cidade onde casas, ruas e lojas pertencem a dois pa\u00edses ao mesmo tempo. Como os moradores lidam com essa fronteira confusa?","robots":{"index":"index","follow":"follow","max-snippet":"max-snippet:-1","max-image-preview":"max-image-preview:large","max-video-preview":"max-video-preview:-1"},"canonical":"https:\/\/www.correiobraziliense.com.br\/cbradar\/essa-cidade-muda-de-pais-constantemente\/","og_locale":"pt_BR","og_type":"article","og_title":"Essa cidade muda de pa\u00eds constantemente","og_description":"Existe uma cidade onde casas, ruas e lojas pertencem a dois pa\u00edses ao mesmo tempo. Como os moradores lidam com essa fronteira confusa?","og_url":"https:\/\/www.correiobraziliense.com.br\/cbradar\/essa-cidade-muda-de-pais-constantemente\/","og_site_name":"Correio Braziliense - Radar","article_published_time":"2025-03-09T00:30:00+00:00","og_image":[{"width":1280,"height":720,"url":"https:\/\/www.correiobraziliense.com.br\/cbradar\/wp-content\/uploads\/2025\/03\/Baarle_1741378344960.jpg","type":"image\/jpeg"}],"author":"Larissa Carvalho","twitter_card":"summary_large_image","twitter_misc":{"Escrito por":"Larissa Carvalho","Est. tempo de leitura":"4 minutos"},"schema":{"@context":"https:\/\/schema.org","@graph":[{"@type":"WebPage","@id":"https:\/\/www.correiobraziliense.com.br\/cbradar\/essa-cidade-muda-de-pais-constantemente\/","url":"https:\/\/www.correiobraziliense.com.br\/cbradar\/essa-cidade-muda-de-pais-constantemente\/","name":"Essa cidade muda de pa\u00eds constantemente","isPartOf":{"@id":"https:\/\/www.correiobraziliense.com.br\/cbradar\/#website"},"primaryImageOfPage":{"@id":"https:\/\/www.correiobraziliense.com.br\/cbradar\/essa-cidade-muda-de-pais-constantemente\/#primaryimage"},"image":{"@id":"https:\/\/www.correiobraziliense.com.br\/cbradar\/essa-cidade-muda-de-pais-constantemente\/#primaryimage"},"thumbnailUrl":"https:\/\/www.correiobraziliense.com.br\/cbradar\/wp-content\/uploads\/2025\/03\/Baarle_1741378344960.jpg","datePublished":"2025-03-09T00:30:00+00:00","author":{"@id":"https:\/\/www.correiobraziliense.com.br\/cbradar\/#\/schema\/person\/58422787644df994b53a19d3e56c1513"},"description":"Existe uma cidade onde casas, ruas e lojas pertencem a dois pa\u00edses ao mesmo tempo. Como os moradores lidam com essa fronteira confusa?","breadcrumb":{"@id":"https:\/\/www.correiobraziliense.com.br\/cbradar\/essa-cidade-muda-de-pais-constantemente\/#breadcrumb"},"inLanguage":"pt-BR","potentialAction":[{"@type":"ReadAction","target":["https:\/\/www.correiobraziliense.com.br\/cbradar\/essa-cidade-muda-de-pais-constantemente\/"]}]},{"@type":"ImageObject","inLanguage":"pt-BR","@id":"https:\/\/www.correiobraziliense.com.br\/cbradar\/essa-cidade-muda-de-pais-constantemente\/#primaryimage","url":"https:\/\/www.correiobraziliense.com.br\/cbradar\/wp-content\/uploads\/2025\/03\/Baarle_1741378344960.jpg","contentUrl":"https:\/\/www.correiobraziliense.com.br\/cbradar\/wp-content\/uploads\/2025\/03\/Baarle_1741378344960.jpg","width":1280,"height":720,"caption":"Baarle. Cr\u00e9ditos: depositphotos.com \/ wlerooy"},{"@type":"BreadcrumbList","@id":"https:\/\/www.correiobraziliense.com.br\/cbradar\/essa-cidade-muda-de-pais-constantemente\/#breadcrumb","itemListElement":[{"@type":"ListItem","position":1,"name":"In\u00edcio","item":"https:\/\/www.correiobraziliense.com.br\/cbradar\/"},{"@type":"ListItem","position":2,"name":"Essa cidade muda de pa\u00eds constantemente"}]},{"@type":"WebSite","@id":"https:\/\/www.correiobraziliense.com.br\/cbradar\/#website","url":"https:\/\/www.correiobraziliense.com.br\/cbradar\/","name":"Correio Braziliense - Radar","description":"Acompanhe as \u00faltimas not\u00edcias e fique bem informado sobre tudo o que acontece no Brasil e no mundo.","potentialAction":[{"@type":"SearchAction","target":{"@type":"EntryPoint","urlTemplate":"https:\/\/www.correiobraziliense.com.br\/cbradar\/?s={search_term_string}"},"query-input":{"@type":"PropertyValueSpecification","valueRequired":true,"valueName":"search_term_string"}}],"inLanguage":"pt-BR"},{"@type":"Person","@id":"https:\/\/www.correiobraziliense.com.br\/cbradar\/#\/schema\/person\/58422787644df994b53a19d3e56c1513","name":"Larissa Carvalho","image":{"@type":"ImageObject","inLanguage":"pt-BR","@id":"https:\/\/www.correiobraziliense.com.br\/cbradar\/#\/schema\/person\/image\/","url":"https:\/\/secure.gravatar.com\/avatar\/fe4f91a0de32b52a838d0d612abdc1aa?s=96&d=mm&r=g","contentUrl":"https:\/\/secure.gravatar.com\/avatar\/fe4f91a0de32b52a838d0d612abdc1aa?s=96&d=mm&r=g","caption":"Larissa Carvalho"},"url":"https:\/\/www.correiobraziliense.com.br\/cbradar\/author\/larissamyth\/"}]}},"_links":{"self":[{"href":"https:\/\/www.correiobraziliense.com.br\/cbradar\/wp-json\/wp\/v2\/posts\/10389","targetHints":{"allow":["GET"]}}],"collection":[{"href":"https:\/\/www.correiobraziliense.com.br\/cbradar\/wp-json\/wp\/v2\/posts"}],"about":[{"href":"https:\/\/www.correiobraziliense.com.br\/cbradar\/wp-json\/wp\/v2\/types\/post"}],"author":[{"embeddable":true,"href":"https:\/\/www.correiobraziliense.com.br\/cbradar\/wp-json\/wp\/v2\/users\/3"}],"replies":[{"embeddable":true,"href":"https:\/\/www.correiobraziliense.com.br\/cbradar\/wp-json\/wp\/v2\/comments?post=10389"}],"version-history":[{"count":1,"href":"https:\/\/www.correiobraziliense.com.br\/cbradar\/wp-json\/wp\/v2\/posts\/10389\/revisions"}],"predecessor-version":[{"id":10393,"href":"https:\/\/www.correiobraziliense.com.br\/cbradar\/wp-json\/wp\/v2\/posts\/10389\/revisions\/10393"}],"wp:featuredmedia":[{"embeddable":true,"href":"https:\/\/www.correiobraziliense.com.br\/cbradar\/wp-json\/wp\/v2\/media\/10390"}],"wp:attachment":[{"href":"https:\/\/www.correiobraziliense.com.br\/cbradar\/wp-json\/wp\/v2\/media?parent=10389"}],"wp:term":[{"taxonomy":"category","embeddable":true,"href":"https:\/\/www.correiobraziliense.com.br\/cbradar\/wp-json\/wp\/v2\/categories?post=10389"},{"taxonomy":"post_tag","embeddable":true,"href":"https:\/\/www.correiobraziliense.com.br\/cbradar\/wp-json\/wp\/v2\/post_tag?post=10389"}],"curies":[{"name":"wp","href":"https:\/\/api.w.org\/{rel}","templated":true}]}}