{"id":103967,"date":"2025-09-15T14:53:00","date_gmt":"2025-09-15T17:53:00","guid":{"rendered":"https:\/\/www.correiobraziliense.com.br\/cbradar\/?p=103967"},"modified":"2025-09-14T15:44:51","modified_gmt":"2025-09-14T18:44:51","slug":"como-o-cerebro-mantem-voce-engolindo-saliva-sem-pensar-nisso","status":"publish","type":"post","link":"https:\/\/www.correiobraziliense.com.br\/cbradar\/como-o-cerebro-mantem-voce-engolindo-saliva-sem-pensar-nisso\/","title":{"rendered":"Como o c\u00e9rebro mant\u00e9m voc\u00ea engolindo saliva sem pensar nisso"},"content":{"rendered":"\n<p>Engolir saliva \u00e9 um ato autom\u00e1tico que ocorre milhares de vezes ao dia. <strong>Embora pare\u00e7a simples, \u00e9 regulado por mecanismos complexos do c\u00e9rebro e do sistema nervoso<\/strong>, garantindo lubrifica\u00e7\u00e3o, digest\u00e3o e prote\u00e7\u00e3o da boca e garganta.<\/p>\n\n\n\n<p>Compreender esse processo <strong>ajuda a valorizar fun\u00e7\u00f5es corporais essenciais e perceber como o corpo mant\u00e9m equil\u00edbrio sem esfor\u00e7o consciente<\/strong>.<\/p>\n\n\n\n<h2 class=\"wp-block-heading\">Fun\u00e7\u00f5es da saliva<\/h2>\n\n\n\n<p>A saliva desempenha papel importante na sa\u00fade e no funcionamento do corpo. <strong>Ela participa de digest\u00e3o, prote\u00e7\u00e3o e higiene bucal<\/strong>.<\/p>\n\n\n\n<ul class=\"wp-block-list\">\n<li>Lubrifica\u00e7\u00e3o da boca e garganta, facilitando fala e degluti\u00e7\u00e3o.<\/li>\n\n\n\n<li>Digest\u00e3o inicial de carboidratos, com enzimas como amilase.<\/li>\n\n\n\n<li>Prote\u00e7\u00e3o contra bact\u00e9rias e fungos, mantendo higiene oral.<\/li>\n\n\n\n<li>Neutraliza\u00e7\u00e3o de \u00e1cidos e manuten\u00e7\u00e3o do pH bucal.<\/li>\n\n\n\n<li>Aux\u00edlio na percep\u00e7\u00e3o de sabor e textura dos alimentos.<\/li>\n<\/ul>\n\n\n\n<p>Essas fun\u00e7\u00f5es mostram que <strong>engolir saliva \u00e9 essencial para manuten\u00e7\u00e3o da sa\u00fade e conforto di\u00e1rio<\/strong>.<\/p>\n\n\n<div class=\"wp-block-image\">\n<figure class=\"aligncenter size-large\"><img decoding=\"async\" width=\"1024\" height=\"576\" src=\"https:\/\/www.correiobraziliense.com.br\/cbradar\/wp-content\/uploads\/2025\/08\/tapar-a-boca_1754870046812-1024x576.jpg\" alt=\"\" class=\"wp-image-84048\" srcset=\"https:\/\/www.correiobraziliense.com.br\/cbradar\/wp-content\/uploads\/2025\/08\/tapar-a-boca_1754870046812-1024x576.jpg 1024w, https:\/\/www.correiobraziliense.com.br\/cbradar\/wp-content\/uploads\/2025\/08\/tapar-a-boca_1754870046812-300x169.jpg 300w, https:\/\/www.correiobraziliense.com.br\/cbradar\/wp-content\/uploads\/2025\/08\/tapar-a-boca_1754870046812-768x432.jpg 768w, https:\/\/www.correiobraziliense.com.br\/cbradar\/wp-content\/uploads\/2025\/08\/tapar-a-boca_1754870046812-750x422.jpg 750w, https:\/\/www.correiobraziliense.com.br\/cbradar\/wp-content\/uploads\/2025\/08\/tapar-a-boca_1754870046812-1140x641.jpg 1140w, https:\/\/www.correiobraziliense.com.br\/cbradar\/wp-content\/uploads\/2025\/08\/tapar-a-boca_1754870046812.jpg 1280w\" sizes=\"(max-width: 1024px) 100vw, 1024px\" \/><figcaption class=\"wp-element-caption\">Pessoa tapando a boca \/ Cr\u00e9ditos: depositphotos.com \/ IgorVetushko<\/figcaption><\/figure><\/div>\n\n\n<h2 class=\"wp-block-heading\">Regula\u00e7\u00e3o pelo c\u00e9rebro<\/h2>\n\n\n\n<p>O ato de engolir \u00e9 coordenado pelo c\u00e9rebro e sistema nervoso. <strong>Embora autom\u00e1tico, envolve m\u00faltiplas regi\u00f5es e reflexos precisos<\/strong>.<\/p>\n\n\n\n<ul class=\"wp-block-list\">\n<li>Tronco cerebral coordena m\u00fasculos da boca e garganta.<\/li>\n\n\n\n<li>Reflexos involunt\u00e1rios mant\u00eam degluti\u00e7\u00e3o regular sem esfor\u00e7o.<\/li>\n\n\n\n<li>Controle consciente permite engolir em momentos espec\u00edficos.<\/li>\n\n\n\n<li>Sensores detectam ac\u00famulo de saliva, acionando o reflexo.<\/li>\n\n\n\n<li>Coordena\u00e7\u00e3o entre l\u00edngua, faringe e es\u00f4fago garante seguran\u00e7a.<\/li>\n<\/ul>\n\n\n\n<p>Esses mecanismos explicam que <strong>o c\u00e9rebro gerencia engolir saliva de forma eficiente e autom\u00e1tica, mantendo equil\u00edbrio e fun\u00e7\u00e3o corporal<\/strong>.<\/p>\n\n\n\n<h2 class=\"wp-block-heading\">Curiosidades sobre engolir saliva<\/h2>\n\n\n\n<p>Engolir saliva apresenta aspectos interessantes que muitas pessoas desconhecem. <strong>O reflexo \u00e9 sofisticado e vital para v\u00e1rias fun\u00e7\u00f5es do corpo<\/strong>.<\/p>\n\n\n\n<ul class=\"wp-block-list\">\n<li>Adultos engolem aproximadamente 0,5 a 1,5 litro de saliva por dia.<\/li>\n\n\n\n<li>Beb\u00eas aprendem o reflexo ainda na gesta\u00e7\u00e3o.<\/li>\n\n\n\n<li>Reflexos podem ser afetados por doen\u00e7as neurol\u00f3gicas.<\/li>\n\n\n\n<li>Engolir tamb\u00e9m ajuda a limpar res\u00edduos e part\u00edculas da boca.<\/li>\n\n\n\n<li>A sensa\u00e7\u00e3o de boca seca indica desequil\u00edbrio na produ\u00e7\u00e3o ou engolir saliva.<\/li>\n<\/ul>\n\n\n\n<p>Essas curiosidades mostram que <strong>engolir saliva \u00e9 uma a\u00e7\u00e3o discreta, mas essencial para sa\u00fade e bem-estar<\/strong>.<\/p>\n\n\n\n<p><strong>Leia tamb\u00e9m: <a href=\"https:\/\/www.correiobraziliense.com.br\/cbradar\/por-que-os-oceanos-estao-mudando-de-cor-no-mundo-inteiro\/\" target=\"_blank\" rel=\"noreferrer noopener\">Por que os oceanos est\u00e3o mudando de cor no mundo inteiro<\/a>.<\/strong><\/p>\n\n\n\n<h2 class=\"wp-block-heading\">Como manter degluti\u00e7\u00e3o saud\u00e1vel<\/h2>\n\n\n\n<p>Algumas pr\u00e1ticas ajudam a manter o reflexo de degluti\u00e7\u00e3o saud\u00e1vel. <strong>Cuidados simples preservam fun\u00e7\u00f5es essenciais e evitam desconforto<\/strong>.<\/p>\n\n\n\n<ol class=\"wp-block-list\">\n<li>Hidrate-se adequadamente ao longo do dia.<\/li>\n\n\n\n<li>Mastigue bem os alimentos para facilitar engolir.<\/li>\n\n\n\n<li>Evite excesso de \u00e1lcool ou tabaco, que ressecam a boca.<\/li>\n\n\n\n<li>Pratique higiene oral para prevenir infec\u00e7\u00f5es.<\/li>\n\n\n\n<li>Procure ajuda m\u00e9dica se houver dificuldade frequente para engolir.<\/li>\n<\/ol>\n\n\n\n<p>Seguindo essas orienta\u00e7\u00f5es, <strong>\u00e9 poss\u00edvel manter o reflexo de engolir saliva eficiente, protegendo sa\u00fade bucal e digestiva<\/strong>.<\/p>\n","protected":false},"excerpt":{"rendered":"<p>Engolir saliva \u00e9 um ato autom\u00e1tico que ocorre milhares de vezes ao dia. Embora pare\u00e7a simples, \u00e9 regulado por mecanismos complexos do c\u00e9rebro e do sistema nervoso, garantindo lubrifica\u00e7\u00e3o, digest\u00e3o e prote\u00e7\u00e3o da boca e garganta. Compreender esse processo ajuda a valorizar fun\u00e7\u00f5es corporais essenciais e perceber como o corpo mant\u00e9m equil\u00edbrio sem esfor\u00e7o consciente. [&hellip;]<\/p>\n","protected":false},"author":8,"featured_media":2771,"comment_status":"open","ping_status":"open","sticky":false,"template":"","format":"standard","meta":{"_yoast_wpseo_focuskw":"c\u00e9rebro","_yoast_wpseo_title":"","_yoast_wpseo_metadesc":"Descubra por que engolimos saliva e como o c\u00e9rebro regula esse reflexo natural essencial para a sa\u00fade e bem-estar.","jnews-multi-image_gallery":[],"jnews_single_post":{"format":"standard"},"jnews_primary_category":[],"jnews_social_meta":[],"jnews_override_counter":[],"footnotes":""},"categories":[112],"post_tag":[698,10276],"class_list":["post-103967","post","type-post","status-publish","format-standard","has-post-thumbnail","hentry","category-curiosidades","tag-cerebro","tag-engolir-saliva"],"yoast_head":"<!-- This site is optimized with the Yoast SEO plugin v24.6 - https:\/\/yoast.com\/wordpress\/plugins\/seo\/ -->\n<title>Como o c\u00e9rebro mant\u00e9m voc\u00ea engolindo saliva sem pensar nisso - Correio Braziliense - Radar<\/title>\n<meta name=\"description\" content=\"Descubra por que engolimos saliva e como o c\u00e9rebro regula esse reflexo natural essencial para a sa\u00fade e bem-estar.\" \/>\n<meta name=\"robots\" content=\"index, follow, max-snippet:-1, max-image-preview:large, max-video-preview:-1\" \/>\n<link rel=\"canonical\" href=\"https:\/\/www.correiobraziliense.com.br\/cbradar\/como-o-cerebro-mantem-voce-engolindo-saliva-sem-pensar-nisso\/\" \/>\n<meta property=\"og:locale\" content=\"pt_BR\" \/>\n<meta property=\"og:type\" content=\"article\" \/>\n<meta property=\"og:title\" content=\"Como o c\u00e9rebro mant\u00e9m voc\u00ea engolindo saliva sem pensar nisso - Correio Braziliense - Radar\" \/>\n<meta property=\"og:description\" content=\"Descubra por que engolimos saliva e como o c\u00e9rebro regula esse reflexo natural essencial para a sa\u00fade e bem-estar.\" \/>\n<meta property=\"og:url\" content=\"https:\/\/www.correiobraziliense.com.br\/cbradar\/como-o-cerebro-mantem-voce-engolindo-saliva-sem-pensar-nisso\/\" \/>\n<meta property=\"og:site_name\" content=\"Correio Braziliense - Radar\" \/>\n<meta property=\"article:published_time\" content=\"2025-09-15T17:53:00+00:00\" \/>\n<meta property=\"og:image\" content=\"https:\/\/www.correiobraziliense.com.br\/cbradar\/wp-content\/uploads\/2025\/02\/cerebro_1739522614260.jpg\" \/>\n\t<meta property=\"og:image:width\" content=\"1280\" \/>\n\t<meta property=\"og:image:height\" content=\"720\" \/>\n\t<meta property=\"og:image:type\" content=\"image\/jpeg\" \/>\n<meta name=\"author\" content=\"Maura Pereira\" \/>\n<meta name=\"twitter:card\" content=\"summary_large_image\" \/>\n<meta name=\"twitter:label1\" content=\"Escrito por\" \/>\n\t<meta name=\"twitter:data1\" content=\"Maura Pereira\" \/>\n\t<meta name=\"twitter:label2\" content=\"Est. tempo de leitura\" \/>\n\t<meta name=\"twitter:data2\" content=\"3 minutos\" \/>\n<!-- \/ Yoast SEO plugin. -->","yoast_head_json":{"title":"Como o c\u00e9rebro mant\u00e9m voc\u00ea engolindo saliva sem pensar nisso - Correio Braziliense - Radar","description":"Descubra por que engolimos saliva e como o c\u00e9rebro regula esse reflexo natural essencial para a sa\u00fade e bem-estar.","robots":{"index":"index","follow":"follow","max-snippet":"max-snippet:-1","max-image-preview":"max-image-preview:large","max-video-preview":"max-video-preview:-1"},"canonical":"https:\/\/www.correiobraziliense.com.br\/cbradar\/como-o-cerebro-mantem-voce-engolindo-saliva-sem-pensar-nisso\/","og_locale":"pt_BR","og_type":"article","og_title":"Como o c\u00e9rebro mant\u00e9m voc\u00ea engolindo saliva sem pensar nisso - Correio Braziliense - Radar","og_description":"Descubra por que engolimos saliva e como o c\u00e9rebro regula esse reflexo natural essencial para a sa\u00fade e bem-estar.","og_url":"https:\/\/www.correiobraziliense.com.br\/cbradar\/como-o-cerebro-mantem-voce-engolindo-saliva-sem-pensar-nisso\/","og_site_name":"Correio Braziliense - Radar","article_published_time":"2025-09-15T17:53:00+00:00","og_image":[{"width":1280,"height":720,"url":"https:\/\/www.correiobraziliense.com.br\/cbradar\/wp-content\/uploads\/2025\/02\/cerebro_1739522614260.jpg","type":"image\/jpeg"}],"author":"Maura Pereira","twitter_card":"summary_large_image","twitter_misc":{"Escrito por":"Maura Pereira","Est. tempo de leitura":"3 minutos"},"schema":{"@context":"https:\/\/schema.org","@graph":[{"@type":"WebPage","@id":"https:\/\/www.correiobraziliense.com.br\/cbradar\/como-o-cerebro-mantem-voce-engolindo-saliva-sem-pensar-nisso\/","url":"https:\/\/www.correiobraziliense.com.br\/cbradar\/como-o-cerebro-mantem-voce-engolindo-saliva-sem-pensar-nisso\/","name":"Como o c\u00e9rebro mant\u00e9m voc\u00ea engolindo saliva sem pensar nisso - Correio Braziliense - Radar","isPartOf":{"@id":"https:\/\/www.correiobraziliense.com.br\/cbradar\/#website"},"primaryImageOfPage":{"@id":"https:\/\/www.correiobraziliense.com.br\/cbradar\/como-o-cerebro-mantem-voce-engolindo-saliva-sem-pensar-nisso\/#primaryimage"},"image":{"@id":"https:\/\/www.correiobraziliense.com.br\/cbradar\/como-o-cerebro-mantem-voce-engolindo-saliva-sem-pensar-nisso\/#primaryimage"},"thumbnailUrl":"https:\/\/www.correiobraziliense.com.br\/cbradar\/wp-content\/uploads\/2025\/02\/cerebro_1739522614260.jpg","datePublished":"2025-09-15T17:53:00+00:00","author":{"@id":"https:\/\/www.correiobraziliense.com.br\/cbradar\/#\/schema\/person\/4053c651a9bfc785afc6f4cbc9032fd3"},"description":"Descubra por que engolimos saliva e como o c\u00e9rebro regula esse reflexo natural essencial para a sa\u00fade e bem-estar.","breadcrumb":{"@id":"https:\/\/www.correiobraziliense.com.br\/cbradar\/como-o-cerebro-mantem-voce-engolindo-saliva-sem-pensar-nisso\/#breadcrumb"},"inLanguage":"pt-BR","potentialAction":[{"@type":"ReadAction","target":["https:\/\/www.correiobraziliense.com.br\/cbradar\/como-o-cerebro-mantem-voce-engolindo-saliva-sem-pensar-nisso\/"]}]},{"@type":"ImageObject","inLanguage":"pt-BR","@id":"https:\/\/www.correiobraziliense.com.br\/cbradar\/como-o-cerebro-mantem-voce-engolindo-saliva-sem-pensar-nisso\/#primaryimage","url":"https:\/\/www.correiobraziliense.com.br\/cbradar\/wp-content\/uploads\/2025\/02\/cerebro_1739522614260.jpg","contentUrl":"https:\/\/www.correiobraziliense.com.br\/cbradar\/wp-content\/uploads\/2025\/02\/cerebro_1739522614260.jpg","width":1280,"height":720,"caption":"C\u00e9rebro \/\/ Cr\u00e9ditos: depositphotos.com \/ KostyaKlimenko"},{"@type":"BreadcrumbList","@id":"https:\/\/www.correiobraziliense.com.br\/cbradar\/como-o-cerebro-mantem-voce-engolindo-saliva-sem-pensar-nisso\/#breadcrumb","itemListElement":[{"@type":"ListItem","position":1,"name":"In\u00edcio","item":"https:\/\/www.correiobraziliense.com.br\/cbradar\/"},{"@type":"ListItem","position":2,"name":"Como o c\u00e9rebro mant\u00e9m voc\u00ea engolindo saliva sem pensar nisso"}]},{"@type":"WebSite","@id":"https:\/\/www.correiobraziliense.com.br\/cbradar\/#website","url":"https:\/\/www.correiobraziliense.com.br\/cbradar\/","name":"Correio Braziliense - Radar","description":"Acompanhe as \u00faltimas not\u00edcias e fique bem informado sobre tudo o que acontece no Brasil e no mundo.","potentialAction":[{"@type":"SearchAction","target":{"@type":"EntryPoint","urlTemplate":"https:\/\/www.correiobraziliense.com.br\/cbradar\/?s={search_term_string}"},"query-input":{"@type":"PropertyValueSpecification","valueRequired":true,"valueName":"search_term_string"}}],"inLanguage":"pt-BR"},{"@type":"Person","@id":"https:\/\/www.correiobraziliense.com.br\/cbradar\/#\/schema\/person\/4053c651a9bfc785afc6f4cbc9032fd3","name":"Maura Pereira","image":{"@type":"ImageObject","inLanguage":"pt-BR","@id":"https:\/\/www.correiobraziliense.com.br\/cbradar\/#\/schema\/person\/image\/","url":"https:\/\/secure.gravatar.com\/avatar\/3effd6bdadfa447f15089c7f7144eaa6?s=96&d=mm&r=g","contentUrl":"https:\/\/secure.gravatar.com\/avatar\/3effd6bdadfa447f15089c7f7144eaa6?s=96&d=mm&r=g","caption":"Maura Pereira"},"sameAs":["https:\/\/www.correiobraziliense.com.br\/"],"url":"https:\/\/www.correiobraziliense.com.br\/cbradar\/author\/mauramyth\/"}]}},"_links":{"self":[{"href":"https:\/\/www.correiobraziliense.com.br\/cbradar\/wp-json\/wp\/v2\/posts\/103967","targetHints":{"allow":["GET"]}}],"collection":[{"href":"https:\/\/www.correiobraziliense.com.br\/cbradar\/wp-json\/wp\/v2\/posts"}],"about":[{"href":"https:\/\/www.correiobraziliense.com.br\/cbradar\/wp-json\/wp\/v2\/types\/post"}],"author":[{"embeddable":true,"href":"https:\/\/www.correiobraziliense.com.br\/cbradar\/wp-json\/wp\/v2\/users\/8"}],"replies":[{"embeddable":true,"href":"https:\/\/www.correiobraziliense.com.br\/cbradar\/wp-json\/wp\/v2\/comments?post=103967"}],"version-history":[{"count":5,"href":"https:\/\/www.correiobraziliense.com.br\/cbradar\/wp-json\/wp\/v2\/posts\/103967\/revisions"}],"predecessor-version":[{"id":103992,"href":"https:\/\/www.correiobraziliense.com.br\/cbradar\/wp-json\/wp\/v2\/posts\/103967\/revisions\/103992"}],"wp:featuredmedia":[{"embeddable":true,"href":"https:\/\/www.correiobraziliense.com.br\/cbradar\/wp-json\/wp\/v2\/media\/2771"}],"wp:attachment":[{"href":"https:\/\/www.correiobraziliense.com.br\/cbradar\/wp-json\/wp\/v2\/media?parent=103967"}],"wp:term":[{"taxonomy":"category","embeddable":true,"href":"https:\/\/www.correiobraziliense.com.br\/cbradar\/wp-json\/wp\/v2\/categories?post=103967"},{"taxonomy":"post_tag","embeddable":true,"href":"https:\/\/www.correiobraziliense.com.br\/cbradar\/wp-json\/wp\/v2\/post_tag?post=103967"}],"curies":[{"name":"wp","href":"https:\/\/api.w.org\/{rel}","templated":true}]}}