{"id":104002,"date":"2025-09-15T10:30:00","date_gmt":"2025-09-15T13:30:00","guid":{"rendered":"https:\/\/www.correiobraziliense.com.br\/cbradar\/?p=104002"},"modified":"2025-09-14T18:41:24","modified_gmt":"2025-09-14T21:41:24","slug":"a-fruta-poderosa-que-faz-bem-para-o-figado-e-para-o-intestino-segundo-a-ciencia","status":"publish","type":"post","link":"https:\/\/www.correiobraziliense.com.br\/cbradar\/a-fruta-poderosa-que-faz-bem-para-o-figado-e-para-o-intestino-segundo-a-ciencia\/","title":{"rendered":"A fruta poderosa que faz bem para o f\u00edgado e para o intestino segundo a ci\u00eancia"},"content":{"rendered":"\n<p>A <strong>inga (Inga edulis)<\/strong>, nativa da Amaz\u00f4nia, \u00e9 usada h\u00e1 gera\u00e7\u00f5es na fitoterapia e tem ganhado aten\u00e7\u00e3o cient\u00edfica por sua riqueza em compostos bioativos. Folhas, frutos e sementes concentram subst\u00e2ncias com a\u00e7\u00e3o anti-inflamat\u00f3ria, antioxidante e hepatoprotetora.<\/p>\n\n\n\n<p>Al\u00e9m de fortalecer o f\u00edgado, a fruta tamb\u00e9m contribui para o equil\u00edbrio do intestino, sendo reconhecida como um alimento funcional com grande potencial terap\u00eautico.<\/p>\n\n\n\n<h2 class=\"wp-block-heading\">Quais s\u00e3o as propriedades anti-inflamat\u00f3rias da inga?<\/h2>\n\n\n\n<p>Os flavonoides e taninos presentes na planta <strong>modulam respostas inflamat\u00f3rias<\/strong>, ajudando a reduzir dores e inflama\u00e7\u00f5es cr\u00f4nicas. Pesquisas em farmacognosia confirmam a efic\u00e1cia dos extratos de folhas nesse processo.<\/p>\n\n\n\n<p>Esse efeito refor\u00e7a seu uso tradicional em comunidades amaz\u00f4nicas como recurso natural contra inflama\u00e7\u00f5es locais e sist\u00eamicas.<\/p>\n\n\n\n<h2 class=\"wp-block-heading\">Como a inga combate o estresse oxidativo?<\/h2>\n\n\n\n<p>A fruta \u00e9 rica em <strong>antioxidantes como vitamina C e flavonoides<\/strong>, que neutralizam radicais livres e protegem as c\u00e9lulas contra o envelhecimento precoce. Esses compostos ajudam na integridade celular e na preven\u00e7\u00e3o de doen\u00e7as degenerativas.<\/p>\n\n\n\n<p>Estudos recentes demonstram que extratos da inga apresentam alta capacidade antioxidante, com impacto positivo na sa\u00fade celular.<\/p>\n\n\n\n<h2 class=\"wp-block-heading\">De que forma a inga protege o f\u00edgado?<\/h2>\n\n\n\n<p>Compostos hepatoativos encontrados nas folhas e frutos oferecem <strong>efeito protetor ao f\u00edgado<\/strong>. Experimentos apontam melhora na regenera\u00e7\u00e3o celular e redu\u00e7\u00e3o de enzimas associadas a inflama\u00e7\u00f5es e intoxica\u00e7\u00f5es hep\u00e1ticas.<\/p>\n\n\n\n<p>Isso sugere que a planta pode atuar como adjuvante em tratamentos voltados \u00e0 sa\u00fade do f\u00edgado, sempre com acompanhamento profissional.<\/p>\n\n\n\n<figure class=\"wp-block-image size-large\"><img decoding=\"async\" width=\"1024\" height=\"576\" src=\"https:\/\/www.correiobraziliense.com.br\/cbradar\/wp-content\/uploads\/2025\/09\/inga_1757886054861-1024x576.jpg\" alt=\"A fruta poderosa que faz bem para o f\u00edgado e para o intestino segundo a ci\u00eancia\" class=\"wp-image-104004\" srcset=\"https:\/\/www.correiobraziliense.com.br\/cbradar\/wp-content\/uploads\/2025\/09\/inga_1757886054861-1024x576.jpg 1024w, https:\/\/www.correiobraziliense.com.br\/cbradar\/wp-content\/uploads\/2025\/09\/inga_1757886054861-300x169.jpg 300w, https:\/\/www.correiobraziliense.com.br\/cbradar\/wp-content\/uploads\/2025\/09\/inga_1757886054861-768x432.jpg 768w, https:\/\/www.correiobraziliense.com.br\/cbradar\/wp-content\/uploads\/2025\/09\/inga_1757886054861-750x422.jpg 750w, https:\/\/www.correiobraziliense.com.br\/cbradar\/wp-content\/uploads\/2025\/09\/inga_1757886054861-1140x641.jpg 1140w, https:\/\/www.correiobraziliense.com.br\/cbradar\/wp-content\/uploads\/2025\/09\/inga_1757886054861.jpg 1280w\" sizes=\"(max-width: 1024px) 100vw, 1024px\" \/><figcaption class=\"wp-element-caption\">inga. Cr\u00e9ditos: depositphotos.com \/ ildi_papp<\/figcaption><\/figure>\n\n\n\n<h2 class=\"wp-block-heading\">Quais benef\u00edcios a inga traz para o sistema digestivo?<\/h2>\n\n\n\n<p>Os polissacar\u00eddeos e fibras sol\u00faveis da fruta contribuem para o <strong>equil\u00edbrio da microbiota intestinal<\/strong>, favorecendo digest\u00e3o eficiente e absor\u00e7\u00e3o de nutrientes. Al\u00e9m disso, ajudam na regula\u00e7\u00e3o do tr\u00e2nsito intestinal.<\/p>\n\n\n\n<p>Esses efeitos fazem da inga uma aliada natural no cuidado digestivo, especialmente quando consumida em sua forma fresca.<\/p>\n\n\n\n<h2 class=\"wp-block-heading\">Como consumir a inga de forma segura?<\/h2>\n\n\n\n<p>Na tradi\u00e7\u00e3o amaz\u00f4nica, a planta \u00e9 usada em ch\u00e1s das folhas e pelo consumo da polpa in natura. Entre os m\u00e9todos mais comuns est\u00e3o:<\/p>\n\n\n\n<ul class=\"wp-block-list\">\n<li><strong>Infus\u00e3o:<\/strong> 1 a 2 colheres de folhas secas em x\u00edcara de \u00e1gua quente, at\u00e9 duas vezes ao dia.<\/li>\n\n\n\n<li><strong>Fruto fresco:<\/strong> consumo direto da polpa, aproveitando fibras e nutrientes.<\/li>\n<\/ul>\n\n\n\n<p>O uso deve ser moderado e preferencialmente orientado por profissionais de sa\u00fade, especialmente em casos de doen\u00e7as pr\u00e9-existentes ou uso de outros fitoter\u00e1picos.<\/p>\n\n\n\n<h2 class=\"wp-block-heading\">O que a ci\u00eancia j\u00e1 confirmou sobre a Inga edulis?<\/h2>\n\n\n\n<p>Pesquisas recentes refor\u00e7am que:<\/p>\n\n\n\n<ul class=\"wp-block-list\">\n<li>A planta tem efeito anti-inflamat\u00f3rio comprovado.<\/li>\n\n\n\n<li>Apresenta alto potencial antioxidante.<\/li>\n\n\n\n<li>Oferece suporte hepatoprotetor relevante.<\/li>\n\n\n\n<li>Contribui para o equil\u00edbrio da microbiota intestinal.<\/li>\n<\/ul>\n\n\n\n<p>Essas evid\u00eancias validam o conhecimento tradicional e indicam que a inga pode ser um recurso natural importante para sa\u00fade do f\u00edgado e do sistema digestivo.<\/p>\n","protected":false},"excerpt":{"rendered":"<p>A fruta amaz\u00f4nica com propriedades anti-inflamat\u00f3rias, antioxidantes e hepatoprotetoras que fortalecem f\u00edgado e intestino.<\/p>\n","protected":false},"author":3,"featured_media":104003,"comment_status":"open","ping_status":"open","sticky":false,"template":"","format":"standard","meta":{"_yoast_wpseo_focuskw":"fruta faz bem f\u00edgado intestino","_yoast_wpseo_title":"%%title%%","_yoast_wpseo_metadesc":"A fruta amaz\u00f4nica com propriedades anti-inflamat\u00f3rias, antioxidantes e hepatoprotetoras que fortalecem f\u00edgado e intestino.","jnews-multi-image_gallery":[],"jnews_single_post":{"format":"standard"},"jnews_primary_category":[],"jnews_social_meta":[],"jnews_override_counter":[],"footnotes":""},"categories":[112],"post_tag":[281,1423,144],"class_list":["post-104002","post","type-post","status-publish","format-standard","has-post-thumbnail","hentry","category-curiosidades","tag-alimentacao","tag-alimentos","tag-curiosidades"],"yoast_head":"<!-- This site is optimized with the Yoast SEO plugin v24.6 - https:\/\/yoast.com\/wordpress\/plugins\/seo\/ -->\n<title>A fruta poderosa que faz bem para o f\u00edgado e para o intestino segundo a ci\u00eancia<\/title>\n<meta name=\"description\" content=\"A fruta amaz\u00f4nica com propriedades anti-inflamat\u00f3rias, antioxidantes e hepatoprotetoras que fortalecem f\u00edgado e intestino.\" \/>\n<meta name=\"robots\" content=\"index, follow, max-snippet:-1, max-image-preview:large, max-video-preview:-1\" \/>\n<link rel=\"canonical\" href=\"https:\/\/www.correiobraziliense.com.br\/cbradar\/a-fruta-poderosa-que-faz-bem-para-o-figado-e-para-o-intestino-segundo-a-ciencia\/\" \/>\n<meta property=\"og:locale\" content=\"pt_BR\" \/>\n<meta property=\"og:type\" content=\"article\" \/>\n<meta property=\"og:title\" content=\"A fruta poderosa que faz bem para o f\u00edgado e para o intestino segundo a ci\u00eancia\" \/>\n<meta property=\"og:description\" content=\"A fruta amaz\u00f4nica com propriedades anti-inflamat\u00f3rias, antioxidantes e hepatoprotetoras que fortalecem f\u00edgado e intestino.\" \/>\n<meta property=\"og:url\" content=\"https:\/\/www.correiobraziliense.com.br\/cbradar\/a-fruta-poderosa-que-faz-bem-para-o-figado-e-para-o-intestino-segundo-a-ciencia\/\" \/>\n<meta property=\"og:site_name\" content=\"Correio Braziliense - Radar\" \/>\n<meta property=\"article:published_time\" content=\"2025-09-15T13:30:00+00:00\" \/>\n<meta property=\"og:image\" content=\"https:\/\/www.correiobraziliense.com.br\/cbradar\/wp-content\/uploads\/2025\/09\/inga_1757886025759.jpg\" \/>\n\t<meta property=\"og:image:width\" content=\"1280\" \/>\n\t<meta property=\"og:image:height\" content=\"720\" \/>\n\t<meta property=\"og:image:type\" content=\"image\/jpeg\" \/>\n<meta name=\"author\" content=\"Larissa Carvalho\" \/>\n<meta name=\"twitter:card\" content=\"summary_large_image\" \/>\n<meta name=\"twitter:label1\" content=\"Escrito por\" \/>\n\t<meta name=\"twitter:data1\" content=\"Larissa Carvalho\" \/>\n\t<meta name=\"twitter:label2\" content=\"Est. tempo de leitura\" \/>\n\t<meta name=\"twitter:data2\" content=\"3 minutos\" \/>\n<!-- \/ Yoast SEO plugin. -->","yoast_head_json":{"title":"A fruta poderosa que faz bem para o f\u00edgado e para o intestino segundo a ci\u00eancia","description":"A fruta amaz\u00f4nica com propriedades anti-inflamat\u00f3rias, antioxidantes e hepatoprotetoras que fortalecem f\u00edgado e intestino.","robots":{"index":"index","follow":"follow","max-snippet":"max-snippet:-1","max-image-preview":"max-image-preview:large","max-video-preview":"max-video-preview:-1"},"canonical":"https:\/\/www.correiobraziliense.com.br\/cbradar\/a-fruta-poderosa-que-faz-bem-para-o-figado-e-para-o-intestino-segundo-a-ciencia\/","og_locale":"pt_BR","og_type":"article","og_title":"A fruta poderosa que faz bem para o f\u00edgado e para o intestino segundo a ci\u00eancia","og_description":"A fruta amaz\u00f4nica com propriedades anti-inflamat\u00f3rias, antioxidantes e hepatoprotetoras que fortalecem f\u00edgado e intestino.","og_url":"https:\/\/www.correiobraziliense.com.br\/cbradar\/a-fruta-poderosa-que-faz-bem-para-o-figado-e-para-o-intestino-segundo-a-ciencia\/","og_site_name":"Correio Braziliense - Radar","article_published_time":"2025-09-15T13:30:00+00:00","og_image":[{"width":1280,"height":720,"url":"https:\/\/www.correiobraziliense.com.br\/cbradar\/wp-content\/uploads\/2025\/09\/inga_1757886025759.jpg","type":"image\/jpeg"}],"author":"Larissa Carvalho","twitter_card":"summary_large_image","twitter_misc":{"Escrito por":"Larissa Carvalho","Est. tempo de leitura":"3 minutos"},"schema":{"@context":"https:\/\/schema.org","@graph":[{"@type":"WebPage","@id":"https:\/\/www.correiobraziliense.com.br\/cbradar\/a-fruta-poderosa-que-faz-bem-para-o-figado-e-para-o-intestino-segundo-a-ciencia\/","url":"https:\/\/www.correiobraziliense.com.br\/cbradar\/a-fruta-poderosa-que-faz-bem-para-o-figado-e-para-o-intestino-segundo-a-ciencia\/","name":"A fruta poderosa que faz bem para o f\u00edgado e para o intestino segundo a ci\u00eancia","isPartOf":{"@id":"https:\/\/www.correiobraziliense.com.br\/cbradar\/#website"},"primaryImageOfPage":{"@id":"https:\/\/www.correiobraziliense.com.br\/cbradar\/a-fruta-poderosa-que-faz-bem-para-o-figado-e-para-o-intestino-segundo-a-ciencia\/#primaryimage"},"image":{"@id":"https:\/\/www.correiobraziliense.com.br\/cbradar\/a-fruta-poderosa-que-faz-bem-para-o-figado-e-para-o-intestino-segundo-a-ciencia\/#primaryimage"},"thumbnailUrl":"https:\/\/www.correiobraziliense.com.br\/cbradar\/wp-content\/uploads\/2025\/09\/inga_1757886025759.jpg","datePublished":"2025-09-15T13:30:00+00:00","author":{"@id":"https:\/\/www.correiobraziliense.com.br\/cbradar\/#\/schema\/person\/58422787644df994b53a19d3e56c1513"},"description":"A fruta amaz\u00f4nica com propriedades anti-inflamat\u00f3rias, antioxidantes e hepatoprotetoras que fortalecem f\u00edgado e intestino.","breadcrumb":{"@id":"https:\/\/www.correiobraziliense.com.br\/cbradar\/a-fruta-poderosa-que-faz-bem-para-o-figado-e-para-o-intestino-segundo-a-ciencia\/#breadcrumb"},"inLanguage":"pt-BR","potentialAction":[{"@type":"ReadAction","target":["https:\/\/www.correiobraziliense.com.br\/cbradar\/a-fruta-poderosa-que-faz-bem-para-o-figado-e-para-o-intestino-segundo-a-ciencia\/"]}]},{"@type":"ImageObject","inLanguage":"pt-BR","@id":"https:\/\/www.correiobraziliense.com.br\/cbradar\/a-fruta-poderosa-que-faz-bem-para-o-figado-e-para-o-intestino-segundo-a-ciencia\/#primaryimage","url":"https:\/\/www.correiobraziliense.com.br\/cbradar\/wp-content\/uploads\/2025\/09\/inga_1757886025759.jpg","contentUrl":"https:\/\/www.correiobraziliense.com.br\/cbradar\/wp-content\/uploads\/2025\/09\/inga_1757886025759.jpg","width":1280,"height":720,"caption":"inga. Cr\u00e9ditos: depositphotos.com \/ ildi_papp"},{"@type":"BreadcrumbList","@id":"https:\/\/www.correiobraziliense.com.br\/cbradar\/a-fruta-poderosa-que-faz-bem-para-o-figado-e-para-o-intestino-segundo-a-ciencia\/#breadcrumb","itemListElement":[{"@type":"ListItem","position":1,"name":"In\u00edcio","item":"https:\/\/www.correiobraziliense.com.br\/cbradar\/"},{"@type":"ListItem","position":2,"name":"A fruta poderosa que faz bem para o f\u00edgado e para o intestino segundo a ci\u00eancia"}]},{"@type":"WebSite","@id":"https:\/\/www.correiobraziliense.com.br\/cbradar\/#website","url":"https:\/\/www.correiobraziliense.com.br\/cbradar\/","name":"Correio Braziliense - Radar","description":"Acompanhe as \u00faltimas not\u00edcias e fique bem informado sobre tudo o que acontece no Brasil e no mundo.","potentialAction":[{"@type":"SearchAction","target":{"@type":"EntryPoint","urlTemplate":"https:\/\/www.correiobraziliense.com.br\/cbradar\/?s={search_term_string}"},"query-input":{"@type":"PropertyValueSpecification","valueRequired":true,"valueName":"search_term_string"}}],"inLanguage":"pt-BR"},{"@type":"Person","@id":"https:\/\/www.correiobraziliense.com.br\/cbradar\/#\/schema\/person\/58422787644df994b53a19d3e56c1513","name":"Larissa Carvalho","image":{"@type":"ImageObject","inLanguage":"pt-BR","@id":"https:\/\/www.correiobraziliense.com.br\/cbradar\/#\/schema\/person\/image\/","url":"https:\/\/secure.gravatar.com\/avatar\/fe4f91a0de32b52a838d0d612abdc1aa?s=96&d=mm&r=g","contentUrl":"https:\/\/secure.gravatar.com\/avatar\/fe4f91a0de32b52a838d0d612abdc1aa?s=96&d=mm&r=g","caption":"Larissa Carvalho"},"url":"https:\/\/www.correiobraziliense.com.br\/cbradar\/author\/larissamyth\/"}]}},"_links":{"self":[{"href":"https:\/\/www.correiobraziliense.com.br\/cbradar\/wp-json\/wp\/v2\/posts\/104002","targetHints":{"allow":["GET"]}}],"collection":[{"href":"https:\/\/www.correiobraziliense.com.br\/cbradar\/wp-json\/wp\/v2\/posts"}],"about":[{"href":"https:\/\/www.correiobraziliense.com.br\/cbradar\/wp-json\/wp\/v2\/types\/post"}],"author":[{"embeddable":true,"href":"https:\/\/www.correiobraziliense.com.br\/cbradar\/wp-json\/wp\/v2\/users\/3"}],"replies":[{"embeddable":true,"href":"https:\/\/www.correiobraziliense.com.br\/cbradar\/wp-json\/wp\/v2\/comments?post=104002"}],"version-history":[{"count":1,"href":"https:\/\/www.correiobraziliense.com.br\/cbradar\/wp-json\/wp\/v2\/posts\/104002\/revisions"}],"predecessor-version":[{"id":104005,"href":"https:\/\/www.correiobraziliense.com.br\/cbradar\/wp-json\/wp\/v2\/posts\/104002\/revisions\/104005"}],"wp:featuredmedia":[{"embeddable":true,"href":"https:\/\/www.correiobraziliense.com.br\/cbradar\/wp-json\/wp\/v2\/media\/104003"}],"wp:attachment":[{"href":"https:\/\/www.correiobraziliense.com.br\/cbradar\/wp-json\/wp\/v2\/media?parent=104002"}],"wp:term":[{"taxonomy":"category","embeddable":true,"href":"https:\/\/www.correiobraziliense.com.br\/cbradar\/wp-json\/wp\/v2\/categories?post=104002"},{"taxonomy":"post_tag","embeddable":true,"href":"https:\/\/www.correiobraziliense.com.br\/cbradar\/wp-json\/wp\/v2\/post_tag?post=104002"}],"curies":[{"name":"wp","href":"https:\/\/api.w.org\/{rel}","templated":true}]}}