{"id":10403,"date":"2025-03-09T16:10:00","date_gmt":"2025-03-09T19:10:00","guid":{"rendered":"https:\/\/www.correiobraziliense.com.br\/cbradar\/?p=10403"},"modified":"2025-03-07T21:03:37","modified_gmt":"2025-03-08T00:03:37","slug":"como-a-la-nina-vai-impactar-o-brasil-nos-proximos-dias","status":"publish","type":"post","link":"https:\/\/www.correiobraziliense.com.br\/cbradar\/como-a-la-nina-vai-impactar-o-brasil-nos-proximos-dias\/","title":{"rendered":"Como a La Ni\u00f1a vai impactar o Brasil nos pr\u00f3ximos dias"},"content":{"rendered":"\n<p>O fen\u00f4meno clim\u00e1tico conhecido como&nbsp;<strong>La Ni\u00f1a<\/strong>&nbsp;ocorre quando h\u00e1 um resfriamento significativo das \u00e1guas na faixa Equatorial Central e Centro-Leste do Oceano Pac\u00edfico. Este resfriamento \u00e9 caracterizado por uma diminui\u00e7\u00e3o de temperatura igual ou superior a 0,5\u00b0C, e costuma ocorrer a cada tr\u00eas a cinco anos. A Organiza\u00e7\u00e3o Meteorol\u00f3gica Mundial (OMM) monitora constantemente as condi\u00e7\u00f5es do Pac\u00edfico Equatorial, prevendo uma probabilidade de 60% de retorno \u00e0 fase neutra entre mar\u00e7o e maio, aumentando para 70% entre abril e junho.<\/p>\n\n\n\n<p>Embora a possibilidade de desenvolvimento do <strong>El Ni\u00f1o <\/strong>entre mar\u00e7o e junho seja considerada insignificante, as previs\u00f5es sazonais para ambos os fen\u00f4menos s\u00e3o ferramentas cruciais para antecipar alertas e a\u00e7\u00f5es relacionadas aos padr\u00f5es clim\u00e1ticos globais. A Secret\u00e1ria-Geral da <strong>OMM<\/strong>, Celeste Saulo, destaca a import\u00e2ncia dessas previs\u00f5es, especialmente em um contexto de mudan\u00e7as clim\u00e1ticas induzidas pelo homem, que t\u00eam alterado significativamente os padr\u00f5es clim\u00e1ticos.<\/p>\n\n\n\n<h2 class=\"wp-block-heading\"><strong>Quais s\u00e3o os efeitos do La Ni\u00f1a no Brasil?<\/strong><\/h2>\n\n\n\n<p>Mesmo um La Ni\u00f1a considerado fraco pode causar altera\u00e7\u00f5es significativas no clima. No <strong>Brasil<\/strong>, os efeitos cl\u00e1ssicos incluem um aumento das chuvas nas regi\u00f5es Norte e Nordeste, enquanto o <strong>Centro<\/strong>&#8211;<strong>Sul <\/strong>enfrenta um tempo mais seco e chuvas irregulares. No Sul do pa\u00eds, h\u00e1 uma tend\u00eancia de tempo mais seco, al\u00e9m de condi\u00e7\u00f5es favor\u00e1veis para a entrada de massas de ar frio, resultando em maior varia\u00e7\u00e3o t\u00e9rmica.<\/p>\n\n\n\n<figure class=\"wp-block-image size-large\"><img decoding=\"async\" width=\"1024\" height=\"576\" src=\"https:\/\/www.correiobraziliense.com.br\/cbradar\/wp-content\/uploads\/2025\/03\/equator_1741379921419-1024x576.jpg\" alt=\"Como a La Ni\u00f1a vai impactar o Brasil nos pr\u00f3ximos dias\" class=\"wp-image-10404\" srcset=\"https:\/\/www.correiobraziliense.com.br\/cbradar\/wp-content\/uploads\/2025\/03\/equator_1741379921419-1024x576.jpg 1024w, https:\/\/www.correiobraziliense.com.br\/cbradar\/wp-content\/uploads\/2025\/03\/equator_1741379921419-300x169.jpg 300w, https:\/\/www.correiobraziliense.com.br\/cbradar\/wp-content\/uploads\/2025\/03\/equator_1741379921419-768x432.jpg 768w, https:\/\/www.correiobraziliense.com.br\/cbradar\/wp-content\/uploads\/2025\/03\/equator_1741379921419-750x422.jpg 750w, https:\/\/www.correiobraziliense.com.br\/cbradar\/wp-content\/uploads\/2025\/03\/equator_1741379921419-1140x641.jpg 1140w, https:\/\/www.correiobraziliense.com.br\/cbradar\/wp-content\/uploads\/2025\/03\/equator_1741379921419.jpg 1280w\" sizes=\"(max-width: 1024px) 100vw, 1024px\" \/><figcaption class=\"wp-element-caption\">La Ni\u00f1a. Cr\u00e9ditos: depositphotos.com \/ Morphart<\/figcaption><\/figure>\n\n\n\n<p>De acordo com F\u00e1bio Luengo, meteorologista da Climatempo, o cen\u00e1rio atual j\u00e1 reflete os efeitos de uma La Ni\u00f1a de curta dura\u00e7\u00e3o. Ele explica que, embora o fen\u00f4meno traga pouca chuva para o Centro-Sul, aumenta a probabilidade de granizo, especialmente em S\u00e3o Paulo, onde temporais acompanhados de granizo t\u00eam sido frequentes.<\/p>\n\n\n\n<h2 class=\"wp-block-heading\"><strong>Como o La Ni\u00f1a influencia o clima global?<\/strong><\/h2>\n\n\n\n<p>O La Ni\u00f1a tem um impacto significativo nos padr\u00f5es clim\u00e1ticos globais. A atmosfera mais fria facilita a forma\u00e7\u00e3o de granizo, enquanto o deslocamento do jato subtropical para o norte aumenta as \u00e1reas de instabilidade no Centro-Oeste e Sudeste do Brasil. Esse deslocamento, combinado com calor e umidade, gera mais tempestades.<\/p>\n\n\n\n<p>A Zona de Converg\u00eancia Intertropical (ZCIT), respons\u00e1vel por levar chuvas para o norte do pa\u00eds, tamb\u00e9m est\u00e1 descendo, aumentando as chuvas no Amap\u00e1 e no norte do Par\u00e1. Em breve, espera-se um aumento das chuvas no norte do Nordeste, especialmente no Maranh\u00e3o, Piau\u00ed e Fortaleza.<\/p>\n\n\n\n<h2 class=\"wp-block-heading\"><strong>El Ni\u00f1o e La Ni\u00f1a: Quais s\u00e3o as diferen\u00e7as?<\/strong><\/h2>\n\n\n\n<p>O&nbsp;<strong>El Ni\u00f1o<\/strong>&nbsp;\u00e9 a fase positiva do fen\u00f4meno El Ni\u00f1o Oscila\u00e7\u00e3o Sul (ENOS), enquanto o La Ni\u00f1a representa a fase negativa. Durante o El Ni\u00f1o, o calor \u00e9 intensificado no ver\u00e3o e o inverno \u00e9 menos rigoroso no Brasil, devido \u00e0 dificuldade no avan\u00e7o de frentes frias. O fen\u00f4meno causa secas no Norte e Nordeste e chuvas excessivas no Sul e Sudeste.<\/p>\n\n\n\n<p>Embora o \u00faltimo inverno tenha sido impactado pelo El Ni\u00f1o, agora observa-se um resfriamento mais evidente das \u00e1guas do Pac\u00edfico, confirmando o estabelecimento do La Ni\u00f1a. A atua\u00e7\u00e3o mais persistente das Altas da Cordilheira dos Andes (ACAs) tamb\u00e9m contribui para manter o padr\u00e3o de pouca chuva no Centro-Sul, enquanto aumenta a umidade no Norte e Nordeste.<\/p>\n","protected":false},"excerpt":{"rendered":"<p>Entenda os impactos do fen\u00f4meno La Ni\u00f1a no Brasil e no clima global, suas diferen\u00e7as com o El Ni\u00f1o e como ele afeta as previs\u00f5es clim\u00e1ticas.<\/p>\n","protected":false},"author":3,"featured_media":10405,"comment_status":"open","ping_status":"open","sticky":false,"template":"","format":"standard","meta":{"_yoast_wpseo_focuskw":"La Ni\u00f1a","_yoast_wpseo_title":"%%title%%","_yoast_wpseo_metadesc":"Entenda os impactos do fen\u00f4meno La Ni\u00f1a no Brasil e no clima global, suas diferen\u00e7as com o El Ni\u00f1o e como ele afeta as previs\u00f5es clim\u00e1ticas.","jnews-multi-image_gallery":[],"jnews_single_post":{"format":"standard"},"jnews_primary_category":[],"jnews_social_meta":[],"jnews_override_counter":[],"footnotes":""},"categories":[112],"post_tag":[225,1674,1673],"class_list":["post-10403","post","type-post","status-publish","format-standard","has-post-thumbnail","hentry","category-curiosidades","tag-brasil","tag-clima","tag-la-nina"],"yoast_head":"<!-- This site is optimized with the Yoast SEO plugin v24.6 - https:\/\/yoast.com\/wordpress\/plugins\/seo\/ -->\n<title>Como a La Ni\u00f1a vai impactar o Brasil nos pr\u00f3ximos dias<\/title>\n<meta name=\"description\" content=\"Entenda os impactos do fen\u00f4meno La Ni\u00f1a no Brasil e no clima global, suas diferen\u00e7as com o El Ni\u00f1o e como ele afeta as previs\u00f5es clim\u00e1ticas.\" \/>\n<meta name=\"robots\" content=\"index, follow, max-snippet:-1, max-image-preview:large, max-video-preview:-1\" \/>\n<link rel=\"canonical\" href=\"https:\/\/www.correiobraziliense.com.br\/cbradar\/como-a-la-nina-vai-impactar-o-brasil-nos-proximos-dias\/\" \/>\n<meta property=\"og:locale\" content=\"pt_BR\" \/>\n<meta property=\"og:type\" content=\"article\" \/>\n<meta property=\"og:title\" content=\"Como a La Ni\u00f1a vai impactar o Brasil nos pr\u00f3ximos dias\" \/>\n<meta property=\"og:description\" content=\"Entenda os impactos do fen\u00f4meno La Ni\u00f1a no Brasil e no clima global, suas diferen\u00e7as com o El Ni\u00f1o e como ele afeta as previs\u00f5es clim\u00e1ticas.\" \/>\n<meta property=\"og:url\" content=\"https:\/\/www.correiobraziliense.com.br\/cbradar\/como-a-la-nina-vai-impactar-o-brasil-nos-proximos-dias\/\" \/>\n<meta property=\"og:site_name\" content=\"Correio Braziliense - Radar\" \/>\n<meta property=\"article:published_time\" content=\"2025-03-09T19:10:00+00:00\" \/>\n<meta property=\"og:image\" content=\"https:\/\/www.correiobraziliense.com.br\/cbradar\/wp-content\/uploads\/2025\/03\/equator_1741380053209.jpg\" \/>\n\t<meta property=\"og:image:width\" content=\"1280\" \/>\n\t<meta property=\"og:image:height\" content=\"720\" \/>\n\t<meta property=\"og:image:type\" content=\"image\/jpeg\" \/>\n<meta name=\"author\" content=\"Larissa Carvalho\" \/>\n<meta name=\"twitter:card\" content=\"summary_large_image\" \/>\n<meta name=\"twitter:label1\" content=\"Escrito por\" \/>\n\t<meta name=\"twitter:data1\" content=\"Larissa Carvalho\" \/>\n\t<meta name=\"twitter:label2\" content=\"Est. tempo de leitura\" \/>\n\t<meta name=\"twitter:data2\" content=\"4 minutos\" \/>\n<!-- \/ Yoast SEO plugin. -->","yoast_head_json":{"title":"Como a La Ni\u00f1a vai impactar o Brasil nos pr\u00f3ximos dias","description":"Entenda os impactos do fen\u00f4meno La Ni\u00f1a no Brasil e no clima global, suas diferen\u00e7as com o El Ni\u00f1o e como ele afeta as previs\u00f5es clim\u00e1ticas.","robots":{"index":"index","follow":"follow","max-snippet":"max-snippet:-1","max-image-preview":"max-image-preview:large","max-video-preview":"max-video-preview:-1"},"canonical":"https:\/\/www.correiobraziliense.com.br\/cbradar\/como-a-la-nina-vai-impactar-o-brasil-nos-proximos-dias\/","og_locale":"pt_BR","og_type":"article","og_title":"Como a La Ni\u00f1a vai impactar o Brasil nos pr\u00f3ximos dias","og_description":"Entenda os impactos do fen\u00f4meno La Ni\u00f1a no Brasil e no clima global, suas diferen\u00e7as com o El Ni\u00f1o e como ele afeta as previs\u00f5es clim\u00e1ticas.","og_url":"https:\/\/www.correiobraziliense.com.br\/cbradar\/como-a-la-nina-vai-impactar-o-brasil-nos-proximos-dias\/","og_site_name":"Correio Braziliense - Radar","article_published_time":"2025-03-09T19:10:00+00:00","og_image":[{"width":1280,"height":720,"url":"https:\/\/www.correiobraziliense.com.br\/cbradar\/wp-content\/uploads\/2025\/03\/equator_1741380053209.jpg","type":"image\/jpeg"}],"author":"Larissa Carvalho","twitter_card":"summary_large_image","twitter_misc":{"Escrito por":"Larissa Carvalho","Est. tempo de leitura":"4 minutos"},"schema":{"@context":"https:\/\/schema.org","@graph":[{"@type":"WebPage","@id":"https:\/\/www.correiobraziliense.com.br\/cbradar\/como-a-la-nina-vai-impactar-o-brasil-nos-proximos-dias\/","url":"https:\/\/www.correiobraziliense.com.br\/cbradar\/como-a-la-nina-vai-impactar-o-brasil-nos-proximos-dias\/","name":"Como a La Ni\u00f1a vai impactar o Brasil nos pr\u00f3ximos dias","isPartOf":{"@id":"https:\/\/www.correiobraziliense.com.br\/cbradar\/#website"},"primaryImageOfPage":{"@id":"https:\/\/www.correiobraziliense.com.br\/cbradar\/como-a-la-nina-vai-impactar-o-brasil-nos-proximos-dias\/#primaryimage"},"image":{"@id":"https:\/\/www.correiobraziliense.com.br\/cbradar\/como-a-la-nina-vai-impactar-o-brasil-nos-proximos-dias\/#primaryimage"},"thumbnailUrl":"https:\/\/www.correiobraziliense.com.br\/cbradar\/wp-content\/uploads\/2025\/03\/equator_1741380053209.jpg","datePublished":"2025-03-09T19:10:00+00:00","author":{"@id":"https:\/\/www.correiobraziliense.com.br\/cbradar\/#\/schema\/person\/58422787644df994b53a19d3e56c1513"},"description":"Entenda os impactos do fen\u00f4meno La Ni\u00f1a no Brasil e no clima global, suas diferen\u00e7as com o El Ni\u00f1o e como ele afeta as previs\u00f5es clim\u00e1ticas.","breadcrumb":{"@id":"https:\/\/www.correiobraziliense.com.br\/cbradar\/como-a-la-nina-vai-impactar-o-brasil-nos-proximos-dias\/#breadcrumb"},"inLanguage":"pt-BR","potentialAction":[{"@type":"ReadAction","target":["https:\/\/www.correiobraziliense.com.br\/cbradar\/como-a-la-nina-vai-impactar-o-brasil-nos-proximos-dias\/"]}]},{"@type":"ImageObject","inLanguage":"pt-BR","@id":"https:\/\/www.correiobraziliense.com.br\/cbradar\/como-a-la-nina-vai-impactar-o-brasil-nos-proximos-dias\/#primaryimage","url":"https:\/\/www.correiobraziliense.com.br\/cbradar\/wp-content\/uploads\/2025\/03\/equator_1741380053209.jpg","contentUrl":"https:\/\/www.correiobraziliense.com.br\/cbradar\/wp-content\/uploads\/2025\/03\/equator_1741380053209.jpg","width":1280,"height":720,"caption":"Planeta. Cr\u00e9ditos: depositphotos.com \/ Crisfotolux"},{"@type":"BreadcrumbList","@id":"https:\/\/www.correiobraziliense.com.br\/cbradar\/como-a-la-nina-vai-impactar-o-brasil-nos-proximos-dias\/#breadcrumb","itemListElement":[{"@type":"ListItem","position":1,"name":"In\u00edcio","item":"https:\/\/www.correiobraziliense.com.br\/cbradar\/"},{"@type":"ListItem","position":2,"name":"Como a La Ni\u00f1a vai impactar o Brasil nos pr\u00f3ximos dias"}]},{"@type":"WebSite","@id":"https:\/\/www.correiobraziliense.com.br\/cbradar\/#website","url":"https:\/\/www.correiobraziliense.com.br\/cbradar\/","name":"Correio Braziliense - Radar","description":"Acompanhe as \u00faltimas not\u00edcias e fique bem informado sobre tudo o que acontece no Brasil e no mundo.","potentialAction":[{"@type":"SearchAction","target":{"@type":"EntryPoint","urlTemplate":"https:\/\/www.correiobraziliense.com.br\/cbradar\/?s={search_term_string}"},"query-input":{"@type":"PropertyValueSpecification","valueRequired":true,"valueName":"search_term_string"}}],"inLanguage":"pt-BR"},{"@type":"Person","@id":"https:\/\/www.correiobraziliense.com.br\/cbradar\/#\/schema\/person\/58422787644df994b53a19d3e56c1513","name":"Larissa Carvalho","image":{"@type":"ImageObject","inLanguage":"pt-BR","@id":"https:\/\/www.correiobraziliense.com.br\/cbradar\/#\/schema\/person\/image\/","url":"https:\/\/secure.gravatar.com\/avatar\/fe4f91a0de32b52a838d0d612abdc1aa?s=96&d=mm&r=g","contentUrl":"https:\/\/secure.gravatar.com\/avatar\/fe4f91a0de32b52a838d0d612abdc1aa?s=96&d=mm&r=g","caption":"Larissa Carvalho"},"url":"https:\/\/www.correiobraziliense.com.br\/cbradar\/author\/larissamyth\/"}]}},"_links":{"self":[{"href":"https:\/\/www.correiobraziliense.com.br\/cbradar\/wp-json\/wp\/v2\/posts\/10403","targetHints":{"allow":["GET"]}}],"collection":[{"href":"https:\/\/www.correiobraziliense.com.br\/cbradar\/wp-json\/wp\/v2\/posts"}],"about":[{"href":"https:\/\/www.correiobraziliense.com.br\/cbradar\/wp-json\/wp\/v2\/types\/post"}],"author":[{"embeddable":true,"href":"https:\/\/www.correiobraziliense.com.br\/cbradar\/wp-json\/wp\/v2\/users\/3"}],"replies":[{"embeddable":true,"href":"https:\/\/www.correiobraziliense.com.br\/cbradar\/wp-json\/wp\/v2\/comments?post=10403"}],"version-history":[{"count":2,"href":"https:\/\/www.correiobraziliense.com.br\/cbradar\/wp-json\/wp\/v2\/posts\/10403\/revisions"}],"predecessor-version":[{"id":10427,"href":"https:\/\/www.correiobraziliense.com.br\/cbradar\/wp-json\/wp\/v2\/posts\/10403\/revisions\/10427"}],"wp:featuredmedia":[{"embeddable":true,"href":"https:\/\/www.correiobraziliense.com.br\/cbradar\/wp-json\/wp\/v2\/media\/10405"}],"wp:attachment":[{"href":"https:\/\/www.correiobraziliense.com.br\/cbradar\/wp-json\/wp\/v2\/media?parent=10403"}],"wp:term":[{"taxonomy":"category","embeddable":true,"href":"https:\/\/www.correiobraziliense.com.br\/cbradar\/wp-json\/wp\/v2\/categories?post=10403"},{"taxonomy":"post_tag","embeddable":true,"href":"https:\/\/www.correiobraziliense.com.br\/cbradar\/wp-json\/wp\/v2\/post_tag?post=10403"}],"curies":[{"name":"wp","href":"https:\/\/api.w.org\/{rel}","templated":true}]}}