{"id":104038,"date":"2025-09-16T12:33:00","date_gmt":"2025-09-16T15:33:00","guid":{"rendered":"https:\/\/www.correiobraziliense.com.br\/cbradar\/?p=104038"},"modified":"2025-09-14T20:02:54","modified_gmt":"2025-09-14T23:02:54","slug":"o-que-significa-andar-com-as-maos-atras-das-costas-segundo-a-psicologia","status":"publish","type":"post","link":"https:\/\/www.correiobraziliense.com.br\/cbradar\/o-que-significa-andar-com-as-maos-atras-das-costas-segundo-a-psicologia\/","title":{"rendered":"O que significa andar com as m\u00e3os atr\u00e1s das costas, segundo\u00a0a\u00a0psicologia?"},"content":{"rendered":"\n<p>Andar com as <strong>m\u00e3os atr\u00e1s das costas<\/strong> \u00e9 um gesto comum que pode revelar muito sobre nosso estado emocional e mental. A <strong>psicologia<\/strong> observa esse comportamento como uma express\u00e3o de introspec\u00e7\u00e3o, confian\u00e7a e controle pessoal. Descubra a seguir o que esse gesto pode indicar.<\/p>\n\n\n\n<ul class=\"wp-block-list\">\n<li>Introspec\u00e7\u00e3o e reflex\u00e3o<\/li>\n\n\n\n<li>Confian\u00e7a e seguran\u00e7a<\/li>\n\n\n\n<li>Controle e autoridade<\/li>\n<\/ul>\n\n\n\n<h2 class=\"wp-block-heading\">Por que algumas pessoas andam com as m\u00e3os atr\u00e1s das costas?<\/h2>\n\n\n\n<p>Pessoas que frequentam ambientes formais ou de alta press\u00e3o podem adotar esse gesto para parecerem mais <strong>confiantes<\/strong>. \u00c9 uma postura que transmite <strong>calma<\/strong> e dom\u00ednio, sem a necessidade de palavras.<\/p>\n\n\n\n<p>Curioso para saber mais? Leia tamb\u00e9m: <a href=\"https:\/\/www.correiobraziliense.com.br\/cbradar\/o-que-significa-deixar-o-melhor-para-o-final-em-um-prato-de-comida-segundo-a-psicologia\/\" target=\"_blank\" rel=\"noreferrer noopener\">O que significa deixar o melhor para o final em um prato de comida, segundo a psicologia<\/a><\/p>\n\n\n\n<h2 class=\"wp-block-heading\">Este gesto revela introspec\u00e7\u00e3o ou autoconfian\u00e7a?<\/h2>\n\n\n\n<p>De acordo com estudos <strong>psicol\u00f3gicos<\/strong>, andar com as m\u00e3os atr\u00e1s das costas pode indicar tanto <strong>introspec\u00e7\u00e3o<\/strong>, quando algu\u00e9m busca se concentrar em seus pensamentos, quanto <strong>autoconfian\u00e7a<\/strong>. A forma como o indiv\u00edduo posiciona as m\u00e3os pode refletir seu estado interno.<\/p>\n\n\n\n<figure class=\"wp-block-image size-large\"><img decoding=\"async\" width=\"1024\" height=\"576\" src=\"https:\/\/www.correiobraziliense.com.br\/cbradar\/wp-content\/uploads\/2025\/09\/maos-atras-das-costas_1757890951444-1024x576.jpg\" alt=\"O que significa andar com as m\u00e3os atr\u00e1s das costas, segundo\u00a0a\u00a0psicologia?\" class=\"wp-image-104041\" srcset=\"https:\/\/www.correiobraziliense.com.br\/cbradar\/wp-content\/uploads\/2025\/09\/maos-atras-das-costas_1757890951444-1024x576.jpg 1024w, https:\/\/www.correiobraziliense.com.br\/cbradar\/wp-content\/uploads\/2025\/09\/maos-atras-das-costas_1757890951444-300x169.jpg 300w, https:\/\/www.correiobraziliense.com.br\/cbradar\/wp-content\/uploads\/2025\/09\/maos-atras-das-costas_1757890951444-768x432.jpg 768w, https:\/\/www.correiobraziliense.com.br\/cbradar\/wp-content\/uploads\/2025\/09\/maos-atras-das-costas_1757890951444-750x422.jpg 750w, https:\/\/www.correiobraziliense.com.br\/cbradar\/wp-content\/uploads\/2025\/09\/maos-atras-das-costas_1757890951444-1140x641.jpg 1140w, https:\/\/www.correiobraziliense.com.br\/cbradar\/wp-content\/uploads\/2025\/09\/maos-atras-das-costas_1757890951444.jpg 1280w\" sizes=\"(max-width: 1024px) 100vw, 1024px\" \/><figcaption class=\"wp-element-caption\">m\u00e3os atr\u00e1s das costas. Cr\u00e9ditos: depositphotos.com \/ HayDmitriy<\/figcaption><\/figure>\n\n\n\n<h2 class=\"wp-block-heading\">Andar com as m\u00e3os atr\u00e1s das costas \u00e9 um sinal de autoridade?<\/h2>\n\n\n\n<p>Sim, pode ser. No ambiente de trabalho, por exemplo, l\u00edderes podem adotar essa postura para afirmar <strong>autoridade<\/strong> e <strong>controle<\/strong> sobre uma situa\u00e7\u00e3o sem parecer amea\u00e7adores. Isto porque a postura revela abertura e aus\u00eancia de ansiedade.<\/p>\n\n\n\n<p><strong>Dica r\u00e1pida:<\/strong> Em reuni\u00f5es importantes, experimente essa postura para comunicar seguran\u00e7a e confian\u00e7a de forma sutil.<\/p>\n\n\n\n<h2 class=\"wp-block-heading\">Conclus\u00f5es essenciais sobre a linguagem corporal<\/h2>\n\n\n\n<ul class=\"wp-block-list\">\n<li><strong>Introspec\u00e7\u00e3o<\/strong> e autoconfian\u00e7a podem ser comunicadas atrav\u00e9s de gestos simples.<\/li>\n\n\n\n<li>Uma postura confiante pode ter impacto significativo em ambientes profissionais.<\/li>\n\n\n\n<li>Entender a <strong>linguagem corporal<\/strong> pode enriquecer suas intera\u00e7\u00f5es sociais e profissionais.<\/li>\n<\/ul>\n","protected":false},"excerpt":{"rendered":"<p>Entenda o significado psicol\u00f3gico de andar com as m\u00e3os atr\u00e1s das costas e como isso afeta sua imagem e percep\u00e7\u00e3o nos ambientes sociais e profissionais.<\/p>\n","protected":false},"author":3,"featured_media":104040,"comment_status":"open","ping_status":"open","sticky":false,"template":"","format":"standard","meta":{"_yoast_wpseo_focuskw":"andar m\u00e3os atr\u00e1s costas","_yoast_wpseo_title":"%%title%% %%page%%","_yoast_wpseo_metadesc":"Entenda o significado psicol\u00f3gico de andar com as m\u00e3os atr\u00e1s das costas e como isso afeta sua imagem e percep\u00e7\u00e3o nos ambientes sociais e profissionais.","jnews-multi-image_gallery":[],"jnews_single_post":{"format":"standard"},"jnews_primary_category":[],"jnews_social_meta":[],"jnews_override_counter":[],"footnotes":""},"categories":[112],"post_tag":[144,404],"class_list":["post-104038","post","type-post","status-publish","format-standard","has-post-thumbnail","hentry","category-curiosidades","tag-curiosidades","tag-psicologia"],"yoast_head":"<!-- This site is optimized with the Yoast SEO plugin v24.6 - https:\/\/yoast.com\/wordpress\/plugins\/seo\/ -->\n<title>O que significa andar com as m\u00e3os atr\u00e1s das costas, segundo\u00a0a\u00a0psicologia?<\/title>\n<meta name=\"description\" content=\"Entenda o significado psicol\u00f3gico de andar com as m\u00e3os atr\u00e1s das costas e como isso afeta sua imagem e percep\u00e7\u00e3o nos ambientes sociais e profissionais.\" \/>\n<meta name=\"robots\" content=\"index, follow, max-snippet:-1, max-image-preview:large, max-video-preview:-1\" \/>\n<link rel=\"canonical\" href=\"https:\/\/www.correiobraziliense.com.br\/cbradar\/o-que-significa-andar-com-as-maos-atras-das-costas-segundo-a-psicologia\/\" \/>\n<meta property=\"og:locale\" content=\"pt_BR\" \/>\n<meta property=\"og:type\" content=\"article\" \/>\n<meta property=\"og:title\" content=\"O que significa andar com as m\u00e3os atr\u00e1s das costas, segundo\u00a0a\u00a0psicologia?\" \/>\n<meta property=\"og:description\" content=\"Entenda o significado psicol\u00f3gico de andar com as m\u00e3os atr\u00e1s das costas e como isso afeta sua imagem e percep\u00e7\u00e3o nos ambientes sociais e profissionais.\" \/>\n<meta property=\"og:url\" content=\"https:\/\/www.correiobraziliense.com.br\/cbradar\/o-que-significa-andar-com-as-maos-atras-das-costas-segundo-a-psicologia\/\" \/>\n<meta property=\"og:site_name\" content=\"Correio Braziliense - Radar\" \/>\n<meta property=\"article:published_time\" content=\"2025-09-16T15:33:00+00:00\" \/>\n<meta property=\"og:image\" content=\"https:\/\/www.correiobraziliense.com.br\/cbradar\/wp-content\/uploads\/2025\/09\/maos-costas_1757890843428.jpg\" \/>\n\t<meta property=\"og:image:width\" content=\"1280\" \/>\n\t<meta property=\"og:image:height\" content=\"720\" \/>\n\t<meta property=\"og:image:type\" content=\"image\/jpeg\" \/>\n<meta name=\"author\" content=\"Larissa Carvalho\" \/>\n<meta name=\"twitter:card\" content=\"summary_large_image\" \/>\n<meta name=\"twitter:label1\" content=\"Escrito por\" \/>\n\t<meta name=\"twitter:data1\" content=\"Larissa Carvalho\" \/>\n\t<meta name=\"twitter:label2\" content=\"Est. tempo de leitura\" \/>\n\t<meta name=\"twitter:data2\" content=\"2 minutos\" \/>\n<!-- \/ Yoast SEO plugin. -->","yoast_head_json":{"title":"O que significa andar com as m\u00e3os atr\u00e1s das costas, segundo\u00a0a\u00a0psicologia?","description":"Entenda o significado psicol\u00f3gico de andar com as m\u00e3os atr\u00e1s das costas e como isso afeta sua imagem e percep\u00e7\u00e3o nos ambientes sociais e profissionais.","robots":{"index":"index","follow":"follow","max-snippet":"max-snippet:-1","max-image-preview":"max-image-preview:large","max-video-preview":"max-video-preview:-1"},"canonical":"https:\/\/www.correiobraziliense.com.br\/cbradar\/o-que-significa-andar-com-as-maos-atras-das-costas-segundo-a-psicologia\/","og_locale":"pt_BR","og_type":"article","og_title":"O que significa andar com as m\u00e3os atr\u00e1s das costas, segundo\u00a0a\u00a0psicologia?","og_description":"Entenda o significado psicol\u00f3gico de andar com as m\u00e3os atr\u00e1s das costas e como isso afeta sua imagem e percep\u00e7\u00e3o nos ambientes sociais e profissionais.","og_url":"https:\/\/www.correiobraziliense.com.br\/cbradar\/o-que-significa-andar-com-as-maos-atras-das-costas-segundo-a-psicologia\/","og_site_name":"Correio Braziliense - Radar","article_published_time":"2025-09-16T15:33:00+00:00","og_image":[{"width":1280,"height":720,"url":"https:\/\/www.correiobraziliense.com.br\/cbradar\/wp-content\/uploads\/2025\/09\/maos-costas_1757890843428.jpg","type":"image\/jpeg"}],"author":"Larissa Carvalho","twitter_card":"summary_large_image","twitter_misc":{"Escrito por":"Larissa Carvalho","Est. tempo de leitura":"2 minutos"},"schema":{"@context":"https:\/\/schema.org","@graph":[{"@type":"WebPage","@id":"https:\/\/www.correiobraziliense.com.br\/cbradar\/o-que-significa-andar-com-as-maos-atras-das-costas-segundo-a-psicologia\/","url":"https:\/\/www.correiobraziliense.com.br\/cbradar\/o-que-significa-andar-com-as-maos-atras-das-costas-segundo-a-psicologia\/","name":"O que significa andar com as m\u00e3os atr\u00e1s das costas, segundo\u00a0a\u00a0psicologia?","isPartOf":{"@id":"https:\/\/www.correiobraziliense.com.br\/cbradar\/#website"},"primaryImageOfPage":{"@id":"https:\/\/www.correiobraziliense.com.br\/cbradar\/o-que-significa-andar-com-as-maos-atras-das-costas-segundo-a-psicologia\/#primaryimage"},"image":{"@id":"https:\/\/www.correiobraziliense.com.br\/cbradar\/o-que-significa-andar-com-as-maos-atras-das-costas-segundo-a-psicologia\/#primaryimage"},"thumbnailUrl":"https:\/\/www.correiobraziliense.com.br\/cbradar\/wp-content\/uploads\/2025\/09\/maos-costas_1757890843428.jpg","datePublished":"2025-09-16T15:33:00+00:00","author":{"@id":"https:\/\/www.correiobraziliense.com.br\/cbradar\/#\/schema\/person\/58422787644df994b53a19d3e56c1513"},"description":"Entenda o significado psicol\u00f3gico de andar com as m\u00e3os atr\u00e1s das costas e como isso afeta sua imagem e percep\u00e7\u00e3o nos ambientes sociais e profissionais.","breadcrumb":{"@id":"https:\/\/www.correiobraziliense.com.br\/cbradar\/o-que-significa-andar-com-as-maos-atras-das-costas-segundo-a-psicologia\/#breadcrumb"},"inLanguage":"pt-BR","potentialAction":[{"@type":"ReadAction","target":["https:\/\/www.correiobraziliense.com.br\/cbradar\/o-que-significa-andar-com-as-maos-atras-das-costas-segundo-a-psicologia\/"]}]},{"@type":"ImageObject","inLanguage":"pt-BR","@id":"https:\/\/www.correiobraziliense.com.br\/cbradar\/o-que-significa-andar-com-as-maos-atras-das-costas-segundo-a-psicologia\/#primaryimage","url":"https:\/\/www.correiobraziliense.com.br\/cbradar\/wp-content\/uploads\/2025\/09\/maos-costas_1757890843428.jpg","contentUrl":"https:\/\/www.correiobraziliense.com.br\/cbradar\/wp-content\/uploads\/2025\/09\/maos-costas_1757890843428.jpg","width":1280,"height":720,"caption":"m\u00e3os costas. Cr\u00e9ditos: depositphotos.com \/ AndrewLozovyi"},{"@type":"BreadcrumbList","@id":"https:\/\/www.correiobraziliense.com.br\/cbradar\/o-que-significa-andar-com-as-maos-atras-das-costas-segundo-a-psicologia\/#breadcrumb","itemListElement":[{"@type":"ListItem","position":1,"name":"In\u00edcio","item":"https:\/\/www.correiobraziliense.com.br\/cbradar\/"},{"@type":"ListItem","position":2,"name":"O que significa andar com as m\u00e3os atr\u00e1s das costas, segundo\u00a0a\u00a0psicologia?"}]},{"@type":"WebSite","@id":"https:\/\/www.correiobraziliense.com.br\/cbradar\/#website","url":"https:\/\/www.correiobraziliense.com.br\/cbradar\/","name":"Correio Braziliense - Radar","description":"Acompanhe as \u00faltimas not\u00edcias e fique bem informado sobre tudo o que acontece no Brasil e no mundo.","potentialAction":[{"@type":"SearchAction","target":{"@type":"EntryPoint","urlTemplate":"https:\/\/www.correiobraziliense.com.br\/cbradar\/?s={search_term_string}"},"query-input":{"@type":"PropertyValueSpecification","valueRequired":true,"valueName":"search_term_string"}}],"inLanguage":"pt-BR"},{"@type":"Person","@id":"https:\/\/www.correiobraziliense.com.br\/cbradar\/#\/schema\/person\/58422787644df994b53a19d3e56c1513","name":"Larissa Carvalho","image":{"@type":"ImageObject","inLanguage":"pt-BR","@id":"https:\/\/www.correiobraziliense.com.br\/cbradar\/#\/schema\/person\/image\/","url":"https:\/\/secure.gravatar.com\/avatar\/fe4f91a0de32b52a838d0d612abdc1aa?s=96&d=mm&r=g","contentUrl":"https:\/\/secure.gravatar.com\/avatar\/fe4f91a0de32b52a838d0d612abdc1aa?s=96&d=mm&r=g","caption":"Larissa Carvalho"},"url":"https:\/\/www.correiobraziliense.com.br\/cbradar\/author\/larissamyth\/"}]}},"_links":{"self":[{"href":"https:\/\/www.correiobraziliense.com.br\/cbradar\/wp-json\/wp\/v2\/posts\/104038","targetHints":{"allow":["GET"]}}],"collection":[{"href":"https:\/\/www.correiobraziliense.com.br\/cbradar\/wp-json\/wp\/v2\/posts"}],"about":[{"href":"https:\/\/www.correiobraziliense.com.br\/cbradar\/wp-json\/wp\/v2\/types\/post"}],"author":[{"embeddable":true,"href":"https:\/\/www.correiobraziliense.com.br\/cbradar\/wp-json\/wp\/v2\/users\/3"}],"replies":[{"embeddable":true,"href":"https:\/\/www.correiobraziliense.com.br\/cbradar\/wp-json\/wp\/v2\/comments?post=104038"}],"version-history":[{"count":2,"href":"https:\/\/www.correiobraziliense.com.br\/cbradar\/wp-json\/wp\/v2\/posts\/104038\/revisions"}],"predecessor-version":[{"id":104042,"href":"https:\/\/www.correiobraziliense.com.br\/cbradar\/wp-json\/wp\/v2\/posts\/104038\/revisions\/104042"}],"wp:featuredmedia":[{"embeddable":true,"href":"https:\/\/www.correiobraziliense.com.br\/cbradar\/wp-json\/wp\/v2\/media\/104040"}],"wp:attachment":[{"href":"https:\/\/www.correiobraziliense.com.br\/cbradar\/wp-json\/wp\/v2\/media?parent=104038"}],"wp:term":[{"taxonomy":"category","embeddable":true,"href":"https:\/\/www.correiobraziliense.com.br\/cbradar\/wp-json\/wp\/v2\/categories?post=104038"},{"taxonomy":"post_tag","embeddable":true,"href":"https:\/\/www.correiobraziliense.com.br\/cbradar\/wp-json\/wp\/v2\/post_tag?post=104038"}],"curies":[{"name":"wp","href":"https:\/\/api.w.org\/{rel}","templated":true}]}}