{"id":104091,"date":"2025-09-16T16:03:00","date_gmt":"2025-09-16T19:03:00","guid":{"rendered":"https:\/\/www.correiobraziliense.com.br\/cbradar\/?p=104091"},"modified":"2025-09-15T08:11:41","modified_gmt":"2025-09-15T11:11:41","slug":"meteorito-mais-antigo-que-a-terra-cai-em-casa-nos-eua","status":"publish","type":"post","link":"https:\/\/www.correiobraziliense.com.br\/cbradar\/meteorito-mais-antigo-que-a-terra-cai-em-casa-nos-eua\/","title":{"rendered":"Meteorito mais antigo que a Terra cai em casa nos EUA"},"content":{"rendered":"\n<p>Em meados de junho, um <strong>meteoro<\/strong> foi avistado por mais de 200 pessoas no sudeste dos Estados Unidos, deixando todos intrigados. Esse incr\u00edvel evento culminou com o impacto de uma <strong>rocha espacial<\/strong> em uma resid\u00eancia na Ge\u00f3rgia, causando um alvoro\u00e7o tanto entre os moradores quanto entre os cientistas.<\/p>\n\n\n\n<ul class=\"wp-block-list\">\n<li>A <strong>queda do meteoro<\/strong> aconteceu em McDonough, na Ge\u00f3rgia.<\/li>\n\n\n\n<li>A <strong>an\u00e1lise cient\u00edfica<\/strong> revelou sua idade impressionante de 4,56 bilh\u00f5es de anos.<\/li>\n\n\n\n<li>Exemplares da rocha ser\u00e3o expostos no <strong>Museu de Ci\u00eancia Tellus<\/strong>.<\/li>\n<\/ul>\n\n\n\n<h2 class=\"wp-block-heading\">Como e onde o meteoro atingiu a Terra?<\/h2>\n\n\n\n<p>O <strong>meteoro<\/strong> foi avistado em v\u00e1rias partes do sudeste americano antes de colidir com uma casa em McDonough, Ge\u00f3rgia. A queda da <strong>rocha espacial<\/strong> ocorreu a apenas 14 p\u00e9s do propriet\u00e1rio da casa, criando um pequeno lago no ch\u00e3o.<\/p>\n\n\n\n<h2 class=\"wp-block-heading\">O que torna a rocha espacial de McDonough especial?<\/h2>\n\n\n\n<p>Segundo o <strong>ge\u00f3logo planet\u00e1rio Scott Harris<\/strong> da Universidade da Ge\u00f3rgia, a rocha \u00e9 do tipo mais comum de meteoritos pedregosos. Estes datam desde os prim\u00f3rdios do sistema solar, estimando-se que seja 20 milh\u00f5es de anos mais antiga que a Terra. Isso \u00e9 not\u00e1vel, pois representa um peda\u00e7o do sistema solar primitivo.<\/p>\n\n\n\n<p>Observa\u00e7\u00f5es adicionais indicam que a rocha originou-se do cintur\u00e3o de asteroides entre Marte e J\u00fapiter. Era parte de um asteroide maior que se despeda\u00e7ou h\u00e1 cerca de 470 milh\u00f5es de anos.<\/p>\n\n\n\n<figure class=\"wp-block-image size-large\"><img decoding=\"async\" width=\"1024\" height=\"576\" src=\"https:\/\/www.correiobraziliense.com.br\/cbradar\/wp-content\/uploads\/2025\/09\/meteoro_1757934672101-1024x576.jpg\" alt=\"Meteorito mais antigo que a Terra cai em casa nos EUA\" class=\"wp-image-104094\" srcset=\"https:\/\/www.correiobraziliense.com.br\/cbradar\/wp-content\/uploads\/2025\/09\/meteoro_1757934672101-1024x576.jpg 1024w, https:\/\/www.correiobraziliense.com.br\/cbradar\/wp-content\/uploads\/2025\/09\/meteoro_1757934672101-300x169.jpg 300w, https:\/\/www.correiobraziliense.com.br\/cbradar\/wp-content\/uploads\/2025\/09\/meteoro_1757934672101-768x432.jpg 768w, https:\/\/www.correiobraziliense.com.br\/cbradar\/wp-content\/uploads\/2025\/09\/meteoro_1757934672101-750x422.jpg 750w, https:\/\/www.correiobraziliense.com.br\/cbradar\/wp-content\/uploads\/2025\/09\/meteoro_1757934672101-1140x641.jpg 1140w, https:\/\/www.correiobraziliense.com.br\/cbradar\/wp-content\/uploads\/2025\/09\/meteoro_1757934672101.jpg 1280w\" sizes=\"(max-width: 1024px) 100vw, 1024px\" \/><figcaption class=\"wp-element-caption\">meteoro. Cr\u00e9ditos: depositphotos.com \/ JohanSwanepoel<\/figcaption><\/figure>\n\n\n\n<h2 class=\"wp-block-heading\">Exposi\u00e7\u00e3o e an\u00e1lise cient\u00edfica: veja de perto um meteoro<\/h2>\n\n\n\n<p>A equipe da UGA continuar\u00e1 analisando os fragmentos restantes, esperando desvendar mais mist\u00e9rios sobre a forma\u00e7\u00e3o do sistema solar. No futuro, fragmentos do <strong>meteorito<\/strong> ser\u00e3o exibidos no Museu de Ci\u00eancia Tellus, proporcionando ao p\u00fablico uma rara chance de presenciar materiais do in\u00edcio do nosso sistema solar.<\/p>\n\n\n\n<p>Vale destacar que o interesse p\u00fablico por meteoritos aumentou recentemente devido \u00e0 maior frequ\u00eancia de registros de quedas e \u00e0 tecnologia das c\u00e2meras de seguran\u00e7a, que ajudam a documentar esses eventos e garantir sua autenticidade.<\/p>\n\n\n\n<h2 class=\"wp-block-heading\">Principais descobertas sobre o meteoro McDonough<\/h2>\n\n\n\n<ul class=\"wp-block-list\">\n<li>O <strong>meteoro<\/strong> \u00e9 datado como mais antigo que a Terra.<\/li>\n\n\n\n<li>Proveniente do <strong>cintur\u00e3o de asteroides<\/strong> entre Marte e J\u00fapiter.<\/li>\n\n\n\n<li>Ser\u00e1 exposto no Museu de Ci\u00eancia Tellus.<\/li>\n<\/ul>\n","protected":false},"excerpt":{"rendered":"<p>Um meteoro cai em uma casa na Ge\u00f3rgia, EUA, e revela segredos do in\u00edcio do sistema solar. Datado de 4,56 bilh\u00f5es de anos, o fen\u00f4meno \u00e9 um marco raro.<\/p>\n","protected":false},"author":3,"featured_media":104093,"comment_status":"open","ping_status":"open","sticky":false,"template":"","format":"standard","meta":{"_yoast_wpseo_focuskw":"meteoro mais antigo Terra cai","_yoast_wpseo_title":"%%title%%","_yoast_wpseo_metadesc":"Um meteoro cai em uma casa na Ge\u00f3rgia, EUA, e revela segredos do in\u00edcio do sistema solar. Datado de 4,56 bilh\u00f5es de anos, o fen\u00f4meno \u00e9 um marco raro.","jnews-multi-image_gallery":[],"jnews_single_post":{"format":"standard"},"jnews_primary_category":[],"jnews_social_meta":[],"jnews_override_counter":[],"footnotes":""},"categories":[112],"post_tag":[179,736,144],"class_list":["post-104091","post","type-post","status-publish","format-standard","has-post-thumbnail","hentry","category-curiosidades","tag-astronomia","tag-ciencia","tag-curiosidades"],"yoast_head":"<!-- This site is optimized with the Yoast SEO plugin v24.6 - https:\/\/yoast.com\/wordpress\/plugins\/seo\/ -->\n<title>Meteorito mais antigo que a Terra cai em casa nos EUA<\/title>\n<meta name=\"description\" content=\"Um meteoro cai em uma casa na Ge\u00f3rgia, EUA, e revela segredos do in\u00edcio do sistema solar. Datado de 4,56 bilh\u00f5es de anos, o fen\u00f4meno \u00e9 um marco raro.\" \/>\n<meta name=\"robots\" content=\"index, follow, max-snippet:-1, max-image-preview:large, max-video-preview:-1\" \/>\n<link rel=\"canonical\" href=\"https:\/\/www.correiobraziliense.com.br\/cbradar\/meteorito-mais-antigo-que-a-terra-cai-em-casa-nos-eua\/\" \/>\n<meta property=\"og:locale\" content=\"pt_BR\" \/>\n<meta property=\"og:type\" content=\"article\" \/>\n<meta property=\"og:title\" content=\"Meteorito mais antigo que a Terra cai em casa nos EUA\" \/>\n<meta property=\"og:description\" content=\"Um meteoro cai em uma casa na Ge\u00f3rgia, EUA, e revela segredos do in\u00edcio do sistema solar. Datado de 4,56 bilh\u00f5es de anos, o fen\u00f4meno \u00e9 um marco raro.\" \/>\n<meta property=\"og:url\" content=\"https:\/\/www.correiobraziliense.com.br\/cbradar\/meteorito-mais-antigo-que-a-terra-cai-em-casa-nos-eua\/\" \/>\n<meta property=\"og:site_name\" content=\"Correio Braziliense - Radar\" \/>\n<meta property=\"article:published_time\" content=\"2025-09-16T19:03:00+00:00\" \/>\n<meta property=\"og:image\" content=\"https:\/\/www.correiobraziliense.com.br\/cbradar\/wp-content\/uploads\/2025\/09\/meteoro_1757934529457.jpg\" \/>\n\t<meta property=\"og:image:width\" content=\"1280\" \/>\n\t<meta property=\"og:image:height\" content=\"720\" \/>\n\t<meta property=\"og:image:type\" content=\"image\/jpeg\" \/>\n<meta name=\"author\" content=\"Larissa Carvalho\" \/>\n<meta name=\"twitter:card\" content=\"summary_large_image\" \/>\n<meta name=\"twitter:label1\" content=\"Escrito por\" \/>\n\t<meta name=\"twitter:data1\" content=\"Larissa Carvalho\" \/>\n\t<meta name=\"twitter:label2\" content=\"Est. tempo de leitura\" \/>\n\t<meta name=\"twitter:data2\" content=\"3 minutos\" \/>\n<!-- \/ Yoast SEO plugin. -->","yoast_head_json":{"title":"Meteorito mais antigo que a Terra cai em casa nos EUA","description":"Um meteoro cai em uma casa na Ge\u00f3rgia, EUA, e revela segredos do in\u00edcio do sistema solar. Datado de 4,56 bilh\u00f5es de anos, o fen\u00f4meno \u00e9 um marco raro.","robots":{"index":"index","follow":"follow","max-snippet":"max-snippet:-1","max-image-preview":"max-image-preview:large","max-video-preview":"max-video-preview:-1"},"canonical":"https:\/\/www.correiobraziliense.com.br\/cbradar\/meteorito-mais-antigo-que-a-terra-cai-em-casa-nos-eua\/","og_locale":"pt_BR","og_type":"article","og_title":"Meteorito mais antigo que a Terra cai em casa nos EUA","og_description":"Um meteoro cai em uma casa na Ge\u00f3rgia, EUA, e revela segredos do in\u00edcio do sistema solar. Datado de 4,56 bilh\u00f5es de anos, o fen\u00f4meno \u00e9 um marco raro.","og_url":"https:\/\/www.correiobraziliense.com.br\/cbradar\/meteorito-mais-antigo-que-a-terra-cai-em-casa-nos-eua\/","og_site_name":"Correio Braziliense - Radar","article_published_time":"2025-09-16T19:03:00+00:00","og_image":[{"width":1280,"height":720,"url":"https:\/\/www.correiobraziliense.com.br\/cbradar\/wp-content\/uploads\/2025\/09\/meteoro_1757934529457.jpg","type":"image\/jpeg"}],"author":"Larissa Carvalho","twitter_card":"summary_large_image","twitter_misc":{"Escrito por":"Larissa Carvalho","Est. tempo de leitura":"3 minutos"},"schema":{"@context":"https:\/\/schema.org","@graph":[{"@type":"WebPage","@id":"https:\/\/www.correiobraziliense.com.br\/cbradar\/meteorito-mais-antigo-que-a-terra-cai-em-casa-nos-eua\/","url":"https:\/\/www.correiobraziliense.com.br\/cbradar\/meteorito-mais-antigo-que-a-terra-cai-em-casa-nos-eua\/","name":"Meteorito mais antigo que a Terra cai em casa nos EUA","isPartOf":{"@id":"https:\/\/www.correiobraziliense.com.br\/cbradar\/#website"},"primaryImageOfPage":{"@id":"https:\/\/www.correiobraziliense.com.br\/cbradar\/meteorito-mais-antigo-que-a-terra-cai-em-casa-nos-eua\/#primaryimage"},"image":{"@id":"https:\/\/www.correiobraziliense.com.br\/cbradar\/meteorito-mais-antigo-que-a-terra-cai-em-casa-nos-eua\/#primaryimage"},"thumbnailUrl":"https:\/\/www.correiobraziliense.com.br\/cbradar\/wp-content\/uploads\/2025\/09\/meteoro_1757934529457.jpg","datePublished":"2025-09-16T19:03:00+00:00","author":{"@id":"https:\/\/www.correiobraziliense.com.br\/cbradar\/#\/schema\/person\/58422787644df994b53a19d3e56c1513"},"description":"Um meteoro cai em uma casa na Ge\u00f3rgia, EUA, e revela segredos do in\u00edcio do sistema solar. Datado de 4,56 bilh\u00f5es de anos, o fen\u00f4meno \u00e9 um marco raro.","breadcrumb":{"@id":"https:\/\/www.correiobraziliense.com.br\/cbradar\/meteorito-mais-antigo-que-a-terra-cai-em-casa-nos-eua\/#breadcrumb"},"inLanguage":"pt-BR","potentialAction":[{"@type":"ReadAction","target":["https:\/\/www.correiobraziliense.com.br\/cbradar\/meteorito-mais-antigo-que-a-terra-cai-em-casa-nos-eua\/"]}]},{"@type":"ImageObject","inLanguage":"pt-BR","@id":"https:\/\/www.correiobraziliense.com.br\/cbradar\/meteorito-mais-antigo-que-a-terra-cai-em-casa-nos-eua\/#primaryimage","url":"https:\/\/www.correiobraziliense.com.br\/cbradar\/wp-content\/uploads\/2025\/09\/meteoro_1757934529457.jpg","contentUrl":"https:\/\/www.correiobraziliense.com.br\/cbradar\/wp-content\/uploads\/2025\/09\/meteoro_1757934529457.jpg","width":1280,"height":720,"caption":"meteoro. Cr\u00e9ditos: depositphotos.com \/ JohanSwanepoel"},{"@type":"BreadcrumbList","@id":"https:\/\/www.correiobraziliense.com.br\/cbradar\/meteorito-mais-antigo-que-a-terra-cai-em-casa-nos-eua\/#breadcrumb","itemListElement":[{"@type":"ListItem","position":1,"name":"In\u00edcio","item":"https:\/\/www.correiobraziliense.com.br\/cbradar\/"},{"@type":"ListItem","position":2,"name":"Meteorito mais antigo que a Terra cai em casa nos EUA"}]},{"@type":"WebSite","@id":"https:\/\/www.correiobraziliense.com.br\/cbradar\/#website","url":"https:\/\/www.correiobraziliense.com.br\/cbradar\/","name":"Correio Braziliense - Radar","description":"Acompanhe as \u00faltimas not\u00edcias e fique bem informado sobre tudo o que acontece no Brasil e no mundo.","potentialAction":[{"@type":"SearchAction","target":{"@type":"EntryPoint","urlTemplate":"https:\/\/www.correiobraziliense.com.br\/cbradar\/?s={search_term_string}"},"query-input":{"@type":"PropertyValueSpecification","valueRequired":true,"valueName":"search_term_string"}}],"inLanguage":"pt-BR"},{"@type":"Person","@id":"https:\/\/www.correiobraziliense.com.br\/cbradar\/#\/schema\/person\/58422787644df994b53a19d3e56c1513","name":"Larissa Carvalho","image":{"@type":"ImageObject","inLanguage":"pt-BR","@id":"https:\/\/www.correiobraziliense.com.br\/cbradar\/#\/schema\/person\/image\/","url":"https:\/\/secure.gravatar.com\/avatar\/fe4f91a0de32b52a838d0d612abdc1aa?s=96&d=mm&r=g","contentUrl":"https:\/\/secure.gravatar.com\/avatar\/fe4f91a0de32b52a838d0d612abdc1aa?s=96&d=mm&r=g","caption":"Larissa Carvalho"},"url":"https:\/\/www.correiobraziliense.com.br\/cbradar\/author\/larissamyth\/"}]}},"_links":{"self":[{"href":"https:\/\/www.correiobraziliense.com.br\/cbradar\/wp-json\/wp\/v2\/posts\/104091","targetHints":{"allow":["GET"]}}],"collection":[{"href":"https:\/\/www.correiobraziliense.com.br\/cbradar\/wp-json\/wp\/v2\/posts"}],"about":[{"href":"https:\/\/www.correiobraziliense.com.br\/cbradar\/wp-json\/wp\/v2\/types\/post"}],"author":[{"embeddable":true,"href":"https:\/\/www.correiobraziliense.com.br\/cbradar\/wp-json\/wp\/v2\/users\/3"}],"replies":[{"embeddable":true,"href":"https:\/\/www.correiobraziliense.com.br\/cbradar\/wp-json\/wp\/v2\/comments?post=104091"}],"version-history":[{"count":2,"href":"https:\/\/www.correiobraziliense.com.br\/cbradar\/wp-json\/wp\/v2\/posts\/104091\/revisions"}],"predecessor-version":[{"id":104095,"href":"https:\/\/www.correiobraziliense.com.br\/cbradar\/wp-json\/wp\/v2\/posts\/104091\/revisions\/104095"}],"wp:featuredmedia":[{"embeddable":true,"href":"https:\/\/www.correiobraziliense.com.br\/cbradar\/wp-json\/wp\/v2\/media\/104093"}],"wp:attachment":[{"href":"https:\/\/www.correiobraziliense.com.br\/cbradar\/wp-json\/wp\/v2\/media?parent=104091"}],"wp:term":[{"taxonomy":"category","embeddable":true,"href":"https:\/\/www.correiobraziliense.com.br\/cbradar\/wp-json\/wp\/v2\/categories?post=104091"},{"taxonomy":"post_tag","embeddable":true,"href":"https:\/\/www.correiobraziliense.com.br\/cbradar\/wp-json\/wp\/v2\/post_tag?post=104091"}],"curies":[{"name":"wp","href":"https:\/\/api.w.org\/{rel}","templated":true}]}}