{"id":104132,"date":"2025-09-16T20:23:00","date_gmt":"2025-09-16T23:23:00","guid":{"rendered":"https:\/\/www.correiobraziliense.com.br\/cbradar\/?p=104132"},"modified":"2025-09-15T08:47:58","modified_gmt":"2025-09-15T11:47:58","slug":"som-de-um-buraco-negro-chutado-pelo-espaco-ouvido-pela-primeira-vez-de-forma-impressionante","status":"publish","type":"post","link":"https:\/\/www.correiobraziliense.com.br\/cbradar\/som-de-um-buraco-negro-chutado-pelo-espaco-ouvido-pela-primeira-vez-de-forma-impressionante\/","title":{"rendered":"Som de um buraco negro &#8216;chutado&#8217; pelo espa\u00e7o ouvido pela primeira vez de forma impressionante"},"content":{"rendered":"\n<p>A recente medi\u00e7\u00e3o do recuo impartido por buracos negros em colis\u00e3o trouxe avan\u00e7os significativos na astrof\u00edsica, capturando pela primeira vez n\u00e3o apenas a velocidade, mas tamb\u00e9m a dire\u00e7\u00e3o do novo buraco negro formado. Isso oferece novas ferramentas para entender as fus\u00f5es de buracos negros.<\/p>\n\n\n\n<ul class=\"wp-block-list\">\n<li>Reconstru\u00e7\u00e3o completa do movimento 3D de buracos negros distantes.<\/li>\n\n\n\n<li>Decodifica\u00e7\u00e3o de ondas para entender propriedades dos buracos negros, como massa e spin.<\/li>\n\n\n\n<li>Nova t\u00e9cnica para medir &#8220;chutes natais&#8221; de buracos negros atrav\u00e9s de ondas gravitacionais.<\/li>\n<\/ul>\n\n\n\n<h2 class=\"wp-block-heading\">O que s\u00e3o ondas gravitacionais?<\/h2>\n\n\n\n<p><strong>Ondas gravitacionais<\/strong> s\u00e3o como ondula\u00e7\u00f5es em um lago, caso esse lago fosse o espa\u00e7o-tempo. \u00c0 medida que dois buracos negros se aproximam, seus campos gravitacionais interagem, perturbando o espa\u00e7o-tempo e enviando ondula\u00e7\u00f5es \u00e0 velocidade da luz.<\/p>\n\n\n\n<h2 class=\"wp-block-heading\">Como se forma um novo buraco negro ap\u00f3s a colis\u00e3o?<\/h2>\n\n\n\n<p>A <strong>fus\u00e3o dos buracos negros<\/strong> culmina em uma explos\u00e3o gravitacional massiva, formando um objeto singular. Cientistas decodificam essas ondula\u00e7\u00f5es para analisar propriedades importantes, como a massa e o spin dos buracos negros colidentes e do produto final.<\/p>\n\n\n\n<h2 class=\"wp-block-heading\">O fen\u00f4meno do &#8220;chute natal&#8221;<\/h2>\n\n\n\n<p>Eventos c\u00f3smicos violentos, como supernovas ou fus\u00f5es de buracos negros, podem resultar no fen\u00f4meno chamado de <strong>chute natal<\/strong>. Se o evento for assim\u00e9trico, a energia emitida \u00e9 desigual, impulsionando o novo buraco negro em uma dire\u00e7\u00e3o espec\u00edfica.<\/p>\n\n\n\n<figure class=\"wp-block-image size-large\"><img decoding=\"async\" width=\"1024\" height=\"576\" src=\"https:\/\/www.correiobraziliense.com.br\/cbradar\/wp-content\/uploads\/2025\/09\/buraco-negro_1757936816277-1024x576.jpg\" alt=\"Som de um buraco negro 'chutado' pelo espa\u00e7o ouvido pela primeira vez de forma impressionante\" class=\"wp-image-104135\" srcset=\"https:\/\/www.correiobraziliense.com.br\/cbradar\/wp-content\/uploads\/2025\/09\/buraco-negro_1757936816277-1024x576.jpg 1024w, https:\/\/www.correiobraziliense.com.br\/cbradar\/wp-content\/uploads\/2025\/09\/buraco-negro_1757936816277-300x169.jpg 300w, https:\/\/www.correiobraziliense.com.br\/cbradar\/wp-content\/uploads\/2025\/09\/buraco-negro_1757936816277-768x432.jpg 768w, https:\/\/www.correiobraziliense.com.br\/cbradar\/wp-content\/uploads\/2025\/09\/buraco-negro_1757936816277-750x422.jpg 750w, https:\/\/www.correiobraziliense.com.br\/cbradar\/wp-content\/uploads\/2025\/09\/buraco-negro_1757936816277-1140x641.jpg 1140w, https:\/\/www.correiobraziliense.com.br\/cbradar\/wp-content\/uploads\/2025\/09\/buraco-negro_1757936816277.jpg 1280w\" sizes=\"(max-width: 1024px) 100vw, 1024px\" \/><figcaption class=\"wp-element-caption\">buraco negro. Cr\u00e9ditos: depositphotos.com \/ ideaice@hotmail.com<\/figcaption><\/figure>\n\n\n\n<h2 class=\"wp-block-heading\">Relev\u00e2ncia das fus\u00f5es de buracos negros em novos dados<\/h2>\n\n\n\n<p>Em abril de 2019, a colabora\u00e7\u00e3o LIGO-Virgo detectou uma fus\u00e3o desigual entre dois buracos negros. Este evento forneceu uma s\u00e9rie de dados devido ao sinal prolongado, ajudando a determinar o \u00e2ngulo e a velocidade de eje\u00e7\u00e3o do buraco negro resultante.<\/p>\n\n\n\n<h2 class=\"wp-block-heading\">Impactos e aplica\u00e7\u00f5es futuras dessa descoberta<\/h2>\n\n\n\n<p>Esta nova t\u00e9cnica possibilita examinar ambientes densos, onde <strong>fus\u00f5es de buracos negros<\/strong> podem gerar sinais eletromagn\u00e9ticos detect\u00e1veis. Medir os recuos nos permitir\u00e1 identificar com mais precis\u00e3o a origem desses sinais.<\/p>\n\n\n\n<h2 class=\"wp-block-heading\">Principais aprendizados da medi\u00e7\u00e3o do recuo dos buracos negros<\/h2>\n\n\n\n<ul class=\"wp-block-list\">\n<li>Novas t\u00e9cnicas oferecem compreens\u00f5es em 3D sobre movimentos de buracos negros.<\/li>\n\n\n\n<li>Proporciona mais dados para entender as propriedades f\u00edsicas dos buracos negros.<\/li>\n\n\n\n<li>A aplica\u00e7\u00e3o de medi\u00e7oes pode distinguir entre sinais de fus\u00f5es reais e coincid\u00eancias aleat\u00f3rias.<\/li>\n<\/ul>\n","protected":false},"excerpt":{"rendered":"<p>Avan\u00e7as na medi\u00e7\u00e3o do recuo de buracos negros fundindo-se atrav\u00e9s de ondas gravitacionais. Nova t\u00e9cnica revela movimentos 3D.<\/p>\n","protected":false},"author":3,"featured_media":104134,"comment_status":"open","ping_status":"open","sticky":false,"template":"","format":"standard","meta":{"_yoast_wpseo_focuskw":"som buraco negro chutado","_yoast_wpseo_title":"%%title%%","_yoast_wpseo_metadesc":"Avan\u00e7as na medi\u00e7\u00e3o do recuo de buracos negros fundindo-se atrav\u00e9s de ondas gravitacionais. Nova t\u00e9cnica revela movimentos 3D.","jnews-multi-image_gallery":[],"jnews_single_post":{"format":"standard"},"jnews_primary_category":[],"jnews_social_meta":[],"jnews_override_counter":[],"footnotes":""},"categories":[112],"post_tag":[179,736,144],"class_list":["post-104132","post","type-post","status-publish","format-standard","has-post-thumbnail","hentry","category-curiosidades","tag-astronomia","tag-ciencia","tag-curiosidades"],"yoast_head":"<!-- This site is optimized with the Yoast SEO plugin v24.6 - https:\/\/yoast.com\/wordpress\/plugins\/seo\/ -->\n<title>Som de um buraco negro &#039;chutado&#039; pelo espa\u00e7o ouvido pela primeira vez de forma impressionante<\/title>\n<meta name=\"description\" content=\"Avan\u00e7as na medi\u00e7\u00e3o do recuo de buracos negros fundindo-se atrav\u00e9s de ondas gravitacionais. Nova t\u00e9cnica revela movimentos 3D.\" \/>\n<meta name=\"robots\" content=\"index, follow, max-snippet:-1, max-image-preview:large, max-video-preview:-1\" \/>\n<link rel=\"canonical\" href=\"https:\/\/www.correiobraziliense.com.br\/cbradar\/som-de-um-buraco-negro-chutado-pelo-espaco-ouvido-pela-primeira-vez-de-forma-impressionante\/\" \/>\n<meta property=\"og:locale\" content=\"pt_BR\" \/>\n<meta property=\"og:type\" content=\"article\" \/>\n<meta property=\"og:title\" content=\"Som de um buraco negro &#039;chutado&#039; pelo espa\u00e7o ouvido pela primeira vez de forma impressionante\" \/>\n<meta property=\"og:description\" content=\"Avan\u00e7as na medi\u00e7\u00e3o do recuo de buracos negros fundindo-se atrav\u00e9s de ondas gravitacionais. Nova t\u00e9cnica revela movimentos 3D.\" \/>\n<meta property=\"og:url\" content=\"https:\/\/www.correiobraziliense.com.br\/cbradar\/som-de-um-buraco-negro-chutado-pelo-espaco-ouvido-pela-primeira-vez-de-forma-impressionante\/\" \/>\n<meta property=\"og:site_name\" content=\"Correio Braziliense - Radar\" \/>\n<meta property=\"article:published_time\" content=\"2025-09-16T23:23:00+00:00\" \/>\n<meta property=\"og:image\" content=\"https:\/\/www.correiobraziliense.com.br\/cbradar\/wp-content\/uploads\/2025\/09\/buraco-negro_1757936664980.jpg\" \/>\n\t<meta property=\"og:image:width\" content=\"1279\" \/>\n\t<meta property=\"og:image:height\" content=\"720\" \/>\n\t<meta property=\"og:image:type\" content=\"image\/jpeg\" \/>\n<meta name=\"author\" content=\"Larissa Carvalho\" \/>\n<meta name=\"twitter:card\" content=\"summary_large_image\" \/>\n<meta name=\"twitter:label1\" content=\"Escrito por\" \/>\n\t<meta name=\"twitter:data1\" content=\"Larissa Carvalho\" \/>\n\t<meta name=\"twitter:label2\" content=\"Est. tempo de leitura\" \/>\n\t<meta name=\"twitter:data2\" content=\"3 minutos\" \/>\n<!-- \/ Yoast SEO plugin. -->","yoast_head_json":{"title":"Som de um buraco negro 'chutado' pelo espa\u00e7o ouvido pela primeira vez de forma impressionante","description":"Avan\u00e7as na medi\u00e7\u00e3o do recuo de buracos negros fundindo-se atrav\u00e9s de ondas gravitacionais. Nova t\u00e9cnica revela movimentos 3D.","robots":{"index":"index","follow":"follow","max-snippet":"max-snippet:-1","max-image-preview":"max-image-preview:large","max-video-preview":"max-video-preview:-1"},"canonical":"https:\/\/www.correiobraziliense.com.br\/cbradar\/som-de-um-buraco-negro-chutado-pelo-espaco-ouvido-pela-primeira-vez-de-forma-impressionante\/","og_locale":"pt_BR","og_type":"article","og_title":"Som de um buraco negro 'chutado' pelo espa\u00e7o ouvido pela primeira vez de forma impressionante","og_description":"Avan\u00e7as na medi\u00e7\u00e3o do recuo de buracos negros fundindo-se atrav\u00e9s de ondas gravitacionais. Nova t\u00e9cnica revela movimentos 3D.","og_url":"https:\/\/www.correiobraziliense.com.br\/cbradar\/som-de-um-buraco-negro-chutado-pelo-espaco-ouvido-pela-primeira-vez-de-forma-impressionante\/","og_site_name":"Correio Braziliense - Radar","article_published_time":"2025-09-16T23:23:00+00:00","og_image":[{"width":1279,"height":720,"url":"https:\/\/www.correiobraziliense.com.br\/cbradar\/wp-content\/uploads\/2025\/09\/buraco-negro_1757936664980.jpg","type":"image\/jpeg"}],"author":"Larissa Carvalho","twitter_card":"summary_large_image","twitter_misc":{"Escrito por":"Larissa Carvalho","Est. tempo de leitura":"3 minutos"},"schema":{"@context":"https:\/\/schema.org","@graph":[{"@type":"WebPage","@id":"https:\/\/www.correiobraziliense.com.br\/cbradar\/som-de-um-buraco-negro-chutado-pelo-espaco-ouvido-pela-primeira-vez-de-forma-impressionante\/","url":"https:\/\/www.correiobraziliense.com.br\/cbradar\/som-de-um-buraco-negro-chutado-pelo-espaco-ouvido-pela-primeira-vez-de-forma-impressionante\/","name":"Som de um buraco negro 'chutado' pelo espa\u00e7o ouvido pela primeira vez de forma impressionante","isPartOf":{"@id":"https:\/\/www.correiobraziliense.com.br\/cbradar\/#website"},"primaryImageOfPage":{"@id":"https:\/\/www.correiobraziliense.com.br\/cbradar\/som-de-um-buraco-negro-chutado-pelo-espaco-ouvido-pela-primeira-vez-de-forma-impressionante\/#primaryimage"},"image":{"@id":"https:\/\/www.correiobraziliense.com.br\/cbradar\/som-de-um-buraco-negro-chutado-pelo-espaco-ouvido-pela-primeira-vez-de-forma-impressionante\/#primaryimage"},"thumbnailUrl":"https:\/\/www.correiobraziliense.com.br\/cbradar\/wp-content\/uploads\/2025\/09\/buraco-negro_1757936664980.jpg","datePublished":"2025-09-16T23:23:00+00:00","author":{"@id":"https:\/\/www.correiobraziliense.com.br\/cbradar\/#\/schema\/person\/58422787644df994b53a19d3e56c1513"},"description":"Avan\u00e7as na medi\u00e7\u00e3o do recuo de buracos negros fundindo-se atrav\u00e9s de ondas gravitacionais. Nova t\u00e9cnica revela movimentos 3D.","breadcrumb":{"@id":"https:\/\/www.correiobraziliense.com.br\/cbradar\/som-de-um-buraco-negro-chutado-pelo-espaco-ouvido-pela-primeira-vez-de-forma-impressionante\/#breadcrumb"},"inLanguage":"pt-BR","potentialAction":[{"@type":"ReadAction","target":["https:\/\/www.correiobraziliense.com.br\/cbradar\/som-de-um-buraco-negro-chutado-pelo-espaco-ouvido-pela-primeira-vez-de-forma-impressionante\/"]}]},{"@type":"ImageObject","inLanguage":"pt-BR","@id":"https:\/\/www.correiobraziliense.com.br\/cbradar\/som-de-um-buraco-negro-chutado-pelo-espaco-ouvido-pela-primeira-vez-de-forma-impressionante\/#primaryimage","url":"https:\/\/www.correiobraziliense.com.br\/cbradar\/wp-content\/uploads\/2025\/09\/buraco-negro_1757936664980.jpg","contentUrl":"https:\/\/www.correiobraziliense.com.br\/cbradar\/wp-content\/uploads\/2025\/09\/buraco-negro_1757936664980.jpg","width":1279,"height":720,"caption":"buraco negro. Cr\u00e9ditos: depositphotos.com \/ DMegias"},{"@type":"BreadcrumbList","@id":"https:\/\/www.correiobraziliense.com.br\/cbradar\/som-de-um-buraco-negro-chutado-pelo-espaco-ouvido-pela-primeira-vez-de-forma-impressionante\/#breadcrumb","itemListElement":[{"@type":"ListItem","position":1,"name":"In\u00edcio","item":"https:\/\/www.correiobraziliense.com.br\/cbradar\/"},{"@type":"ListItem","position":2,"name":"Som de um buraco negro &#8216;chutado&#8217; pelo espa\u00e7o ouvido pela primeira vez de forma impressionante"}]},{"@type":"WebSite","@id":"https:\/\/www.correiobraziliense.com.br\/cbradar\/#website","url":"https:\/\/www.correiobraziliense.com.br\/cbradar\/","name":"Correio Braziliense - Radar","description":"Acompanhe as \u00faltimas not\u00edcias e fique bem informado sobre tudo o que acontece no Brasil e no mundo.","potentialAction":[{"@type":"SearchAction","target":{"@type":"EntryPoint","urlTemplate":"https:\/\/www.correiobraziliense.com.br\/cbradar\/?s={search_term_string}"},"query-input":{"@type":"PropertyValueSpecification","valueRequired":true,"valueName":"search_term_string"}}],"inLanguage":"pt-BR"},{"@type":"Person","@id":"https:\/\/www.correiobraziliense.com.br\/cbradar\/#\/schema\/person\/58422787644df994b53a19d3e56c1513","name":"Larissa Carvalho","image":{"@type":"ImageObject","inLanguage":"pt-BR","@id":"https:\/\/www.correiobraziliense.com.br\/cbradar\/#\/schema\/person\/image\/","url":"https:\/\/secure.gravatar.com\/avatar\/fe4f91a0de32b52a838d0d612abdc1aa?s=96&d=mm&r=g","contentUrl":"https:\/\/secure.gravatar.com\/avatar\/fe4f91a0de32b52a838d0d612abdc1aa?s=96&d=mm&r=g","caption":"Larissa Carvalho"},"url":"https:\/\/www.correiobraziliense.com.br\/cbradar\/author\/larissamyth\/"}]}},"_links":{"self":[{"href":"https:\/\/www.correiobraziliense.com.br\/cbradar\/wp-json\/wp\/v2\/posts\/104132","targetHints":{"allow":["GET"]}}],"collection":[{"href":"https:\/\/www.correiobraziliense.com.br\/cbradar\/wp-json\/wp\/v2\/posts"}],"about":[{"href":"https:\/\/www.correiobraziliense.com.br\/cbradar\/wp-json\/wp\/v2\/types\/post"}],"author":[{"embeddable":true,"href":"https:\/\/www.correiobraziliense.com.br\/cbradar\/wp-json\/wp\/v2\/users\/3"}],"replies":[{"embeddable":true,"href":"https:\/\/www.correiobraziliense.com.br\/cbradar\/wp-json\/wp\/v2\/comments?post=104132"}],"version-history":[{"count":2,"href":"https:\/\/www.correiobraziliense.com.br\/cbradar\/wp-json\/wp\/v2\/posts\/104132\/revisions"}],"predecessor-version":[{"id":104136,"href":"https:\/\/www.correiobraziliense.com.br\/cbradar\/wp-json\/wp\/v2\/posts\/104132\/revisions\/104136"}],"wp:featuredmedia":[{"embeddable":true,"href":"https:\/\/www.correiobraziliense.com.br\/cbradar\/wp-json\/wp\/v2\/media\/104134"}],"wp:attachment":[{"href":"https:\/\/www.correiobraziliense.com.br\/cbradar\/wp-json\/wp\/v2\/media?parent=104132"}],"wp:term":[{"taxonomy":"category","embeddable":true,"href":"https:\/\/www.correiobraziliense.com.br\/cbradar\/wp-json\/wp\/v2\/categories?post=104132"},{"taxonomy":"post_tag","embeddable":true,"href":"https:\/\/www.correiobraziliense.com.br\/cbradar\/wp-json\/wp\/v2\/post_tag?post=104132"}],"curies":[{"name":"wp","href":"https:\/\/api.w.org\/{rel}","templated":true}]}}