{"id":10441,"date":"2025-03-09T18:30:00","date_gmt":"2025-03-09T21:30:00","guid":{"rendered":"https:\/\/www.correiobraziliense.com.br\/cbradar\/?p=10441"},"modified":"2025-03-07T22:02:21","modified_gmt":"2025-03-08T01:02:21","slug":"conheca-a-cidade-onde-todos-devem-ter-um-bunker-para-protecao","status":"publish","type":"post","link":"https:\/\/www.correiobraziliense.com.br\/cbradar\/conheca-a-cidade-onde-todos-devem-ter-um-bunker-para-protecao\/","title":{"rendered":"Conhe\u00e7a a cidade onde todos devem ter um bunker para prote\u00e7\u00e3o"},"content":{"rendered":"\n<p>Na maioria das cidades, os bunkers s\u00e3o estruturas raras, usados \u200b\u200bapenas em situa\u00e7\u00f5es extremas. Mas existe um lugar onde <strong>todos os moradores s\u00e3o obrigados a ter um abrigo escondido<\/strong> em casa. Esse lugar \u00e9 <strong>Seul<\/strong>, a capital da Coreia do Sul, um dos pa\u00edses mais militarizados do mundo devido \u00e0 sua rela\u00e7\u00e3o tensa com a vizinha Coreia do Norte.<\/p>\n\n\n\n<p>Na cidade, al\u00e9m dos bunkers principais, <strong>esta\u00e7\u00f5es de metr\u00f4, pr\u00e9dios comerciais e escolas at\u00e9 possuem abrigos refor\u00e7ados<\/strong>, prontos para serem usados \u200b\u200bem caso de ataque. Mas por que essa necessidade extrema? E como os habitantes lidam com essa realidade?<\/p>\n\n\n\n<h2 class=\"wp-block-heading\"><strong>Por que Seul exige bunkers em praticamente todos os lugares?<\/strong><\/h2>\n\n\n\n<p>Seul est\u00e1 localizada a <strong>menos de 50 km da fronteira com a Coreia do Norte<\/strong>, um dos pa\u00edses mais fechados e militarizados do mundo. Desde a Guerra da Coreia (1950-1953), os dois pa\u00edses <strong>nunca assinaram um tratado de paz<\/strong>, o que significa que, tecnicamente, ainda est\u00e3o em guerra.<\/p>\n\n\n\n<p>Por causa dessa amea\u00e7a constante, o governo sul-coreano implementou uma pol\u00edtica de defesa civil, garantindo que a popula\u00e7\u00e3o esteja sempre preparada para uma poss\u00edvel invas\u00e3o ou ataque a\u00e9reo. Como parte dessa estrat\u00e9gia, a constru\u00e7\u00e3o de <strong>bunkers constru\u00eddos \u00e9 uma exig\u00eancia em muitos edif\u00edcios<\/strong> da capital e em outras cidades do pa\u00eds.<\/p>\n\n\n\n<figure class=\"wp-block-image size-large\"><img decoding=\"async\" width=\"1024\" height=\"576\" src=\"https:\/\/www.correiobraziliense.com.br\/cbradar\/wp-content\/uploads\/2025\/03\/Seul-coreia_1741394059088-1024x576.jpg\" alt=\"Conhe\u00e7a a cidade onde todos devem ter um bunker para prote\u00e7\u00e3o\" class=\"wp-image-10444\" srcset=\"https:\/\/www.correiobraziliense.com.br\/cbradar\/wp-content\/uploads\/2025\/03\/Seul-coreia_1741394059088-1024x576.jpg 1024w, https:\/\/www.correiobraziliense.com.br\/cbradar\/wp-content\/uploads\/2025\/03\/Seul-coreia_1741394059088-300x169.jpg 300w, https:\/\/www.correiobraziliense.com.br\/cbradar\/wp-content\/uploads\/2025\/03\/Seul-coreia_1741394059088-768x432.jpg 768w, https:\/\/www.correiobraziliense.com.br\/cbradar\/wp-content\/uploads\/2025\/03\/Seul-coreia_1741394059088-750x422.jpg 750w, https:\/\/www.correiobraziliense.com.br\/cbradar\/wp-content\/uploads\/2025\/03\/Seul-coreia_1741394059088-1140x641.jpg 1140w, https:\/\/www.correiobraziliense.com.br\/cbradar\/wp-content\/uploads\/2025\/03\/Seul-coreia_1741394059088.jpg 1280w\" sizes=\"(max-width: 1024px) 100vw, 1024px\" \/><figcaption class=\"wp-element-caption\">Seul. Cr\u00e9ditos: depositphotos.com \/ f11photo<\/figcaption><\/figure>\n\n\n\n<h2 class=\"wp-block-heading\"><strong>Como \u00e9 a vida em uma cidade pronta para a guerra?<\/strong><\/h2>\n\n\n\n<p>Embora o risco de um ataque seja real, os moradores de Seul continuam vivendo suas rotinas normalmente. A presen\u00e7a de bunkers j\u00e1 faz parte do cotidiano, e muitas pessoas pensam neles no dia a dia.<\/p>\n\n\n\n<p>No entanto, em momentos de tens\u00e3o pol\u00edtica, a cidade entra em alerta. Algumas situa\u00e7\u00f5es comuns incluem:<\/p>\n\n\n\n<ul class=\"wp-block-list\">\n<li><strong>Simula\u00e7\u00f5es de ataque a\u00e9reo<\/strong> \u2013 O governo realiza treinamentos anuais onde sirenes tocam e a popula\u00e7\u00e3o deve se abrigar rapidamente.<\/li>\n\n\n\n<li><strong>Abrigos multifuncionais<\/strong> \u2013 Muitos bunkers s\u00e3o usados \u200b\u200bcomo estacionamentos, dep\u00f3sitos e at\u00e9 shoppings marcados quando n\u00e3o est\u00e3o em uso para emerg\u00eancias.<\/li>\n\n\n\n<li><strong>Apps de alerta<\/strong> \u2013 Os celulares dos moradores est\u00e3o conectados a sistemas que enviam mensagens imediatas em caso de amea\u00e7a.<\/li>\n\n\n\n<li><strong>Prote\u00e7\u00e3o at\u00e9 no metr\u00f4<\/strong> \u2013 A maioria das esta\u00e7\u00f5es de metr\u00f4 de Seul foi projetada para servir como abrigo nuclear.<\/li>\n<\/ul>\n\n\n\n<h3 class=\"wp-block-heading\"><strong>Curiosidades sobre Seul e seus bunkers<\/strong><\/h3>\n\n\n\n<ul class=\"wp-block-list\">\n<li><strong>Mais de 20.000 abrigos p\u00fablicos<\/strong> \u2013 A Coreia do Sul tem uma das maiores redes de bunkers do mundo.<\/li>\n\n\n\n<li><strong>Um dos ex\u00e9rcitos mais bem preparados do planeta<\/strong> \u2013 Apesar de ser um pa\u00eds pac\u00edfico, a Coreia do Sul mant\u00e9m for\u00e7as armadas altamente treinadas.<\/li>\n\n\n\n<li><strong>Bunkers modernos e tecnol\u00f3gicos<\/strong> \u2013 Diferente dos abrigos tradicionais, muitos bunkers de Seul possuem Wi-Fi, estoques de comida e at\u00e9 TVs para manter a popula\u00e7\u00e3o informada.<\/li>\n\n\n\n<li><strong>Esta\u00e7\u00f5es de metr\u00f4 como ref\u00fagio<\/strong> \u2013 O sistema de transporte oculto pode abrigar milh\u00f5es de pessoas em caso de emerg\u00eancia.<\/li>\n\n\n\n<li><strong>A popula\u00e7\u00e3o j\u00e1 se acostumou<\/strong> \u2013 Apesar das medidas de seguran\u00e7a, os moradores de Seul vivem normalmente e raramente demonstram preocupa\u00e7\u00e3o com conflitos iminentes.<\/li>\n<\/ul>\n\n\n\n<h2 class=\"wp-block-heading\"><strong>Prepara\u00e7\u00e3o ou paranoia?<\/strong><\/h2>\n\n\n\n<p>A exist\u00eancia obrigat\u00f3ria de bunkers em Seul mostra o n\u00edvel de tens\u00e3o que ainda existe entre as duas Coreias. Para alguns, essa prepara\u00e7\u00e3o extrema pode parecer exagerada. Para outros, \u00e9 uma garantia de seguran\u00e7a em um dos lugares geopoliticamente mais inst\u00e1veis \u200b\u200bdo mundo.<\/p>\n\n\n\n<p>Apesar da constante amea\u00e7a, Seul continua sendo uma metr\u00f3pole vibrante, moderna e cheia de vida \u2013 provando que, mesmo em meio \u00e0 incerteza, a cidade segue em frente.<\/p>\n","protected":false},"excerpt":{"rendered":"<p>Existe uma cidade onde bunkers s\u00e3o obrigat\u00f3rios em casas, pr\u00e9dios e at\u00e9 esta\u00e7\u00f5es de metr\u00f4. Como os moradores lidam com essa realidade?<\/p>\n","protected":false},"author":3,"featured_media":10442,"comment_status":"open","ping_status":"open","sticky":false,"template":"","format":"standard","meta":{"_yoast_wpseo_focuskw":"cidade bunker","_yoast_wpseo_title":"%%title%%","_yoast_wpseo_metadesc":"Existe uma cidade onde bunkers s\u00e3o obrigat\u00f3rios em casas, pr\u00e9dios e at\u00e9 esta\u00e7\u00f5es de metr\u00f4. Como os moradores lidam com essa realidade?","jnews-multi-image_gallery":[],"jnews_single_post":{"format":"standard"},"jnews_primary_category":[],"jnews_social_meta":[],"jnews_override_counter":[],"footnotes":""},"categories":[108],"post_tag":[109],"class_list":["post-10441","post","type-post","status-publish","format-standard","has-post-thumbnail","hentry","category-cidades","tag-cidades"],"yoast_head":"<!-- This site is optimized with the Yoast SEO plugin v24.6 - https:\/\/yoast.com\/wordpress\/plugins\/seo\/ -->\n<title>Conhe\u00e7a a cidade onde todos devem ter um bunker para prote\u00e7\u00e3o<\/title>\n<meta name=\"description\" content=\"Existe uma cidade onde bunkers s\u00e3o obrigat\u00f3rios em casas, pr\u00e9dios e at\u00e9 esta\u00e7\u00f5es de metr\u00f4. Como os moradores lidam com essa realidade?\" \/>\n<meta name=\"robots\" content=\"index, follow, max-snippet:-1, max-image-preview:large, max-video-preview:-1\" \/>\n<link rel=\"canonical\" href=\"https:\/\/www.correiobraziliense.com.br\/cbradar\/conheca-a-cidade-onde-todos-devem-ter-um-bunker-para-protecao\/\" \/>\n<meta property=\"og:locale\" content=\"pt_BR\" \/>\n<meta property=\"og:type\" content=\"article\" \/>\n<meta property=\"og:title\" content=\"Conhe\u00e7a a cidade onde todos devem ter um bunker para prote\u00e7\u00e3o\" \/>\n<meta property=\"og:description\" content=\"Existe uma cidade onde bunkers s\u00e3o obrigat\u00f3rios em casas, pr\u00e9dios e at\u00e9 esta\u00e7\u00f5es de metr\u00f4. Como os moradores lidam com essa realidade?\" \/>\n<meta property=\"og:url\" content=\"https:\/\/www.correiobraziliense.com.br\/cbradar\/conheca-a-cidade-onde-todos-devem-ter-um-bunker-para-protecao\/\" \/>\n<meta property=\"og:site_name\" content=\"Correio Braziliense - Radar\" \/>\n<meta property=\"article:published_time\" content=\"2025-03-09T21:30:00+00:00\" \/>\n<meta property=\"og:image\" content=\"https:\/\/www.correiobraziliense.com.br\/cbradar\/wp-content\/uploads\/2025\/03\/Seul-coreia_1741394032045.jpg\" \/>\n\t<meta property=\"og:image:width\" content=\"1280\" \/>\n\t<meta property=\"og:image:height\" content=\"720\" \/>\n\t<meta property=\"og:image:type\" content=\"image\/jpeg\" \/>\n<meta name=\"author\" content=\"Larissa Carvalho\" \/>\n<meta name=\"twitter:card\" content=\"summary_large_image\" \/>\n<meta name=\"twitter:label1\" content=\"Escrito por\" \/>\n\t<meta name=\"twitter:data1\" content=\"Larissa Carvalho\" \/>\n\t<meta name=\"twitter:label2\" content=\"Est. tempo de leitura\" \/>\n\t<meta name=\"twitter:data2\" content=\"4 minutos\" \/>\n<!-- \/ Yoast SEO plugin. -->","yoast_head_json":{"title":"Conhe\u00e7a a cidade onde todos devem ter um bunker para prote\u00e7\u00e3o","description":"Existe uma cidade onde bunkers s\u00e3o obrigat\u00f3rios em casas, pr\u00e9dios e at\u00e9 esta\u00e7\u00f5es de metr\u00f4. Como os moradores lidam com essa realidade?","robots":{"index":"index","follow":"follow","max-snippet":"max-snippet:-1","max-image-preview":"max-image-preview:large","max-video-preview":"max-video-preview:-1"},"canonical":"https:\/\/www.correiobraziliense.com.br\/cbradar\/conheca-a-cidade-onde-todos-devem-ter-um-bunker-para-protecao\/","og_locale":"pt_BR","og_type":"article","og_title":"Conhe\u00e7a a cidade onde todos devem ter um bunker para prote\u00e7\u00e3o","og_description":"Existe uma cidade onde bunkers s\u00e3o obrigat\u00f3rios em casas, pr\u00e9dios e at\u00e9 esta\u00e7\u00f5es de metr\u00f4. Como os moradores lidam com essa realidade?","og_url":"https:\/\/www.correiobraziliense.com.br\/cbradar\/conheca-a-cidade-onde-todos-devem-ter-um-bunker-para-protecao\/","og_site_name":"Correio Braziliense - Radar","article_published_time":"2025-03-09T21:30:00+00:00","og_image":[{"width":1280,"height":720,"url":"https:\/\/www.correiobraziliense.com.br\/cbradar\/wp-content\/uploads\/2025\/03\/Seul-coreia_1741394032045.jpg","type":"image\/jpeg"}],"author":"Larissa Carvalho","twitter_card":"summary_large_image","twitter_misc":{"Escrito por":"Larissa Carvalho","Est. tempo de leitura":"4 minutos"},"schema":{"@context":"https:\/\/schema.org","@graph":[{"@type":"WebPage","@id":"https:\/\/www.correiobraziliense.com.br\/cbradar\/conheca-a-cidade-onde-todos-devem-ter-um-bunker-para-protecao\/","url":"https:\/\/www.correiobraziliense.com.br\/cbradar\/conheca-a-cidade-onde-todos-devem-ter-um-bunker-para-protecao\/","name":"Conhe\u00e7a a cidade onde todos devem ter um bunker para prote\u00e7\u00e3o","isPartOf":{"@id":"https:\/\/www.correiobraziliense.com.br\/cbradar\/#website"},"primaryImageOfPage":{"@id":"https:\/\/www.correiobraziliense.com.br\/cbradar\/conheca-a-cidade-onde-todos-devem-ter-um-bunker-para-protecao\/#primaryimage"},"image":{"@id":"https:\/\/www.correiobraziliense.com.br\/cbradar\/conheca-a-cidade-onde-todos-devem-ter-um-bunker-para-protecao\/#primaryimage"},"thumbnailUrl":"https:\/\/www.correiobraziliense.com.br\/cbradar\/wp-content\/uploads\/2025\/03\/Seul-coreia_1741394032045.jpg","datePublished":"2025-03-09T21:30:00+00:00","author":{"@id":"https:\/\/www.correiobraziliense.com.br\/cbradar\/#\/schema\/person\/58422787644df994b53a19d3e56c1513"},"description":"Existe uma cidade onde bunkers s\u00e3o obrigat\u00f3rios em casas, pr\u00e9dios e at\u00e9 esta\u00e7\u00f5es de metr\u00f4. Como os moradores lidam com essa realidade?","breadcrumb":{"@id":"https:\/\/www.correiobraziliense.com.br\/cbradar\/conheca-a-cidade-onde-todos-devem-ter-um-bunker-para-protecao\/#breadcrumb"},"inLanguage":"pt-BR","potentialAction":[{"@type":"ReadAction","target":["https:\/\/www.correiobraziliense.com.br\/cbradar\/conheca-a-cidade-onde-todos-devem-ter-um-bunker-para-protecao\/"]}]},{"@type":"ImageObject","inLanguage":"pt-BR","@id":"https:\/\/www.correiobraziliense.com.br\/cbradar\/conheca-a-cidade-onde-todos-devem-ter-um-bunker-para-protecao\/#primaryimage","url":"https:\/\/www.correiobraziliense.com.br\/cbradar\/wp-content\/uploads\/2025\/03\/Seul-coreia_1741394032045.jpg","contentUrl":"https:\/\/www.correiobraziliense.com.br\/cbradar\/wp-content\/uploads\/2025\/03\/Seul-coreia_1741394032045.jpg","width":1280,"height":720,"caption":"Seul. Cr\u00e9ditos: depositphotos.com \/ sepavone"},{"@type":"BreadcrumbList","@id":"https:\/\/www.correiobraziliense.com.br\/cbradar\/conheca-a-cidade-onde-todos-devem-ter-um-bunker-para-protecao\/#breadcrumb","itemListElement":[{"@type":"ListItem","position":1,"name":"In\u00edcio","item":"https:\/\/www.correiobraziliense.com.br\/cbradar\/"},{"@type":"ListItem","position":2,"name":"Conhe\u00e7a a cidade onde todos devem ter um bunker para prote\u00e7\u00e3o"}]},{"@type":"WebSite","@id":"https:\/\/www.correiobraziliense.com.br\/cbradar\/#website","url":"https:\/\/www.correiobraziliense.com.br\/cbradar\/","name":"Correio Braziliense - Radar","description":"Acompanhe as \u00faltimas not\u00edcias e fique bem informado sobre tudo o que acontece no Brasil e no mundo.","potentialAction":[{"@type":"SearchAction","target":{"@type":"EntryPoint","urlTemplate":"https:\/\/www.correiobraziliense.com.br\/cbradar\/?s={search_term_string}"},"query-input":{"@type":"PropertyValueSpecification","valueRequired":true,"valueName":"search_term_string"}}],"inLanguage":"pt-BR"},{"@type":"Person","@id":"https:\/\/www.correiobraziliense.com.br\/cbradar\/#\/schema\/person\/58422787644df994b53a19d3e56c1513","name":"Larissa Carvalho","image":{"@type":"ImageObject","inLanguage":"pt-BR","@id":"https:\/\/www.correiobraziliense.com.br\/cbradar\/#\/schema\/person\/image\/","url":"https:\/\/secure.gravatar.com\/avatar\/fe4f91a0de32b52a838d0d612abdc1aa?s=96&d=mm&r=g","contentUrl":"https:\/\/secure.gravatar.com\/avatar\/fe4f91a0de32b52a838d0d612abdc1aa?s=96&d=mm&r=g","caption":"Larissa Carvalho"},"url":"https:\/\/www.correiobraziliense.com.br\/cbradar\/author\/larissamyth\/"}]}},"_links":{"self":[{"href":"https:\/\/www.correiobraziliense.com.br\/cbradar\/wp-json\/wp\/v2\/posts\/10441","targetHints":{"allow":["GET"]}}],"collection":[{"href":"https:\/\/www.correiobraziliense.com.br\/cbradar\/wp-json\/wp\/v2\/posts"}],"about":[{"href":"https:\/\/www.correiobraziliense.com.br\/cbradar\/wp-json\/wp\/v2\/types\/post"}],"author":[{"embeddable":true,"href":"https:\/\/www.correiobraziliense.com.br\/cbradar\/wp-json\/wp\/v2\/users\/3"}],"replies":[{"embeddable":true,"href":"https:\/\/www.correiobraziliense.com.br\/cbradar\/wp-json\/wp\/v2\/comments?post=10441"}],"version-history":[{"count":2,"href":"https:\/\/www.correiobraziliense.com.br\/cbradar\/wp-json\/wp\/v2\/posts\/10441\/revisions"}],"predecessor-version":[{"id":10445,"href":"https:\/\/www.correiobraziliense.com.br\/cbradar\/wp-json\/wp\/v2\/posts\/10441\/revisions\/10445"}],"wp:featuredmedia":[{"embeddable":true,"href":"https:\/\/www.correiobraziliense.com.br\/cbradar\/wp-json\/wp\/v2\/media\/10442"}],"wp:attachment":[{"href":"https:\/\/www.correiobraziliense.com.br\/cbradar\/wp-json\/wp\/v2\/media?parent=10441"}],"wp:term":[{"taxonomy":"category","embeddable":true,"href":"https:\/\/www.correiobraziliense.com.br\/cbradar\/wp-json\/wp\/v2\/categories?post=10441"},{"taxonomy":"post_tag","embeddable":true,"href":"https:\/\/www.correiobraziliense.com.br\/cbradar\/wp-json\/wp\/v2\/post_tag?post=10441"}],"curies":[{"name":"wp","href":"https:\/\/api.w.org\/{rel}","templated":true}]}}