{"id":10446,"date":"2025-03-09T20:10:00","date_gmt":"2025-03-09T23:10:00","guid":{"rendered":"https:\/\/www.correiobraziliense.com.br\/cbradar\/?p=10446"},"modified":"2025-03-07T22:02:06","modified_gmt":"2025-03-08T01:02:06","slug":"conheca-a-cidade-que-vive-dividida-por-um-muro","status":"publish","type":"post","link":"https:\/\/www.correiobraziliense.com.br\/cbradar\/conheca-a-cidade-que-vive-dividida-por-um-muro\/","title":{"rendered":"Conhe\u00e7a a cidade que vive dividida por um muro"},"content":{"rendered":"\n<p>Quando pensamos em cidades divididas por muros, o primeiro exemplo que vem \u00e0 mente \u00e9 Berlim. No entanto, existe um lugar onde essa separa\u00e7\u00e3o <strong>ainda existe<\/strong> nos dias de hoje. Essa cidade \u00e9 <strong>Nic\u00f3sia<\/strong>, a capital do Chipre, que continua sendo <strong>a \u00faltima capital dividida do mundo<\/strong>.<\/p>\n\n\n\n<p>Desde 1974, Nic\u00f3sia \u00e9 <strong>cortada ao meio por um muro e uma zona desmilitarizada<\/strong> que separa duas popula\u00e7\u00f5es: <strong>os cipriotas gregos ao sul e os cipriotas turcos ao norte<\/strong>. Mas como isso aconteceu? E como \u00e9 a vida em uma cidade onde os moradores vivem separados pela pol\u00edtica e pela hist\u00f3ria?<\/p>\n\n\n\n<h2 class=\"wp-block-heading\"><strong>Por que Nicosia foi dividida?<\/strong><\/h2>\n\n\n\n<p>A divis\u00e3o de Nic\u00f3sia tem ra\u00edzes em conflitos hist\u00f3ricos entre gregos e turcos que datam de s\u00e9culos. O Chipre, uma ilha estrat\u00e9gica no Mediterr\u00e2neo, sempre foi disputada por diferentes imp\u00e9rios e culturas.<\/p>\n\n\n\n<p>Ap\u00f3s a independ\u00eancia do Reino Unido, em 1960, o pa\u00eds come\u00e7ou a enfrentar dificuldades entre uma popula\u00e7\u00e3o de origem grega, que queria a unifica\u00e7\u00e3o com a Gr\u00e9cia, e a minoria turca, que temia perder seus direitos. Em 1974, a situa\u00e7\u00e3o se agravou quando um golpe militar tentou anexar Chipre \u00e0 Gr\u00e9cia, levando a <strong>uma invas\u00e3o da Turquia<\/strong>, que tomou parte do norte da ilha. Desde ent\u00e3o, a cidade e o pa\u00eds foram resolvidos.<\/p>\n\n\n\n<p>A <strong>&#8220;Linha Verde&#8221;<\/strong>, controlada pela <strong>ONU<\/strong>, separa a parte sul (Rep\u00fablica do Chipre, reconhecida internacionalmente) da parte norte (Rep\u00fablica Turca do Chipre do Norte, reconhecida apenas pela Turquia).<\/p>\n\n\n\n<figure class=\"wp-block-image size-large\"><img decoding=\"async\" width=\"1024\" height=\"576\" src=\"https:\/\/www.correiobraziliense.com.br\/cbradar\/wp-content\/uploads\/2025\/03\/Nicosia_1741394399466-1024x576.jpg\" alt=\"Conhe\u00e7a a cidade que vive dividida por um muro\" class=\"wp-image-10448\" srcset=\"https:\/\/www.correiobraziliense.com.br\/cbradar\/wp-content\/uploads\/2025\/03\/Nicosia_1741394399466-1024x576.jpg 1024w, https:\/\/www.correiobraziliense.com.br\/cbradar\/wp-content\/uploads\/2025\/03\/Nicosia_1741394399466-300x169.jpg 300w, https:\/\/www.correiobraziliense.com.br\/cbradar\/wp-content\/uploads\/2025\/03\/Nicosia_1741394399466-768x432.jpg 768w, https:\/\/www.correiobraziliense.com.br\/cbradar\/wp-content\/uploads\/2025\/03\/Nicosia_1741394399466-750x422.jpg 750w, https:\/\/www.correiobraziliense.com.br\/cbradar\/wp-content\/uploads\/2025\/03\/Nicosia_1741394399466-1140x641.jpg 1140w, https:\/\/www.correiobraziliense.com.br\/cbradar\/wp-content\/uploads\/2025\/03\/Nicosia_1741394399466.jpg 1280w\" sizes=\"(max-width: 1024px) 100vw, 1024px\" \/><figcaption class=\"wp-element-caption\">Nicosia. Cr\u00e9ditos: depositphotos.com \/ Russieseo<\/figcaption><\/figure>\n\n\n\n<h2 class=\"wp-block-heading\"><strong>Como \u00e9 viver em uma cidade dividida?<\/strong><\/h2>\n\n\n\n<p>Apesar da divis\u00e3o, Nic\u00f3sia continua sendo uma cidade vibrante. No entanto, a separa\u00e7\u00e3o afeta a vida dos moradores de diversas maneiras:<\/p>\n\n\n\n<ul class=\"wp-block-list\">\n<li><strong>Checkpoints e controle militar<\/strong> \u2013 Para cruzar de um lado para o outro, \u00e9 necess\u00e1rio passar por postos de controle com verifica\u00e7\u00f5es de documentos.<\/li>\n\n\n\n<li><strong>Duas moedas e dois governos<\/strong> \u2013 No sul, a moeda oficial \u00e9 o euro; no norte, usa-se uma lira turca. Cada lado tem seu pr\u00f3prio governo, leis e servi\u00e7os.<\/li>\n\n\n\n<li><strong>Casas e pr\u00e9dios abandonados<\/strong> \u2013 Na &#8220;zona neutra&#8221; da ONU, muitos edif\u00edcios est\u00e3o vazios desde a guerra, criando um cen\u00e1rio de cidade fantasma no meio da capital.<\/li>\n\n\n\n<li><strong>Fam\u00edlias separadas<\/strong> \u2013 Quando o muro foi erguido, muitos cipriotas foram obrigados a deixar suas casas e nunca mais puderam retornar.<\/li>\n\n\n\n<li><strong>Esfor\u00e7os de reunifica\u00e7\u00e3o<\/strong> \u2013 Nos \u00faltimos anos, foram abertos pontos de travessia entre os dois lados, permitindo maior contato entre gregos e turcos cipriotas.<\/li>\n<\/ul>\n\n\n\n<h3 class=\"wp-block-heading\"><strong>Curiosidades sobre Nic\u00f3sia<\/strong><\/h3>\n\n\n\n<ul class=\"wp-block-list\">\n<li><strong>A \u00fanica capital dividida do mundo<\/strong> \u2013 Enquanto outras cidades j\u00e1 romperam suas barreiras, Nic\u00f3sia continua separada.<\/li>\n\n\n\n<li><strong>A ONU patrulha a &#8220;Linha Verde&#8221;<\/strong> &#8211; Uma for\u00e7a de paz da ONU monitora a zona desmilitarizada desde 1974.<\/li>\n\n\n\n<li><strong>Os dois lados t\u00eam culturas distintas<\/strong> \u2013 No sul, predomina a influ\u00eancia grega; no norte, a turca, com mesquitas e mercados t\u00edpicos.<\/li>\n\n\n\n<li><strong>O muro j\u00e1 foi mais r\u00edgido<\/strong> \u2013 At\u00e9 2003, era quase imposs\u00edvel cruzar de um lado para o outro; hoje, h\u00e1 passagens para cidad\u00e3os e turistas.<\/li>\n\n\n\n<li><strong>Uma cidade partida ao meio, mas cheia de vida<\/strong> \u2013 apesar da separa\u00e7\u00e3o, Nic\u00f3sia segue como um importante centro comercial e cultural do Mediterr\u00e2neo.<\/li>\n<\/ul>\n\n\n\n<h2 class=\"wp-block-heading\"><strong>Nic\u00f3sia um dia ser\u00e1 reunificada?<\/strong><\/h2>\n\n\n\n<p>Desde 1974, diversas tentativas de reunifica\u00e7\u00e3o fracassaram, mas as negocia\u00e7\u00f5es come\u00e7aram. Enquanto isso, a cidade segue funcionando como dois mundos diferentes dentro do mesmo espa\u00e7o, dividido por um muro que j\u00e1 dura quase 50 anos.<\/p>\n\n\n\n<p>Nic\u00f3sia \u00e9 um lembrete de que, mesmo ap\u00f3s d\u00e9cadas, algumas barreiras continuam de p\u00e9 \u2013 tanto fisicamente quanto politicamente.<\/p>\n","protected":false},"excerpt":{"rendered":"<p>Existe uma cidade onde um muro ainda separa seus habitantes, dividindo culturas, governos e hist\u00f3rias. Descubra os segredos dessa cidade.<\/p>\n","protected":false},"author":3,"featured_media":10447,"comment_status":"open","ping_status":"open","sticky":false,"template":"","format":"standard","meta":{"_yoast_wpseo_focuskw":"cidade dividida por muro","_yoast_wpseo_title":"%%title%%","_yoast_wpseo_metadesc":"Existe uma cidade onde um muro ainda separa seus habitantes, dividindo culturas, governos e hist\u00f3rias. Descubra os segredos dessa cidade.","jnews-multi-image_gallery":[],"jnews_single_post":{"format":"standard"},"jnews_primary_category":[],"jnews_social_meta":[],"jnews_override_counter":[],"footnotes":""},"categories":[108],"post_tag":[109],"class_list":["post-10446","post","type-post","status-publish","format-standard","has-post-thumbnail","hentry","category-cidades","tag-cidades"],"yoast_head":"<!-- This site is optimized with the Yoast SEO plugin v24.6 - https:\/\/yoast.com\/wordpress\/plugins\/seo\/ -->\n<title>Conhe\u00e7a a cidade que vive dividida por um muro<\/title>\n<meta name=\"description\" content=\"Existe uma cidade onde um muro ainda separa seus habitantes, dividindo culturas, governos e hist\u00f3rias. Descubra os segredos dessa cidade.\" \/>\n<meta name=\"robots\" content=\"index, follow, max-snippet:-1, max-image-preview:large, max-video-preview:-1\" \/>\n<link rel=\"canonical\" href=\"https:\/\/www.correiobraziliense.com.br\/cbradar\/conheca-a-cidade-que-vive-dividida-por-um-muro\/\" \/>\n<meta property=\"og:locale\" content=\"pt_BR\" \/>\n<meta property=\"og:type\" content=\"article\" \/>\n<meta property=\"og:title\" content=\"Conhe\u00e7a a cidade que vive dividida por um muro\" \/>\n<meta property=\"og:description\" content=\"Existe uma cidade onde um muro ainda separa seus habitantes, dividindo culturas, governos e hist\u00f3rias. Descubra os segredos dessa cidade.\" \/>\n<meta property=\"og:url\" content=\"https:\/\/www.correiobraziliense.com.br\/cbradar\/conheca-a-cidade-que-vive-dividida-por-um-muro\/\" \/>\n<meta property=\"og:site_name\" content=\"Correio Braziliense - Radar\" \/>\n<meta property=\"article:published_time\" content=\"2025-03-09T23:10:00+00:00\" \/>\n<meta property=\"og:image\" content=\"https:\/\/www.correiobraziliense.com.br\/cbradar\/wp-content\/uploads\/2025\/03\/Nicosia_1741394361734.jpg\" \/>\n\t<meta property=\"og:image:width\" content=\"1280\" \/>\n\t<meta property=\"og:image:height\" content=\"720\" \/>\n\t<meta property=\"og:image:type\" content=\"image\/jpeg\" \/>\n<meta name=\"author\" content=\"Larissa Carvalho\" \/>\n<meta name=\"twitter:card\" content=\"summary_large_image\" \/>\n<meta name=\"twitter:label1\" content=\"Escrito por\" \/>\n\t<meta name=\"twitter:data1\" content=\"Larissa Carvalho\" \/>\n\t<meta name=\"twitter:label2\" content=\"Est. tempo de leitura\" \/>\n\t<meta name=\"twitter:data2\" content=\"4 minutos\" \/>\n<!-- \/ Yoast SEO plugin. -->","yoast_head_json":{"title":"Conhe\u00e7a a cidade que vive dividida por um muro","description":"Existe uma cidade onde um muro ainda separa seus habitantes, dividindo culturas, governos e hist\u00f3rias. Descubra os segredos dessa cidade.","robots":{"index":"index","follow":"follow","max-snippet":"max-snippet:-1","max-image-preview":"max-image-preview:large","max-video-preview":"max-video-preview:-1"},"canonical":"https:\/\/www.correiobraziliense.com.br\/cbradar\/conheca-a-cidade-que-vive-dividida-por-um-muro\/","og_locale":"pt_BR","og_type":"article","og_title":"Conhe\u00e7a a cidade que vive dividida por um muro","og_description":"Existe uma cidade onde um muro ainda separa seus habitantes, dividindo culturas, governos e hist\u00f3rias. Descubra os segredos dessa cidade.","og_url":"https:\/\/www.correiobraziliense.com.br\/cbradar\/conheca-a-cidade-que-vive-dividida-por-um-muro\/","og_site_name":"Correio Braziliense - Radar","article_published_time":"2025-03-09T23:10:00+00:00","og_image":[{"width":1280,"height":720,"url":"https:\/\/www.correiobraziliense.com.br\/cbradar\/wp-content\/uploads\/2025\/03\/Nicosia_1741394361734.jpg","type":"image\/jpeg"}],"author":"Larissa Carvalho","twitter_card":"summary_large_image","twitter_misc":{"Escrito por":"Larissa Carvalho","Est. tempo de leitura":"4 minutos"},"schema":{"@context":"https:\/\/schema.org","@graph":[{"@type":"WebPage","@id":"https:\/\/www.correiobraziliense.com.br\/cbradar\/conheca-a-cidade-que-vive-dividida-por-um-muro\/","url":"https:\/\/www.correiobraziliense.com.br\/cbradar\/conheca-a-cidade-que-vive-dividida-por-um-muro\/","name":"Conhe\u00e7a a cidade que vive dividida por um muro","isPartOf":{"@id":"https:\/\/www.correiobraziliense.com.br\/cbradar\/#website"},"primaryImageOfPage":{"@id":"https:\/\/www.correiobraziliense.com.br\/cbradar\/conheca-a-cidade-que-vive-dividida-por-um-muro\/#primaryimage"},"image":{"@id":"https:\/\/www.correiobraziliense.com.br\/cbradar\/conheca-a-cidade-que-vive-dividida-por-um-muro\/#primaryimage"},"thumbnailUrl":"https:\/\/www.correiobraziliense.com.br\/cbradar\/wp-content\/uploads\/2025\/03\/Nicosia_1741394361734.jpg","datePublished":"2025-03-09T23:10:00+00:00","author":{"@id":"https:\/\/www.correiobraziliense.com.br\/cbradar\/#\/schema\/person\/58422787644df994b53a19d3e56c1513"},"description":"Existe uma cidade onde um muro ainda separa seus habitantes, dividindo culturas, governos e hist\u00f3rias. Descubra os segredos dessa cidade.","breadcrumb":{"@id":"https:\/\/www.correiobraziliense.com.br\/cbradar\/conheca-a-cidade-que-vive-dividida-por-um-muro\/#breadcrumb"},"inLanguage":"pt-BR","potentialAction":[{"@type":"ReadAction","target":["https:\/\/www.correiobraziliense.com.br\/cbradar\/conheca-a-cidade-que-vive-dividida-por-um-muro\/"]}]},{"@type":"ImageObject","inLanguage":"pt-BR","@id":"https:\/\/www.correiobraziliense.com.br\/cbradar\/conheca-a-cidade-que-vive-dividida-por-um-muro\/#primaryimage","url":"https:\/\/www.correiobraziliense.com.br\/cbradar\/wp-content\/uploads\/2025\/03\/Nicosia_1741394361734.jpg","contentUrl":"https:\/\/www.correiobraziliense.com.br\/cbradar\/wp-content\/uploads\/2025\/03\/Nicosia_1741394361734.jpg","width":1280,"height":720,"caption":"Nic\u00f3sia. Cr\u00e9ditos: depositphotos.com \/ AndrCGS"},{"@type":"BreadcrumbList","@id":"https:\/\/www.correiobraziliense.com.br\/cbradar\/conheca-a-cidade-que-vive-dividida-por-um-muro\/#breadcrumb","itemListElement":[{"@type":"ListItem","position":1,"name":"In\u00edcio","item":"https:\/\/www.correiobraziliense.com.br\/cbradar\/"},{"@type":"ListItem","position":2,"name":"Conhe\u00e7a a cidade que vive dividida por um muro"}]},{"@type":"WebSite","@id":"https:\/\/www.correiobraziliense.com.br\/cbradar\/#website","url":"https:\/\/www.correiobraziliense.com.br\/cbradar\/","name":"Correio Braziliense - Radar","description":"Acompanhe as \u00faltimas not\u00edcias e fique bem informado sobre tudo o que acontece no Brasil e no mundo.","potentialAction":[{"@type":"SearchAction","target":{"@type":"EntryPoint","urlTemplate":"https:\/\/www.correiobraziliense.com.br\/cbradar\/?s={search_term_string}"},"query-input":{"@type":"PropertyValueSpecification","valueRequired":true,"valueName":"search_term_string"}}],"inLanguage":"pt-BR"},{"@type":"Person","@id":"https:\/\/www.correiobraziliense.com.br\/cbradar\/#\/schema\/person\/58422787644df994b53a19d3e56c1513","name":"Larissa Carvalho","image":{"@type":"ImageObject","inLanguage":"pt-BR","@id":"https:\/\/www.correiobraziliense.com.br\/cbradar\/#\/schema\/person\/image\/","url":"https:\/\/secure.gravatar.com\/avatar\/fe4f91a0de32b52a838d0d612abdc1aa?s=96&d=mm&r=g","contentUrl":"https:\/\/secure.gravatar.com\/avatar\/fe4f91a0de32b52a838d0d612abdc1aa?s=96&d=mm&r=g","caption":"Larissa Carvalho"},"url":"https:\/\/www.correiobraziliense.com.br\/cbradar\/author\/larissamyth\/"}]}},"_links":{"self":[{"href":"https:\/\/www.correiobraziliense.com.br\/cbradar\/wp-json\/wp\/v2\/posts\/10446","targetHints":{"allow":["GET"]}}],"collection":[{"href":"https:\/\/www.correiobraziliense.com.br\/cbradar\/wp-json\/wp\/v2\/posts"}],"about":[{"href":"https:\/\/www.correiobraziliense.com.br\/cbradar\/wp-json\/wp\/v2\/types\/post"}],"author":[{"embeddable":true,"href":"https:\/\/www.correiobraziliense.com.br\/cbradar\/wp-json\/wp\/v2\/users\/3"}],"replies":[{"embeddable":true,"href":"https:\/\/www.correiobraziliense.com.br\/cbradar\/wp-json\/wp\/v2\/comments?post=10446"}],"version-history":[{"count":1,"href":"https:\/\/www.correiobraziliense.com.br\/cbradar\/wp-json\/wp\/v2\/posts\/10446\/revisions"}],"predecessor-version":[{"id":10450,"href":"https:\/\/www.correiobraziliense.com.br\/cbradar\/wp-json\/wp\/v2\/posts\/10446\/revisions\/10450"}],"wp:featuredmedia":[{"embeddable":true,"href":"https:\/\/www.correiobraziliense.com.br\/cbradar\/wp-json\/wp\/v2\/media\/10447"}],"wp:attachment":[{"href":"https:\/\/www.correiobraziliense.com.br\/cbradar\/wp-json\/wp\/v2\/media?parent=10446"}],"wp:term":[{"taxonomy":"category","embeddable":true,"href":"https:\/\/www.correiobraziliense.com.br\/cbradar\/wp-json\/wp\/v2\/categories?post=10446"},{"taxonomy":"post_tag","embeddable":true,"href":"https:\/\/www.correiobraziliense.com.br\/cbradar\/wp-json\/wp\/v2\/post_tag?post=10446"}],"curies":[{"name":"wp","href":"https:\/\/api.w.org\/{rel}","templated":true}]}}