{"id":10451,"date":"2025-03-09T21:30:00","date_gmt":"2025-03-10T00:30:00","guid":{"rendered":"https:\/\/www.correiobraziliense.com.br\/cbradar\/?p=10451"},"modified":"2025-03-07T22:01:58","modified_gmt":"2025-03-08T01:01:58","slug":"conheca-a-cidade-onde-o-sol-nunca-se-propoe-por-meses","status":"publish","type":"post","link":"https:\/\/www.correiobraziliense.com.br\/cbradar\/conheca-a-cidade-onde-o-sol-nunca-se-propoe-por-meses\/","title":{"rendered":"Conhe\u00e7a a cidade onde o sol nunca se prop\u00f5e por meses"},"content":{"rendered":"\n<p>Para a maioria das pessoas, o dia e a noite se alternam de forma previs\u00edvel. Mas existe um lugar onde <strong>o sol n\u00e3o se p\u00f5e por quase meio ano<\/strong>, criando um fen\u00f4meno raro conhecido como <strong>sol da meia-noite<\/strong>. Essa cidade \u00e9 <strong>Utqiagvik<\/strong>, no Alasca, uma cidade mais ao norte dos Estados Unidos.<\/p>\n\n\n\n<p>Por cerca de <strong>83 dias consecutivos no ver\u00e3o<\/strong>, o sol brilha sem descanso. Mas o oposto tamb\u00e9m acontece: no inverno, Utqiagvik fica em completa escurid\u00e3o por quase dois meses. Como os moradores lidam com essa realidade extrema?<\/p>\n\n\n\n<h2 class=\"wp-block-heading\"><strong>Por que Utqiagvik tem dias (e noites) t\u00e3o longos?<\/strong><\/h2>\n\n\n\n<p>Utqiagvik, anteriormente chamado de Barrow, est\u00e1 localizado <strong>acima do C\u00edrculo Polar \u00c1rtico<\/strong>, onde a informa\u00e7\u00e3o da Terra causa grandes varia\u00e7\u00f5es na dura\u00e7\u00e3o do dia e da noite ao longo do ano.<\/p>\n\n\n\n<ul class=\"wp-block-list\">\n<li>No ver\u00e3o, entre <strong>meio de maio e fim de julho<\/strong>, o sol <strong>nunca se p\u00f5e<\/strong>. Mesmo \u00e0 meia-noite, o c\u00e9u continua iluminado.<\/li>\n\n\n\n<li>No inverno, de <strong>novembro a janeiro<\/strong>, acontece o oposto: a cidade mergulhada em um per\u00edodo chamado de <strong>noite polar<\/strong>, onde o sol n\u00e3o aparece no horizonte por cerca de 65 dias.<\/li>\n<\/ul>\n\n\n\n<p>Essa altern\u00e2ncia extrema afeta tudo \u2013 desde o sono dos moradores at\u00e9 a forma como a vida na cidade funciona.<\/p>\n\n\n\n<figure class=\"wp-block-image size-large\"><img decoding=\"async\" width=\"1024\" height=\"576\" src=\"https:\/\/www.correiobraziliense.com.br\/cbradar\/wp-content\/uploads\/2025\/03\/Alasca_1741395274919-1024x576.jpg\" alt=\"Conhe\u00e7a a cidade onde o sol nunca se prop\u00f5e por meses\" class=\"wp-image-10453\" srcset=\"https:\/\/www.correiobraziliense.com.br\/cbradar\/wp-content\/uploads\/2025\/03\/Alasca_1741395274919-1024x576.jpg 1024w, https:\/\/www.correiobraziliense.com.br\/cbradar\/wp-content\/uploads\/2025\/03\/Alasca_1741395274919-300x169.jpg 300w, https:\/\/www.correiobraziliense.com.br\/cbradar\/wp-content\/uploads\/2025\/03\/Alasca_1741395274919-768x432.jpg 768w, https:\/\/www.correiobraziliense.com.br\/cbradar\/wp-content\/uploads\/2025\/03\/Alasca_1741395274919-750x422.jpg 750w, https:\/\/www.correiobraziliense.com.br\/cbradar\/wp-content\/uploads\/2025\/03\/Alasca_1741395274919-1140x641.jpg 1140w, https:\/\/www.correiobraziliense.com.br\/cbradar\/wp-content\/uploads\/2025\/03\/Alasca_1741395274919.jpg 1280w\" sizes=\"(max-width: 1024px) 100vw, 1024px\" \/><figcaption class=\"wp-element-caption\">Alasca. Cr\u00e9ditos: depositphotos.com \/ matfron<\/figcaption><\/figure>\n\n\n\n<h2 class=\"wp-block-heading\"><strong>Como os moradores lidam com meses sem noite (e meses sem dia)?<\/strong><\/h2>\n\n\n\n<p>Em Utqiagvik, o corpo humano precisa se adaptar a uma rotina onde o rel\u00f3gio nem sempre faz sentido. Algumas curiosidades sobre a vida na cidade incluem:<\/p>\n\n\n\n<ul class=\"wp-block-list\">\n<li><strong>Cortinas blackout s\u00e3o essenciais<\/strong> \u2013 Como o sol n\u00e3o se faz, muitos moradores precisam fechar totalmente a luz para conseguir dormir.<\/li>\n\n\n\n<li><strong>Rel\u00f3gios s\u00e3o mais importantes do que a luz do dia<\/strong> \u2013 As pessoas precisam seguir hor\u00e1rios r\u00edgidos para manter uma rotina, pois o sol n\u00e3o indica mais quando \u00e9 hora de acordar ou dormir.<\/li>\n\n\n\n<li><strong>A falta de sol no inverno pode causar depress\u00e3o<\/strong> \u2013 Durante uma noite polar, muitos moradores usam l\u00e2mpadas especiais para combater a falta de luz natural.<\/li>\n\n\n\n<li><strong>A economia e os servi\u00e7os precisam ser adaptados<\/strong> \u2013 Durante o ver\u00e3o, as pessoas trabalham e fazem atividades externas em hor\u00e1rios programados, aproveitando o sol cont\u00ednuo.<\/li>\n\n\n\n<li><strong>O frio extremo acompanha a escurid\u00e3o<\/strong> \u2013 No inverno, al\u00e9m da aus\u00eancia de sol, j\u00e1 que as temperaturas podem chegar a <strong>\u221240\u202f\u00b0<\/strong>C, tornando a cidade ainda mais isolada.<\/li>\n<\/ul>\n\n\n\n<h3 class=\"wp-block-heading\">Curiosidades sobre Utqiagvik<\/h3>\n\n\n\n<ul class=\"wp-block-list\">\n<li><strong>A cidade mais ao norte dos EUA<\/strong> \u2013 Utqiagvik fica a apenas <strong>2.000 km do Polo Norte<\/strong>.<\/li>\n\n\n\n<li><strong>N\u00e3o h\u00e1 estradas que conectem Utqiagvik ao restante do Alasca<\/strong> \u2013 O acesso s\u00f3 \u00e9 poss\u00edvel por avi\u00e3o ou barco (quando o mar n\u00e3o est\u00e1 congelado).<\/li>\n\n\n\n<li><strong>Uma das cidades mais frias do mundo<\/strong> \u2013 Mesmo no ver\u00e3o, as temperaturas subiram dos 5\u202f\u00b0C.<\/li>\n\n\n\n<li><strong>Cultura inu\u00edte muito presente<\/strong> \u2013 A cidade tem uma forte popula\u00e7\u00e3o ind\u00edgena, que depende da pesca e da ca\u00e7a para sobreviver.<\/li>\n\n\n\n<li><strong>Turistas visitam para ver o sol da meia-noite<\/strong> \u2013 Apesar das condi\u00e7\u00f5es extremas, Utqiagvik recebe visitantes curiosos que querem experimentar o aspecto.<\/li>\n<\/ul>\n\n\n\n<h2 class=\"wp-block-heading\">Viver em Utqiagvik: um desafio ou uma obriga\u00e7\u00e3o?<\/h2>\n\n\n\n<p>Para os moradores de Utqiagvik, essa altern\u00e2ncia entre luz eterna e escurid\u00e3o total j\u00e1 faz parte da rotina. Enquanto muitas pessoas no mundo ajustam suas vidas conforme o nascer e o p\u00f4r do sol, em Utqiagvik o tempo \u00e9 medido pelo rel\u00f3gio, e n\u00e3o pelo c\u00e9u.<\/p>\n\n\n\n<p>Viver nesse ambiente exige extrema adapta\u00e7\u00e3o, mas tamb\u00e9m proporciona uma experi\u00eancia \u00fanica. Afinal, quais cidades no mundo podem dizer que vivem quase metade do ano sem noite?<\/p>\n","protected":false},"excerpt":{"rendered":"<p>Existe uma cidade onde o sol nunca se p\u00f5e por meses, e depois desaparece no inverno. Como os moradores lidam com isso?<\/p>\n","protected":false},"author":3,"featured_media":10452,"comment_status":"open","ping_status":"open","sticky":false,"template":"","format":"standard","meta":{"_yoast_wpseo_focuskw":"sol nunca se p\u00f5e","_yoast_wpseo_title":"%%title%%","_yoast_wpseo_metadesc":"Existe uma cidade onde o sol nunca se p\u00f5e por meses, e depois desaparece no inverno. Como os moradores lidam com isso?","jnews-multi-image_gallery":[],"jnews_single_post":{"format":"standard"},"jnews_primary_category":[],"jnews_social_meta":[],"jnews_override_counter":[],"footnotes":""},"categories":[108],"post_tag":[204],"class_list":["post-10451","post","type-post","status-publish","format-standard","has-post-thumbnail","hentry","category-cidades","tag-cidade"],"yoast_head":"<!-- This site is optimized with the Yoast SEO plugin v24.6 - https:\/\/yoast.com\/wordpress\/plugins\/seo\/ -->\n<title>Conhe\u00e7a a cidade onde o sol nunca se prop\u00f5e por meses<\/title>\n<meta name=\"description\" content=\"Existe uma cidade onde o sol nunca se p\u00f5e por meses, e depois desaparece no inverno. Como os moradores lidam com isso?\" \/>\n<meta name=\"robots\" content=\"index, follow, max-snippet:-1, max-image-preview:large, max-video-preview:-1\" \/>\n<link rel=\"canonical\" href=\"https:\/\/www.correiobraziliense.com.br\/cbradar\/conheca-a-cidade-onde-o-sol-nunca-se-propoe-por-meses\/\" \/>\n<meta property=\"og:locale\" content=\"pt_BR\" \/>\n<meta property=\"og:type\" content=\"article\" \/>\n<meta property=\"og:title\" content=\"Conhe\u00e7a a cidade onde o sol nunca se prop\u00f5e por meses\" \/>\n<meta property=\"og:description\" content=\"Existe uma cidade onde o sol nunca se p\u00f5e por meses, e depois desaparece no inverno. Como os moradores lidam com isso?\" \/>\n<meta property=\"og:url\" content=\"https:\/\/www.correiobraziliense.com.br\/cbradar\/conheca-a-cidade-onde-o-sol-nunca-se-propoe-por-meses\/\" \/>\n<meta property=\"og:site_name\" content=\"Correio Braziliense - Radar\" \/>\n<meta property=\"article:published_time\" content=\"2025-03-10T00:30:00+00:00\" \/>\n<meta property=\"og:image\" content=\"https:\/\/www.correiobraziliense.com.br\/cbradar\/wp-content\/uploads\/2025\/03\/Alasca_1741395227767.jpg\" \/>\n\t<meta property=\"og:image:width\" content=\"1280\" \/>\n\t<meta property=\"og:image:height\" content=\"720\" \/>\n\t<meta property=\"og:image:type\" content=\"image\/jpeg\" \/>\n<meta name=\"author\" content=\"Larissa Carvalho\" \/>\n<meta name=\"twitter:card\" content=\"summary_large_image\" \/>\n<meta name=\"twitter:label1\" content=\"Escrito por\" \/>\n\t<meta name=\"twitter:data1\" content=\"Larissa Carvalho\" \/>\n\t<meta name=\"twitter:label2\" content=\"Est. tempo de leitura\" \/>\n\t<meta name=\"twitter:data2\" content=\"4 minutos\" \/>\n<!-- \/ Yoast SEO plugin. -->","yoast_head_json":{"title":"Conhe\u00e7a a cidade onde o sol nunca se prop\u00f5e por meses","description":"Existe uma cidade onde o sol nunca se p\u00f5e por meses, e depois desaparece no inverno. Como os moradores lidam com isso?","robots":{"index":"index","follow":"follow","max-snippet":"max-snippet:-1","max-image-preview":"max-image-preview:large","max-video-preview":"max-video-preview:-1"},"canonical":"https:\/\/www.correiobraziliense.com.br\/cbradar\/conheca-a-cidade-onde-o-sol-nunca-se-propoe-por-meses\/","og_locale":"pt_BR","og_type":"article","og_title":"Conhe\u00e7a a cidade onde o sol nunca se prop\u00f5e por meses","og_description":"Existe uma cidade onde o sol nunca se p\u00f5e por meses, e depois desaparece no inverno. Como os moradores lidam com isso?","og_url":"https:\/\/www.correiobraziliense.com.br\/cbradar\/conheca-a-cidade-onde-o-sol-nunca-se-propoe-por-meses\/","og_site_name":"Correio Braziliense - Radar","article_published_time":"2025-03-10T00:30:00+00:00","og_image":[{"width":1280,"height":720,"url":"https:\/\/www.correiobraziliense.com.br\/cbradar\/wp-content\/uploads\/2025\/03\/Alasca_1741395227767.jpg","type":"image\/jpeg"}],"author":"Larissa Carvalho","twitter_card":"summary_large_image","twitter_misc":{"Escrito por":"Larissa Carvalho","Est. tempo de leitura":"4 minutos"},"schema":{"@context":"https:\/\/schema.org","@graph":[{"@type":"WebPage","@id":"https:\/\/www.correiobraziliense.com.br\/cbradar\/conheca-a-cidade-onde-o-sol-nunca-se-propoe-por-meses\/","url":"https:\/\/www.correiobraziliense.com.br\/cbradar\/conheca-a-cidade-onde-o-sol-nunca-se-propoe-por-meses\/","name":"Conhe\u00e7a a cidade onde o sol nunca se prop\u00f5e por meses","isPartOf":{"@id":"https:\/\/www.correiobraziliense.com.br\/cbradar\/#website"},"primaryImageOfPage":{"@id":"https:\/\/www.correiobraziliense.com.br\/cbradar\/conheca-a-cidade-onde-o-sol-nunca-se-propoe-por-meses\/#primaryimage"},"image":{"@id":"https:\/\/www.correiobraziliense.com.br\/cbradar\/conheca-a-cidade-onde-o-sol-nunca-se-propoe-por-meses\/#primaryimage"},"thumbnailUrl":"https:\/\/www.correiobraziliense.com.br\/cbradar\/wp-content\/uploads\/2025\/03\/Alasca_1741395227767.jpg","datePublished":"2025-03-10T00:30:00+00:00","author":{"@id":"https:\/\/www.correiobraziliense.com.br\/cbradar\/#\/schema\/person\/58422787644df994b53a19d3e56c1513"},"description":"Existe uma cidade onde o sol nunca se p\u00f5e por meses, e depois desaparece no inverno. Como os moradores lidam com isso?","breadcrumb":{"@id":"https:\/\/www.correiobraziliense.com.br\/cbradar\/conheca-a-cidade-onde-o-sol-nunca-se-propoe-por-meses\/#breadcrumb"},"inLanguage":"pt-BR","potentialAction":[{"@type":"ReadAction","target":["https:\/\/www.correiobraziliense.com.br\/cbradar\/conheca-a-cidade-onde-o-sol-nunca-se-propoe-por-meses\/"]}]},{"@type":"ImageObject","inLanguage":"pt-BR","@id":"https:\/\/www.correiobraziliense.com.br\/cbradar\/conheca-a-cidade-onde-o-sol-nunca-se-propoe-por-meses\/#primaryimage","url":"https:\/\/www.correiobraziliense.com.br\/cbradar\/wp-content\/uploads\/2025\/03\/Alasca_1741395227767.jpg","contentUrl":"https:\/\/www.correiobraziliense.com.br\/cbradar\/wp-content\/uploads\/2025\/03\/Alasca_1741395227767.jpg","width":1280,"height":720,"caption":"Alasca. Cr\u00e9ditos: depositphotos.com \/ lhboucault"},{"@type":"BreadcrumbList","@id":"https:\/\/www.correiobraziliense.com.br\/cbradar\/conheca-a-cidade-onde-o-sol-nunca-se-propoe-por-meses\/#breadcrumb","itemListElement":[{"@type":"ListItem","position":1,"name":"In\u00edcio","item":"https:\/\/www.correiobraziliense.com.br\/cbradar\/"},{"@type":"ListItem","position":2,"name":"Conhe\u00e7a a cidade onde o sol nunca se prop\u00f5e por meses"}]},{"@type":"WebSite","@id":"https:\/\/www.correiobraziliense.com.br\/cbradar\/#website","url":"https:\/\/www.correiobraziliense.com.br\/cbradar\/","name":"Correio Braziliense - Radar","description":"Acompanhe as \u00faltimas not\u00edcias e fique bem informado sobre tudo o que acontece no Brasil e no mundo.","potentialAction":[{"@type":"SearchAction","target":{"@type":"EntryPoint","urlTemplate":"https:\/\/www.correiobraziliense.com.br\/cbradar\/?s={search_term_string}"},"query-input":{"@type":"PropertyValueSpecification","valueRequired":true,"valueName":"search_term_string"}}],"inLanguage":"pt-BR"},{"@type":"Person","@id":"https:\/\/www.correiobraziliense.com.br\/cbradar\/#\/schema\/person\/58422787644df994b53a19d3e56c1513","name":"Larissa Carvalho","image":{"@type":"ImageObject","inLanguage":"pt-BR","@id":"https:\/\/www.correiobraziliense.com.br\/cbradar\/#\/schema\/person\/image\/","url":"https:\/\/secure.gravatar.com\/avatar\/fe4f91a0de32b52a838d0d612abdc1aa?s=96&d=mm&r=g","contentUrl":"https:\/\/secure.gravatar.com\/avatar\/fe4f91a0de32b52a838d0d612abdc1aa?s=96&d=mm&r=g","caption":"Larissa Carvalho"},"url":"https:\/\/www.correiobraziliense.com.br\/cbradar\/author\/larissamyth\/"}]}},"_links":{"self":[{"href":"https:\/\/www.correiobraziliense.com.br\/cbradar\/wp-json\/wp\/v2\/posts\/10451","targetHints":{"allow":["GET"]}}],"collection":[{"href":"https:\/\/www.correiobraziliense.com.br\/cbradar\/wp-json\/wp\/v2\/posts"}],"about":[{"href":"https:\/\/www.correiobraziliense.com.br\/cbradar\/wp-json\/wp\/v2\/types\/post"}],"author":[{"embeddable":true,"href":"https:\/\/www.correiobraziliense.com.br\/cbradar\/wp-json\/wp\/v2\/users\/3"}],"replies":[{"embeddable":true,"href":"https:\/\/www.correiobraziliense.com.br\/cbradar\/wp-json\/wp\/v2\/comments?post=10451"}],"version-history":[{"count":1,"href":"https:\/\/www.correiobraziliense.com.br\/cbradar\/wp-json\/wp\/v2\/posts\/10451\/revisions"}],"predecessor-version":[{"id":10454,"href":"https:\/\/www.correiobraziliense.com.br\/cbradar\/wp-json\/wp\/v2\/posts\/10451\/revisions\/10454"}],"wp:featuredmedia":[{"embeddable":true,"href":"https:\/\/www.correiobraziliense.com.br\/cbradar\/wp-json\/wp\/v2\/media\/10452"}],"wp:attachment":[{"href":"https:\/\/www.correiobraziliense.com.br\/cbradar\/wp-json\/wp\/v2\/media?parent=10451"}],"wp:term":[{"taxonomy":"category","embeddable":true,"href":"https:\/\/www.correiobraziliense.com.br\/cbradar\/wp-json\/wp\/v2\/categories?post=10451"},{"taxonomy":"post_tag","embeddable":true,"href":"https:\/\/www.correiobraziliense.com.br\/cbradar\/wp-json\/wp\/v2\/post_tag?post=10451"}],"curies":[{"name":"wp","href":"https:\/\/api.w.org\/{rel}","templated":true}]}}