{"id":10459,"date":"2025-03-09T10:30:00","date_gmt":"2025-03-09T13:30:00","guid":{"rendered":"https:\/\/www.correiobraziliense.com.br\/cbradar\/?p=10459"},"modified":"2025-03-08T09:50:56","modified_gmt":"2025-03-08T12:50:56","slug":"filme-que-narra-a-historia-de-donald-trump-chega-ao-streaming","status":"publish","type":"post","link":"https:\/\/www.correiobraziliense.com.br\/cbradar\/filme-que-narra-a-historia-de-donald-trump-chega-ao-streaming\/","title":{"rendered":"Filme que narra a hist\u00f3ria de Donald Trump chega ao streaming"},"content":{"rendered":"\n<p>O filme &#8220;<strong>O Aprendiz<\/strong>&#8220;, estrelado por <strong>Sebastian Stan<\/strong>, mergulha na vida do presidente dos<strong> Estados Unidos,<\/strong> <strong>Donald Trump<\/strong>, durante os anos 1970 em <strong>Nova York<\/strong>. Este drama biogr\u00e1fico explora a ascens\u00e3o de Trump no cen\u00e1rio empresarial e sua rela\u00e7\u00e3o com <strong>Roy Cohn,<\/strong> interpretado por J<strong>eremy Strong,<\/strong> um advogado influente que desempenhou um papel crucial em sua trajet\u00f3ria.<\/p>\n\n\n\n<p>Lan\u00e7ado no Prime Video, &#8220;O Aprendiz&#8221; recebeu duas indica\u00e7\u00f5es ao Oscar, destacando-se no cen\u00e1rio cinematogr\u00e1fico. A produ\u00e7\u00e3o n\u00e3o apenas foca na vida profissional de Trump, mas tamb\u00e9m em aspectos pessoais, incluindo seu casamento com Ivana Trump, interpretada por <strong>Maria Bakalova<\/strong>, conhecida por seu papel em &#8220;<strong>Borat 2<\/strong>&#8220;.<\/p>\n\n\n\n<h2 class=\"wp-block-heading\"><strong>Quais s\u00e3o as controv\u00e9rsias em torno do filme?<\/strong><\/h2>\n\n\n\n<p>Desde sua estreia, &#8220;O Aprendiz&#8221; tem sido alvo de controv\u00e9rsias, especialmente devido \u00e0 sua representa\u00e7\u00e3o de Donald Trump. Em maio de 2024, durante o <strong>Festival de Cinema de Cannes<\/strong>, surgiram relatos de que a equipe de Trump considerava uma a\u00e7\u00e3o judicial contra o filme. As preocupa\u00e7\u00f5es giravam em torno da forma como o filme poderia impactar a imagem p\u00fablica de Trump, especialmente em um ano eleitoral.<\/p>\n\n\n\n<p>Em outubro de 2024, Trump expressou seu descontentamento publicamente atrav\u00e9s da rede social Truth Social. Ele criticou o filme, chamando-o de &#8220;fajuto&#8221; e &#8220;sem classe&#8221;, e acusou a produ\u00e7\u00e3o de ser uma tentativa pol\u00edtica de prejudicar sua campanha presidencial.<\/p>\n\n\n\n<figure class=\"wp-block-image size-large\"><img decoding=\"async\" width=\"1024\" height=\"576\" src=\"https:\/\/www.correiobraziliense.com.br\/cbradar\/wp-content\/uploads\/2025\/03\/O-Aprendiz-1024x576.png\" alt=\"Filme que narra a hist\u00f3ria de Donald Trump chega ao streaming\" class=\"wp-image-10461\" srcset=\"https:\/\/www.correiobraziliense.com.br\/cbradar\/wp-content\/uploads\/2025\/03\/O-Aprendiz-1024x576.png 1024w, https:\/\/www.correiobraziliense.com.br\/cbradar\/wp-content\/uploads\/2025\/03\/O-Aprendiz-300x169.png 300w, https:\/\/www.correiobraziliense.com.br\/cbradar\/wp-content\/uploads\/2025\/03\/O-Aprendiz-768x432.png 768w, https:\/\/www.correiobraziliense.com.br\/cbradar\/wp-content\/uploads\/2025\/03\/O-Aprendiz-750x422.png 750w, https:\/\/www.correiobraziliense.com.br\/cbradar\/wp-content\/uploads\/2025\/03\/O-Aprendiz-1140x641.png 1140w, https:\/\/www.correiobraziliense.com.br\/cbradar\/wp-content\/uploads\/2025\/03\/O-Aprendiz.png 1280w\" sizes=\"(max-width: 1024px) 100vw, 1024px\" \/><figcaption class=\"wp-element-caption\">O Aprendiz. Fonte: Divulga\u00e7\u00e3o\/Profile Productions<\/figcaption><\/figure>\n\n\n\n<h2 class=\"wp-block-heading\"><strong>Como o filme retrata a Influ\u00eancia de Roy Cohn?<\/strong><\/h2>\n\n\n\n<p>Roy Cohn, um advogado not\u00f3rio por suas t\u00e1ticas agressivas, \u00e9 retratado no filme como uma figura chave na forma\u00e7\u00e3o de Donald Trump. A rela\u00e7\u00e3o entre os dois \u00e9 central para a narrativa, mostrando como Cohn influenciou as estrat\u00e9gias empresariais e pol\u00edticas de Trump. Esta din\u00e2mica complexa \u00e9 um dos aspectos mais discutidos do filme, levantando quest\u00f5es sobre \u00e9tica e poder.<\/p>\n\n\n\n<h2 class=\"wp-block-heading\"><strong>O impacto de &#8220;O Aprendiz&#8221; na ind\u00fastria cinematogr\u00e1fica<\/strong><\/h2>\n\n\n\n<p>Apesar das controv\u00e9rsias, &#8220;O Aprendiz&#8221; conseguiu se destacar na ind\u00fastria cinematogr\u00e1fica, em parte devido \u00e0s suas indica\u00e7\u00f5es ao Oscar. O filme trouxe \u00e0 tona debates sobre a representa\u00e7\u00e3o de figuras pol\u00edticas na m\u00eddia e o papel do cinema em influenciar a opini\u00e3o p\u00fablica. Sebastian Stan, ao defender o filme, destacou a import\u00e2ncia de produ\u00e7\u00f5es que desafiam narrativas estabelecidas e provocam reflex\u00e3o.<\/p>\n\n\n\n<iframe loading=\"lazy\" width=\"560\" height=\"315\" src=\"https:\/\/www.youtube.com\/embed\/905yz2snWnU?si=kdhu5df2rIUe6YgB\" title=\"YouTube video player\" frameborder=\"0\" allow=\"accelerometer; autoplay; clipboard-write; encrypted-media; gyroscope; picture-in-picture; web-share\" referrerpolicy=\"strict-origin-when-cross-origin\" allowfullscreen><\/iframe>\n\n\n\n<p>Al\u00e9m disso, a atua\u00e7\u00e3o de Maria Bakalova como Ivana Trump adicionou uma camada de complexidade \u00e0 hist\u00f3ria, explorando a vida pessoal de Trump e os desafios enfrentados por sua fam\u00edlia. A presen\u00e7a de Bakalova, indicada ao Oscar, contribuiu para o reconhecimento cr\u00edtico do filme.<\/p>\n","protected":false},"excerpt":{"rendered":"<p>Explore o controverso filme &#8216;The Apprentice&#8217;, sua representa\u00e7\u00e3o da ascens\u00e3o de Donald Trump e os dilemas \u00e9ticos que ele apresenta.<\/p>\n","protected":false},"author":3,"featured_media":10462,"comment_status":"open","ping_status":"open","sticky":false,"template":"","format":"standard","meta":{"_yoast_wpseo_focuskw":"filme Donald Trump","_yoast_wpseo_title":"%%title%%","_yoast_wpseo_metadesc":"Explore o controverso filme 'The Apprentice', sua representa\u00e7\u00e3o da ascens\u00e3o de Donald Trump e os dilemas \u00e9ticos que ele apresenta.","jnews-multi-image_gallery":[],"jnews_single_post":{"format":"standard"},"jnews_primary_category":[],"jnews_social_meta":[],"jnews_override_counter":[],"footnotes":""},"categories":[140],"post_tag":[1695,355,568,1202],"class_list":["post-10459","post","type-post","status-publish","format-standard","has-post-thumbnail","hentry","category-entretenimento","tag-donald-trump","tag-oscar","tag-series-e-filmes","tag-streaming"],"yoast_head":"<!-- This site is optimized with the Yoast SEO plugin v24.6 - https:\/\/yoast.com\/wordpress\/plugins\/seo\/ -->\n<title>Filme que narra a hist\u00f3ria de Donald Trump chega ao streaming<\/title>\n<meta name=\"description\" content=\"Explore o controverso filme &#039;The Apprentice&#039;, sua representa\u00e7\u00e3o da ascens\u00e3o de Donald Trump e os dilemas \u00e9ticos que ele apresenta.\" \/>\n<meta name=\"robots\" content=\"index, follow, max-snippet:-1, max-image-preview:large, max-video-preview:-1\" \/>\n<link rel=\"canonical\" href=\"https:\/\/www.correiobraziliense.com.br\/cbradar\/filme-que-narra-a-historia-de-donald-trump-chega-ao-streaming\/\" \/>\n<meta property=\"og:locale\" content=\"pt_BR\" \/>\n<meta property=\"og:type\" content=\"article\" \/>\n<meta property=\"og:title\" content=\"Filme que narra a hist\u00f3ria de Donald Trump chega ao streaming\" \/>\n<meta property=\"og:description\" content=\"Explore o controverso filme &#039;The Apprentice&#039;, sua representa\u00e7\u00e3o da ascens\u00e3o de Donald Trump e os dilemas \u00e9ticos que ele apresenta.\" \/>\n<meta property=\"og:url\" content=\"https:\/\/www.correiobraziliense.com.br\/cbradar\/filme-que-narra-a-historia-de-donald-trump-chega-ao-streaming\/\" \/>\n<meta property=\"og:site_name\" content=\"Correio Braziliense - Radar\" \/>\n<meta property=\"article:published_time\" content=\"2025-03-09T13:30:00+00:00\" \/>\n<meta property=\"og:image\" content=\"https:\/\/www.correiobraziliense.com.br\/cbradar\/wp-content\/uploads\/2025\/03\/O-Aprendiz-2.png\" \/>\n\t<meta property=\"og:image:width\" content=\"1280\" \/>\n\t<meta property=\"og:image:height\" content=\"720\" \/>\n\t<meta property=\"og:image:type\" content=\"image\/png\" \/>\n<meta name=\"author\" content=\"Larissa Carvalho\" \/>\n<meta name=\"twitter:card\" content=\"summary_large_image\" \/>\n<meta name=\"twitter:label1\" content=\"Escrito por\" \/>\n\t<meta name=\"twitter:data1\" content=\"Larissa Carvalho\" \/>\n\t<meta name=\"twitter:label2\" content=\"Est. tempo de leitura\" \/>\n\t<meta name=\"twitter:data2\" content=\"3 minutos\" \/>\n<!-- \/ Yoast SEO plugin. -->","yoast_head_json":{"title":"Filme que narra a hist\u00f3ria de Donald Trump chega ao streaming","description":"Explore o controverso filme 'The Apprentice', sua representa\u00e7\u00e3o da ascens\u00e3o de Donald Trump e os dilemas \u00e9ticos que ele apresenta.","robots":{"index":"index","follow":"follow","max-snippet":"max-snippet:-1","max-image-preview":"max-image-preview:large","max-video-preview":"max-video-preview:-1"},"canonical":"https:\/\/www.correiobraziliense.com.br\/cbradar\/filme-que-narra-a-historia-de-donald-trump-chega-ao-streaming\/","og_locale":"pt_BR","og_type":"article","og_title":"Filme que narra a hist\u00f3ria de Donald Trump chega ao streaming","og_description":"Explore o controverso filme 'The Apprentice', sua representa\u00e7\u00e3o da ascens\u00e3o de Donald Trump e os dilemas \u00e9ticos que ele apresenta.","og_url":"https:\/\/www.correiobraziliense.com.br\/cbradar\/filme-que-narra-a-historia-de-donald-trump-chega-ao-streaming\/","og_site_name":"Correio Braziliense - Radar","article_published_time":"2025-03-09T13:30:00+00:00","og_image":[{"width":1280,"height":720,"url":"https:\/\/www.correiobraziliense.com.br\/cbradar\/wp-content\/uploads\/2025\/03\/O-Aprendiz-2.png","type":"image\/png"}],"author":"Larissa Carvalho","twitter_card":"summary_large_image","twitter_misc":{"Escrito por":"Larissa Carvalho","Est. tempo de leitura":"3 minutos"},"schema":{"@context":"https:\/\/schema.org","@graph":[{"@type":"WebPage","@id":"https:\/\/www.correiobraziliense.com.br\/cbradar\/filme-que-narra-a-historia-de-donald-trump-chega-ao-streaming\/","url":"https:\/\/www.correiobraziliense.com.br\/cbradar\/filme-que-narra-a-historia-de-donald-trump-chega-ao-streaming\/","name":"Filme que narra a hist\u00f3ria de Donald Trump chega ao streaming","isPartOf":{"@id":"https:\/\/www.correiobraziliense.com.br\/cbradar\/#website"},"primaryImageOfPage":{"@id":"https:\/\/www.correiobraziliense.com.br\/cbradar\/filme-que-narra-a-historia-de-donald-trump-chega-ao-streaming\/#primaryimage"},"image":{"@id":"https:\/\/www.correiobraziliense.com.br\/cbradar\/filme-que-narra-a-historia-de-donald-trump-chega-ao-streaming\/#primaryimage"},"thumbnailUrl":"https:\/\/www.correiobraziliense.com.br\/cbradar\/wp-content\/uploads\/2025\/03\/O-Aprendiz-2.png","datePublished":"2025-03-09T13:30:00+00:00","author":{"@id":"https:\/\/www.correiobraziliense.com.br\/cbradar\/#\/schema\/person\/58422787644df994b53a19d3e56c1513"},"description":"Explore o controverso filme 'The Apprentice', sua representa\u00e7\u00e3o da ascens\u00e3o de Donald Trump e os dilemas \u00e9ticos que ele apresenta.","breadcrumb":{"@id":"https:\/\/www.correiobraziliense.com.br\/cbradar\/filme-que-narra-a-historia-de-donald-trump-chega-ao-streaming\/#breadcrumb"},"inLanguage":"pt-BR","potentialAction":[{"@type":"ReadAction","target":["https:\/\/www.correiobraziliense.com.br\/cbradar\/filme-que-narra-a-historia-de-donald-trump-chega-ao-streaming\/"]}]},{"@type":"ImageObject","inLanguage":"pt-BR","@id":"https:\/\/www.correiobraziliense.com.br\/cbradar\/filme-que-narra-a-historia-de-donald-trump-chega-ao-streaming\/#primaryimage","url":"https:\/\/www.correiobraziliense.com.br\/cbradar\/wp-content\/uploads\/2025\/03\/O-Aprendiz-2.png","contentUrl":"https:\/\/www.correiobraziliense.com.br\/cbradar\/wp-content\/uploads\/2025\/03\/O-Aprendiz-2.png","width":1280,"height":720,"caption":"O Aprendiz. Fonte: Divulga\u00e7\u00e3o\/Profile Productions"},{"@type":"BreadcrumbList","@id":"https:\/\/www.correiobraziliense.com.br\/cbradar\/filme-que-narra-a-historia-de-donald-trump-chega-ao-streaming\/#breadcrumb","itemListElement":[{"@type":"ListItem","position":1,"name":"In\u00edcio","item":"https:\/\/www.correiobraziliense.com.br\/cbradar\/"},{"@type":"ListItem","position":2,"name":"Filme que narra a hist\u00f3ria de Donald Trump chega ao streaming"}]},{"@type":"WebSite","@id":"https:\/\/www.correiobraziliense.com.br\/cbradar\/#website","url":"https:\/\/www.correiobraziliense.com.br\/cbradar\/","name":"Correio Braziliense - Radar","description":"Acompanhe as \u00faltimas not\u00edcias e fique bem informado sobre tudo o que acontece no Brasil e no mundo.","potentialAction":[{"@type":"SearchAction","target":{"@type":"EntryPoint","urlTemplate":"https:\/\/www.correiobraziliense.com.br\/cbradar\/?s={search_term_string}"},"query-input":{"@type":"PropertyValueSpecification","valueRequired":true,"valueName":"search_term_string"}}],"inLanguage":"pt-BR"},{"@type":"Person","@id":"https:\/\/www.correiobraziliense.com.br\/cbradar\/#\/schema\/person\/58422787644df994b53a19d3e56c1513","name":"Larissa Carvalho","image":{"@type":"ImageObject","inLanguage":"pt-BR","@id":"https:\/\/www.correiobraziliense.com.br\/cbradar\/#\/schema\/person\/image\/","url":"https:\/\/secure.gravatar.com\/avatar\/fe4f91a0de32b52a838d0d612abdc1aa?s=96&d=mm&r=g","contentUrl":"https:\/\/secure.gravatar.com\/avatar\/fe4f91a0de32b52a838d0d612abdc1aa?s=96&d=mm&r=g","caption":"Larissa Carvalho"},"url":"https:\/\/www.correiobraziliense.com.br\/cbradar\/author\/larissamyth\/"}]}},"_links":{"self":[{"href":"https:\/\/www.correiobraziliense.com.br\/cbradar\/wp-json\/wp\/v2\/posts\/10459","targetHints":{"allow":["GET"]}}],"collection":[{"href":"https:\/\/www.correiobraziliense.com.br\/cbradar\/wp-json\/wp\/v2\/posts"}],"about":[{"href":"https:\/\/www.correiobraziliense.com.br\/cbradar\/wp-json\/wp\/v2\/types\/post"}],"author":[{"embeddable":true,"href":"https:\/\/www.correiobraziliense.com.br\/cbradar\/wp-json\/wp\/v2\/users\/3"}],"replies":[{"embeddable":true,"href":"https:\/\/www.correiobraziliense.com.br\/cbradar\/wp-json\/wp\/v2\/comments?post=10459"}],"version-history":[{"count":1,"href":"https:\/\/www.correiobraziliense.com.br\/cbradar\/wp-json\/wp\/v2\/posts\/10459\/revisions"}],"predecessor-version":[{"id":10463,"href":"https:\/\/www.correiobraziliense.com.br\/cbradar\/wp-json\/wp\/v2\/posts\/10459\/revisions\/10463"}],"wp:featuredmedia":[{"embeddable":true,"href":"https:\/\/www.correiobraziliense.com.br\/cbradar\/wp-json\/wp\/v2\/media\/10462"}],"wp:attachment":[{"href":"https:\/\/www.correiobraziliense.com.br\/cbradar\/wp-json\/wp\/v2\/media?parent=10459"}],"wp:term":[{"taxonomy":"category","embeddable":true,"href":"https:\/\/www.correiobraziliense.com.br\/cbradar\/wp-json\/wp\/v2\/categories?post=10459"},{"taxonomy":"post_tag","embeddable":true,"href":"https:\/\/www.correiobraziliense.com.br\/cbradar\/wp-json\/wp\/v2\/post_tag?post=10459"}],"curies":[{"name":"wp","href":"https:\/\/api.w.org\/{rel}","templated":true}]}}