{"id":10464,"date":"2025-03-09T11:30:00","date_gmt":"2025-03-09T14:30:00","guid":{"rendered":"https:\/\/www.correiobraziliense.com.br\/cbradar\/?p=10464"},"modified":"2025-03-08T09:50:33","modified_gmt":"2025-03-08T12:50:33","slug":"apple-adia-lancamento-de-novos-recursos-de-ia-para-siri","status":"publish","type":"post","link":"https:\/\/www.correiobraziliense.com.br\/cbradar\/apple-adia-lancamento-de-novos-recursos-de-ia-para-siri\/","title":{"rendered":"Apple adia lan\u00e7amento de novos recursos de IA para Siri"},"content":{"rendered":"\n<p>A <strong><a href=\"https:\/\/www.apple.com\/br\/\" target=\"_blank\" rel=\"noreferrer noopener\">Apple <\/a><\/strong>anunciou recentemente que os aprimoramentos planejados para sua assistente de voz, <strong>Siri<\/strong>, ser\u00e3o adiados at\u00e9 2026. A empresa havia prometido uma Siri mais personalizada, com maior consci\u00eancia do contexto pessoal do usu\u00e1rio e a capacidade de interagir de forma mais eficaz entre aplicativos. Inicialmente, esses recursos estavam previstos para serem lan\u00e7ados em 2025, mas a complexidade do desenvolvimento levou a empresa a estender o prazo.<\/p>\n\n\n\n<p>Os novos recursos de intelig\u00eancia artificial da Siri fazem parte de uma iniciativa maior da Apple, chamada Apple Intelligence, que visa integrar funcionalidades avan\u00e7adas de IA em seus dispositivos. A empresa destacou que a Siri atualmente processa 1,5 bilh\u00e3o de solicita\u00e7\u00f5es de usu\u00e1rios diariamente, demonstrando a import\u00e2ncia de aprimorar a efici\u00eancia e a capacidade da assistente.<\/p>\n\n\n\n<h2 class=\"wp-block-heading\"><strong>Quais s\u00e3o os novos recursos planejados para a Siri?<\/strong><\/h2>\n\n\n\n<p>Entre as melhorias previstas, a Siri dever\u00e1 ser capaz de realizar tarefas mais complexas, como acessar informa\u00e7\u00f5es de aplicativos e realizar a\u00e7\u00f5es com base nos dados armazenados nos dispositivos Apple. Exemplos incluem a capacidade de consultar um podcast recomendado ou obter informa\u00e7\u00f5es de voo de um parente, tudo isso utilizando dados pessoais armazenados no dispositivo do usu\u00e1rio.<\/p>\n\n\n\n<p>A Apple est\u00e1 investindo em uma nova infraestrutura de computa\u00e7\u00e3o em nuvem, utilizando seus pr\u00f3prios chips, para suportar essas funcionalidades avan\u00e7adas. Essa infraestrutura \u00e9 essencial para processar o grande volume de dados e solicita\u00e7\u00f5es que a Siri recebe diariamente.<\/p>\n\n\n\n<figure class=\"wp-block-image size-large\"><img decoding=\"async\" width=\"1024\" height=\"576\" src=\"https:\/\/www.correiobraziliense.com.br\/cbradar\/wp-content\/uploads\/2025\/03\/Siri-apple_1741396455330-1024x576.jpg\" alt=\"Apple adia lan\u00e7amento de novos recursos de IA para Siri\" class=\"wp-image-10466\" srcset=\"https:\/\/www.correiobraziliense.com.br\/cbradar\/wp-content\/uploads\/2025\/03\/Siri-apple_1741396455330-1024x576.jpg 1024w, https:\/\/www.correiobraziliense.com.br\/cbradar\/wp-content\/uploads\/2025\/03\/Siri-apple_1741396455330-300x169.jpg 300w, https:\/\/www.correiobraziliense.com.br\/cbradar\/wp-content\/uploads\/2025\/03\/Siri-apple_1741396455330-768x432.jpg 768w, https:\/\/www.correiobraziliense.com.br\/cbradar\/wp-content\/uploads\/2025\/03\/Siri-apple_1741396455330-750x422.jpg 750w, https:\/\/www.correiobraziliense.com.br\/cbradar\/wp-content\/uploads\/2025\/03\/Siri-apple_1741396455330-1140x641.jpg 1140w, https:\/\/www.correiobraziliense.com.br\/cbradar\/wp-content\/uploads\/2025\/03\/Siri-apple_1741396455330.jpg 1280w\" sizes=\"(max-width: 1024px) 100vw, 1024px\" \/><figcaption class=\"wp-element-caption\">Siri apple. Cr\u00e9ditos: depositphotos.com \/ dimarik<\/figcaption><\/figure>\n\n\n\n<h2 class=\"wp-block-heading\"><strong>Como a concorr\u00eancia est\u00e1 reagindo?<\/strong><\/h2>\n\n\n\n<p>Enquanto a Apple trabalha em suas melhorias, outras empresas tamb\u00e9m est\u00e3o investindo em intelig\u00eancia artificial para assistentes de voz. O Google, por exemplo, integrou o modelo Gemini ao seu assistente, enquanto a Amazon reformulou a Alexa com novos recursos de IA, oferecendo essas melhorias gratuitamente para assinantes do programa Prime.<\/p>\n\n\n\n<p>Essas movimenta\u00e7\u00f5es no mercado indicam uma corrida tecnol\u00f3gica para aprimorar assistentes de voz, tornando-os mais \u00fateis e integrados ao cotidiano dos usu\u00e1rios. A competi\u00e7\u00e3o acirrada pressiona as empresas a inovarem constantemente, buscando oferecer as melhores solu\u00e7\u00f5es de IA.<\/p>\n\n\n\n<h2 class=\"wp-block-heading\"><strong>O que esperar do futuro da Siri?<\/strong><\/h2>\n\n\n\n<p>Com o adiamento dos novos recursos, a expectativa \u00e9 que a Apple continue a investir pesadamente em pesquisa e desenvolvimento para garantir que a Siri se torne uma assistente de voz mais inteligente e eficaz. A empresa est\u00e1 focada em criar uma experi\u00eancia de usu\u00e1rio que seja n\u00e3o apenas funcional, mas tamb\u00e9m intuitiva e personalizada.<\/p>\n\n\n\n<p>Os usu\u00e1rios podem esperar que, quando lan\u00e7ados, os novos recursos da Siri tragam uma intera\u00e7\u00e3o mais fluida e natural com os dispositivos Apple, aproveitando ao m\u00e1ximo as capacidades de intelig\u00eancia artificial para facilitar o dia a dia.<\/p>\n","protected":false},"excerpt":{"rendered":"<p>A Apple adiou os novos recursos de IA da Siri at\u00e9 2026. Concorrentes como Google e Amazon correm para lan\u00e7ar atualiza\u00e7\u00f5es.<\/p>\n","protected":false},"author":3,"featured_media":10465,"comment_status":"open","ping_status":"open","sticky":false,"template":"","format":"standard","meta":{"_yoast_wpseo_focuskw":"Apple IA Siri","_yoast_wpseo_title":"%%title%%","_yoast_wpseo_metadesc":"A Apple adiou os novos recursos de IA da Siri at\u00e9 2026. Concorrentes como Google e Amazon correm para lan\u00e7ar atualiza\u00e7\u00f5es.","jnews-multi-image_gallery":[],"jnews_single_post":{"format":"standard"},"jnews_primary_category":[],"jnews_social_meta":[],"jnews_override_counter":[],"footnotes":""},"categories":[115],"post_tag":[158,210,1694],"class_list":["post-10464","post","type-post","status-publish","format-standard","has-post-thumbnail","hentry","category-tecnologia","tag-apple","tag-inteligencia-artificial","tag-siri"],"yoast_head":"<!-- This site is optimized with the Yoast SEO plugin v24.6 - https:\/\/yoast.com\/wordpress\/plugins\/seo\/ -->\n<title>Apple adia lan\u00e7amento de novos recursos de IA para Siri<\/title>\n<meta name=\"description\" content=\"A Apple adiou os novos recursos de IA da Siri at\u00e9 2026. Concorrentes como Google e Amazon correm para lan\u00e7ar atualiza\u00e7\u00f5es.\" \/>\n<meta name=\"robots\" content=\"index, follow, max-snippet:-1, max-image-preview:large, max-video-preview:-1\" \/>\n<link rel=\"canonical\" href=\"https:\/\/www.correiobraziliense.com.br\/cbradar\/apple-adia-lancamento-de-novos-recursos-de-ia-para-siri\/\" \/>\n<meta property=\"og:locale\" content=\"pt_BR\" \/>\n<meta property=\"og:type\" content=\"article\" \/>\n<meta property=\"og:title\" content=\"Apple adia lan\u00e7amento de novos recursos de IA para Siri\" \/>\n<meta property=\"og:description\" content=\"A Apple adiou os novos recursos de IA da Siri at\u00e9 2026. Concorrentes como Google e Amazon correm para lan\u00e7ar atualiza\u00e7\u00f5es.\" \/>\n<meta property=\"og:url\" content=\"https:\/\/www.correiobraziliense.com.br\/cbradar\/apple-adia-lancamento-de-novos-recursos-de-ia-para-siri\/\" \/>\n<meta property=\"og:site_name\" content=\"Correio Braziliense - Radar\" \/>\n<meta property=\"article:published_time\" content=\"2025-03-09T14:30:00+00:00\" \/>\n<meta property=\"og:image\" content=\"https:\/\/www.correiobraziliense.com.br\/cbradar\/wp-content\/uploads\/2025\/03\/Siri-apple_1741396418360.jpg\" \/>\n\t<meta property=\"og:image:width\" content=\"1280\" \/>\n\t<meta property=\"og:image:height\" content=\"720\" \/>\n\t<meta property=\"og:image:type\" content=\"image\/jpeg\" \/>\n<meta name=\"author\" content=\"Larissa Carvalho\" \/>\n<meta name=\"twitter:card\" content=\"summary_large_image\" \/>\n<meta name=\"twitter:label1\" content=\"Escrito por\" \/>\n\t<meta name=\"twitter:data1\" content=\"Larissa Carvalho\" \/>\n\t<meta name=\"twitter:label2\" content=\"Est. tempo de leitura\" \/>\n\t<meta name=\"twitter:data2\" content=\"3 minutos\" \/>\n<!-- \/ Yoast SEO plugin. -->","yoast_head_json":{"title":"Apple adia lan\u00e7amento de novos recursos de IA para Siri","description":"A Apple adiou os novos recursos de IA da Siri at\u00e9 2026. Concorrentes como Google e Amazon correm para lan\u00e7ar atualiza\u00e7\u00f5es.","robots":{"index":"index","follow":"follow","max-snippet":"max-snippet:-1","max-image-preview":"max-image-preview:large","max-video-preview":"max-video-preview:-1"},"canonical":"https:\/\/www.correiobraziliense.com.br\/cbradar\/apple-adia-lancamento-de-novos-recursos-de-ia-para-siri\/","og_locale":"pt_BR","og_type":"article","og_title":"Apple adia lan\u00e7amento de novos recursos de IA para Siri","og_description":"A Apple adiou os novos recursos de IA da Siri at\u00e9 2026. Concorrentes como Google e Amazon correm para lan\u00e7ar atualiza\u00e7\u00f5es.","og_url":"https:\/\/www.correiobraziliense.com.br\/cbradar\/apple-adia-lancamento-de-novos-recursos-de-ia-para-siri\/","og_site_name":"Correio Braziliense - Radar","article_published_time":"2025-03-09T14:30:00+00:00","og_image":[{"width":1280,"height":720,"url":"https:\/\/www.correiobraziliense.com.br\/cbradar\/wp-content\/uploads\/2025\/03\/Siri-apple_1741396418360.jpg","type":"image\/jpeg"}],"author":"Larissa Carvalho","twitter_card":"summary_large_image","twitter_misc":{"Escrito por":"Larissa Carvalho","Est. tempo de leitura":"3 minutos"},"schema":{"@context":"https:\/\/schema.org","@graph":[{"@type":"WebPage","@id":"https:\/\/www.correiobraziliense.com.br\/cbradar\/apple-adia-lancamento-de-novos-recursos-de-ia-para-siri\/","url":"https:\/\/www.correiobraziliense.com.br\/cbradar\/apple-adia-lancamento-de-novos-recursos-de-ia-para-siri\/","name":"Apple adia lan\u00e7amento de novos recursos de IA para Siri","isPartOf":{"@id":"https:\/\/www.correiobraziliense.com.br\/cbradar\/#website"},"primaryImageOfPage":{"@id":"https:\/\/www.correiobraziliense.com.br\/cbradar\/apple-adia-lancamento-de-novos-recursos-de-ia-para-siri\/#primaryimage"},"image":{"@id":"https:\/\/www.correiobraziliense.com.br\/cbradar\/apple-adia-lancamento-de-novos-recursos-de-ia-para-siri\/#primaryimage"},"thumbnailUrl":"https:\/\/www.correiobraziliense.com.br\/cbradar\/wp-content\/uploads\/2025\/03\/Siri-apple_1741396418360.jpg","datePublished":"2025-03-09T14:30:00+00:00","author":{"@id":"https:\/\/www.correiobraziliense.com.br\/cbradar\/#\/schema\/person\/58422787644df994b53a19d3e56c1513"},"description":"A Apple adiou os novos recursos de IA da Siri at\u00e9 2026. Concorrentes como Google e Amazon correm para lan\u00e7ar atualiza\u00e7\u00f5es.","breadcrumb":{"@id":"https:\/\/www.correiobraziliense.com.br\/cbradar\/apple-adia-lancamento-de-novos-recursos-de-ia-para-siri\/#breadcrumb"},"inLanguage":"pt-BR","potentialAction":[{"@type":"ReadAction","target":["https:\/\/www.correiobraziliense.com.br\/cbradar\/apple-adia-lancamento-de-novos-recursos-de-ia-para-siri\/"]}]},{"@type":"ImageObject","inLanguage":"pt-BR","@id":"https:\/\/www.correiobraziliense.com.br\/cbradar\/apple-adia-lancamento-de-novos-recursos-de-ia-para-siri\/#primaryimage","url":"https:\/\/www.correiobraziliense.com.br\/cbradar\/wp-content\/uploads\/2025\/03\/Siri-apple_1741396418360.jpg","contentUrl":"https:\/\/www.correiobraziliense.com.br\/cbradar\/wp-content\/uploads\/2025\/03\/Siri-apple_1741396418360.jpg","width":1280,"height":720,"caption":"Siri apple. Cr\u00e9ditos: depositphotos.com \/ rafapress"},{"@type":"BreadcrumbList","@id":"https:\/\/www.correiobraziliense.com.br\/cbradar\/apple-adia-lancamento-de-novos-recursos-de-ia-para-siri\/#breadcrumb","itemListElement":[{"@type":"ListItem","position":1,"name":"In\u00edcio","item":"https:\/\/www.correiobraziliense.com.br\/cbradar\/"},{"@type":"ListItem","position":2,"name":"Apple adia lan\u00e7amento de novos recursos de IA para Siri"}]},{"@type":"WebSite","@id":"https:\/\/www.correiobraziliense.com.br\/cbradar\/#website","url":"https:\/\/www.correiobraziliense.com.br\/cbradar\/","name":"Correio Braziliense - Radar","description":"Acompanhe as \u00faltimas not\u00edcias e fique bem informado sobre tudo o que acontece no Brasil e no mundo.","potentialAction":[{"@type":"SearchAction","target":{"@type":"EntryPoint","urlTemplate":"https:\/\/www.correiobraziliense.com.br\/cbradar\/?s={search_term_string}"},"query-input":{"@type":"PropertyValueSpecification","valueRequired":true,"valueName":"search_term_string"}}],"inLanguage":"pt-BR"},{"@type":"Person","@id":"https:\/\/www.correiobraziliense.com.br\/cbradar\/#\/schema\/person\/58422787644df994b53a19d3e56c1513","name":"Larissa Carvalho","image":{"@type":"ImageObject","inLanguage":"pt-BR","@id":"https:\/\/www.correiobraziliense.com.br\/cbradar\/#\/schema\/person\/image\/","url":"https:\/\/secure.gravatar.com\/avatar\/fe4f91a0de32b52a838d0d612abdc1aa?s=96&d=mm&r=g","contentUrl":"https:\/\/secure.gravatar.com\/avatar\/fe4f91a0de32b52a838d0d612abdc1aa?s=96&d=mm&r=g","caption":"Larissa Carvalho"},"url":"https:\/\/www.correiobraziliense.com.br\/cbradar\/author\/larissamyth\/"}]}},"_links":{"self":[{"href":"https:\/\/www.correiobraziliense.com.br\/cbradar\/wp-json\/wp\/v2\/posts\/10464","targetHints":{"allow":["GET"]}}],"collection":[{"href":"https:\/\/www.correiobraziliense.com.br\/cbradar\/wp-json\/wp\/v2\/posts"}],"about":[{"href":"https:\/\/www.correiobraziliense.com.br\/cbradar\/wp-json\/wp\/v2\/types\/post"}],"author":[{"embeddable":true,"href":"https:\/\/www.correiobraziliense.com.br\/cbradar\/wp-json\/wp\/v2\/users\/3"}],"replies":[{"embeddable":true,"href":"https:\/\/www.correiobraziliense.com.br\/cbradar\/wp-json\/wp\/v2\/comments?post=10464"}],"version-history":[{"count":1,"href":"https:\/\/www.correiobraziliense.com.br\/cbradar\/wp-json\/wp\/v2\/posts\/10464\/revisions"}],"predecessor-version":[{"id":10467,"href":"https:\/\/www.correiobraziliense.com.br\/cbradar\/wp-json\/wp\/v2\/posts\/10464\/revisions\/10467"}],"wp:featuredmedia":[{"embeddable":true,"href":"https:\/\/www.correiobraziliense.com.br\/cbradar\/wp-json\/wp\/v2\/media\/10465"}],"wp:attachment":[{"href":"https:\/\/www.correiobraziliense.com.br\/cbradar\/wp-json\/wp\/v2\/media?parent=10464"}],"wp:term":[{"taxonomy":"category","embeddable":true,"href":"https:\/\/www.correiobraziliense.com.br\/cbradar\/wp-json\/wp\/v2\/categories?post=10464"},{"taxonomy":"post_tag","embeddable":true,"href":"https:\/\/www.correiobraziliense.com.br\/cbradar\/wp-json\/wp\/v2\/post_tag?post=10464"}],"curies":[{"name":"wp","href":"https:\/\/api.w.org\/{rel}","templated":true}]}}