{"id":104669,"date":"2025-09-17T22:03:00","date_gmt":"2025-09-18T01:03:00","guid":{"rendered":"https:\/\/www.correiobraziliense.com.br\/cbradar\/?p=104669"},"modified":"2025-09-16T08:25:31","modified_gmt":"2025-09-16T11:25:31","slug":"cientistas-descobrem-que-insonia-cronica-pode-estar-envelhecendo-seu-cerebro-em-35-anos","status":"publish","type":"post","link":"https:\/\/www.correiobraziliense.com.br\/cbradar\/cientistas-descobrem-que-insonia-cronica-pode-estar-envelhecendo-seu-cerebro-em-35-anos\/","title":{"rendered":"Cientistas descobrem que ins\u00f4nia cr\u00f4nica pode estar envelhecendo seu c\u00e9rebro em 3,5 anos"},"content":{"rendered":"\n<p>Estudos recentes revelam que a <strong>ins\u00f4nia cr\u00f4nica<\/strong> pode contribuir para um envelhecimento mais r\u00e1pido do c\u00e9rebro. Pesquisa publicada no Neurology Journals indica que pessoas com ins\u00f4nia persistente demonstram uma probabilidade 40% maior de desenvolver dem\u00eancia ou comprometimento cognitivo leve (MCI). Isso destaca a import\u00e2ncia de um sono regular para manter um estilo de vida saud\u00e1vel.<\/p>\n\n\n\n<ul class=\"wp-block-list\">\n<li>Ins\u00f4nia cr\u00f4nica afeta diretamente a sa\u00fade cerebral.<\/li>\n\n\n\n<li>Acelera\u00e7\u00e3o do envelhecimento cerebral em at\u00e9 3,5 anos.<\/li>\n\n\n\n<li>Associa\u00e7\u00e3o com riscos aumentados de doen\u00e7as neurol\u00f3gicas.<\/li>\n<\/ul>\n\n\n\n<h2 class=\"wp-block-heading\">O que \u00e9 Ins\u00f4nia Cr\u00f4nica?<\/h2>\n\n\n\n<p>A <strong>ins\u00f4nia cr\u00f4nica<\/strong> \u00e9 caracterizada por dificuldades em adormecer ou manter o sono por pelo menos tr\u00eas noites por semana durante tr\u00eas meses ou mais. Estudos indicam que ela pode ser um sinal precoce de problemas cognitivos futuros.<\/p>\n\n\n\n<h2 class=\"wp-block-heading\">Como o sono afeta a sa\u00fade do c\u00e9rebro?<\/h2>\n\n\n\n<p>Pesquisas mostram que noites mal dormidas est\u00e3o ligadas a preocupa\u00e7\u00f5es com a sa\u00fade. Um estudo da American Academy of Neurology acompanhou 2.750 adultos cognitivamente saud\u00e1veis para observar decl\u00ednios cognitivos relacionados ao sono inadequado.<\/p>\n\n\n\n<p>Resultados revelaram que indiv\u00edduos com ins\u00f4nia cr\u00f4nica tiveram uma queda mais r\u00e1pida nas habilidades cognitivas e mem\u00f3ria comparados a aqueles sem essa condi\u00e7\u00e3o.<\/p>\n\n\n\n<h2 class=\"wp-block-heading\">A percep\u00e7\u00e3o dos especialistas<\/h2>\n\n\n\n<p>De acordo com o Dr. Diego Z. Carvalho, autor do estudo, as mudan\u00e7as cerebrais observadas \u2014 como n\u00edveis mais altos de hipersinal de subst\u00e2ncia branca e placas amiloides \u2014 podem estar ligadas \u00e0 <strong>ins\u00f4nia cr\u00f4nica<\/strong>. Embora a pesquisa mostre associa\u00e7\u00e3o e n\u00e3o causa\u00e7\u00e3o, ela destaca a necessidade de uma aten\u00e7\u00e3o rigorosa \u00e0 sa\u00fade do nosso sono.<\/p>\n\n\n\n<h2 class=\"wp-block-heading\">Dica r\u00e1pida: como melhorar seu sono<\/h2>\n\n\n\n<p>Focar na sa\u00fade do sono \u00e9 vital. Considere seguir uma rotina regular de sono alinhada ao seu cronotipo para identificar problemas \u00e0s primeiras manifesta\u00e7\u00f5es. T\u00e9cnicas de sono, como m\u00e9todo militar, podem ajudar.<\/p>\n\n\n\n<figure class=\"wp-block-image size-large\"><img decoding=\"async\" width=\"1024\" height=\"576\" src=\"https:\/\/www.correiobraziliense.com.br\/cbradar\/wp-content\/uploads\/2025\/09\/pessoa-dormindo_1758021858215-1024x576.jpg\" alt=\"Cientistas descobrem que ins\u00f4nia cr\u00f4nica pode estar envelhecendo seu c\u00e9rebro em 3,5 anos\" class=\"wp-image-104672\" srcset=\"https:\/\/www.correiobraziliense.com.br\/cbradar\/wp-content\/uploads\/2025\/09\/pessoa-dormindo_1758021858215-1024x576.jpg 1024w, https:\/\/www.correiobraziliense.com.br\/cbradar\/wp-content\/uploads\/2025\/09\/pessoa-dormindo_1758021858215-300x169.jpg 300w, https:\/\/www.correiobraziliense.com.br\/cbradar\/wp-content\/uploads\/2025\/09\/pessoa-dormindo_1758021858215-768x432.jpg 768w, https:\/\/www.correiobraziliense.com.br\/cbradar\/wp-content\/uploads\/2025\/09\/pessoa-dormindo_1758021858215-750x422.jpg 750w, https:\/\/www.correiobraziliense.com.br\/cbradar\/wp-content\/uploads\/2025\/09\/pessoa-dormindo_1758021858215-1140x641.jpg 1140w, https:\/\/www.correiobraziliense.com.br\/cbradar\/wp-content\/uploads\/2025\/09\/pessoa-dormindo_1758021858215.jpg 1280w\" sizes=\"(max-width: 1024px) 100vw, 1024px\" \/><figcaption class=\"wp-element-caption\">pessoa dormindo. Cr\u00e9ditos: depositphotos.com \/ gpointstudio<\/figcaption><\/figure>\n\n\n\n<p>Leia tamb\u00e9m: <a href=\"https:\/\/www.correiobraziliense.com.br\/cbradar\/o-misterio-por-tras-do-cha-que-ajuda-pessoas-com-ansiedade-e-insonia\/\" target=\"_blank\" rel=\"noreferrer noopener\">O mist\u00e9rio por tr\u00e1s do ch\u00e1 que ajuda pessoas com ansiedade e ins\u00f4nia<\/a><\/p>\n\n\n\n<h2 class=\"wp-block-heading\">Quando procurar um m\u00e9dico?<\/h2>\n\n\n\n<p>Se dificuldades em dormir impactam sua funcionalidade no dia a dia ou surgem altera\u00e7\u00f5es inesperadas no sono, \u00e9 essencial consultar um profissional. Manter um di\u00e1rio do sono pode ajudar a identificar e corrigir problemas precocemente.<\/p>\n\n\n\n<h2 class=\"wp-block-heading\">Conselhos para um sono melhor<\/h2>\n\n\n\n<p>Considere investir em um colch\u00e3o adequado para seu tipo de sono e um travesseiro que previna dores no pesco\u00e7o. Essas mudan\u00e7as podem proporcionar uma base s\u00f3lida para um descanso rejuvenescente. Al\u00e9m disso, a pr\u00e1tica regular de exerc\u00edcios f\u00edsicos e evitar o uso excessivo de telas antes de dormir s\u00e3o estrat\u00e9gias recomendadas por especialistas em sono.<\/p>\n\n\n\n<h2 class=\"wp-block-heading\">Resumo dos principais insights<\/h2>\n\n\n\n<ul class=\"wp-block-list\">\n<li><strong>Ins\u00f4nia cr\u00f4nica<\/strong> pode indicar ou contribuir para problemas cognitivos futuros.<\/li>\n\n\n\n<li>Import\u00e2ncia de tratar a ins\u00f4nia n\u00e3o s\u00f3 para melhorar a qualidade do sono, mas para proteger a sa\u00fade cerebral.<\/li>\n\n\n\n<li>Manter uma rotina de sono regular e observar mudan\u00e7as no padr\u00e3o do sono s\u00e3o passos fundamentais para a manuten\u00e7\u00e3o de um c\u00e9rebro saud\u00e1vel.<\/li>\n<\/ul>\n","protected":false},"excerpt":{"rendered":"<p>Entenda a conex\u00e3o entre ins\u00f4nia cr\u00f4nica e o envelhecimento acelerado do c\u00e9rebro. Fique por dentro de pesquisas que revelam riscos de doen\u00e7as neurol\u00f3gicas.<\/p>\n","protected":false},"author":3,"featured_media":104671,"comment_status":"open","ping_status":"open","sticky":false,"template":"","format":"standard","meta":{"_yoast_wpseo_focuskw":"ins\u00f4nia cr\u00f4nica envelhecendo c\u00e9rebro","_yoast_wpseo_title":"%%title%%","_yoast_wpseo_metadesc":"Entenda a conex\u00e3o entre ins\u00f4nia cr\u00f4nica e o envelhecimento acelerado do c\u00e9rebro. Fique por dentro de pesquisas que revelam riscos de doen\u00e7as neurol\u00f3gicas.","jnews-multi-image_gallery":[],"jnews_single_post":{"format":"standard"},"jnews_primary_category":[],"jnews_social_meta":[],"jnews_override_counter":[],"footnotes":""},"categories":[112],"post_tag":[3559,144,2145,565],"class_list":["post-104669","post","type-post","status-publish","format-standard","has-post-thumbnail","hentry","category-curiosidades","tag-corpo-humano","tag-curiosidades","tag-insonia","tag-saude"],"yoast_head":"<!-- This site is optimized with the Yoast SEO plugin v24.6 - https:\/\/yoast.com\/wordpress\/plugins\/seo\/ -->\n<title>Cientistas descobrem que ins\u00f4nia cr\u00f4nica pode estar envelhecendo seu c\u00e9rebro em 3,5 anos<\/title>\n<meta name=\"description\" content=\"Entenda a conex\u00e3o entre ins\u00f4nia cr\u00f4nica e o envelhecimento acelerado do c\u00e9rebro. Fique por dentro de pesquisas que revelam riscos de doen\u00e7as neurol\u00f3gicas.\" \/>\n<meta name=\"robots\" content=\"index, follow, max-snippet:-1, max-image-preview:large, max-video-preview:-1\" \/>\n<link rel=\"canonical\" href=\"https:\/\/www.correiobraziliense.com.br\/cbradar\/cientistas-descobrem-que-insonia-cronica-pode-estar-envelhecendo-seu-cerebro-em-35-anos\/\" \/>\n<meta property=\"og:locale\" content=\"pt_BR\" \/>\n<meta property=\"og:type\" content=\"article\" \/>\n<meta property=\"og:title\" content=\"Cientistas descobrem que ins\u00f4nia cr\u00f4nica pode estar envelhecendo seu c\u00e9rebro em 3,5 anos\" \/>\n<meta property=\"og:description\" content=\"Entenda a conex\u00e3o entre ins\u00f4nia cr\u00f4nica e o envelhecimento acelerado do c\u00e9rebro. Fique por dentro de pesquisas que revelam riscos de doen\u00e7as neurol\u00f3gicas.\" \/>\n<meta property=\"og:url\" content=\"https:\/\/www.correiobraziliense.com.br\/cbradar\/cientistas-descobrem-que-insonia-cronica-pode-estar-envelhecendo-seu-cerebro-em-35-anos\/\" \/>\n<meta property=\"og:site_name\" content=\"Correio Braziliense - Radar\" \/>\n<meta property=\"article:published_time\" content=\"2025-09-18T01:03:00+00:00\" \/>\n<meta property=\"og:image\" content=\"https:\/\/www.correiobraziliense.com.br\/cbradar\/wp-content\/uploads\/2025\/09\/pessoa-dormindo_1758021835114.jpg\" \/>\n\t<meta property=\"og:image:width\" content=\"1280\" \/>\n\t<meta property=\"og:image:height\" content=\"720\" \/>\n\t<meta property=\"og:image:type\" content=\"image\/jpeg\" \/>\n<meta name=\"author\" content=\"Larissa Carvalho\" \/>\n<meta name=\"twitter:card\" content=\"summary_large_image\" \/>\n<meta name=\"twitter:label1\" content=\"Escrito por\" \/>\n\t<meta name=\"twitter:data1\" content=\"Larissa Carvalho\" \/>\n\t<meta name=\"twitter:label2\" content=\"Est. tempo de leitura\" \/>\n\t<meta name=\"twitter:data2\" content=\"3 minutos\" \/>\n<!-- \/ Yoast SEO plugin. -->","yoast_head_json":{"title":"Cientistas descobrem que ins\u00f4nia cr\u00f4nica pode estar envelhecendo seu c\u00e9rebro em 3,5 anos","description":"Entenda a conex\u00e3o entre ins\u00f4nia cr\u00f4nica e o envelhecimento acelerado do c\u00e9rebro. Fique por dentro de pesquisas que revelam riscos de doen\u00e7as neurol\u00f3gicas.","robots":{"index":"index","follow":"follow","max-snippet":"max-snippet:-1","max-image-preview":"max-image-preview:large","max-video-preview":"max-video-preview:-1"},"canonical":"https:\/\/www.correiobraziliense.com.br\/cbradar\/cientistas-descobrem-que-insonia-cronica-pode-estar-envelhecendo-seu-cerebro-em-35-anos\/","og_locale":"pt_BR","og_type":"article","og_title":"Cientistas descobrem que ins\u00f4nia cr\u00f4nica pode estar envelhecendo seu c\u00e9rebro em 3,5 anos","og_description":"Entenda a conex\u00e3o entre ins\u00f4nia cr\u00f4nica e o envelhecimento acelerado do c\u00e9rebro. Fique por dentro de pesquisas que revelam riscos de doen\u00e7as neurol\u00f3gicas.","og_url":"https:\/\/www.correiobraziliense.com.br\/cbradar\/cientistas-descobrem-que-insonia-cronica-pode-estar-envelhecendo-seu-cerebro-em-35-anos\/","og_site_name":"Correio Braziliense - Radar","article_published_time":"2025-09-18T01:03:00+00:00","og_image":[{"width":1280,"height":720,"url":"https:\/\/www.correiobraziliense.com.br\/cbradar\/wp-content\/uploads\/2025\/09\/pessoa-dormindo_1758021835114.jpg","type":"image\/jpeg"}],"author":"Larissa Carvalho","twitter_card":"summary_large_image","twitter_misc":{"Escrito por":"Larissa Carvalho","Est. tempo de leitura":"3 minutos"},"schema":{"@context":"https:\/\/schema.org","@graph":[{"@type":"WebPage","@id":"https:\/\/www.correiobraziliense.com.br\/cbradar\/cientistas-descobrem-que-insonia-cronica-pode-estar-envelhecendo-seu-cerebro-em-35-anos\/","url":"https:\/\/www.correiobraziliense.com.br\/cbradar\/cientistas-descobrem-que-insonia-cronica-pode-estar-envelhecendo-seu-cerebro-em-35-anos\/","name":"Cientistas descobrem que ins\u00f4nia cr\u00f4nica pode estar envelhecendo seu c\u00e9rebro em 3,5 anos","isPartOf":{"@id":"https:\/\/www.correiobraziliense.com.br\/cbradar\/#website"},"primaryImageOfPage":{"@id":"https:\/\/www.correiobraziliense.com.br\/cbradar\/cientistas-descobrem-que-insonia-cronica-pode-estar-envelhecendo-seu-cerebro-em-35-anos\/#primaryimage"},"image":{"@id":"https:\/\/www.correiobraziliense.com.br\/cbradar\/cientistas-descobrem-que-insonia-cronica-pode-estar-envelhecendo-seu-cerebro-em-35-anos\/#primaryimage"},"thumbnailUrl":"https:\/\/www.correiobraziliense.com.br\/cbradar\/wp-content\/uploads\/2025\/09\/pessoa-dormindo_1758021835114.jpg","datePublished":"2025-09-18T01:03:00+00:00","author":{"@id":"https:\/\/www.correiobraziliense.com.br\/cbradar\/#\/schema\/person\/58422787644df994b53a19d3e56c1513"},"description":"Entenda a conex\u00e3o entre ins\u00f4nia cr\u00f4nica e o envelhecimento acelerado do c\u00e9rebro. Fique por dentro de pesquisas que revelam riscos de doen\u00e7as neurol\u00f3gicas.","breadcrumb":{"@id":"https:\/\/www.correiobraziliense.com.br\/cbradar\/cientistas-descobrem-que-insonia-cronica-pode-estar-envelhecendo-seu-cerebro-em-35-anos\/#breadcrumb"},"inLanguage":"pt-BR","potentialAction":[{"@type":"ReadAction","target":["https:\/\/www.correiobraziliense.com.br\/cbradar\/cientistas-descobrem-que-insonia-cronica-pode-estar-envelhecendo-seu-cerebro-em-35-anos\/"]}]},{"@type":"ImageObject","inLanguage":"pt-BR","@id":"https:\/\/www.correiobraziliense.com.br\/cbradar\/cientistas-descobrem-que-insonia-cronica-pode-estar-envelhecendo-seu-cerebro-em-35-anos\/#primaryimage","url":"https:\/\/www.correiobraziliense.com.br\/cbradar\/wp-content\/uploads\/2025\/09\/pessoa-dormindo_1758021835114.jpg","contentUrl":"https:\/\/www.correiobraziliense.com.br\/cbradar\/wp-content\/uploads\/2025\/09\/pessoa-dormindo_1758021835114.jpg","width":1280,"height":720,"caption":"pessoa dormindo. Cr\u00e9ditos: depositphotos.com \/ AllaSerebrina"},{"@type":"BreadcrumbList","@id":"https:\/\/www.correiobraziliense.com.br\/cbradar\/cientistas-descobrem-que-insonia-cronica-pode-estar-envelhecendo-seu-cerebro-em-35-anos\/#breadcrumb","itemListElement":[{"@type":"ListItem","position":1,"name":"In\u00edcio","item":"https:\/\/www.correiobraziliense.com.br\/cbradar\/"},{"@type":"ListItem","position":2,"name":"Cientistas descobrem que ins\u00f4nia cr\u00f4nica pode estar envelhecendo seu c\u00e9rebro em 3,5 anos"}]},{"@type":"WebSite","@id":"https:\/\/www.correiobraziliense.com.br\/cbradar\/#website","url":"https:\/\/www.correiobraziliense.com.br\/cbradar\/","name":"Correio Braziliense - Radar","description":"Acompanhe as \u00faltimas not\u00edcias e fique bem informado sobre tudo o que acontece no Brasil e no mundo.","potentialAction":[{"@type":"SearchAction","target":{"@type":"EntryPoint","urlTemplate":"https:\/\/www.correiobraziliense.com.br\/cbradar\/?s={search_term_string}"},"query-input":{"@type":"PropertyValueSpecification","valueRequired":true,"valueName":"search_term_string"}}],"inLanguage":"pt-BR"},{"@type":"Person","@id":"https:\/\/www.correiobraziliense.com.br\/cbradar\/#\/schema\/person\/58422787644df994b53a19d3e56c1513","name":"Larissa Carvalho","image":{"@type":"ImageObject","inLanguage":"pt-BR","@id":"https:\/\/www.correiobraziliense.com.br\/cbradar\/#\/schema\/person\/image\/","url":"https:\/\/secure.gravatar.com\/avatar\/fe4f91a0de32b52a838d0d612abdc1aa?s=96&d=mm&r=g","contentUrl":"https:\/\/secure.gravatar.com\/avatar\/fe4f91a0de32b52a838d0d612abdc1aa?s=96&d=mm&r=g","caption":"Larissa Carvalho"},"url":"https:\/\/www.correiobraziliense.com.br\/cbradar\/author\/larissamyth\/"}]}},"_links":{"self":[{"href":"https:\/\/www.correiobraziliense.com.br\/cbradar\/wp-json\/wp\/v2\/posts\/104669","targetHints":{"allow":["GET"]}}],"collection":[{"href":"https:\/\/www.correiobraziliense.com.br\/cbradar\/wp-json\/wp\/v2\/posts"}],"about":[{"href":"https:\/\/www.correiobraziliense.com.br\/cbradar\/wp-json\/wp\/v2\/types\/post"}],"author":[{"embeddable":true,"href":"https:\/\/www.correiobraziliense.com.br\/cbradar\/wp-json\/wp\/v2\/users\/3"}],"replies":[{"embeddable":true,"href":"https:\/\/www.correiobraziliense.com.br\/cbradar\/wp-json\/wp\/v2\/comments?post=104669"}],"version-history":[{"count":2,"href":"https:\/\/www.correiobraziliense.com.br\/cbradar\/wp-json\/wp\/v2\/posts\/104669\/revisions"}],"predecessor-version":[{"id":104673,"href":"https:\/\/www.correiobraziliense.com.br\/cbradar\/wp-json\/wp\/v2\/posts\/104669\/revisions\/104673"}],"wp:featuredmedia":[{"embeddable":true,"href":"https:\/\/www.correiobraziliense.com.br\/cbradar\/wp-json\/wp\/v2\/media\/104671"}],"wp:attachment":[{"href":"https:\/\/www.correiobraziliense.com.br\/cbradar\/wp-json\/wp\/v2\/media?parent=104669"}],"wp:term":[{"taxonomy":"category","embeddable":true,"href":"https:\/\/www.correiobraziliense.com.br\/cbradar\/wp-json\/wp\/v2\/categories?post=104669"},{"taxonomy":"post_tag","embeddable":true,"href":"https:\/\/www.correiobraziliense.com.br\/cbradar\/wp-json\/wp\/v2\/post_tag?post=104669"}],"curies":[{"name":"wp","href":"https:\/\/api.w.org\/{rel}","templated":true}]}}