{"id":104684,"date":"2025-09-16T09:45:00","date_gmt":"2025-09-16T12:45:00","guid":{"rendered":"https:\/\/www.correiobraziliense.com.br\/cbradar\/?p=104684"},"modified":"2025-09-16T08:41:57","modified_gmt":"2025-09-16T11:41:57","slug":"15-sinais-de-que-voce-percebe-os-pequenos-detalhes-que-os-outros-ignoram","status":"publish","type":"post","link":"https:\/\/www.correiobraziliense.com.br\/cbradar\/15-sinais-de-que-voce-percebe-os-pequenos-detalhes-que-os-outros-ignoram\/","title":{"rendered":"15 sinais de que voc\u00ea percebe os pequenos detalhes que os outros ignoram"},"content":{"rendered":"\n<p>Quando voc\u00ea entra em uma sala, voc\u00ea imediatamente percebe o clima, a ilumina\u00e7\u00e3o, ou talvez at\u00e9 o leve cheiro de tinta fresca? Se sim, voc\u00ea pode ser mais <strong>observador<\/strong> do que a m\u00e9dia. Ser observador n\u00e3o se trata apenas de notar o \u00f3bvio; \u00e9 sobre captar os <strong>detalhes<\/strong> que outros podem ignorar. Esta habilidade pode ser \u00fatil em in\u00fameras situa\u00e7\u00f5es, desde ler sinais sociais at\u00e9 resolver problemas rapidamente.<\/p>\n\n\n\n<ul class=\"wp-block-list\">\n<li>Voc\u00ea percebe mudan\u00e7as sutis imediatamente.<\/li>\n\n\n\n<li>Seu senso de dire\u00e7\u00e3o \u00e9 infal\u00edvel.<\/li>\n\n\n\n<li>Capaz de detectar incoer\u00eancias em conversas e textos.<\/li>\n<\/ul>\n\n\n\n<h2 class=\"wp-block-heading\">Quais sinais indicam que voc\u00ea percebe pequenas mudan\u00e7as?<\/h2>\n\n\n\n<p>Se algu\u00e9m faz um leve corte no cabelo ou rearranja alguns livros na estante, voc\u00ea \u00e9 o primeiro a notar. Voc\u00ea pode at\u00e9 surpreender seus amigos comentando sobre os \u00f3culos novos deles antes que tenham a chance de falar algo.<\/p>\n\n\n\n<h2 class=\"wp-block-heading\">Como a consci\u00eancia de humor e tom fortalece conex\u00f5es?<\/h2>\n\n\n\n<p>Sua capacidade de perceber pequenas mudan\u00e7as n\u00e3o para nas apar\u00eancias f\u00edsicas. Voc\u00ea tamb\u00e9m tem plena consci\u00eancia de mudan\u00e7as de humor ou tom em conversas. Se algu\u00e9m est\u00e1 agindo de maneira estranha, voc\u00ea percebe imediatamente.<\/p>\n\n\n\n<h2 class=\"wp-block-heading\">Por que a mem\u00f3ria de nomes e faces \u00e9 vantajosa?<\/h2>\n\n\n\n<p>Encontrar algu\u00e9m que conheceu meses atr\u00e1s e lembrar o nome n\u00e3o \u00e9 problema para voc\u00ea. Para voc\u00ea, um rosto n\u00e3o \u00e9 apenas um rosto; \u00e9 uma cole\u00e7\u00e3o de tra\u00e7os e express\u00f5es que ajudam a lembrar quem a pessoa \u00e9.<\/p>\n\n\n\n<h2 class=\"wp-block-heading\">A leitura de emo\u00e7\u00f5es \u00e9 um talento?<\/h2>\n\n\n\n<p>Voc\u00ea pode n\u00e3o precisar de palavras para entender como algu\u00e9m se sente. A\u00e7\u00f5es n\u00e3o verbais como linguagem corporal, express\u00f5es faciais e at\u00e9 tom de voz oferecem toda a informa\u00e7\u00e3o que voc\u00ea precisa.<\/p>\n\n\n\n<figure class=\"wp-block-image size-large\"><img decoding=\"async\" width=\"1024\" height=\"576\" src=\"https:\/\/www.correiobraziliense.com.br\/cbradar\/wp-content\/uploads\/2025\/09\/pessoa-pensativa_1758022842844-1024x576.jpg\" alt=\"15 sinais de que voc\u00ea percebe os pequenos detalhes que os outros ignoram\" class=\"wp-image-104687\" srcset=\"https:\/\/www.correiobraziliense.com.br\/cbradar\/wp-content\/uploads\/2025\/09\/pessoa-pensativa_1758022842844-1024x576.jpg 1024w, https:\/\/www.correiobraziliense.com.br\/cbradar\/wp-content\/uploads\/2025\/09\/pessoa-pensativa_1758022842844-300x169.jpg 300w, https:\/\/www.correiobraziliense.com.br\/cbradar\/wp-content\/uploads\/2025\/09\/pessoa-pensativa_1758022842844-768x432.jpg 768w, https:\/\/www.correiobraziliense.com.br\/cbradar\/wp-content\/uploads\/2025\/09\/pessoa-pensativa_1758022842844-750x422.jpg 750w, https:\/\/www.correiobraziliense.com.br\/cbradar\/wp-content\/uploads\/2025\/09\/pessoa-pensativa_1758022842844-1140x641.jpg 1140w, https:\/\/www.correiobraziliense.com.br\/cbradar\/wp-content\/uploads\/2025\/09\/pessoa-pensativa_1758022842844.jpg 1280w\" sizes=\"(max-width: 1024px) 100vw, 1024px\" \/><figcaption class=\"wp-element-caption\">pessoa pensativa. Cr\u00e9ditos: depositphotos.com \/ IgorVetushko<\/figcaption><\/figure>\n\n\n\n<h2 class=\"wp-block-heading\">A dire\u00e7\u00e3o \u00e9 sua aliada?<\/h2>\n\n\n\n<p>Ficar perdido n\u00e3o \u00e9 algo que acontece com voc\u00ea frequentemente. Mesmo em lugares desconhecidos, voc\u00ea tem talento para descobrir onde est\u00e1 e como chegar ao destino.<\/p>\n\n\n\n<h2 class=\"wp-block-heading\">O que \u00e9 not\u00e1vel em detalhes estranhos?<\/h2>\n\n\n\n<p>Quando h\u00e1 algo fora do lugar, sua aten\u00e7\u00e3o se fixa nisso quase que imediatamente. Seja um erro de digita\u00e7\u00e3o em um relat\u00f3rio ou uma pe\u00e7a faltante de quebra-cabe\u00e7a, voc\u00ea \u00e9 sempre o primeiro a notar.<\/p>\n\n\n\n<h2 class=\"wp-block-heading\">Quais inconsist\u00eancias voc\u00ea consegue detectar?<\/h2>\n\n\n\n<p>Seja em uma hist\u00f3ria que algu\u00e9m est\u00e1 contando ou um buraco no enredo de um filme, inconsist\u00eancias n\u00e3o passam despercebidas para voc\u00ea. Voc\u00ea tem uma habilidade impressionante para detectar quando os detalhes n\u00e3o se somam.<\/p>\n\n\n\n<h2 class=\"wp-block-heading\">Palavras s\u00e3o apenas uma parte da conversa?<\/h2>\n\n\n\n<p>Voc\u00ea tamb\u00e9m foca nos sinais n\u00e3o verbais que oferecem uma imagem mais completa do que est\u00e1 sendo comunicado. Sua aten\u00e7\u00e3o \u00e0 linguagem corporal significa que voc\u00ea muitas vezes entende as pessoas melhor do que elas esperam.<\/p>\n\n\n\n<h2 class=\"wp-block-heading\">Como os padr\u00f5es influenciam sua decis\u00e3o?<\/h2>\n\n\n\n<p>Padr\u00f5es saltam aos seus olhos, sejam eles em n\u00fameros, designs ou comportamentos. Esta habilidade de ver a estrutura subjacente das coisas permite que voc\u00ea fa\u00e7a conex\u00f5es que outros poderiam perder.<\/p>\n\n\n\n<h2 class=\"wp-block-heading\">Multitarefas \u00e9 seu estilo de vida?<\/h2>\n\n\n\n<p>Fazer m\u00faltiplas tarefas ao mesmo tempo parece natural para voc\u00ea. Enquanto algumas pessoas t\u00eam dificuldade para focar em mais de uma coisa ao mesmo tempo, voc\u00ea prospera em situa\u00e7\u00f5es que exigem multitarefas.<\/p>\n\n\n\n<h2 class=\"wp-block-heading\">A predi\u00e7\u00e3o de conversas \u00e9 poss\u00edvel?<\/h2>\n\n\n\n<p>Voc\u00ea pode se encontrar muitas vezes prevendo o que algu\u00e9m est\u00e1 prestes a dizer. Isso n\u00e3o \u00e9 apenas um palpite; \u00e9 sua natureza observadora captando padr\u00f5es e pistas conversacionais.<\/p>\n\n\n\n<h2 class=\"wp-block-heading\">A percep\u00e7\u00e3o de mudan\u00e7as ambientais \u00e9 um dom?<\/h2>\n\n\n\n<p>Se a temperatura na sala cai alguns graus ou a ilumina\u00e7\u00e3o muda ligeiramente, voc\u00ea percebe imediatamente. Sua sensibilidade aumentada a mudan\u00e7as ambientais significa que voc\u00ea est\u00e1 sempre ciente dos seus arredores.<\/p>\n\n\n\n<figure class=\"wp-block-image size-large\"><img decoding=\"async\" width=\"1024\" height=\"576\" src=\"https:\/\/www.correiobraziliense.com.br\/cbradar\/wp-content\/uploads\/2025\/09\/pessoa-pensativa_1758022877056-1024x576.jpg\" alt=\"15 sinais de que voc\u00ea percebe os pequenos detalhes que os outros ignoram\" class=\"wp-image-104688\" srcset=\"https:\/\/www.correiobraziliense.com.br\/cbradar\/wp-content\/uploads\/2025\/09\/pessoa-pensativa_1758022877056-1024x576.jpg 1024w, https:\/\/www.correiobraziliense.com.br\/cbradar\/wp-content\/uploads\/2025\/09\/pessoa-pensativa_1758022877056-300x169.jpg 300w, https:\/\/www.correiobraziliense.com.br\/cbradar\/wp-content\/uploads\/2025\/09\/pessoa-pensativa_1758022877056-768x432.jpg 768w, https:\/\/www.correiobraziliense.com.br\/cbradar\/wp-content\/uploads\/2025\/09\/pessoa-pensativa_1758022877056-750x422.jpg 750w, https:\/\/www.correiobraziliense.com.br\/cbradar\/wp-content\/uploads\/2025\/09\/pessoa-pensativa_1758022877056-1140x641.jpg 1140w, https:\/\/www.correiobraziliense.com.br\/cbradar\/wp-content\/uploads\/2025\/09\/pessoa-pensativa_1758022877056.jpg 1280w\" sizes=\"(max-width: 1024px) 100vw, 1024px\" \/><figcaption class=\"wp-element-caption\">pessoa pensativa. Cr\u00e9ditos: depositphotos.com \/ AllaSerebrina<\/figcaption><\/figure>\n\n\n\n<h2 class=\"wp-block-heading\">Voc\u00ea ama desafios intelectuais?<\/h2>\n\n\n\n<p>Se voc\u00ea gosta do desafio de um bom quebra-cabe\u00e7a ou enigma, \u00e9 um sinal claro de sua natureza observadora. Resolver isso requer aten\u00e7\u00e3o aos detalhes e a capacidade de ver conex\u00f5es que n\u00e3o s\u00e3o imediatamente \u00f3bvias.<\/p>\n\n\n\n<h2 class=\"wp-block-heading\">Opini\u00f5es apuram seu julgamento?<\/h2>\n\n\n\n<p>Frequentemente buscam sua opini\u00e3o em v\u00e1rios assuntos, sabendo que voc\u00ea oferece perspectivas ponderadas e perspicazes. Sua natureza observadora permite que considere m\u00faltiplos \u00e2ngulos e forne\u00e7a conselhos bem equilibrados.<\/p>\n\n\n\n<h2 class=\"wp-block-heading\">Intui\u00e7\u00e3o: um guia confi\u00e1vel?<\/h2>\n\n\n\n<p>Sua intui\u00e7\u00e3o frequentemente guia suas decis\u00f5es e, na maioria das vezes, est\u00e1 correta. Isso n\u00e3o \u00e9 apenas um pressentimento; \u00e9 sua mente processando informa\u00e7\u00f5es e pistas que outros podem deixar passar.<\/p>\n\n\n\n<h2 class=\"wp-block-heading\">Resumo dos pontos-chave<\/h2>\n\n\n\n<ul class=\"wp-block-list\">\n<li>Ser observador ajuda a perceber pequenos detalhes e mudan\u00e7as sutis.<\/li>\n\n\n\n<li>A capacidade de ler emo\u00e7\u00f5es fortalece conex\u00f5es interpessoais.<\/li>\n\n\n\n<li>Intui\u00e7\u00e3o afiadora leva a decis\u00f5es r\u00e1pidas e informadas.<\/li>\n<\/ul>\n","protected":false},"excerpt":{"rendered":"<p>Descubra se voc\u00ea \u00e9 mais observador do que a m\u00e9dia ao identificar sinais sutis, ler emo\u00e7\u00f5es e perceber mudan\u00e7as ambientais.<\/p>\n","protected":false},"author":3,"featured_media":104686,"comment_status":"open","ping_status":"open","sticky":false,"template":"","format":"standard","meta":{"_yoast_wpseo_focuskw":"sinais percebe pequenos detalhes","_yoast_wpseo_title":"%%title%%","_yoast_wpseo_metadesc":"Descubra se voc\u00ea \u00e9 mais observador do que a m\u00e9dia ao identificar sinais sutis, ler emo\u00e7\u00f5es e perceber mudan\u00e7as ambientais.","jnews-multi-image_gallery":[],"jnews_single_post":{"format":"standard"},"jnews_primary_category":[],"jnews_social_meta":[],"jnews_override_counter":[],"footnotes":""},"categories":[112],"post_tag":[144,404],"class_list":["post-104684","post","type-post","status-publish","format-standard","has-post-thumbnail","hentry","category-curiosidades","tag-curiosidades","tag-psicologia"],"yoast_head":"<!-- This site is optimized with the Yoast SEO plugin v24.6 - https:\/\/yoast.com\/wordpress\/plugins\/seo\/ -->\n<title>15 sinais de que voc\u00ea percebe os pequenos detalhes que os outros ignoram<\/title>\n<meta name=\"description\" content=\"Descubra se voc\u00ea \u00e9 mais observador do que a m\u00e9dia ao identificar sinais sutis, ler emo\u00e7\u00f5es e perceber mudan\u00e7as ambientais.\" \/>\n<meta name=\"robots\" content=\"index, follow, max-snippet:-1, max-image-preview:large, max-video-preview:-1\" \/>\n<link rel=\"canonical\" href=\"https:\/\/www.correiobraziliense.com.br\/cbradar\/15-sinais-de-que-voce-percebe-os-pequenos-detalhes-que-os-outros-ignoram\/\" \/>\n<meta property=\"og:locale\" content=\"pt_BR\" \/>\n<meta property=\"og:type\" content=\"article\" \/>\n<meta property=\"og:title\" content=\"15 sinais de que voc\u00ea percebe os pequenos detalhes que os outros ignoram\" \/>\n<meta property=\"og:description\" content=\"Descubra se voc\u00ea \u00e9 mais observador do que a m\u00e9dia ao identificar sinais sutis, ler emo\u00e7\u00f5es e perceber mudan\u00e7as ambientais.\" \/>\n<meta property=\"og:url\" content=\"https:\/\/www.correiobraziliense.com.br\/cbradar\/15-sinais-de-que-voce-percebe-os-pequenos-detalhes-que-os-outros-ignoram\/\" \/>\n<meta property=\"og:site_name\" content=\"Correio Braziliense - Radar\" \/>\n<meta property=\"article:published_time\" content=\"2025-09-16T12:45:00+00:00\" \/>\n<meta property=\"og:image\" content=\"https:\/\/www.correiobraziliense.com.br\/cbradar\/wp-content\/uploads\/2025\/09\/pessoa-pensativa_1758022713182.jpg\" \/>\n\t<meta property=\"og:image:width\" content=\"1280\" \/>\n\t<meta property=\"og:image:height\" content=\"720\" \/>\n\t<meta property=\"og:image:type\" content=\"image\/jpeg\" \/>\n<meta name=\"author\" content=\"Larissa Carvalho\" \/>\n<meta name=\"twitter:card\" content=\"summary_large_image\" \/>\n<meta name=\"twitter:label1\" content=\"Escrito por\" \/>\n\t<meta name=\"twitter:data1\" content=\"Larissa Carvalho\" \/>\n\t<meta name=\"twitter:label2\" content=\"Est. tempo de leitura\" \/>\n\t<meta name=\"twitter:data2\" content=\"5 minutos\" \/>\n<!-- \/ Yoast SEO plugin. -->","yoast_head_json":{"title":"15 sinais de que voc\u00ea percebe os pequenos detalhes que os outros ignoram","description":"Descubra se voc\u00ea \u00e9 mais observador do que a m\u00e9dia ao identificar sinais sutis, ler emo\u00e7\u00f5es e perceber mudan\u00e7as ambientais.","robots":{"index":"index","follow":"follow","max-snippet":"max-snippet:-1","max-image-preview":"max-image-preview:large","max-video-preview":"max-video-preview:-1"},"canonical":"https:\/\/www.correiobraziliense.com.br\/cbradar\/15-sinais-de-que-voce-percebe-os-pequenos-detalhes-que-os-outros-ignoram\/","og_locale":"pt_BR","og_type":"article","og_title":"15 sinais de que voc\u00ea percebe os pequenos detalhes que os outros ignoram","og_description":"Descubra se voc\u00ea \u00e9 mais observador do que a m\u00e9dia ao identificar sinais sutis, ler emo\u00e7\u00f5es e perceber mudan\u00e7as ambientais.","og_url":"https:\/\/www.correiobraziliense.com.br\/cbradar\/15-sinais-de-que-voce-percebe-os-pequenos-detalhes-que-os-outros-ignoram\/","og_site_name":"Correio Braziliense - Radar","article_published_time":"2025-09-16T12:45:00+00:00","og_image":[{"width":1280,"height":720,"url":"https:\/\/www.correiobraziliense.com.br\/cbradar\/wp-content\/uploads\/2025\/09\/pessoa-pensativa_1758022713182.jpg","type":"image\/jpeg"}],"author":"Larissa Carvalho","twitter_card":"summary_large_image","twitter_misc":{"Escrito por":"Larissa Carvalho","Est. tempo de leitura":"5 minutos"},"schema":{"@context":"https:\/\/schema.org","@graph":[{"@type":"WebPage","@id":"https:\/\/www.correiobraziliense.com.br\/cbradar\/15-sinais-de-que-voce-percebe-os-pequenos-detalhes-que-os-outros-ignoram\/","url":"https:\/\/www.correiobraziliense.com.br\/cbradar\/15-sinais-de-que-voce-percebe-os-pequenos-detalhes-que-os-outros-ignoram\/","name":"15 sinais de que voc\u00ea percebe os pequenos detalhes que os outros ignoram","isPartOf":{"@id":"https:\/\/www.correiobraziliense.com.br\/cbradar\/#website"},"primaryImageOfPage":{"@id":"https:\/\/www.correiobraziliense.com.br\/cbradar\/15-sinais-de-que-voce-percebe-os-pequenos-detalhes-que-os-outros-ignoram\/#primaryimage"},"image":{"@id":"https:\/\/www.correiobraziliense.com.br\/cbradar\/15-sinais-de-que-voce-percebe-os-pequenos-detalhes-que-os-outros-ignoram\/#primaryimage"},"thumbnailUrl":"https:\/\/www.correiobraziliense.com.br\/cbradar\/wp-content\/uploads\/2025\/09\/pessoa-pensativa_1758022713182.jpg","datePublished":"2025-09-16T12:45:00+00:00","author":{"@id":"https:\/\/www.correiobraziliense.com.br\/cbradar\/#\/schema\/person\/58422787644df994b53a19d3e56c1513"},"description":"Descubra se voc\u00ea \u00e9 mais observador do que a m\u00e9dia ao identificar sinais sutis, ler emo\u00e7\u00f5es e perceber mudan\u00e7as ambientais.","breadcrumb":{"@id":"https:\/\/www.correiobraziliense.com.br\/cbradar\/15-sinais-de-que-voce-percebe-os-pequenos-detalhes-que-os-outros-ignoram\/#breadcrumb"},"inLanguage":"pt-BR","potentialAction":[{"@type":"ReadAction","target":["https:\/\/www.correiobraziliense.com.br\/cbradar\/15-sinais-de-que-voce-percebe-os-pequenos-detalhes-que-os-outros-ignoram\/"]}]},{"@type":"ImageObject","inLanguage":"pt-BR","@id":"https:\/\/www.correiobraziliense.com.br\/cbradar\/15-sinais-de-que-voce-percebe-os-pequenos-detalhes-que-os-outros-ignoram\/#primaryimage","url":"https:\/\/www.correiobraziliense.com.br\/cbradar\/wp-content\/uploads\/2025\/09\/pessoa-pensativa_1758022713182.jpg","contentUrl":"https:\/\/www.correiobraziliense.com.br\/cbradar\/wp-content\/uploads\/2025\/09\/pessoa-pensativa_1758022713182.jpg","width":1280,"height":720,"caption":"pessoa pensativa. Cr\u00e9ditos: depositphotos.com \/ VaDrobotBO"},{"@type":"BreadcrumbList","@id":"https:\/\/www.correiobraziliense.com.br\/cbradar\/15-sinais-de-que-voce-percebe-os-pequenos-detalhes-que-os-outros-ignoram\/#breadcrumb","itemListElement":[{"@type":"ListItem","position":1,"name":"In\u00edcio","item":"https:\/\/www.correiobraziliense.com.br\/cbradar\/"},{"@type":"ListItem","position":2,"name":"15 sinais de que voc\u00ea percebe os pequenos detalhes que os outros ignoram"}]},{"@type":"WebSite","@id":"https:\/\/www.correiobraziliense.com.br\/cbradar\/#website","url":"https:\/\/www.correiobraziliense.com.br\/cbradar\/","name":"Correio Braziliense - Radar","description":"Acompanhe as \u00faltimas not\u00edcias e fique bem informado sobre tudo o que acontece no Brasil e no mundo.","potentialAction":[{"@type":"SearchAction","target":{"@type":"EntryPoint","urlTemplate":"https:\/\/www.correiobraziliense.com.br\/cbradar\/?s={search_term_string}"},"query-input":{"@type":"PropertyValueSpecification","valueRequired":true,"valueName":"search_term_string"}}],"inLanguage":"pt-BR"},{"@type":"Person","@id":"https:\/\/www.correiobraziliense.com.br\/cbradar\/#\/schema\/person\/58422787644df994b53a19d3e56c1513","name":"Larissa Carvalho","image":{"@type":"ImageObject","inLanguage":"pt-BR","@id":"https:\/\/www.correiobraziliense.com.br\/cbradar\/#\/schema\/person\/image\/","url":"https:\/\/secure.gravatar.com\/avatar\/fe4f91a0de32b52a838d0d612abdc1aa?s=96&d=mm&r=g","contentUrl":"https:\/\/secure.gravatar.com\/avatar\/fe4f91a0de32b52a838d0d612abdc1aa?s=96&d=mm&r=g","caption":"Larissa Carvalho"},"url":"https:\/\/www.correiobraziliense.com.br\/cbradar\/author\/larissamyth\/"}]}},"_links":{"self":[{"href":"https:\/\/www.correiobraziliense.com.br\/cbradar\/wp-json\/wp\/v2\/posts\/104684","targetHints":{"allow":["GET"]}}],"collection":[{"href":"https:\/\/www.correiobraziliense.com.br\/cbradar\/wp-json\/wp\/v2\/posts"}],"about":[{"href":"https:\/\/www.correiobraziliense.com.br\/cbradar\/wp-json\/wp\/v2\/types\/post"}],"author":[{"embeddable":true,"href":"https:\/\/www.correiobraziliense.com.br\/cbradar\/wp-json\/wp\/v2\/users\/3"}],"replies":[{"embeddable":true,"href":"https:\/\/www.correiobraziliense.com.br\/cbradar\/wp-json\/wp\/v2\/comments?post=104684"}],"version-history":[{"count":2,"href":"https:\/\/www.correiobraziliense.com.br\/cbradar\/wp-json\/wp\/v2\/posts\/104684\/revisions"}],"predecessor-version":[{"id":104689,"href":"https:\/\/www.correiobraziliense.com.br\/cbradar\/wp-json\/wp\/v2\/posts\/104684\/revisions\/104689"}],"wp:featuredmedia":[{"embeddable":true,"href":"https:\/\/www.correiobraziliense.com.br\/cbradar\/wp-json\/wp\/v2\/media\/104686"}],"wp:attachment":[{"href":"https:\/\/www.correiobraziliense.com.br\/cbradar\/wp-json\/wp\/v2\/media?parent=104684"}],"wp:term":[{"taxonomy":"category","embeddable":true,"href":"https:\/\/www.correiobraziliense.com.br\/cbradar\/wp-json\/wp\/v2\/categories?post=104684"},{"taxonomy":"post_tag","embeddable":true,"href":"https:\/\/www.correiobraziliense.com.br\/cbradar\/wp-json\/wp\/v2\/post_tag?post=104684"}],"curies":[{"name":"wp","href":"https:\/\/api.w.org\/{rel}","templated":true}]}}