{"id":10472,"date":"2025-03-09T13:30:00","date_gmt":"2025-03-09T16:30:00","guid":{"rendered":"https:\/\/www.correiobraziliense.com.br\/cbradar\/?p=10472"},"modified":"2025-03-08T09:49:42","modified_gmt":"2025-03-08T12:49:42","slug":"como-plantar-brocolis-em-casa-de-um-jeito-simples","status":"publish","type":"post","link":"https:\/\/www.correiobraziliense.com.br\/cbradar\/como-plantar-brocolis-em-casa-de-um-jeito-simples\/","title":{"rendered":"Como plantar br\u00f3colis em casa de um jeito simples"},"content":{"rendered":"\n<p>O br\u00f3colis \u00e9 uma hortali\u00e7a bastante apreciada por suas propriedades nutricionais e versatilidade na culin\u00e1ria. Pertencente \u00e0 fam\u00edlia das cruc\u00edferas, essa planta \u00e9 parente pr\u00f3xima da couve e do repolho. O cultivo do br\u00f3colis \u00e9 uma pr\u00e1tica comum em hortas dom\u00e9sticas, pois al\u00e9m de ser saud\u00e1vel, \u00e9 relativamente f\u00e1cil de plantar e cuidar.<\/p>\n\n\n\n<p>Para aqueles interessados em iniciar o cultivo de br\u00f3colis, \u00e9 importante entender os requisitos b\u00e1sicos de solo, clima e cuidados necess\u00e1rios para garantir uma colheita bem-sucedida. Este artigo oferece um guia abrangente sobre <a href=\"https:\/\/www.correiobraziliense.com.br\/cbradar\/saiba-como-plantar-ameixa-em-casa-de-um-jeito-simples\/\" target=\"_blank\" rel=\"noreferrer noopener\">como plantar<\/a> e cuidar dessa hortali\u00e7a, desde a escolha das sementes at\u00e9 a colheita.<\/p>\n\n\n\n<h2 class=\"wp-block-heading\"><strong>Variedades de br\u00f3colis<\/strong><\/h2>\n\n\n\n<p>Existem duas principais variedades de br\u00f3colis que podem ser cultivadas: o br\u00f3colis-de-cabe\u00e7a e o br\u00f3colis-de-ramas. O br\u00f3colis-de-cabe\u00e7a \u00e9 conhecido por formar uma grande cabe\u00e7a central, enquanto o br\u00f3colis-de-ramas produz v\u00e1rias pequenas infloresc\u00eancias. Ambas as variedades t\u00eam suas particularidades e prefer\u00eancias de cultivo.<\/p>\n\n\n\n<p>No Brasil, o br\u00f3colis-de-ramas \u00e9 mais comum devido \u00e0 sua capacidade de produzir m\u00faltiplas colheitas. J\u00e1 o br\u00f3colis-de-cabe\u00e7a, tamb\u00e9m chamado de br\u00f3colis-ninja ou br\u00f3colis-americano, \u00e9 valorizado por sua apar\u00eancia robusta e sabor suave.<\/p>\n\n\n\n<figure class=\"wp-block-image size-large\"><img decoding=\"async\" width=\"1024\" height=\"576\" src=\"https:\/\/www.correiobraziliense.com.br\/cbradar\/wp-content\/uploads\/2025\/03\/brocolis-_1741397191931-1024x576.jpg\" alt=\"Como plantar br\u00f3colis em casa de um jeito simples\" class=\"wp-image-10474\" srcset=\"https:\/\/www.correiobraziliense.com.br\/cbradar\/wp-content\/uploads\/2025\/03\/brocolis-_1741397191931-1024x576.jpg 1024w, https:\/\/www.correiobraziliense.com.br\/cbradar\/wp-content\/uploads\/2025\/03\/brocolis-_1741397191931-300x169.jpg 300w, https:\/\/www.correiobraziliense.com.br\/cbradar\/wp-content\/uploads\/2025\/03\/brocolis-_1741397191931-768x432.jpg 768w, https:\/\/www.correiobraziliense.com.br\/cbradar\/wp-content\/uploads\/2025\/03\/brocolis-_1741397191931-750x422.jpg 750w, https:\/\/www.correiobraziliense.com.br\/cbradar\/wp-content\/uploads\/2025\/03\/brocolis-_1741397191931-1140x641.jpg 1140w, https:\/\/www.correiobraziliense.com.br\/cbradar\/wp-content\/uploads\/2025\/03\/brocolis-_1741397191931.jpg 1280w\" sizes=\"(max-width: 1024px) 100vw, 1024px\" \/><figcaption class=\"wp-element-caption\">br\u00f3colis. Cr\u00e9ditos: depositphotos.com \/ VitalikRadko<\/figcaption><\/figure>\n\n\n\n<h2 class=\"wp-block-heading\"><strong>Prepara\u00e7\u00e3o do solo e plantio<\/strong><\/h2>\n\n\n\n<p>Para cultivar br\u00f3colis com sucesso, \u00e9 essencial preparar um solo bem drenado e rico em nutrientes. O solo deve ter um pH entre 6 e 7, sendo idealmente enriquecido com mat\u00e9ria org\u00e2nica. A presen\u00e7a de boro no solo \u00e9 crucial, pois sua falta pode resultar em plantas com caules ocos.<\/p>\n\n\n\n<p>O plantio deve ser realizado em locais que recebam bastante luz solar direta. As sementes podem ser plantadas diretamente no solo ou em sementeiras, sendo importante manter o solo \u00famido, mas n\u00e3o encharcado. O espa\u00e7amento adequado entre as plantas ajuda a garantir um bom desenvolvimento e produtividade.<\/p>\n\n\n\n<h2 class=\"wp-block-heading\"><strong>Condi\u00e7\u00f5es clim\u00e1ticas ideais<\/strong><\/h2>\n\n\n\n<p>O br\u00f3colis prefere climas mais amenos, com temperaturas variando entre 6\u00b0C e 23\u00b0C. No entanto, algumas variedades, como o br\u00f3colis-de-ramas, s\u00e3o mais tolerantes ao calor e podem crescer em temperaturas um pouco mais altas. \u00c9 importante proteger as plantas de temperaturas extremas para evitar danos e garantir um crescimento saud\u00e1vel.<\/p>\n\n\n\n<p>Durante o cultivo, \u00e9 essencial monitorar as condi\u00e7\u00f5es clim\u00e1ticas e ajustar os cuidados conforme necess\u00e1rio. Em regi\u00f5es mais quentes, o uso de sombreamento pode ajudar a proteger as plantas do calor excessivo.<\/p>\n\n\n\n<h2 class=\"wp-block-heading\"><strong>Colheita e cuidados finais<\/strong><\/h2>\n\n\n\n<p>A colheita do br\u00f3colis geralmente ocorre entre 60 a 100 dias ap\u00f3s o plantio, dependendo da variedade e das condi\u00e7\u00f5es de cultivo. O momento ideal para colher \u00e9 quando as infloresc\u00eancias est\u00e3o bem formadas e ainda fechadas. Ap\u00f3s a colheita principal, algumas variedades podem continuar a produzir brotos laterais, permitindo colheitas adicionais.<\/p>\n\n\n\n<p>Manter um bom manejo das plantas, incluindo regas regulares e controle de pragas, \u00e9 fundamental para garantir uma colheita abundante e de qualidade. Com os cuidados adequados, o cultivo de br\u00f3colis pode ser uma atividade gratificante e produtiva para qualquer horta dom\u00e9stica.<\/p>\n","protected":false},"excerpt":{"rendered":"<p>Aprenda tudo sobre o cultivo de br\u00f3colis: variedades, prepara\u00e7\u00e3o do solo, condi\u00e7\u00f5es clim\u00e1ticas e muito mais, para ter uma hortinha saud\u00e1vel.<\/p>\n","protected":false},"author":3,"featured_media":10473,"comment_status":"open","ping_status":"open","sticky":false,"template":"","format":"standard","meta":{"_yoast_wpseo_focuskw":"como plantar br\u00f3colis","_yoast_wpseo_title":"%%title%%","_yoast_wpseo_metadesc":"Aprenda tudo sobre o cultivo de br\u00f3colis: variedades, prepara\u00e7\u00e3o do solo, condi\u00e7\u00f5es clim\u00e1ticas e muito mais, para ter uma hortinha saud\u00e1vel.","jnews-multi-image_gallery":[],"jnews_single_post":{"format":"standard"},"jnews_primary_category":[],"jnews_social_meta":[],"jnews_override_counter":[],"footnotes":""},"categories":[136],"post_tag":[1691,137],"class_list":["post-10472","post","type-post","status-publish","format-standard","has-post-thumbnail","hentry","category-jardinagem","tag-brocolis","tag-como-plantar"],"yoast_head":"<!-- This site is optimized with the Yoast SEO plugin v24.6 - https:\/\/yoast.com\/wordpress\/plugins\/seo\/ -->\n<title>Como plantar br\u00f3colis em casa de um jeito simples<\/title>\n<meta name=\"description\" content=\"Aprenda tudo sobre o cultivo de br\u00f3colis: variedades, prepara\u00e7\u00e3o do solo, condi\u00e7\u00f5es clim\u00e1ticas e muito mais, para ter uma hortinha saud\u00e1vel.\" \/>\n<meta name=\"robots\" content=\"index, follow, max-snippet:-1, max-image-preview:large, max-video-preview:-1\" \/>\n<link rel=\"canonical\" href=\"https:\/\/www.correiobraziliense.com.br\/cbradar\/como-plantar-brocolis-em-casa-de-um-jeito-simples\/\" \/>\n<meta property=\"og:locale\" content=\"pt_BR\" \/>\n<meta property=\"og:type\" content=\"article\" \/>\n<meta property=\"og:title\" content=\"Como plantar br\u00f3colis em casa de um jeito simples\" \/>\n<meta property=\"og:description\" content=\"Aprenda tudo sobre o cultivo de br\u00f3colis: variedades, prepara\u00e7\u00e3o do solo, condi\u00e7\u00f5es clim\u00e1ticas e muito mais, para ter uma hortinha saud\u00e1vel.\" \/>\n<meta property=\"og:url\" content=\"https:\/\/www.correiobraziliense.com.br\/cbradar\/como-plantar-brocolis-em-casa-de-um-jeito-simples\/\" \/>\n<meta property=\"og:site_name\" content=\"Correio Braziliense - Radar\" \/>\n<meta property=\"article:published_time\" content=\"2025-03-09T16:30:00+00:00\" \/>\n<meta property=\"og:image\" content=\"https:\/\/www.correiobraziliense.com.br\/cbradar\/wp-content\/uploads\/2025\/03\/brocolis-_1741397131523.jpg\" \/>\n\t<meta property=\"og:image:width\" content=\"1280\" \/>\n\t<meta property=\"og:image:height\" content=\"720\" \/>\n\t<meta property=\"og:image:type\" content=\"image\/jpeg\" \/>\n<meta name=\"author\" content=\"Larissa Carvalho\" \/>\n<meta name=\"twitter:card\" content=\"summary_large_image\" \/>\n<meta name=\"twitter:label1\" content=\"Escrito por\" \/>\n\t<meta name=\"twitter:data1\" content=\"Larissa Carvalho\" \/>\n\t<meta name=\"twitter:label2\" content=\"Est. tempo de leitura\" \/>\n\t<meta name=\"twitter:data2\" content=\"3 minutos\" \/>\n<!-- \/ Yoast SEO plugin. -->","yoast_head_json":{"title":"Como plantar br\u00f3colis em casa de um jeito simples","description":"Aprenda tudo sobre o cultivo de br\u00f3colis: variedades, prepara\u00e7\u00e3o do solo, condi\u00e7\u00f5es clim\u00e1ticas e muito mais, para ter uma hortinha saud\u00e1vel.","robots":{"index":"index","follow":"follow","max-snippet":"max-snippet:-1","max-image-preview":"max-image-preview:large","max-video-preview":"max-video-preview:-1"},"canonical":"https:\/\/www.correiobraziliense.com.br\/cbradar\/como-plantar-brocolis-em-casa-de-um-jeito-simples\/","og_locale":"pt_BR","og_type":"article","og_title":"Como plantar br\u00f3colis em casa de um jeito simples","og_description":"Aprenda tudo sobre o cultivo de br\u00f3colis: variedades, prepara\u00e7\u00e3o do solo, condi\u00e7\u00f5es clim\u00e1ticas e muito mais, para ter uma hortinha saud\u00e1vel.","og_url":"https:\/\/www.correiobraziliense.com.br\/cbradar\/como-plantar-brocolis-em-casa-de-um-jeito-simples\/","og_site_name":"Correio Braziliense - Radar","article_published_time":"2025-03-09T16:30:00+00:00","og_image":[{"width":1280,"height":720,"url":"https:\/\/www.correiobraziliense.com.br\/cbradar\/wp-content\/uploads\/2025\/03\/brocolis-_1741397131523.jpg","type":"image\/jpeg"}],"author":"Larissa Carvalho","twitter_card":"summary_large_image","twitter_misc":{"Escrito por":"Larissa Carvalho","Est. tempo de leitura":"3 minutos"},"schema":{"@context":"https:\/\/schema.org","@graph":[{"@type":"WebPage","@id":"https:\/\/www.correiobraziliense.com.br\/cbradar\/como-plantar-brocolis-em-casa-de-um-jeito-simples\/","url":"https:\/\/www.correiobraziliense.com.br\/cbradar\/como-plantar-brocolis-em-casa-de-um-jeito-simples\/","name":"Como plantar br\u00f3colis em casa de um jeito simples","isPartOf":{"@id":"https:\/\/www.correiobraziliense.com.br\/cbradar\/#website"},"primaryImageOfPage":{"@id":"https:\/\/www.correiobraziliense.com.br\/cbradar\/como-plantar-brocolis-em-casa-de-um-jeito-simples\/#primaryimage"},"image":{"@id":"https:\/\/www.correiobraziliense.com.br\/cbradar\/como-plantar-brocolis-em-casa-de-um-jeito-simples\/#primaryimage"},"thumbnailUrl":"https:\/\/www.correiobraziliense.com.br\/cbradar\/wp-content\/uploads\/2025\/03\/brocolis-_1741397131523.jpg","datePublished":"2025-03-09T16:30:00+00:00","author":{"@id":"https:\/\/www.correiobraziliense.com.br\/cbradar\/#\/schema\/person\/58422787644df994b53a19d3e56c1513"},"description":"Aprenda tudo sobre o cultivo de br\u00f3colis: variedades, prepara\u00e7\u00e3o do solo, condi\u00e7\u00f5es clim\u00e1ticas e muito mais, para ter uma hortinha saud\u00e1vel.","breadcrumb":{"@id":"https:\/\/www.correiobraziliense.com.br\/cbradar\/como-plantar-brocolis-em-casa-de-um-jeito-simples\/#breadcrumb"},"inLanguage":"pt-BR","potentialAction":[{"@type":"ReadAction","target":["https:\/\/www.correiobraziliense.com.br\/cbradar\/como-plantar-brocolis-em-casa-de-um-jeito-simples\/"]}]},{"@type":"ImageObject","inLanguage":"pt-BR","@id":"https:\/\/www.correiobraziliense.com.br\/cbradar\/como-plantar-brocolis-em-casa-de-um-jeito-simples\/#primaryimage","url":"https:\/\/www.correiobraziliense.com.br\/cbradar\/wp-content\/uploads\/2025\/03\/brocolis-_1741397131523.jpg","contentUrl":"https:\/\/www.correiobraziliense.com.br\/cbradar\/wp-content\/uploads\/2025\/03\/brocolis-_1741397131523.jpg","width":1280,"height":720,"caption":"br\u00f3colis. Cr\u00e9ditos: depositphotos.com \/ nblxer"},{"@type":"BreadcrumbList","@id":"https:\/\/www.correiobraziliense.com.br\/cbradar\/como-plantar-brocolis-em-casa-de-um-jeito-simples\/#breadcrumb","itemListElement":[{"@type":"ListItem","position":1,"name":"In\u00edcio","item":"https:\/\/www.correiobraziliense.com.br\/cbradar\/"},{"@type":"ListItem","position":2,"name":"Como plantar br\u00f3colis em casa de um jeito simples"}]},{"@type":"WebSite","@id":"https:\/\/www.correiobraziliense.com.br\/cbradar\/#website","url":"https:\/\/www.correiobraziliense.com.br\/cbradar\/","name":"Correio Braziliense - Radar","description":"Acompanhe as \u00faltimas not\u00edcias e fique bem informado sobre tudo o que acontece no Brasil e no mundo.","potentialAction":[{"@type":"SearchAction","target":{"@type":"EntryPoint","urlTemplate":"https:\/\/www.correiobraziliense.com.br\/cbradar\/?s={search_term_string}"},"query-input":{"@type":"PropertyValueSpecification","valueRequired":true,"valueName":"search_term_string"}}],"inLanguage":"pt-BR"},{"@type":"Person","@id":"https:\/\/www.correiobraziliense.com.br\/cbradar\/#\/schema\/person\/58422787644df994b53a19d3e56c1513","name":"Larissa Carvalho","image":{"@type":"ImageObject","inLanguage":"pt-BR","@id":"https:\/\/www.correiobraziliense.com.br\/cbradar\/#\/schema\/person\/image\/","url":"https:\/\/secure.gravatar.com\/avatar\/fe4f91a0de32b52a838d0d612abdc1aa?s=96&d=mm&r=g","contentUrl":"https:\/\/secure.gravatar.com\/avatar\/fe4f91a0de32b52a838d0d612abdc1aa?s=96&d=mm&r=g","caption":"Larissa Carvalho"},"url":"https:\/\/www.correiobraziliense.com.br\/cbradar\/author\/larissamyth\/"}]}},"_links":{"self":[{"href":"https:\/\/www.correiobraziliense.com.br\/cbradar\/wp-json\/wp\/v2\/posts\/10472","targetHints":{"allow":["GET"]}}],"collection":[{"href":"https:\/\/www.correiobraziliense.com.br\/cbradar\/wp-json\/wp\/v2\/posts"}],"about":[{"href":"https:\/\/www.correiobraziliense.com.br\/cbradar\/wp-json\/wp\/v2\/types\/post"}],"author":[{"embeddable":true,"href":"https:\/\/www.correiobraziliense.com.br\/cbradar\/wp-json\/wp\/v2\/users\/3"}],"replies":[{"embeddable":true,"href":"https:\/\/www.correiobraziliense.com.br\/cbradar\/wp-json\/wp\/v2\/comments?post=10472"}],"version-history":[{"count":1,"href":"https:\/\/www.correiobraziliense.com.br\/cbradar\/wp-json\/wp\/v2\/posts\/10472\/revisions"}],"predecessor-version":[{"id":10475,"href":"https:\/\/www.correiobraziliense.com.br\/cbradar\/wp-json\/wp\/v2\/posts\/10472\/revisions\/10475"}],"wp:featuredmedia":[{"embeddable":true,"href":"https:\/\/www.correiobraziliense.com.br\/cbradar\/wp-json\/wp\/v2\/media\/10473"}],"wp:attachment":[{"href":"https:\/\/www.correiobraziliense.com.br\/cbradar\/wp-json\/wp\/v2\/media?parent=10472"}],"wp:term":[{"taxonomy":"category","embeddable":true,"href":"https:\/\/www.correiobraziliense.com.br\/cbradar\/wp-json\/wp\/v2\/categories?post=10472"},{"taxonomy":"post_tag","embeddable":true,"href":"https:\/\/www.correiobraziliense.com.br\/cbradar\/wp-json\/wp\/v2\/post_tag?post=10472"}],"curies":[{"name":"wp","href":"https:\/\/api.w.org\/{rel}","templated":true}]}}