{"id":104815,"date":"2025-09-17T06:03:52","date_gmt":"2025-09-17T09:03:52","guid":{"rendered":"https:\/\/www.correiobraziliense.com.br\/cbradar\/?p=104815"},"modified":"2025-09-16T14:09:04","modified_gmt":"2025-09-16T17:09:04","slug":"essa-erva-natural-alivia-dores-nas-articulacoes-e-ativa-o-colageno","status":"publish","type":"post","link":"https:\/\/www.correiobraziliense.com.br\/cbradar\/essa-erva-natural-alivia-dores-nas-articulacoes-e-ativa-o-colageno\/","title":{"rendered":"Essa erva natural alivia dores nas articula\u00e7\u00f5es e ativa o col\u00e1geno"},"content":{"rendered":"\n<p><strong>O or\u00e9gano<\/strong>, uma erva comum na culin\u00e1ria de muitas culturas, \u00e9 muito mais do que um simples condimento. Integrante da fam\u00edlia das lami\u00e1ceas, ele se destaca por suas propriedades ben\u00e9ficas \u00e0 sa\u00fade, especialmente na gera\u00e7\u00e3o de col\u00e1geno e no al\u00edvio de dores articulares. \u00c0 medida que o corpo envelhece, a capacidade natural de produzir col\u00e1geno diminui, afetando n\u00e3o apenas as articula\u00e7\u00f5es, mas tamb\u00e9m a elasticidade da pele e a sa\u00fade capilar. \u00c9 a\u00ed que o or\u00e9gano entra em cena, oferecendo uma alternativa natural para o cuidado e manuten\u00e7\u00e3o da sa\u00fade. Dados hist\u00f3ricos revelam que, na antiga <strong>Gr\u00e9cia<\/strong>, essa planta j\u00e1 era utilizada para fins terap\u00eauticos, especialmente para dores musculares e articulares.<\/p>\n\n\n\n<p>Estima-se que uma grande parcela da popula\u00e7\u00e3o mundial utilize extratos vegetais para cuidar da sa\u00fade, e o or\u00e9gano n\u00e3o \u00e9 exce\u00e7\u00e3o. Esta planta \u00e9 rica em antioxidantes, essenciais para combater os danos celulares e o envelhecimento. Al\u00e9m disso, possui qualidades antimicrobianas e anti-inflamat\u00f3rias que a tornam popular entre aqueles que buscam rem\u00e9dios naturais e alternativos. A produ\u00e7\u00e3o de col\u00e1geno, vital para a pele, ossos e articula\u00e7\u00f5es, pode ser estimulada pelos antioxidantes presentes no or\u00e9gano. Atualmente, importantes laborat\u00f3rios internacionais, como <strong>Nature&#8217;s Way<\/strong> e <strong>Now Foods<\/strong>, utilizam o extrato de or\u00e9gano em suplementos distribu\u00eddos em v\u00e1rios pa\u00edses, aumentando sua popularidade no universo da sa\u00fade natural.<\/p>\n\n\n\n<h2 class=\"wp-block-heading\">Como o or\u00e9gano pode melhorar a sa\u00fade das articula\u00e7\u00f5es?<\/h2>\n\n\n\n<p>O ch\u00e1 de or\u00e9gano \u00e9 rico em terpenoides, subst\u00e2ncias reconhecidas por suas a\u00e7\u00f5es analg\u00e9sicas e anti-inflamat\u00f3rias. Essas propriedades auxiliam no al\u00edvio de inc\u00f4modos e dores, especialmente em pessoas com condi\u00e7\u00f5es cr\u00f4nicas como artrite e artrose. Consumir o <a href=\"https:\/\/www.correiobraziliense.com.br\/cbradar\/quais-chas-e-ervas-podem-ajudar-a-controlar-a-ansiedade\/\" target=\"_blank\" rel=\"noopener\">ch\u00e1<\/a> de or\u00e9gano regularmente, de diferentes maneiras, pode contribuir para a melhora da flexibilidade das articula\u00e7\u00f5es e diminui\u00e7\u00e3o dos epis\u00f3dios dolorosos, oferecendo conforto a quem convive com doen\u00e7as persistentes.&nbsp;<\/p>\n\n\n<div class=\"wp-block-image\">\n<figure class=\"aligncenter size-large\"><img decoding=\"async\" width=\"1024\" height=\"576\" src=\"https:\/\/www.correiobraziliense.com.br\/cbradar\/wp-content\/uploads\/2025\/04\/oregano_1743694152215-1024x576.jpg\" alt=\"Conhe\u00e7a os benef\u00edcios dessa erva e como t\u00ea-la sempre em casa\" class=\"wp-image-19094\" srcset=\"https:\/\/www.correiobraziliense.com.br\/cbradar\/wp-content\/uploads\/2025\/04\/oregano_1743694152215-1024x576.jpg 1024w, https:\/\/www.correiobraziliense.com.br\/cbradar\/wp-content\/uploads\/2025\/04\/oregano_1743694152215-300x169.jpg 300w, https:\/\/www.correiobraziliense.com.br\/cbradar\/wp-content\/uploads\/2025\/04\/oregano_1743694152215-768x432.jpg 768w, https:\/\/www.correiobraziliense.com.br\/cbradar\/wp-content\/uploads\/2025\/04\/oregano_1743694152215-750x422.jpg 750w, https:\/\/www.correiobraziliense.com.br\/cbradar\/wp-content\/uploads\/2025\/04\/oregano_1743694152215-1140x641.jpg 1140w, https:\/\/www.correiobraziliense.com.br\/cbradar\/wp-content\/uploads\/2025\/04\/oregano_1743694152215.jpg 1280w\" sizes=\"(max-width: 1024px) 100vw, 1024px\" \/><figcaption class=\"wp-element-caption\">Apresenta potente a\u00e7\u00e3o anti-inflamat\u00f3ria &#8211; Cr\u00e9ditos: depositphotos.com \/ Yarygin<\/figcaption><\/figure><\/div>\n\n\n<h2 class=\"wp-block-heading\">Quais s\u00e3o os benef\u00edcios do ch\u00e1 de or\u00e9gano?<\/h2>\n\n\n\n<p>Fazer o ch\u00e1 \u00e9 f\u00e1cil: coloque \u00e1gua para ferver e acrescente uma colher de ch\u00e1 de or\u00e9gano seco. Aguarde alguns minutos para que a infus\u00e3o ocorra e depois coe. A bebida pode ser servida tanto quente quanto gelada, conforme o gosto de quem a consome, e seu uso frequente \u00e9 indicado para ampliar suas propriedades. Em pa\u00edses como o <strong>M\u00e9xico<\/strong>, essa prepara\u00e7\u00e3o \u00e9 bastante popular e integra os h\u00e1bitos terap\u00eauticos de v\u00e1rias popula\u00e7\u00f5es locais.<\/p>\n\n\n\n<p>O preparo da bebida \u00e9 simples. Basta ferver \u00e1gua e adicionar uma colher de ch\u00e1 de folhas secas de or\u00e9gano. Deixe repousar por alguns minutos antes de coar. O ch\u00e1 pode ser consumido quente ou frio, de acordo com a prefer\u00eancia pessoal, e recomenda-se seu consumo regular para potencializar os benef\u00edcios. Em regi\u00f5es como <strong>M\u00e9xico<\/strong>, o uso dessa infus\u00e3o est\u00e1 amplamente difundido, sendo parte da medicina tradicional em diversas comunidades.<\/p>\n\n\n\n<h2 class=\"wp-block-heading\">Como integrar o or\u00e9gano no dia a dia?<\/h2>\n\n\n\n<ul class=\"wp-block-list\">\n<li>Adicione or\u00e9gano fresco ou seco em saladas para proporcionar n\u00e3o apenas sabor, mas tamb\u00e9m um impulso antioxidante.<\/li>\n\n\n\n<li>Utilize em marinadas para carnes ou molhos, potencializando as propriedades saud\u00e1veis das refei\u00e7\u00f5es do dia a dia.<\/li>\n\n\n\n<li>Ch\u00e1s de or\u00e9gano podem se tornar um h\u00e1bito saud\u00e1vel se inclu\u00eddos como parte da rotina di\u00e1ria.<\/li>\n<\/ul>\n\n\n\n<p>Em resumo, o or\u00e9gano \u00e9 muito mais do que uma especiaria culin\u00e1ria. Sua capacidade de promover a sa\u00fade das articula\u00e7\u00f5es e a produ\u00e7\u00e3o de col\u00e1geno o torna um recurso valioso para quem busca melhorar o bem-estar de forma natural. Considerar a inclus\u00e3o dessa impressionante planta na alimenta\u00e7\u00e3o pode ser um passo importante para manter uma vida saud\u00e1vel e equilibrada. Diversos especialistas em nutri\u00e7\u00e3o, como os do <strong>Instituto Nacional de Sa\u00fade P\u00fablica<\/strong>, recomendam o consumo respons\u00e1vel do or\u00e9gano dentro de uma dieta variada para melhores resultados a longo prazo.<\/p>\n","protected":false},"excerpt":{"rendered":"<p>O or\u00e9gano, uma erva comum na culin\u00e1ria de muitas culturas, \u00e9 muito mais do que um simples condimento. Integrante da fam\u00edlia das lami\u00e1ceas, ele se destaca por suas propriedades ben\u00e9ficas \u00e0 sa\u00fade, especialmente na gera\u00e7\u00e3o de col\u00e1geno e no al\u00edvio de dores articulares. \u00c0 medida que o corpo envelhece, a capacidade natural de produzir col\u00e1geno [&hellip;]<\/p>\n","protected":false},"author":9,"featured_media":67479,"comment_status":"open","ping_status":"open","sticky":false,"template":"","format":"standard","meta":{"_yoast_wpseo_focuskw":"or\u00e9gano","_yoast_wpseo_title":"%%title%% %%page%%","_yoast_wpseo_metadesc":"Conhe\u00e7a uma erva poderosa que ajuda a reduzir dores, estimular col\u00e1geno e proteger articula\u00e7\u00f5es de forma natural e eficaz.","jnews-multi-image_gallery":[],"jnews_single_post":{"format":"standard"},"jnews_primary_category":[],"jnews_social_meta":[],"jnews_override_counter":[],"footnotes":""},"categories":[124,4404],"tags":[3993,2162],"class_list":["post-104815","post","type-post","status-publish","format-standard","has-post-thumbnail","hentry","category-beleza","category-saude","tag-erva-natural","tag-oregano"],"yoast_head":"<!-- This site is optimized with the Yoast SEO plugin v24.6 - https:\/\/yoast.com\/wordpress\/plugins\/seo\/ -->\n<title>Essa erva natural alivia dores nas articula\u00e7\u00f5es e ativa o col\u00e1geno<\/title>\n<meta name=\"description\" content=\"Conhe\u00e7a uma erva poderosa que ajuda a reduzir dores, estimular col\u00e1geno e proteger articula\u00e7\u00f5es de forma natural e eficaz.\" \/>\n<meta name=\"robots\" content=\"index, follow, max-snippet:-1, max-image-preview:large, max-video-preview:-1\" \/>\n<link rel=\"canonical\" href=\"https:\/\/www.correiobraziliense.com.br\/cbradar\/essa-erva-natural-alivia-dores-nas-articulacoes-e-ativa-o-colageno\/\" \/>\n<meta property=\"og:locale\" content=\"pt_BR\" \/>\n<meta property=\"og:type\" content=\"article\" \/>\n<meta property=\"og:title\" content=\"Essa erva natural alivia dores nas articula\u00e7\u00f5es e ativa o col\u00e1geno\" \/>\n<meta property=\"og:description\" content=\"Conhe\u00e7a uma erva poderosa que ajuda a reduzir dores, estimular col\u00e1geno e proteger articula\u00e7\u00f5es de forma natural e eficaz.\" \/>\n<meta property=\"og:url\" content=\"https:\/\/www.correiobraziliense.com.br\/cbradar\/essa-erva-natural-alivia-dores-nas-articulacoes-e-ativa-o-colageno\/\" \/>\n<meta property=\"og:site_name\" content=\"Correio Braziliense - Radar\" \/>\n<meta property=\"article:published_time\" content=\"2025-09-17T09:03:52+00:00\" \/>\n<meta property=\"og:image\" content=\"https:\/\/www.correiobraziliense.com.br\/cbradar\/wp-content\/uploads\/2025\/07\/oregano-_1752172060693.jpg\" \/>\n\t<meta property=\"og:image:width\" content=\"1280\" \/>\n\t<meta property=\"og:image:height\" content=\"720\" \/>\n\t<meta property=\"og:image:type\" content=\"image\/jpeg\" \/>\n<meta name=\"author\" content=\"Daniely Cardoso\" \/>\n<meta name=\"twitter:card\" content=\"summary_large_image\" \/>\n<meta name=\"twitter:label1\" content=\"Escrito por\" \/>\n\t<meta name=\"twitter:data1\" content=\"Daniely Cardoso\" \/>\n\t<meta name=\"twitter:label2\" content=\"Est. tempo de leitura\" \/>\n\t<meta name=\"twitter:data2\" content=\"4 minutos\" \/>\n<!-- \/ Yoast SEO plugin. -->","yoast_head_json":{"title":"Essa erva natural alivia dores nas articula\u00e7\u00f5es e ativa o col\u00e1geno","description":"Conhe\u00e7a uma erva poderosa que ajuda a reduzir dores, estimular col\u00e1geno e proteger articula\u00e7\u00f5es de forma natural e eficaz.","robots":{"index":"index","follow":"follow","max-snippet":"max-snippet:-1","max-image-preview":"max-image-preview:large","max-video-preview":"max-video-preview:-1"},"canonical":"https:\/\/www.correiobraziliense.com.br\/cbradar\/essa-erva-natural-alivia-dores-nas-articulacoes-e-ativa-o-colageno\/","og_locale":"pt_BR","og_type":"article","og_title":"Essa erva natural alivia dores nas articula\u00e7\u00f5es e ativa o col\u00e1geno","og_description":"Conhe\u00e7a uma erva poderosa que ajuda a reduzir dores, estimular col\u00e1geno e proteger articula\u00e7\u00f5es de forma natural e eficaz.","og_url":"https:\/\/www.correiobraziliense.com.br\/cbradar\/essa-erva-natural-alivia-dores-nas-articulacoes-e-ativa-o-colageno\/","og_site_name":"Correio Braziliense - Radar","article_published_time":"2025-09-17T09:03:52+00:00","og_image":[{"width":1280,"height":720,"url":"https:\/\/www.correiobraziliense.com.br\/cbradar\/wp-content\/uploads\/2025\/07\/oregano-_1752172060693.jpg","type":"image\/jpeg"}],"author":"Daniely Cardoso","twitter_card":"summary_large_image","twitter_misc":{"Escrito por":"Daniely Cardoso","Est. tempo de leitura":"4 minutos"},"schema":{"@context":"https:\/\/schema.org","@graph":[{"@type":"WebPage","@id":"https:\/\/www.correiobraziliense.com.br\/cbradar\/essa-erva-natural-alivia-dores-nas-articulacoes-e-ativa-o-colageno\/","url":"https:\/\/www.correiobraziliense.com.br\/cbradar\/essa-erva-natural-alivia-dores-nas-articulacoes-e-ativa-o-colageno\/","name":"Essa erva natural alivia dores nas articula\u00e7\u00f5es e ativa o col\u00e1geno","isPartOf":{"@id":"https:\/\/www.correiobraziliense.com.br\/cbradar\/#website"},"primaryImageOfPage":{"@id":"https:\/\/www.correiobraziliense.com.br\/cbradar\/essa-erva-natural-alivia-dores-nas-articulacoes-e-ativa-o-colageno\/#primaryimage"},"image":{"@id":"https:\/\/www.correiobraziliense.com.br\/cbradar\/essa-erva-natural-alivia-dores-nas-articulacoes-e-ativa-o-colageno\/#primaryimage"},"thumbnailUrl":"https:\/\/www.correiobraziliense.com.br\/cbradar\/wp-content\/uploads\/2025\/07\/oregano-_1752172060693.jpg","datePublished":"2025-09-17T09:03:52+00:00","author":{"@id":"https:\/\/www.correiobraziliense.com.br\/cbradar\/#\/schema\/person\/7356666e12ec0ee53f348ee5db227032"},"description":"Conhe\u00e7a uma erva poderosa que ajuda a reduzir dores, estimular col\u00e1geno e proteger articula\u00e7\u00f5es de forma natural e eficaz.","breadcrumb":{"@id":"https:\/\/www.correiobraziliense.com.br\/cbradar\/essa-erva-natural-alivia-dores-nas-articulacoes-e-ativa-o-colageno\/#breadcrumb"},"inLanguage":"pt-BR","potentialAction":[{"@type":"ReadAction","target":["https:\/\/www.correiobraziliense.com.br\/cbradar\/essa-erva-natural-alivia-dores-nas-articulacoes-e-ativa-o-colageno\/"]}]},{"@type":"ImageObject","inLanguage":"pt-BR","@id":"https:\/\/www.correiobraziliense.com.br\/cbradar\/essa-erva-natural-alivia-dores-nas-articulacoes-e-ativa-o-colageno\/#primaryimage","url":"https:\/\/www.correiobraziliense.com.br\/cbradar\/wp-content\/uploads\/2025\/07\/oregano-_1752172060693.jpg","contentUrl":"https:\/\/www.correiobraziliense.com.br\/cbradar\/wp-content\/uploads\/2025\/07\/oregano-_1752172060693.jpg","width":1280,"height":720,"caption":"Bastante utilizada na culin\u00e1ria brasileira - Cr\u00e9ditos: depositphotos.com \/ AlexNazaruk"},{"@type":"BreadcrumbList","@id":"https:\/\/www.correiobraziliense.com.br\/cbradar\/essa-erva-natural-alivia-dores-nas-articulacoes-e-ativa-o-colageno\/#breadcrumb","itemListElement":[{"@type":"ListItem","position":1,"name":"In\u00edcio","item":"https:\/\/www.correiobraziliense.com.br\/cbradar\/"},{"@type":"ListItem","position":2,"name":"Essa erva natural alivia dores nas articula\u00e7\u00f5es e ativa o col\u00e1geno"}]},{"@type":"WebSite","@id":"https:\/\/www.correiobraziliense.com.br\/cbradar\/#website","url":"https:\/\/www.correiobraziliense.com.br\/cbradar\/","name":"Correio Braziliense - Radar","description":"Acompanhe as \u00faltimas not\u00edcias e fique bem informado sobre tudo o que acontece no Brasil e no mundo.","potentialAction":[{"@type":"SearchAction","target":{"@type":"EntryPoint","urlTemplate":"https:\/\/www.correiobraziliense.com.br\/cbradar\/?s={search_term_string}"},"query-input":{"@type":"PropertyValueSpecification","valueRequired":true,"valueName":"search_term_string"}}],"inLanguage":"pt-BR"},{"@type":"Person","@id":"https:\/\/www.correiobraziliense.com.br\/cbradar\/#\/schema\/person\/7356666e12ec0ee53f348ee5db227032","name":"Daniely Cardoso","image":{"@type":"ImageObject","inLanguage":"pt-BR","@id":"https:\/\/www.correiobraziliense.com.br\/cbradar\/#\/schema\/person\/image\/","url":"https:\/\/secure.gravatar.com\/avatar\/4b80ddbd124d1f071b626d52d62e5dff?s=96&d=mm&r=g","contentUrl":"https:\/\/secure.gravatar.com\/avatar\/4b80ddbd124d1f071b626d52d62e5dff?s=96&d=mm&r=g","caption":"Daniely Cardoso"},"description":"Redatora nos portais CB Radar e EM Foco, formada pela Universidade Federal de Goi\u00e1s, em Goi\u00e2nia. Apaixonada por comunica\u00e7\u00e3o, arte, decora\u00e7\u00e3o e tend\u00eancias, atuo na produ\u00e7\u00e3o de conte\u00fados envolventes sobre curiosidades, moda, beleza e paisagismo, sempre com um olhar atento \u00e0s novidades do momento.","sameAs":["https:\/\/www.correiobraziliense.com.br\/cbradar"],"url":"https:\/\/www.correiobraziliense.com.br\/cbradar\/author\/danielymyth\/"}]}},"_links":{"self":[{"href":"https:\/\/www.correiobraziliense.com.br\/cbradar\/wp-json\/wp\/v2\/posts\/104815","targetHints":{"allow":["GET"]}}],"collection":[{"href":"https:\/\/www.correiobraziliense.com.br\/cbradar\/wp-json\/wp\/v2\/posts"}],"about":[{"href":"https:\/\/www.correiobraziliense.com.br\/cbradar\/wp-json\/wp\/v2\/types\/post"}],"author":[{"embeddable":true,"href":"https:\/\/www.correiobraziliense.com.br\/cbradar\/wp-json\/wp\/v2\/users\/9"}],"replies":[{"embeddable":true,"href":"https:\/\/www.correiobraziliense.com.br\/cbradar\/wp-json\/wp\/v2\/comments?post=104815"}],"version-history":[{"count":2,"href":"https:\/\/www.correiobraziliense.com.br\/cbradar\/wp-json\/wp\/v2\/posts\/104815\/revisions"}],"predecessor-version":[{"id":104822,"href":"https:\/\/www.correiobraziliense.com.br\/cbradar\/wp-json\/wp\/v2\/posts\/104815\/revisions\/104822"}],"wp:featuredmedia":[{"embeddable":true,"href":"https:\/\/www.correiobraziliense.com.br\/cbradar\/wp-json\/wp\/v2\/media\/67479"}],"wp:attachment":[{"href":"https:\/\/www.correiobraziliense.com.br\/cbradar\/wp-json\/wp\/v2\/media?parent=104815"}],"wp:term":[{"taxonomy":"category","embeddable":true,"href":"https:\/\/www.correiobraziliense.com.br\/cbradar\/wp-json\/wp\/v2\/categories?post=104815"},{"taxonomy":"post_tag","embeddable":true,"href":"https:\/\/www.correiobraziliense.com.br\/cbradar\/wp-json\/wp\/v2\/tags?post=104815"}],"curies":[{"name":"wp","href":"https:\/\/api.w.org\/{rel}","templated":true}]}}