{"id":104898,"date":"2025-09-17T13:13:10","date_gmt":"2025-09-17T16:13:10","guid":{"rendered":"https:\/\/www.correiobraziliense.com.br\/cbradar\/?p=104898"},"modified":"2025-09-16T15:10:25","modified_gmt":"2025-09-16T18:10:25","slug":"o-repelente-natural-que-afasta-insetos-e-protege-sua-casa","status":"publish","type":"post","link":"https:\/\/www.correiobraziliense.com.br\/cbradar\/o-repelente-natural-que-afasta-insetos-e-protege-sua-casa\/","title":{"rendered":"O repelente natural que afasta insetos e protege sua casa"},"content":{"rendered":"\n<p>O caf\u00e9 mo\u00eddo, comumente apreciado por seu sabor e aroma, vai al\u00e9m de ser a bebida escolhida por muitos para come\u00e7ar o dia. Este produto tamb\u00e9m se tornou uma solu\u00e7\u00e3o eficaz e natural para repelir uma variedade de insetos. Em um mundo onde cada vez mais pessoas buscam alternativas ecol\u00f3gicas para o controle de pragas, o <strong>caf\u00e9 mo\u00eddo<\/strong> destaca-se como uma op\u00e7\u00e3o econ\u00f4mica e facilmente dispon\u00edvel.<\/p>\n\n\n\n<p>O efeito repelente do caf\u00e9 mo\u00eddo contra insetos est\u00e1 relacionado aos compostos presentes em sua formula\u00e7\u00e3o. Dentre esses, a cafe\u00edna e os \u00f3leos vol\u00e1teis originados do gr\u00e3o merecem destaque. A cafe\u00edna apresenta propriedades que podem ser t\u00f3xicas ao afetar diretamente o funcionamento do sistema nervoso de insetos de pequeno porte, a exemplo das formigas. Paralelamente, a libera\u00e7\u00e3o de aromas intensos pelo <strong>caf\u00e9 mo\u00eddo<\/strong> cria um ambiente hostil, tornando mais dif\u00edcil para esses seres tanto se deslocarem quanto localizarem fontes de alimento.<\/p>\n\n\n\n<h2 class=\"wp-block-heading\">Como o caf\u00e9 mo\u00eddo pode ajudar a afastar pragas?<\/h2>\n\n\n\n<p>O caf\u00e9 mo\u00eddo possui propriedades que o tornam eficaz contra v\u00e1rias pragas comuns, mantendo-as afastadas sem a necessidade de produtos qu\u00edmicos. As formigas s\u00e3o observadoras not\u00e1veis dessa resist\u00eancia. Ao espalhar caf\u00e9 mo\u00eddo pr\u00f3ximo \u00e0s entradas ou rotas que costumam usar, seu aroma forte e a presen\u00e7a de cafe\u00edna mant\u00eam as formigas longe. Da mesma forma, os mosquitos, que costumam procurar odores corporais e fontes de calor, acham desagrad\u00e1vel o ambiente proporcionado pelo caf\u00e9 mo\u00eddo, reduzindo sua presen\u00e7a nas \u00e1reas tratadas.<\/p>\n\n\n\n<h2 class=\"wp-block-heading\">Como usar o caf\u00e9 mo\u00eddo na casa?<\/h2>\n\n\n\n<p>Existem diversas estrat\u00e9gias para utilizar o caf\u00e9 mo\u00eddo como repelente em diferentes partes da casa e do <a href=\"https:\/\/www.correiobraziliense.com.br\/cbradar\/os-segredos-da-jardinagem-que-deixam-seu-jardim-mais-bonito\/\" target=\"_blank\" rel=\"noopener\">jardim<\/a>. Espalhar caf\u00e9 mo\u00eddo pr\u00f3ximo a portas e janelas ajuda a prevenir a entrada de pragas. Al\u00e9m disso, coloc\u00e1-lo em frestas e rachaduras funciona como barreira eficaz. No jardim, o caf\u00e9 n\u00e3o apenas repele insetos como carac\u00f3is e lesmas gra\u00e7as \u00e0 sua textura e aroma, mas tamb\u00e9m enriquece o <a href=\"https:\/\/rehagro.com.br\/blog\/materia-organica-no-solo\/\" target=\"_blank\" rel=\"noopener\">solo<\/a> com nutrientes essenciais.<\/p>\n\n\n<div class=\"wp-block-image\">\n<figure class=\"aligncenter size-large\"><img decoding=\"async\" width=\"1024\" height=\"576\" src=\"https:\/\/www.correiobraziliense.com.br\/cbradar\/wp-content\/uploads\/2025\/04\/borra-de-cafe-horta_1745866529870-1024x576.jpg\" alt=\"Se voc\u00ea usou caf\u00e9 n\u00e3o jogue fora, voc\u00ea tem um recurso valioso em casa\" class=\"wp-image-29760\" srcset=\"https:\/\/www.correiobraziliense.com.br\/cbradar\/wp-content\/uploads\/2025\/04\/borra-de-cafe-horta_1745866529870-1024x576.jpg 1024w, https:\/\/www.correiobraziliense.com.br\/cbradar\/wp-content\/uploads\/2025\/04\/borra-de-cafe-horta_1745866529870-300x169.jpg 300w, https:\/\/www.correiobraziliense.com.br\/cbradar\/wp-content\/uploads\/2025\/04\/borra-de-cafe-horta_1745866529870-768x432.jpg 768w, https:\/\/www.correiobraziliense.com.br\/cbradar\/wp-content\/uploads\/2025\/04\/borra-de-cafe-horta_1745866529870-750x422.jpg 750w, https:\/\/www.correiobraziliense.com.br\/cbradar\/wp-content\/uploads\/2025\/04\/borra-de-cafe-horta_1745866529870-1140x641.jpg 1140w, https:\/\/www.correiobraziliense.com.br\/cbradar\/wp-content\/uploads\/2025\/04\/borra-de-cafe-horta_1745866529870.jpg 1280w\" sizes=\"(max-width: 1024px) 100vw, 1024px\" \/><figcaption class=\"wp-element-caption\">Borra de caf\u00e9 &#8211; Cr\u00e9ditos: depositphotos.com \/ igorpasz<\/figcaption><\/figure><\/div>\n\n\n<h2 class=\"wp-block-heading\">Quais s\u00e3o os benef\u00edcios adicionais do caf\u00e9 mo\u00eddo?<\/h2>\n\n\n\n<p>Al\u00e9m de ser um repelente natural, o caf\u00e9 mo\u00eddo oferece benef\u00edcios secund\u00e1rios que o tornam uma op\u00e7\u00e3o atraente para o controle de pragas. Por um lado, \u00e9 uma solu\u00e7\u00e3o ecol\u00f3gica, livre de produtos qu\u00edmicos e que n\u00e3o impacta negativamente o meio ambiente. Tamb\u00e9m \u00e9 uma alternativa econ\u00f4mica e de f\u00e1cil acesso, visto que a maioria das resid\u00eancias j\u00e1 conta com o produto. Por fim, seu uso no jardim contribui como fertilizante natural, fornecendo nutrientes como nitrog\u00eanio, pot\u00e1ssio e f\u00f3sforo, essenciais para o crescimento das plantas.<\/p>\n\n\n\n<p>Entretanto, \u00e9 importante atentar para certas precau\u00e7\u00f5es. Utilizar caf\u00e9 mo\u00eddo em excesso pode alterar o pH do solo e, caso seja acumulado em grandes quantidades em uma \u00e1rea espec\u00edfica, pode atrair roedores. Portanto, recomenda-se a aplica\u00e7\u00e3o moderada. Al\u00e9m disso, manter o <strong>caf\u00e9 mo\u00eddo<\/strong> seco \u00e9 fundamental, j\u00e1 que a umidade pode favorecer o crescimento de fungos e bolores, criando um novo problema em vez de solucionar o anterior.<\/p>\n\n\n\n<p>Em conclus\u00e3o, o <strong>caf\u00e9 mo\u00eddo<\/strong> \u00e9 um aliado ecol\u00f3gico e eficaz para manter pragas comuns afastadas, oferecendo benef\u00edcios adicionais para o lar e o jardim. Seu uso cuidadoso pode ser integrado a uma abordagem sustent\u00e1vel e respeitosa ao meio ambiente para o controle de pragas.<\/p>\n","protected":false},"excerpt":{"rendered":"<p>O caf\u00e9 mo\u00eddo, comumente apreciado por seu sabor e aroma, vai al\u00e9m de ser a bebida escolhida por muitos para come\u00e7ar o dia. Este produto tamb\u00e9m se tornou uma solu\u00e7\u00e3o eficaz e natural para repelir uma variedade de insetos. Em um mundo onde cada vez mais pessoas buscam alternativas ecol\u00f3gicas para o controle de pragas, [&hellip;]<\/p>\n","protected":false},"author":9,"featured_media":29766,"comment_status":"open","ping_status":"open","sticky":false,"template":"","format":"standard","meta":{"_yoast_wpseo_focuskw":"caf\u00e9","_yoast_wpseo_title":"%%title%% %%page%%","_yoast_wpseo_metadesc":"Descubra como usar caf\u00e9 mo\u00eddo para afastar insetos, proteger seu lar e ainda nutrir suas plantas de forma natural.","jnews-multi-image_gallery":[],"jnews_single_post":{"format":"standard"},"jnews_primary_category":[],"jnews_social_meta":[],"jnews_override_counter":[],"footnotes":""},"categories":[136],"post_tag":[10319,10320],"class_list":["post-104898","post","type-post","status-publish","format-standard","has-post-thumbnail","hentry","category-jardinagem","tag-cafe-moido","tag-cafe-nas-plantas"],"yoast_head":"<!-- This site is optimized with the Yoast SEO plugin v24.6 - https:\/\/yoast.com\/wordpress\/plugins\/seo\/ -->\n<title>O repelente natural que afasta insetos e protege sua casa<\/title>\n<meta name=\"description\" content=\"Descubra como usar caf\u00e9 mo\u00eddo para afastar insetos, proteger seu lar e ainda nutrir suas plantas de forma natural.\" \/>\n<meta name=\"robots\" content=\"index, follow, max-snippet:-1, max-image-preview:large, max-video-preview:-1\" \/>\n<link rel=\"canonical\" href=\"https:\/\/www.correiobraziliense.com.br\/cbradar\/o-repelente-natural-que-afasta-insetos-e-protege-sua-casa\/\" \/>\n<meta property=\"og:locale\" content=\"pt_BR\" \/>\n<meta property=\"og:type\" content=\"article\" \/>\n<meta property=\"og:title\" content=\"O repelente natural que afasta insetos e protege sua casa\" \/>\n<meta property=\"og:description\" content=\"Descubra como usar caf\u00e9 mo\u00eddo para afastar insetos, proteger seu lar e ainda nutrir suas plantas de forma natural.\" \/>\n<meta property=\"og:url\" content=\"https:\/\/www.correiobraziliense.com.br\/cbradar\/o-repelente-natural-que-afasta-insetos-e-protege-sua-casa\/\" \/>\n<meta property=\"og:site_name\" content=\"Correio Braziliense - Radar\" \/>\n<meta property=\"article:published_time\" content=\"2025-09-17T16:13:10+00:00\" \/>\n<meta property=\"og:image\" content=\"https:\/\/www.correiobraziliense.com.br\/cbradar\/wp-content\/uploads\/2025\/04\/borra-de-cafe-horta_1745866954537.jpg\" \/>\n\t<meta property=\"og:image:width\" content=\"1280\" \/>\n\t<meta property=\"og:image:height\" content=\"720\" \/>\n\t<meta property=\"og:image:type\" content=\"image\/jpeg\" \/>\n<meta name=\"author\" content=\"Daniely Cardoso\" \/>\n<meta name=\"twitter:card\" content=\"summary_large_image\" \/>\n<meta name=\"twitter:label1\" content=\"Escrito por\" \/>\n\t<meta name=\"twitter:data1\" content=\"Daniely Cardoso\" \/>\n\t<meta name=\"twitter:label2\" content=\"Est. tempo de leitura\" \/>\n\t<meta name=\"twitter:data2\" content=\"4 minutos\" \/>\n<!-- \/ Yoast SEO plugin. -->","yoast_head_json":{"title":"O repelente natural que afasta insetos e protege sua casa","description":"Descubra como usar caf\u00e9 mo\u00eddo para afastar insetos, proteger seu lar e ainda nutrir suas plantas de forma natural.","robots":{"index":"index","follow":"follow","max-snippet":"max-snippet:-1","max-image-preview":"max-image-preview:large","max-video-preview":"max-video-preview:-1"},"canonical":"https:\/\/www.correiobraziliense.com.br\/cbradar\/o-repelente-natural-que-afasta-insetos-e-protege-sua-casa\/","og_locale":"pt_BR","og_type":"article","og_title":"O repelente natural que afasta insetos e protege sua casa","og_description":"Descubra como usar caf\u00e9 mo\u00eddo para afastar insetos, proteger seu lar e ainda nutrir suas plantas de forma natural.","og_url":"https:\/\/www.correiobraziliense.com.br\/cbradar\/o-repelente-natural-que-afasta-insetos-e-protege-sua-casa\/","og_site_name":"Correio Braziliense - Radar","article_published_time":"2025-09-17T16:13:10+00:00","og_image":[{"width":1280,"height":720,"url":"https:\/\/www.correiobraziliense.com.br\/cbradar\/wp-content\/uploads\/2025\/04\/borra-de-cafe-horta_1745866954537.jpg","type":"image\/jpeg"}],"author":"Daniely Cardoso","twitter_card":"summary_large_image","twitter_misc":{"Escrito por":"Daniely Cardoso","Est. tempo de leitura":"4 minutos"},"schema":{"@context":"https:\/\/schema.org","@graph":[{"@type":"WebPage","@id":"https:\/\/www.correiobraziliense.com.br\/cbradar\/o-repelente-natural-que-afasta-insetos-e-protege-sua-casa\/","url":"https:\/\/www.correiobraziliense.com.br\/cbradar\/o-repelente-natural-que-afasta-insetos-e-protege-sua-casa\/","name":"O repelente natural que afasta insetos e protege sua casa","isPartOf":{"@id":"https:\/\/www.correiobraziliense.com.br\/cbradar\/#website"},"primaryImageOfPage":{"@id":"https:\/\/www.correiobraziliense.com.br\/cbradar\/o-repelente-natural-que-afasta-insetos-e-protege-sua-casa\/#primaryimage"},"image":{"@id":"https:\/\/www.correiobraziliense.com.br\/cbradar\/o-repelente-natural-que-afasta-insetos-e-protege-sua-casa\/#primaryimage"},"thumbnailUrl":"https:\/\/www.correiobraziliense.com.br\/cbradar\/wp-content\/uploads\/2025\/04\/borra-de-cafe-horta_1745866954537.jpg","datePublished":"2025-09-17T16:13:10+00:00","author":{"@id":"https:\/\/www.correiobraziliense.com.br\/cbradar\/#\/schema\/person\/7356666e12ec0ee53f348ee5db227032"},"description":"Descubra como usar caf\u00e9 mo\u00eddo para afastar insetos, proteger seu lar e ainda nutrir suas plantas de forma natural.","breadcrumb":{"@id":"https:\/\/www.correiobraziliense.com.br\/cbradar\/o-repelente-natural-que-afasta-insetos-e-protege-sua-casa\/#breadcrumb"},"inLanguage":"pt-BR","potentialAction":[{"@type":"ReadAction","target":["https:\/\/www.correiobraziliense.com.br\/cbradar\/o-repelente-natural-que-afasta-insetos-e-protege-sua-casa\/"]}]},{"@type":"ImageObject","inLanguage":"pt-BR","@id":"https:\/\/www.correiobraziliense.com.br\/cbradar\/o-repelente-natural-que-afasta-insetos-e-protege-sua-casa\/#primaryimage","url":"https:\/\/www.correiobraziliense.com.br\/cbradar\/wp-content\/uploads\/2025\/04\/borra-de-cafe-horta_1745866954537.jpg","contentUrl":"https:\/\/www.correiobraziliense.com.br\/cbradar\/wp-content\/uploads\/2025\/04\/borra-de-cafe-horta_1745866954537.jpg","width":1280,"height":720,"caption":"Borra de caf\u00e9 - Cr\u00e9ditos: depositphotos.com \/ St.Larisikstefania"},{"@type":"BreadcrumbList","@id":"https:\/\/www.correiobraziliense.com.br\/cbradar\/o-repelente-natural-que-afasta-insetos-e-protege-sua-casa\/#breadcrumb","itemListElement":[{"@type":"ListItem","position":1,"name":"In\u00edcio","item":"https:\/\/www.correiobraziliense.com.br\/cbradar\/"},{"@type":"ListItem","position":2,"name":"O repelente natural que afasta insetos e protege sua casa"}]},{"@type":"WebSite","@id":"https:\/\/www.correiobraziliense.com.br\/cbradar\/#website","url":"https:\/\/www.correiobraziliense.com.br\/cbradar\/","name":"Correio Braziliense - Radar","description":"Acompanhe as \u00faltimas not\u00edcias e fique bem informado sobre tudo o que acontece no Brasil e no mundo.","potentialAction":[{"@type":"SearchAction","target":{"@type":"EntryPoint","urlTemplate":"https:\/\/www.correiobraziliense.com.br\/cbradar\/?s={search_term_string}"},"query-input":{"@type":"PropertyValueSpecification","valueRequired":true,"valueName":"search_term_string"}}],"inLanguage":"pt-BR"},{"@type":"Person","@id":"https:\/\/www.correiobraziliense.com.br\/cbradar\/#\/schema\/person\/7356666e12ec0ee53f348ee5db227032","name":"Daniely Cardoso","image":{"@type":"ImageObject","inLanguage":"pt-BR","@id":"https:\/\/www.correiobraziliense.com.br\/cbradar\/#\/schema\/person\/image\/","url":"https:\/\/secure.gravatar.com\/avatar\/4b80ddbd124d1f071b626d52d62e5dff?s=96&d=mm&r=g","contentUrl":"https:\/\/secure.gravatar.com\/avatar\/4b80ddbd124d1f071b626d52d62e5dff?s=96&d=mm&r=g","caption":"Daniely Cardoso"},"description":"Redatora nos portais CB Radar e EM Foco, formada pela Universidade Federal de Goi\u00e1s, em Goi\u00e2nia. Apaixonada por comunica\u00e7\u00e3o, arte, decora\u00e7\u00e3o e tend\u00eancias, atuo na produ\u00e7\u00e3o de conte\u00fados envolventes sobre curiosidades, moda, beleza e paisagismo, sempre com um olhar atento \u00e0s novidades do momento.","sameAs":["https:\/\/www.correiobraziliense.com.br\/cbradar"],"url":"https:\/\/www.correiobraziliense.com.br\/cbradar\/author\/danielymyth\/"}]}},"_links":{"self":[{"href":"https:\/\/www.correiobraziliense.com.br\/cbradar\/wp-json\/wp\/v2\/posts\/104898","targetHints":{"allow":["GET"]}}],"collection":[{"href":"https:\/\/www.correiobraziliense.com.br\/cbradar\/wp-json\/wp\/v2\/posts"}],"about":[{"href":"https:\/\/www.correiobraziliense.com.br\/cbradar\/wp-json\/wp\/v2\/types\/post"}],"author":[{"embeddable":true,"href":"https:\/\/www.correiobraziliense.com.br\/cbradar\/wp-json\/wp\/v2\/users\/9"}],"replies":[{"embeddable":true,"href":"https:\/\/www.correiobraziliense.com.br\/cbradar\/wp-json\/wp\/v2\/comments?post=104898"}],"version-history":[{"count":2,"href":"https:\/\/www.correiobraziliense.com.br\/cbradar\/wp-json\/wp\/v2\/posts\/104898\/revisions"}],"predecessor-version":[{"id":104922,"href":"https:\/\/www.correiobraziliense.com.br\/cbradar\/wp-json\/wp\/v2\/posts\/104898\/revisions\/104922"}],"wp:featuredmedia":[{"embeddable":true,"href":"https:\/\/www.correiobraziliense.com.br\/cbradar\/wp-json\/wp\/v2\/media\/29766"}],"wp:attachment":[{"href":"https:\/\/www.correiobraziliense.com.br\/cbradar\/wp-json\/wp\/v2\/media?parent=104898"}],"wp:term":[{"taxonomy":"category","embeddable":true,"href":"https:\/\/www.correiobraziliense.com.br\/cbradar\/wp-json\/wp\/v2\/categories?post=104898"},{"taxonomy":"post_tag","embeddable":true,"href":"https:\/\/www.correiobraziliense.com.br\/cbradar\/wp-json\/wp\/v2\/post_tag?post=104898"}],"curies":[{"name":"wp","href":"https:\/\/api.w.org\/{rel}","templated":true}]}}