{"id":10498,"date":"2025-03-09T19:30:00","date_gmt":"2025-03-09T22:30:00","guid":{"rendered":"https:\/\/www.correiobraziliense.com.br\/cbradar\/?p=10498"},"modified":"2025-03-08T09:47:44","modified_gmt":"2025-03-08T12:47:44","slug":"netflix-anuncia-segunda-temporada-de-ninguem-quer","status":"publish","type":"post","link":"https:\/\/www.correiobraziliense.com.br\/cbradar\/netflix-anuncia-segunda-temporada-de-ninguem-quer\/","title":{"rendered":"Netflix anuncia segunda temporada de &#8220;Ningu\u00e9m Quer&#8221;"},"content":{"rendered":"\n<p>A <strong>Netflix <\/strong>revelou que a segunda temporada da s\u00e9rie &#8220;<strong>Ningu\u00e9m Quer<\/strong>&#8221; j\u00e1 est\u00e1 em fase de grava\u00e7\u00e3o. A not\u00edcia foi recebida com entusiasmo pelos f\u00e3s, especialmente ap\u00f3s a divulga\u00e7\u00e3o de uma nova imagem dos protagonistas <strong>Kristen Bell e Adam Brody<\/strong>. A s\u00e9rie, que estreou em setembro do ano passado, rapidamente conquistou o p\u00fablico e garantiu sua renova\u00e7\u00e3o em apenas um m\u00eas.<\/p>\n\n\n\n<p>O sucesso da produ\u00e7\u00e3o n\u00e3o passou despercebido, e &#8220;Ningu\u00e9m Quer&#8221; figurou entre as s\u00e9ries mais populares da plataforma. Com uma trama envolvente, a s\u00e9rie promete continuar a cativar os espectadores com novos epis\u00f3dios e desenvolvimentos intrigantes.<\/p>\n\n\n\n<h2 class=\"wp-block-heading\"><strong>O que esperar da nova temporada?<\/strong><\/h2>\n\n\n\n<p>A segunda temporada de &#8220;Ningu\u00e9m Quer&#8221; trar\u00e1 mudan\u00e7as significativas nos bastidores. Os roteiros ser\u00e3o assinados por <strong>Jenni Konner e Bruce Eric Kaplan<\/strong>, conhecidos por seu trabalho na s\u00e9rie &#8220;<strong>Girls<\/strong>&#8220;, da <strong>HBO<\/strong>. <strong>Erin Foster<\/strong>, criadora da s\u00e9rie, continuar\u00e1 envolvida como produtora-executiva, garantindo que a ess\u00eancia original da trama seja mantida.<\/p>\n\n\n\n<p>Na hist\u00f3ria, os personagens principais, Joanne e Noah, interpretados por <strong>Bell e Brody<\/strong>, enfrentam novos desafios em seu relacionamento. Joanne, uma apresentadora de podcast agn\u00f3stica, e <strong>Noah<\/strong>, um rabino nada convencional, descobriram na primeira temporada que suas diferen\u00e7as podem tanto aproxim\u00e1-los quanto afast\u00e1-los.<\/p>\n\n\n\n<iframe loading=\"lazy\" width=\"560\" height=\"315\" src=\"https:\/\/www.youtube.com\/embed\/i57S8G4283A?si=bNKgErrgs5cQ-7aP\" title=\"YouTube video player\" frameborder=\"0\" allow=\"accelerometer; autoplay; clipboard-write; encrypted-media; gyroscope; picture-in-picture; web-share\" referrerpolicy=\"strict-origin-when-cross-origin\" allowfullscreen><\/iframe>\n\n\n\n<h2 class=\"wp-block-heading\"><strong>Quem s\u00e3o os novos rostos da s\u00e9rie?<\/strong><\/h2>\n\n\n\n<p>Al\u00e9m do retorno dos protagonistas, a nova temporada contar\u00e1 com a participa\u00e7\u00e3o de Leighton Meester. Conhecida por seu papel em &#8220;Gossip Girl&#8221;, Meester interpretar\u00e1 a ex-&#8220;inimiga da escola fundamental&#8221; de Joanne, adicionando uma nova din\u00e2mica \u00e0 trama. Essa adi\u00e7\u00e3o promete trazer ainda mais tens\u00e3o e humor \u00e0 s\u00e9rie.<\/p>\n\n\n\n<p>Os f\u00e3s est\u00e3o ansiosos para ver como essa nova personagem influenciar\u00e1 a rela\u00e7\u00e3o entre Joanne e Noah, e como os roteiristas explorar\u00e3o essas intera\u00e7\u00f5es complexas.<\/p>\n\n\n\n<h2 class=\"wp-block-heading\"><strong>Quando a nova temporada ser\u00e1 lan\u00e7ada?<\/strong><\/h2>\n\n\n\n<p>Ainda n\u00e3o h\u00e1 uma data oficial de lan\u00e7amento para a segunda temporada de &#8220;Ningu\u00e9m Quer&#8221;. No entanto, a expectativa \u00e9 alta, e os f\u00e3s aguardam ansiosamente por mais informa\u00e7\u00f5es. Enquanto isso, a s\u00e9rie continua a ser um dos destaques da Netflix, atraindo novos espectadores e mantendo seu lugar entre as produ\u00e7\u00f5es mais assistidas.<\/p>\n\n\n\n<p>Com um elenco talentoso e uma equipe de roteiristas experiente, a nova temporada promete ser t\u00e3o envolvente quanto a primeira, oferecendo uma mistura de romance, com\u00e9dia e drama que conquistou o p\u00fablico.<\/p>\n\n\n\n<figure class=\"wp-block-image size-large\"><img decoding=\"async\" width=\"1024\" height=\"576\" src=\"https:\/\/www.correiobraziliense.com.br\/cbradar\/wp-content\/uploads\/2025\/03\/Ninguem-Quer-2-1024x576.png\" alt=\"Netflix anuncia segunda temporada de &quot;Ningu\u00e9m Quer&quot;\" class=\"wp-image-10505\" srcset=\"https:\/\/www.correiobraziliense.com.br\/cbradar\/wp-content\/uploads\/2025\/03\/Ninguem-Quer-2-1024x576.png 1024w, https:\/\/www.correiobraziliense.com.br\/cbradar\/wp-content\/uploads\/2025\/03\/Ninguem-Quer-2-300x169.png 300w, https:\/\/www.correiobraziliense.com.br\/cbradar\/wp-content\/uploads\/2025\/03\/Ninguem-Quer-2-768x432.png 768w, https:\/\/www.correiobraziliense.com.br\/cbradar\/wp-content\/uploads\/2025\/03\/Ninguem-Quer-2-750x422.png 750w, https:\/\/www.correiobraziliense.com.br\/cbradar\/wp-content\/uploads\/2025\/03\/Ninguem-Quer-2-1140x641.png 1140w, https:\/\/www.correiobraziliense.com.br\/cbradar\/wp-content\/uploads\/2025\/03\/Ninguem-Quer-2.png 1280w\" sizes=\"(max-width: 1024px) 100vw, 1024px\" \/><figcaption class=\"wp-element-caption\">Ningu\u00e9m Quer. Fonte: divulga\u00e7\u00e3o \/Netflix<\/figcaption><\/figure>\n\n\n\n<h2 class=\"wp-block-heading\"><strong>Produ\u00e7\u00f5es anteriores dos protagonistas<\/strong><\/h2>\n\n\n\n<p>Para aqueles que desejam explorar mais trabalhos dos protagonistas de &#8220;Ningu\u00e9m Quer&#8221;, h\u00e1 v\u00e1rias op\u00e7\u00f5es dispon\u00edveis. Kristen Bell \u00e9 amplamente reconhecida por seu papel em &#8220;The Good Place&#8221;, enquanto Adam Brody \u00e9 lembrado por sua atua\u00e7\u00e3o em &#8220;The O.C.&#8221;. Ambas as s\u00e9ries est\u00e3o dispon\u00edveis em plataformas de streaming, permitindo que os f\u00e3s revisitem ou descubram essas produ\u00e7\u00f5es.<\/p>\n\n\n\n<p>Essas s\u00e9ries destacam o talento dos atores e oferecem uma vis\u00e3o de suas habilidades antes de se unirem em &#8220;Ningu\u00e9m Quer&#8221;. Com a continua\u00e7\u00e3o da s\u00e9rie, o p\u00fablico pode esperar performances ainda mais memor\u00e1veis e envolventes.<\/p>\n","protected":false},"excerpt":{"rendered":"<p>Netflix anuncia a segunda temporada da s\u00e9rie popular Ningu\u00e9m Quer, com retorno de Kristen Bell e Adam Brody.<\/p>\n","protected":false},"author":3,"featured_media":10504,"comment_status":"open","ping_status":"open","sticky":false,"template":"","format":"standard","meta":{"_yoast_wpseo_focuskw":"Netflix Ningu\u00e9m Quer","_yoast_wpseo_title":"%%title%%","_yoast_wpseo_metadesc":"Netflix anuncia a segunda temporada da s\u00e9rie popular Ningu\u00e9m Quer, com retorno de Kristen Bell e Adam Brody.","jnews-multi-image_gallery":[],"jnews_single_post":{"format":"standard"},"jnews_primary_category":[],"jnews_social_meta":[],"jnews_override_counter":[],"footnotes":""},"categories":[140],"post_tag":[141,1688,568],"class_list":["post-10498","post","type-post","status-publish","format-standard","has-post-thumbnail","hentry","category-entretenimento","tag-netflix","tag-ninguem-quer","tag-series-e-filmes"],"yoast_head":"<!-- This site is optimized with the Yoast SEO plugin v24.6 - https:\/\/yoast.com\/wordpress\/plugins\/seo\/ -->\n<title>Netflix anuncia segunda temporada de &quot;Ningu\u00e9m Quer&quot;<\/title>\n<meta name=\"description\" content=\"Netflix anuncia a segunda temporada da s\u00e9rie popular Ningu\u00e9m Quer, com retorno de Kristen Bell e Adam Brody.\" \/>\n<meta name=\"robots\" content=\"index, follow, max-snippet:-1, max-image-preview:large, max-video-preview:-1\" \/>\n<link rel=\"canonical\" href=\"https:\/\/www.correiobraziliense.com.br\/cbradar\/netflix-anuncia-segunda-temporada-de-ninguem-quer\/\" \/>\n<meta property=\"og:locale\" content=\"pt_BR\" \/>\n<meta property=\"og:type\" content=\"article\" \/>\n<meta property=\"og:title\" content=\"Netflix anuncia segunda temporada de &quot;Ningu\u00e9m Quer&quot;\" \/>\n<meta property=\"og:description\" content=\"Netflix anuncia a segunda temporada da s\u00e9rie popular Ningu\u00e9m Quer, com retorno de Kristen Bell e Adam Brody.\" \/>\n<meta property=\"og:url\" content=\"https:\/\/www.correiobraziliense.com.br\/cbradar\/netflix-anuncia-segunda-temporada-de-ninguem-quer\/\" \/>\n<meta property=\"og:site_name\" content=\"Correio Braziliense - Radar\" \/>\n<meta property=\"article:published_time\" content=\"2025-03-09T22:30:00+00:00\" \/>\n<meta property=\"og:image\" content=\"https:\/\/www.correiobraziliense.com.br\/cbradar\/wp-content\/uploads\/2025\/03\/Ninguem-Quer.png\" \/>\n\t<meta property=\"og:image:width\" content=\"1280\" \/>\n\t<meta property=\"og:image:height\" content=\"720\" \/>\n\t<meta property=\"og:image:type\" content=\"image\/png\" \/>\n<meta name=\"author\" content=\"Larissa Carvalho\" \/>\n<meta name=\"twitter:card\" content=\"summary_large_image\" \/>\n<meta name=\"twitter:label1\" content=\"Escrito por\" \/>\n\t<meta name=\"twitter:data1\" content=\"Larissa Carvalho\" \/>\n\t<meta name=\"twitter:label2\" content=\"Est. tempo de leitura\" \/>\n\t<meta name=\"twitter:data2\" content=\"3 minutos\" \/>\n<!-- \/ Yoast SEO plugin. -->","yoast_head_json":{"title":"Netflix anuncia segunda temporada de \"Ningu\u00e9m Quer\"","description":"Netflix anuncia a segunda temporada da s\u00e9rie popular Ningu\u00e9m Quer, com retorno de Kristen Bell e Adam Brody.","robots":{"index":"index","follow":"follow","max-snippet":"max-snippet:-1","max-image-preview":"max-image-preview:large","max-video-preview":"max-video-preview:-1"},"canonical":"https:\/\/www.correiobraziliense.com.br\/cbradar\/netflix-anuncia-segunda-temporada-de-ninguem-quer\/","og_locale":"pt_BR","og_type":"article","og_title":"Netflix anuncia segunda temporada de \"Ningu\u00e9m Quer\"","og_description":"Netflix anuncia a segunda temporada da s\u00e9rie popular Ningu\u00e9m Quer, com retorno de Kristen Bell e Adam Brody.","og_url":"https:\/\/www.correiobraziliense.com.br\/cbradar\/netflix-anuncia-segunda-temporada-de-ninguem-quer\/","og_site_name":"Correio Braziliense - Radar","article_published_time":"2025-03-09T22:30:00+00:00","og_image":[{"width":1280,"height":720,"url":"https:\/\/www.correiobraziliense.com.br\/cbradar\/wp-content\/uploads\/2025\/03\/Ninguem-Quer.png","type":"image\/png"}],"author":"Larissa Carvalho","twitter_card":"summary_large_image","twitter_misc":{"Escrito por":"Larissa Carvalho","Est. tempo de leitura":"3 minutos"},"schema":{"@context":"https:\/\/schema.org","@graph":[{"@type":"WebPage","@id":"https:\/\/www.correiobraziliense.com.br\/cbradar\/netflix-anuncia-segunda-temporada-de-ninguem-quer\/","url":"https:\/\/www.correiobraziliense.com.br\/cbradar\/netflix-anuncia-segunda-temporada-de-ninguem-quer\/","name":"Netflix anuncia segunda temporada de \"Ningu\u00e9m Quer\"","isPartOf":{"@id":"https:\/\/www.correiobraziliense.com.br\/cbradar\/#website"},"primaryImageOfPage":{"@id":"https:\/\/www.correiobraziliense.com.br\/cbradar\/netflix-anuncia-segunda-temporada-de-ninguem-quer\/#primaryimage"},"image":{"@id":"https:\/\/www.correiobraziliense.com.br\/cbradar\/netflix-anuncia-segunda-temporada-de-ninguem-quer\/#primaryimage"},"thumbnailUrl":"https:\/\/www.correiobraziliense.com.br\/cbradar\/wp-content\/uploads\/2025\/03\/Ninguem-Quer.png","datePublished":"2025-03-09T22:30:00+00:00","author":{"@id":"https:\/\/www.correiobraziliense.com.br\/cbradar\/#\/schema\/person\/58422787644df994b53a19d3e56c1513"},"description":"Netflix anuncia a segunda temporada da s\u00e9rie popular Ningu\u00e9m Quer, com retorno de Kristen Bell e Adam Brody.","breadcrumb":{"@id":"https:\/\/www.correiobraziliense.com.br\/cbradar\/netflix-anuncia-segunda-temporada-de-ninguem-quer\/#breadcrumb"},"inLanguage":"pt-BR","potentialAction":[{"@type":"ReadAction","target":["https:\/\/www.correiobraziliense.com.br\/cbradar\/netflix-anuncia-segunda-temporada-de-ninguem-quer\/"]}]},{"@type":"ImageObject","inLanguage":"pt-BR","@id":"https:\/\/www.correiobraziliense.com.br\/cbradar\/netflix-anuncia-segunda-temporada-de-ninguem-quer\/#primaryimage","url":"https:\/\/www.correiobraziliense.com.br\/cbradar\/wp-content\/uploads\/2025\/03\/Ninguem-Quer.png","contentUrl":"https:\/\/www.correiobraziliense.com.br\/cbradar\/wp-content\/uploads\/2025\/03\/Ninguem-Quer.png","width":1280,"height":720,"caption":"Ningu\u00e9m Quer. Fonte: divulga\u00e7\u00e3o \/Netflix"},{"@type":"BreadcrumbList","@id":"https:\/\/www.correiobraziliense.com.br\/cbradar\/netflix-anuncia-segunda-temporada-de-ninguem-quer\/#breadcrumb","itemListElement":[{"@type":"ListItem","position":1,"name":"In\u00edcio","item":"https:\/\/www.correiobraziliense.com.br\/cbradar\/"},{"@type":"ListItem","position":2,"name":"Netflix anuncia segunda temporada de &#8220;Ningu\u00e9m Quer&#8221;"}]},{"@type":"WebSite","@id":"https:\/\/www.correiobraziliense.com.br\/cbradar\/#website","url":"https:\/\/www.correiobraziliense.com.br\/cbradar\/","name":"Correio Braziliense - Radar","description":"Acompanhe as \u00faltimas not\u00edcias e fique bem informado sobre tudo o que acontece no Brasil e no mundo.","potentialAction":[{"@type":"SearchAction","target":{"@type":"EntryPoint","urlTemplate":"https:\/\/www.correiobraziliense.com.br\/cbradar\/?s={search_term_string}"},"query-input":{"@type":"PropertyValueSpecification","valueRequired":true,"valueName":"search_term_string"}}],"inLanguage":"pt-BR"},{"@type":"Person","@id":"https:\/\/www.correiobraziliense.com.br\/cbradar\/#\/schema\/person\/58422787644df994b53a19d3e56c1513","name":"Larissa Carvalho","image":{"@type":"ImageObject","inLanguage":"pt-BR","@id":"https:\/\/www.correiobraziliense.com.br\/cbradar\/#\/schema\/person\/image\/","url":"https:\/\/secure.gravatar.com\/avatar\/fe4f91a0de32b52a838d0d612abdc1aa?s=96&d=mm&r=g","contentUrl":"https:\/\/secure.gravatar.com\/avatar\/fe4f91a0de32b52a838d0d612abdc1aa?s=96&d=mm&r=g","caption":"Larissa Carvalho"},"url":"https:\/\/www.correiobraziliense.com.br\/cbradar\/author\/larissamyth\/"}]}},"_links":{"self":[{"href":"https:\/\/www.correiobraziliense.com.br\/cbradar\/wp-json\/wp\/v2\/posts\/10498","targetHints":{"allow":["GET"]}}],"collection":[{"href":"https:\/\/www.correiobraziliense.com.br\/cbradar\/wp-json\/wp\/v2\/posts"}],"about":[{"href":"https:\/\/www.correiobraziliense.com.br\/cbradar\/wp-json\/wp\/v2\/types\/post"}],"author":[{"embeddable":true,"href":"https:\/\/www.correiobraziliense.com.br\/cbradar\/wp-json\/wp\/v2\/users\/3"}],"replies":[{"embeddable":true,"href":"https:\/\/www.correiobraziliense.com.br\/cbradar\/wp-json\/wp\/v2\/comments?post=10498"}],"version-history":[{"count":1,"href":"https:\/\/www.correiobraziliense.com.br\/cbradar\/wp-json\/wp\/v2\/posts\/10498\/revisions"}],"predecessor-version":[{"id":10506,"href":"https:\/\/www.correiobraziliense.com.br\/cbradar\/wp-json\/wp\/v2\/posts\/10498\/revisions\/10506"}],"wp:featuredmedia":[{"embeddable":true,"href":"https:\/\/www.correiobraziliense.com.br\/cbradar\/wp-json\/wp\/v2\/media\/10504"}],"wp:attachment":[{"href":"https:\/\/www.correiobraziliense.com.br\/cbradar\/wp-json\/wp\/v2\/media?parent=10498"}],"wp:term":[{"taxonomy":"category","embeddable":true,"href":"https:\/\/www.correiobraziliense.com.br\/cbradar\/wp-json\/wp\/v2\/categories?post=10498"},{"taxonomy":"post_tag","embeddable":true,"href":"https:\/\/www.correiobraziliense.com.br\/cbradar\/wp-json\/wp\/v2\/post_tag?post=10498"}],"curies":[{"name":"wp","href":"https:\/\/api.w.org\/{rel}","templated":true}]}}