{"id":105103,"date":"2025-09-17T13:23:00","date_gmt":"2025-09-17T16:23:00","guid":{"rendered":"https:\/\/www.correiobraziliense.com.br\/cbradar\/?p=105103"},"modified":"2025-09-16T22:26:15","modified_gmt":"2025-09-17T01:26:15","slug":"como-calcular-o-peso-ideal-em-adultos-e-criancas","status":"publish","type":"post","link":"https:\/\/www.correiobraziliense.com.br\/cbradar\/como-calcular-o-peso-ideal-em-adultos-e-criancas\/","title":{"rendered":"Como calcular o peso ideal em adultos e crian\u00e7as"},"content":{"rendered":"\n<p>O conceito de\u00a0<strong>Peso Ideal<\/strong>\u00a0\u00e9 amplamente utilizado como um indicador de <a href=\"https:\/\/www.correiobraziliense.com.br\/cbradar\/dra-najla-smaili-dermatologista-o-segredo-definitivo-para-devolver-o-brilho-da-sua-pele\/\" target=\"_blank\" rel=\"noreferrer noopener\">sa\u00fade<\/a>, refletindo uma faixa de peso que \u00e9 considerada adequada para uma determinada altura, ajudando a minimizar o risco de condi\u00e7\u00f5es como obesidade e desnutri\u00e7\u00e3o. O c\u00e1lculo do Peso Ideal em adultos frequentemente envolve o uso do \u00cdndice de Massa Corporal (IMC), que relaciona peso e altura, embora n\u00e3o considere diretamente a quantidade de gordura, massa muscular ou \u00e1gua corporal. Em crian\u00e7as, a avalia\u00e7\u00e3o do peso ideal depende da idade e sexo, variando, por exemplo, entre percentis de crescimento e o IMC infantil em diferentes etapas do desenvolvimento.<\/p>\n\n\n\n<p>Embora o\u00a0<em>IMC<\/em>\u00a0seja um par\u00e2metro comum na avalia\u00e7\u00e3o do Peso Ideal, ele possui suas limita\u00e7\u00f5es. Indiv\u00edduos com elevada massa muscular ou reten\u00e7\u00e3o de fluidos podem ter seus resultados mascarados quando analisados apenas por esse \u00edndice. Assim, recomenda-se a consulta com um profissional de sa\u00fade ou nutricionista, que pode oferecer uma avalia\u00e7\u00e3o mais abrangente. Esta avalia\u00e7\u00e3o pode incluir a an\u00e1lise da composi\u00e7\u00e3o corporal e outros aspectos do estilo de vida, como n\u00edvel de atividade f\u00edsica e h\u00e1bitos alimentares.<\/p>\n\n\n\n<h2 class=\"wp-block-heading\">Como calcular o Peso Ideal em crian\u00e7as?<\/h2>\n\n\n\n<p>Para crian\u00e7as, o monitoramento do peso \u00e9 uma ferramenta crucial para acompanhar seu crescimento e desenvolvimento. At\u00e9 os dois anos, o peso \u00e9 geralmente avaliado por gr\u00e1ficos de percentis que comparam o crescimento da crian\u00e7a a padr\u00f5es de refer\u00eancia. Entre os dois e cinco anos, a rela\u00e7\u00e3o entre peso e altura se torna mais relevante. A partir dos cinco anos, o IMC infantil pode ser utilizado para avaliar de maneira mais precisa o estado nutricional.<\/p>\n\n\n\n<h2 class=\"wp-block-heading\">O que fazer quando o peso est\u00e1 fora da faixa ideal?<\/h2>\n\n\n<div class=\"wp-block-image\">\n<figure class=\"aligncenter size-large\"><img decoding=\"async\" width=\"1024\" height=\"576\" src=\"https:\/\/www.correiobraziliense.com.br\/cbradar\/wp-content\/uploads\/2025\/08\/peso-ideal_1754417443794-1024x576.jpg\" alt=\"\" class=\"wp-image-81434\" srcset=\"https:\/\/www.correiobraziliense.com.br\/cbradar\/wp-content\/uploads\/2025\/08\/peso-ideal_1754417443794-1024x576.jpg 1024w, https:\/\/www.correiobraziliense.com.br\/cbradar\/wp-content\/uploads\/2025\/08\/peso-ideal_1754417443794-300x169.jpg 300w, https:\/\/www.correiobraziliense.com.br\/cbradar\/wp-content\/uploads\/2025\/08\/peso-ideal_1754417443794-768x432.jpg 768w, https:\/\/www.correiobraziliense.com.br\/cbradar\/wp-content\/uploads\/2025\/08\/peso-ideal_1754417443794-750x422.jpg 750w, https:\/\/www.correiobraziliense.com.br\/cbradar\/wp-content\/uploads\/2025\/08\/peso-ideal_1754417443794-1140x641.jpg 1140w, https:\/\/www.correiobraziliense.com.br\/cbradar\/wp-content\/uploads\/2025\/08\/peso-ideal_1754417443794.jpg 1280w\" sizes=\"(max-width: 1024px) 100vw, 1024px\" \/><figcaption class=\"wp-element-caption\">peso ideal &#8211; Cr\u00e9ditos: depositphotos.com \/ EstefaniRM<\/figcaption><\/figure><\/div>\n\n\n<p>Quando uma pessoa se encontra fora do Peso Ideal, \u00e9 aconselh\u00e1vel buscar a consultoria de um nutricionista. Esse profissional pode desenvolver um plano alimentar customizado, visando tanto \u00e0 perda quanto ao ganho de peso, sempre focando na sa\u00fade geral. Para os que desejam perder peso, recomenda-se uma dieta rica em fibras e baixa em calorias, junto com a pr\u00e1tica regular de exerc\u00edcios f\u00edsicos. J\u00e1 para aqueles que necessitam ganhar peso, uma dieta rica em prote\u00ednas, acompanhada por uma rotina de exerc\u00edcios de resist\u00eancia, pode promover um ganho de massa muscular saud\u00e1vel.<\/p>\n\n\n\n<h2 class=\"wp-block-heading\">Qual \u00e9 a import\u00e2ncia da composi\u00e7\u00e3o corporal?<\/h2>\n\n\n\n<p>A composi\u00e7\u00e3o corporal se refere \u00e0 propor\u00e7\u00e3o de gordura, m\u00fasculo e outros componentes no corpo. Avaliar essa composi\u00e7\u00e3o \u00e9 crucial, pois mesmo pessoas com IMC normal podem ter uma porcentagem de gordura corporal elevada, aumentando o risco de doen\u00e7as metab\u00f3licas. Al\u00e9m disso, a rela\u00e7\u00e3o cintura-quadril \u00e9 outra medida importante que ajuda a indicar riscos associados a doen\u00e7as cardiovasculares, como infarto e diabetes.<\/p>\n\n\n\n<h2 class=\"wp-block-heading\">Como garantir um planejamento eficaz na gest\u00e3o de peso?<\/h2>\n\n\n\n<p>Para alcan\u00e7ar e manter o Peso Ideal, \u00e9 necess\u00e1rio um\u00a0<strong>plano individualizado e equilibrado<\/strong>. Isso envolve ajustar o consumo de nutrientes conforme as necessidades energ\u00e9ticas e o perfil de sa\u00fade da pessoa. Em casos de obesidade m\u00f3rbida, a interven\u00e7\u00e3o pode incluir o uso de medicamentos ou a cirurgia bari\u00e1trica, ap\u00f3s a falha de outras abordagens conservadoras. A integra\u00e7\u00e3o de uma dieta adequada com pr\u00e1tica regular de atividades f\u00edsicas pode otimizar a sa\u00fade e promover o bem-estar geral.<\/p>\n\n\n<a href=\"https:\/\/www.instagram.com\/dra.annaluisabf\/\" target=\"_blank\" rel=\"noopener\" style=\"text-decoration: none; color: inherit;\">\n    <span style=\"display: inline-block; border: 1px solid #ccc; border-radius: 10px; padding: 15px; max-width: 550px; font-family: sans-serif; box-shadow: 0 2px 5px rgba(0,0,0,0.1); width: 100%;\">\n\n      <!-- T\u00edtulo -->\n      <span style=\"display: block; margin: 0 0 15px 0; font-weight: bold; color: #2c3e50; text-align: center;\">\n        Entre em contato:\n      <\/span>\n\n      <!-- Linha do perfil -->\n      <span style=\"display: flex; align-items: center; gap: 15px;\">\n        <img decoding=\"async\"\n          src=\"https:\/\/www.correiobraziliense.com.br\/cbradar\/wp-content\/uploads\/2025\/08\/dra_anna_luisa.jpeg\"\n          alt=\"Foto da Dra. Anna Lu\u00edsa\"\n          style=\"border-radius: 50%; width: 80px; height: 80px; object-fit: cover;\"\n        \/>\n        <span style=\"display: flex; flex-direction: column;\">\n          <span style=\"font-size: 18px; font-weight: 700; color: #2c3e50;\">Dra. Anna Lu\u00edsa Barbosa Fernandes<\/span>\n          <span style=\"color: #555;\">CRM-GO 33.271<\/span>\n        <\/span>\n      <\/span>\n\n      <!-- Redes -->\n      <span style=\"display: flex; align-items: center; gap: 10px; margin-top: 12px;\">\n        <img decoding=\"async\" src=\"https:\/\/cdn-icons-png.flaticon.com\/24\/1384\/1384063.png\" alt=\"Instagram\" width=\"24\" height=\"24\" \/>\n        <span style=\"text-decoration: underline; color: #2c3e50;\">@dra.annaluisabf<\/span>\n      <\/span>\n\n    <\/span>\n  <\/a>","protected":false},"excerpt":{"rendered":"<p>O conceito de\u00a0Peso Ideal\u00a0\u00e9 amplamente utilizado como um indicador de sa\u00fade, refletindo uma faixa de peso que \u00e9 considerada adequada para uma determinada altura, ajudando a minimizar o risco de condi\u00e7\u00f5es como obesidade e desnutri\u00e7\u00e3o. O c\u00e1lculo do Peso Ideal em adultos frequentemente envolve o uso do \u00cdndice de Massa Corporal (IMC), que relaciona peso [&hellip;]<\/p>\n","protected":false},"author":14,"featured_media":81432,"comment_status":"open","ping_status":"open","sticky":false,"template":"","format":"standard","meta":{"_yoast_wpseo_focuskw":"Peso Ideal","_yoast_wpseo_title":"","_yoast_wpseo_metadesc":"O IMC ajuda no c\u00e1lculo do peso ideal, mas n\u00e3o avalia gordura ou m\u00fasculos. Veja como nutricionistas fazem uma an\u00e1lise mais completa","jnews-multi-image_gallery":[],"jnews_single_post":{"format":"standard"},"jnews_primary_category":[],"jnews_social_meta":[],"jnews_override_counter":[],"footnotes":""},"categories":[4404],"post_tag":[281,120,1318],"class_list":["post-105103","post","type-post","status-publish","format-standard","has-post-thumbnail","hentry","category-saude","tag-alimentacao","tag-bem-estar","tag-saude-2"],"yoast_head":"<!-- This site is optimized with the Yoast SEO plugin v24.6 - https:\/\/yoast.com\/wordpress\/plugins\/seo\/ -->\n<title>Como calcular o peso ideal em adultos e crian\u00e7as - Correio Braziliense - Radar<\/title>\n<meta name=\"description\" content=\"O IMC ajuda no c\u00e1lculo do peso ideal, mas n\u00e3o avalia gordura ou m\u00fasculos. Veja como nutricionistas fazem uma an\u00e1lise mais completa\" \/>\n<meta name=\"robots\" content=\"index, follow, max-snippet:-1, max-image-preview:large, max-video-preview:-1\" \/>\n<link rel=\"canonical\" href=\"https:\/\/www.correiobraziliense.com.br\/cbradar\/como-calcular-o-peso-ideal-em-adultos-e-criancas\/\" \/>\n<meta property=\"og:locale\" content=\"pt_BR\" \/>\n<meta property=\"og:type\" content=\"article\" \/>\n<meta property=\"og:title\" content=\"Como calcular o peso ideal em adultos e crian\u00e7as - Correio Braziliense - Radar\" \/>\n<meta property=\"og:description\" content=\"O IMC ajuda no c\u00e1lculo do peso ideal, mas n\u00e3o avalia gordura ou m\u00fasculos. Veja como nutricionistas fazem uma an\u00e1lise mais completa\" \/>\n<meta property=\"og:url\" content=\"https:\/\/www.correiobraziliense.com.br\/cbradar\/como-calcular-o-peso-ideal-em-adultos-e-criancas\/\" \/>\n<meta property=\"og:site_name\" content=\"Correio Braziliense - Radar\" \/>\n<meta property=\"article:published_time\" content=\"2025-09-17T16:23:00+00:00\" \/>\n<meta property=\"og:image\" content=\"https:\/\/www.correiobraziliense.com.br\/cbradar\/wp-content\/uploads\/2025\/08\/peso-ideal_1754417404372.jpg\" \/>\n\t<meta property=\"og:image:width\" content=\"1279\" \/>\n\t<meta property=\"og:image:height\" content=\"720\" \/>\n\t<meta property=\"og:image:type\" content=\"image\/jpeg\" \/>\n<meta name=\"author\" content=\"guilherme_saude\" \/>\n<meta name=\"twitter:card\" content=\"summary_large_image\" \/>\n<meta name=\"twitter:label1\" content=\"Escrito por\" \/>\n\t<meta name=\"twitter:data1\" content=\"guilherme_saude\" \/>\n\t<meta name=\"twitter:label2\" content=\"Est. tempo de leitura\" \/>\n\t<meta name=\"twitter:data2\" content=\"4 minutos\" \/>\n<!-- \/ Yoast SEO plugin. -->","yoast_head_json":{"title":"Como calcular o peso ideal em adultos e crian\u00e7as - Correio Braziliense - Radar","description":"O IMC ajuda no c\u00e1lculo do peso ideal, mas n\u00e3o avalia gordura ou m\u00fasculos. Veja como nutricionistas fazem uma an\u00e1lise mais completa","robots":{"index":"index","follow":"follow","max-snippet":"max-snippet:-1","max-image-preview":"max-image-preview:large","max-video-preview":"max-video-preview:-1"},"canonical":"https:\/\/www.correiobraziliense.com.br\/cbradar\/como-calcular-o-peso-ideal-em-adultos-e-criancas\/","og_locale":"pt_BR","og_type":"article","og_title":"Como calcular o peso ideal em adultos e crian\u00e7as - Correio Braziliense - Radar","og_description":"O IMC ajuda no c\u00e1lculo do peso ideal, mas n\u00e3o avalia gordura ou m\u00fasculos. Veja como nutricionistas fazem uma an\u00e1lise mais completa","og_url":"https:\/\/www.correiobraziliense.com.br\/cbradar\/como-calcular-o-peso-ideal-em-adultos-e-criancas\/","og_site_name":"Correio Braziliense - Radar","article_published_time":"2025-09-17T16:23:00+00:00","og_image":[{"width":1279,"height":720,"url":"https:\/\/www.correiobraziliense.com.br\/cbradar\/wp-content\/uploads\/2025\/08\/peso-ideal_1754417404372.jpg","type":"image\/jpeg"}],"author":"guilherme_saude","twitter_card":"summary_large_image","twitter_misc":{"Escrito por":"guilherme_saude","Est. tempo de leitura":"4 minutos"},"schema":{"@context":"https:\/\/schema.org","@graph":[{"@type":"WebPage","@id":"https:\/\/www.correiobraziliense.com.br\/cbradar\/como-calcular-o-peso-ideal-em-adultos-e-criancas\/","url":"https:\/\/www.correiobraziliense.com.br\/cbradar\/como-calcular-o-peso-ideal-em-adultos-e-criancas\/","name":"Como calcular o peso ideal em adultos e crian\u00e7as - Correio Braziliense - Radar","isPartOf":{"@id":"https:\/\/www.correiobraziliense.com.br\/cbradar\/#website"},"primaryImageOfPage":{"@id":"https:\/\/www.correiobraziliense.com.br\/cbradar\/como-calcular-o-peso-ideal-em-adultos-e-criancas\/#primaryimage"},"image":{"@id":"https:\/\/www.correiobraziliense.com.br\/cbradar\/como-calcular-o-peso-ideal-em-adultos-e-criancas\/#primaryimage"},"thumbnailUrl":"https:\/\/www.correiobraziliense.com.br\/cbradar\/wp-content\/uploads\/2025\/08\/peso-ideal_1754417404372.jpg","datePublished":"2025-09-17T16:23:00+00:00","author":{"@id":"https:\/\/www.correiobraziliense.com.br\/cbradar\/#\/schema\/person\/5aa4bf3c8fa699c267933611de12978b"},"description":"O IMC ajuda no c\u00e1lculo do peso ideal, mas n\u00e3o avalia gordura ou m\u00fasculos. Veja como nutricionistas fazem uma an\u00e1lise mais completa","breadcrumb":{"@id":"https:\/\/www.correiobraziliense.com.br\/cbradar\/como-calcular-o-peso-ideal-em-adultos-e-criancas\/#breadcrumb"},"inLanguage":"pt-BR","potentialAction":[{"@type":"ReadAction","target":["https:\/\/www.correiobraziliense.com.br\/cbradar\/como-calcular-o-peso-ideal-em-adultos-e-criancas\/"]}]},{"@type":"ImageObject","inLanguage":"pt-BR","@id":"https:\/\/www.correiobraziliense.com.br\/cbradar\/como-calcular-o-peso-ideal-em-adultos-e-criancas\/#primaryimage","url":"https:\/\/www.correiobraziliense.com.br\/cbradar\/wp-content\/uploads\/2025\/08\/peso-ideal_1754417404372.jpg","contentUrl":"https:\/\/www.correiobraziliense.com.br\/cbradar\/wp-content\/uploads\/2025\/08\/peso-ideal_1754417404372.jpg","width":1279,"height":720,"caption":"Peso ideal - Cr\u00e9ditos: depositphotos.com \/ konstantynov"},{"@type":"BreadcrumbList","@id":"https:\/\/www.correiobraziliense.com.br\/cbradar\/como-calcular-o-peso-ideal-em-adultos-e-criancas\/#breadcrumb","itemListElement":[{"@type":"ListItem","position":1,"name":"In\u00edcio","item":"https:\/\/www.correiobraziliense.com.br\/cbradar\/"},{"@type":"ListItem","position":2,"name":"Como calcular o peso ideal em adultos e crian\u00e7as"}]},{"@type":"WebSite","@id":"https:\/\/www.correiobraziliense.com.br\/cbradar\/#website","url":"https:\/\/www.correiobraziliense.com.br\/cbradar\/","name":"Correio Braziliense - Radar","description":"Acompanhe as \u00faltimas not\u00edcias e fique bem informado sobre tudo o que acontece no Brasil e no mundo.","potentialAction":[{"@type":"SearchAction","target":{"@type":"EntryPoint","urlTemplate":"https:\/\/www.correiobraziliense.com.br\/cbradar\/?s={search_term_string}"},"query-input":{"@type":"PropertyValueSpecification","valueRequired":true,"valueName":"search_term_string"}}],"inLanguage":"pt-BR"},{"@type":"Person","@id":"https:\/\/www.correiobraziliense.com.br\/cbradar\/#\/schema\/person\/5aa4bf3c8fa699c267933611de12978b","name":"guilherme_saude","image":{"@type":"ImageObject","inLanguage":"pt-BR","@id":"https:\/\/www.correiobraziliense.com.br\/cbradar\/#\/schema\/person\/image\/","url":"https:\/\/secure.gravatar.com\/avatar\/df9adfb835d344bc0af109d41756253f?s=96&d=mm&r=g","contentUrl":"https:\/\/secure.gravatar.com\/avatar\/df9adfb835d344bc0af109d41756253f?s=96&d=mm&r=g","caption":"guilherme_saude"},"url":"https:\/\/www.correiobraziliense.com.br\/cbradar\/author\/guilherme_saude\/"}]}},"_links":{"self":[{"href":"https:\/\/www.correiobraziliense.com.br\/cbradar\/wp-json\/wp\/v2\/posts\/105103","targetHints":{"allow":["GET"]}}],"collection":[{"href":"https:\/\/www.correiobraziliense.com.br\/cbradar\/wp-json\/wp\/v2\/posts"}],"about":[{"href":"https:\/\/www.correiobraziliense.com.br\/cbradar\/wp-json\/wp\/v2\/types\/post"}],"author":[{"embeddable":true,"href":"https:\/\/www.correiobraziliense.com.br\/cbradar\/wp-json\/wp\/v2\/users\/14"}],"replies":[{"embeddable":true,"href":"https:\/\/www.correiobraziliense.com.br\/cbradar\/wp-json\/wp\/v2\/comments?post=105103"}],"version-history":[{"count":1,"href":"https:\/\/www.correiobraziliense.com.br\/cbradar\/wp-json\/wp\/v2\/posts\/105103\/revisions"}],"predecessor-version":[{"id":105109,"href":"https:\/\/www.correiobraziliense.com.br\/cbradar\/wp-json\/wp\/v2\/posts\/105103\/revisions\/105109"}],"wp:featuredmedia":[{"embeddable":true,"href":"https:\/\/www.correiobraziliense.com.br\/cbradar\/wp-json\/wp\/v2\/media\/81432"}],"wp:attachment":[{"href":"https:\/\/www.correiobraziliense.com.br\/cbradar\/wp-json\/wp\/v2\/media?parent=105103"}],"wp:term":[{"taxonomy":"category","embeddable":true,"href":"https:\/\/www.correiobraziliense.com.br\/cbradar\/wp-json\/wp\/v2\/categories?post=105103"},{"taxonomy":"post_tag","embeddable":true,"href":"https:\/\/www.correiobraziliense.com.br\/cbradar\/wp-json\/wp\/v2\/post_tag?post=105103"}],"curies":[{"name":"wp","href":"https:\/\/api.w.org\/{rel}","templated":true}]}}