{"id":105110,"date":"2025-09-17T15:53:00","date_gmt":"2025-09-17T18:53:00","guid":{"rendered":"https:\/\/www.correiobraziliense.com.br\/cbradar\/?p=105110"},"modified":"2025-09-16T22:30:08","modified_gmt":"2025-09-17T01:30:08","slug":"metilfolato-ajuda-a-prevenir-doencas-e-deficiencias","status":"publish","type":"post","link":"https:\/\/www.correiobraziliense.com.br\/cbradar\/metilfolato-ajuda-a-prevenir-doencas-e-deficiencias\/","title":{"rendered":"Metilfolato ajuda a prevenir doen\u00e7as e defici\u00eancias"},"content":{"rendered":"\n<p>O <strong>Metilfolato<\/strong>, tamb\u00e9m conhecido como L-Metilfolato, \u00e9 um suplemento amplamente reconhecido por sua capacidade de fornecer a forma ativa da vitamina B9, essencial para diversos processos biol\u00f3gicos. Seus benef\u00edcios s\u00e3o m\u00faltiplos, variando desde a preven\u00e7\u00e3o de doen\u00e7as cong\u00eanitas at\u00e9 a potencializa\u00e7\u00e3o de tratamentos para condi\u00e7\u00f5es como anemia e risco cardiovascular. Ao ser a forma ativa da vitamina B9, o Metilfolato n\u00e3o requer convers\u00e3o adicional pelo organismo, o que aprimora significativamente sua absor\u00e7\u00e3o e efic\u00e1cia.<\/p>\n\n\n\n<p>Um dos usos mais not\u00e1veis do Metilfolato \u00e9 na preven\u00e7\u00e3o de doen\u00e7as cong\u00eanitas, tais como espinha b\u00edfida e l\u00e1bio leporino, condi\u00e7\u00f5es relacionadas ao desenvolvimento nervoso do feto. Essa conex\u00e3o se deve \u00e0 necessidade cr\u00edtica de \u00e1cido f\u00f3lico durante o desenvolvimento embrion\u00e1rio. Al\u00e9m disso, o suplemento desempenha um papel vital no tratamento da anemia megalobl\u00e1stica, uma condi\u00e7\u00e3o marcada pela defici\u00eancia de vitamina B9, contribuindo para a forma\u00e7\u00e3o de gl\u00f3bulos vermelhos saud\u00e1veis.<\/p>\n\n\n\n<h2 class=\"wp-block-heading\">Como o Metilfolato atua no organismo para evitar doen\u00e7as cardiovasculares?<\/h2>\n\n\n\n<p>O Metilfolato atua regulando os n\u00edveis de homociste\u00edna, um amino\u00e1cido que, em altas concentra\u00e7\u00f5es, \u00e9 associado a um risco aumentado de doen\u00e7as cardiovasculares. O equil\u00edbrio dos n\u00edveis de homociste\u00edna \u00e9 essencial para a manuten\u00e7\u00e3o da <a href=\"https:\/\/www.correiobraziliense.com.br\/cbradar\/dra-najla-smaili-dermatologista-o-segredo-definitivo-para-devolver-o-brilho-da-sua-pele\/\" target=\"_blank\" rel=\"noreferrer noopener\">sa\u00fade <\/a>dos vasos sangu\u00edneos, prevenindo condi\u00e7\u00f5es como aterosclerose e infarto. Atrav\u00e9s desse mecanismo, o Metilfolato emerge como um aliado importante em regimes de preven\u00e7\u00e3o cardiovascular, especialmente em pessoas predispostas a tais condi\u00e7\u00f5es.<\/p>\n\n\n\n<h2 class=\"wp-block-heading\">Metilfolato \u00e9 eficaz no tratamento de transtornos mentais?<\/h2>\n\n\n<div class=\"wp-block-image\">\n<figure class=\"aligncenter size-large\"><img decoding=\"async\" width=\"1024\" height=\"576\" src=\"https:\/\/www.correiobraziliense.com.br\/cbradar\/wp-content\/uploads\/2025\/08\/crianca-saude-mental_1755004936231-1024x576.jpg\" alt=\"\" class=\"wp-image-85351\" srcset=\"https:\/\/www.correiobraziliense.com.br\/cbradar\/wp-content\/uploads\/2025\/08\/crianca-saude-mental_1755004936231-1024x576.jpg 1024w, https:\/\/www.correiobraziliense.com.br\/cbradar\/wp-content\/uploads\/2025\/08\/crianca-saude-mental_1755004936231-300x169.jpg 300w, https:\/\/www.correiobraziliense.com.br\/cbradar\/wp-content\/uploads\/2025\/08\/crianca-saude-mental_1755004936231-768x432.jpg 768w, https:\/\/www.correiobraziliense.com.br\/cbradar\/wp-content\/uploads\/2025\/08\/crianca-saude-mental_1755004936231-750x422.jpg 750w, https:\/\/www.correiobraziliense.com.br\/cbradar\/wp-content\/uploads\/2025\/08\/crianca-saude-mental_1755004936231-1140x641.jpg 1140w, https:\/\/www.correiobraziliense.com.br\/cbradar\/wp-content\/uploads\/2025\/08\/crianca-saude-mental_1755004936231.jpg 1280w\" sizes=\"(max-width: 1024px) 100vw, 1024px\" \/><figcaption class=\"wp-element-caption\">Sa\u00fade mental da crian\u00e7a &#8211; Cr\u00e9ditos: depositphotos.com \/ AndrewLozovyi<\/figcaption><\/figure><\/div>\n\n\n<p>Al\u00e9m de seu impacto f\u00edsico, o Metilfolato tamb\u00e9m influencia a <a href=\"https:\/\/www.gov.br\/saude\/pt-br\" target=\"_blank\" rel=\"noreferrer noopener\">sa\u00fade <\/a>mental ao promover a forma\u00e7\u00e3o de neurotransmissores fundamentais, como a dopamina e a serotonina. Essas subst\u00e2ncias qu\u00edmicas reguladoras do humor s\u00e3o cruciais no tratamento de transtornos como ansiedade e depress\u00e3o. A adequa\u00e7\u00e3o dos n\u00edveis de vitamina B9 no organismo pode potencializar a efic\u00e1cia dos antidepressivos, tornando os tratamentos mais r\u00e1pidos e eficazes.<\/p>\n\n\n\n<h2 class=\"wp-block-heading\">Quais s\u00e3o as recomenda\u00e7\u00f5es e precau\u00e7\u00f5es ao utilizar Metilfolato?<\/h2>\n\n\n\n<p>A administra\u00e7\u00e3o de Metilfolato deve ser realizada sob a orienta\u00e7\u00e3o de um profissional de sa\u00fade, como um m\u00e9dico ou nutricionista. O suplemento est\u00e1 dispon\u00edvel em diferentes formas e concentra\u00e7\u00f5es, sendo importante seguir a dosagem recomendada para cada caso. \u00c9 aconselh\u00e1vel ingerir o suplemento durante uma refei\u00e7\u00e3o para maximizar a sua absor\u00e7\u00e3o. Apesar dos benef\u00edcios, \u00e9 imprescind\u00edvel estar ciente dos poss\u00edveis efeitos colaterais, como irritabilidade e rea\u00e7\u00f5es al\u00e9rgicas, e das contra-indica\u00e7\u00f5es, que incluem condi\u00e7\u00f5es espec\u00edficas de sa\u00fade e intera\u00e7\u00f5es medicamentosas.<\/p>\n\n\n\n<h2 class=\"wp-block-heading\">Metilfolato \u00e9 a melhor escolha de suplemento de vitamina B9?<\/h2>\n\n\n\n<p>Na escolha entre as diferentes formas de vitamina B9, o Metilfolato se destaca por sua alta biodisponibilidade, essencial para gr\u00e1vidas e pessoas com dificuldades metab\u00f3licas. A sua superioridade em compara\u00e7\u00e3o com o \u00e1cido f\u00f3lico padr\u00e3o reside na sua prontid\u00e3o de uso imediato pelo corpo sem a necessidade de convers\u00e3o. Contudo, diferentes formas de Metilfolato oferecem absor\u00e7\u00f5es semelhantes, como o L-Metilfolato e o metilfolato de c\u00e1lcio, ambos adequados durante a gravidez segundo diretrizes de sa\u00fade.<\/p>\n\n\n\n<p>O Metilfolato, com suas m\u00faltiplas aplica\u00e7\u00f5es, demonstra ser mais do que um suplemento comum, contribuindo para a melhoria da sa\u00fade em diversos contextos. Seu uso deve ser sempre orientado por profissionais qualificados, garantindo que seus efeitos ben\u00e9ficos sejam totalmente aproveitados. Seja para a preven\u00e7\u00e3o de defici\u00eancias durante a gravidez ou para potencializar tratamentos, o Metilfolato representa uma escolha informada e eficaz.<\/p>\n\n\n<a href=\"https:\/\/www.instagram.com\/dra.annaluisabf\/\" target=\"_blank\" rel=\"noopener\" style=\"text-decoration: none; color: inherit;\">\n    <span style=\"display: inline-block; border: 1px solid #ccc; border-radius: 10px; padding: 15px; max-width: 550px; font-family: sans-serif; box-shadow: 0 2px 5px rgba(0,0,0,0.1); width: 100%;\">\n\n      <!-- T\u00edtulo -->\n      <span style=\"display: block; margin: 0 0 15px 0; font-weight: bold; color: #2c3e50; text-align: center;\">\n        Entre em contato:\n      <\/span>\n\n      <!-- Linha do perfil -->\n      <span style=\"display: flex; align-items: center; gap: 15px;\">\n        <img decoding=\"async\"\n          src=\"https:\/\/www.correiobraziliense.com.br\/cbradar\/wp-content\/uploads\/2025\/08\/dra_anna_luisa.jpeg\"\n          alt=\"Foto da Dra. Anna Lu\u00edsa\"\n          style=\"border-radius: 50%; width: 80px; height: 80px; object-fit: cover;\"\n        \/>\n        <span style=\"display: flex; flex-direction: column;\">\n          <span style=\"font-size: 18px; font-weight: 700; color: #2c3e50;\">Dra. Anna Lu\u00edsa Barbosa Fernandes<\/span>\n          <span style=\"color: #555;\">CRM-GO 33.271<\/span>\n        <\/span>\n      <\/span>\n\n      <!-- Redes -->\n      <span style=\"display: flex; align-items: center; gap: 10px; margin-top: 12px;\">\n        <img decoding=\"async\" src=\"https:\/\/cdn-icons-png.flaticon.com\/24\/1384\/1384063.png\" alt=\"Instagram\" width=\"24\" height=\"24\" \/>\n        <span style=\"text-decoration: underline; color: #2c3e50;\">@dra.annaluisabf<\/span>\n      <\/span>\n\n    <\/span>\n  <\/a>","protected":false},"excerpt":{"rendered":"<p>O Metilfolato, tamb\u00e9m conhecido como L-Metilfolato, \u00e9 um suplemento amplamente reconhecido por sua capacidade de fornecer a forma ativa da vitamina B9, essencial para diversos processos biol\u00f3gicos. Seus benef\u00edcios s\u00e3o m\u00faltiplos, variando desde a preven\u00e7\u00e3o de doen\u00e7as cong\u00eanitas at\u00e9 a potencializa\u00e7\u00e3o de tratamentos para condi\u00e7\u00f5es como anemia e risco cardiovascular. Ao ser a forma ativa [&hellip;]<\/p>\n","protected":false},"author":14,"featured_media":62099,"comment_status":"open","ping_status":"open","sticky":false,"template":"","format":"standard","meta":{"_yoast_wpseo_focuskw":"Metilfolato","_yoast_wpseo_title":"","_yoast_wpseo_metadesc":"O metilfolato \u00e9 seguro e eficaz na gesta\u00e7\u00e3o e no controle da homociste\u00edna, com papel chave na sa\u00fade vascular e no sistema nervoso","jnews-multi-image_gallery":[],"jnews_single_post":{"format":"standard"},"jnews_primary_category":[],"jnews_social_meta":[],"jnews_override_counter":[],"footnotes":""},"categories":[4404],"tags":[1423,120,1318],"class_list":["post-105110","post","type-post","status-publish","format-standard","has-post-thumbnail","hentry","category-saude","tag-alimentos","tag-bem-estar","tag-saude-2"],"yoast_head":"<!-- This site is optimized with the Yoast SEO plugin v24.6 - https:\/\/yoast.com\/wordpress\/plugins\/seo\/ -->\n<title>Metilfolato ajuda a prevenir doen\u00e7as e defici\u00eancias - Correio Braziliense - Radar<\/title>\n<meta name=\"description\" content=\"O metilfolato \u00e9 seguro e eficaz na gesta\u00e7\u00e3o e no controle da homociste\u00edna, com papel chave na sa\u00fade vascular e no sistema nervoso\" \/>\n<meta name=\"robots\" content=\"index, follow, max-snippet:-1, max-image-preview:large, max-video-preview:-1\" \/>\n<link rel=\"canonical\" href=\"https:\/\/www.correiobraziliense.com.br\/cbradar\/metilfolato-ajuda-a-prevenir-doencas-e-deficiencias\/\" \/>\n<meta property=\"og:locale\" content=\"pt_BR\" \/>\n<meta property=\"og:type\" content=\"article\" \/>\n<meta property=\"og:title\" content=\"Metilfolato ajuda a prevenir doen\u00e7as e defici\u00eancias - Correio Braziliense - Radar\" \/>\n<meta property=\"og:description\" content=\"O metilfolato \u00e9 seguro e eficaz na gesta\u00e7\u00e3o e no controle da homociste\u00edna, com papel chave na sa\u00fade vascular e no sistema nervoso\" \/>\n<meta property=\"og:url\" content=\"https:\/\/www.correiobraziliense.com.br\/cbradar\/metilfolato-ajuda-a-prevenir-doencas-e-deficiencias\/\" \/>\n<meta property=\"og:site_name\" content=\"Correio Braziliense - Radar\" \/>\n<meta property=\"article:published_time\" content=\"2025-09-17T18:53:00+00:00\" \/>\n<meta property=\"og:image\" content=\"https:\/\/www.correiobraziliense.com.br\/cbradar\/wp-content\/uploads\/2025\/06\/Automedicacao_1751290427318.jpg\" \/>\n\t<meta property=\"og:image:width\" content=\"1280\" \/>\n\t<meta property=\"og:image:height\" content=\"720\" \/>\n\t<meta property=\"og:image:type\" content=\"image\/jpeg\" \/>\n<meta name=\"author\" content=\"guilherme_saude\" \/>\n<meta name=\"twitter:card\" content=\"summary_large_image\" \/>\n<meta name=\"twitter:label1\" content=\"Escrito por\" \/>\n\t<meta name=\"twitter:data1\" content=\"guilherme_saude\" \/>\n\t<meta name=\"twitter:label2\" content=\"Est. tempo de leitura\" \/>\n\t<meta name=\"twitter:data2\" content=\"4 minutos\" \/>\n<!-- \/ Yoast SEO plugin. -->","yoast_head_json":{"title":"Metilfolato ajuda a prevenir doen\u00e7as e defici\u00eancias - Correio Braziliense - Radar","description":"O metilfolato \u00e9 seguro e eficaz na gesta\u00e7\u00e3o e no controle da homociste\u00edna, com papel chave na sa\u00fade vascular e no sistema nervoso","robots":{"index":"index","follow":"follow","max-snippet":"max-snippet:-1","max-image-preview":"max-image-preview:large","max-video-preview":"max-video-preview:-1"},"canonical":"https:\/\/www.correiobraziliense.com.br\/cbradar\/metilfolato-ajuda-a-prevenir-doencas-e-deficiencias\/","og_locale":"pt_BR","og_type":"article","og_title":"Metilfolato ajuda a prevenir doen\u00e7as e defici\u00eancias - Correio Braziliense - Radar","og_description":"O metilfolato \u00e9 seguro e eficaz na gesta\u00e7\u00e3o e no controle da homociste\u00edna, com papel chave na sa\u00fade vascular e no sistema nervoso","og_url":"https:\/\/www.correiobraziliense.com.br\/cbradar\/metilfolato-ajuda-a-prevenir-doencas-e-deficiencias\/","og_site_name":"Correio Braziliense - Radar","article_published_time":"2025-09-17T18:53:00+00:00","og_image":[{"width":1280,"height":720,"url":"https:\/\/www.correiobraziliense.com.br\/cbradar\/wp-content\/uploads\/2025\/06\/Automedicacao_1751290427318.jpg","type":"image\/jpeg"}],"author":"guilherme_saude","twitter_card":"summary_large_image","twitter_misc":{"Escrito por":"guilherme_saude","Est. tempo de leitura":"4 minutos"},"schema":{"@context":"https:\/\/schema.org","@graph":[{"@type":"WebPage","@id":"https:\/\/www.correiobraziliense.com.br\/cbradar\/metilfolato-ajuda-a-prevenir-doencas-e-deficiencias\/","url":"https:\/\/www.correiobraziliense.com.br\/cbradar\/metilfolato-ajuda-a-prevenir-doencas-e-deficiencias\/","name":"Metilfolato ajuda a prevenir doen\u00e7as e defici\u00eancias - Correio Braziliense - Radar","isPartOf":{"@id":"https:\/\/www.correiobraziliense.com.br\/cbradar\/#website"},"primaryImageOfPage":{"@id":"https:\/\/www.correiobraziliense.com.br\/cbradar\/metilfolato-ajuda-a-prevenir-doencas-e-deficiencias\/#primaryimage"},"image":{"@id":"https:\/\/www.correiobraziliense.com.br\/cbradar\/metilfolato-ajuda-a-prevenir-doencas-e-deficiencias\/#primaryimage"},"thumbnailUrl":"https:\/\/www.correiobraziliense.com.br\/cbradar\/wp-content\/uploads\/2025\/06\/Automedicacao_1751290427318.jpg","datePublished":"2025-09-17T18:53:00+00:00","author":{"@id":"https:\/\/www.correiobraziliense.com.br\/cbradar\/#\/schema\/person\/5aa4bf3c8fa699c267933611de12978b"},"description":"O metilfolato \u00e9 seguro e eficaz na gesta\u00e7\u00e3o e no controle da homociste\u00edna, com papel chave na sa\u00fade vascular e no sistema nervoso","breadcrumb":{"@id":"https:\/\/www.correiobraziliense.com.br\/cbradar\/metilfolato-ajuda-a-prevenir-doencas-e-deficiencias\/#breadcrumb"},"inLanguage":"pt-BR","potentialAction":[{"@type":"ReadAction","target":["https:\/\/www.correiobraziliense.com.br\/cbradar\/metilfolato-ajuda-a-prevenir-doencas-e-deficiencias\/"]}]},{"@type":"ImageObject","inLanguage":"pt-BR","@id":"https:\/\/www.correiobraziliense.com.br\/cbradar\/metilfolato-ajuda-a-prevenir-doencas-e-deficiencias\/#primaryimage","url":"https:\/\/www.correiobraziliense.com.br\/cbradar\/wp-content\/uploads\/2025\/06\/Automedicacao_1751290427318.jpg","contentUrl":"https:\/\/www.correiobraziliense.com.br\/cbradar\/wp-content\/uploads\/2025\/06\/Automedicacao_1751290427318.jpg","width":1280,"height":720,"caption":"Medicamentos -Cr\u00e9ditos: depositphotos.com \/ VBaleha"},{"@type":"BreadcrumbList","@id":"https:\/\/www.correiobraziliense.com.br\/cbradar\/metilfolato-ajuda-a-prevenir-doencas-e-deficiencias\/#breadcrumb","itemListElement":[{"@type":"ListItem","position":1,"name":"In\u00edcio","item":"https:\/\/www.correiobraziliense.com.br\/cbradar\/"},{"@type":"ListItem","position":2,"name":"Metilfolato ajuda a prevenir doen\u00e7as e defici\u00eancias"}]},{"@type":"WebSite","@id":"https:\/\/www.correiobraziliense.com.br\/cbradar\/#website","url":"https:\/\/www.correiobraziliense.com.br\/cbradar\/","name":"Correio Braziliense - Radar","description":"Acompanhe as \u00faltimas not\u00edcias e fique bem informado sobre tudo o que acontece no Brasil e no mundo.","potentialAction":[{"@type":"SearchAction","target":{"@type":"EntryPoint","urlTemplate":"https:\/\/www.correiobraziliense.com.br\/cbradar\/?s={search_term_string}"},"query-input":{"@type":"PropertyValueSpecification","valueRequired":true,"valueName":"search_term_string"}}],"inLanguage":"pt-BR"},{"@type":"Person","@id":"https:\/\/www.correiobraziliense.com.br\/cbradar\/#\/schema\/person\/5aa4bf3c8fa699c267933611de12978b","name":"guilherme_saude","image":{"@type":"ImageObject","inLanguage":"pt-BR","@id":"https:\/\/www.correiobraziliense.com.br\/cbradar\/#\/schema\/person\/image\/","url":"https:\/\/secure.gravatar.com\/avatar\/df9adfb835d344bc0af109d41756253f?s=96&d=mm&r=g","contentUrl":"https:\/\/secure.gravatar.com\/avatar\/df9adfb835d344bc0af109d41756253f?s=96&d=mm&r=g","caption":"guilherme_saude"},"url":"https:\/\/www.correiobraziliense.com.br\/cbradar\/author\/guilherme_saude\/"}]}},"_links":{"self":[{"href":"https:\/\/www.correiobraziliense.com.br\/cbradar\/wp-json\/wp\/v2\/posts\/105110","targetHints":{"allow":["GET"]}}],"collection":[{"href":"https:\/\/www.correiobraziliense.com.br\/cbradar\/wp-json\/wp\/v2\/posts"}],"about":[{"href":"https:\/\/www.correiobraziliense.com.br\/cbradar\/wp-json\/wp\/v2\/types\/post"}],"author":[{"embeddable":true,"href":"https:\/\/www.correiobraziliense.com.br\/cbradar\/wp-json\/wp\/v2\/users\/14"}],"replies":[{"embeddable":true,"href":"https:\/\/www.correiobraziliense.com.br\/cbradar\/wp-json\/wp\/v2\/comments?post=105110"}],"version-history":[{"count":1,"href":"https:\/\/www.correiobraziliense.com.br\/cbradar\/wp-json\/wp\/v2\/posts\/105110\/revisions"}],"predecessor-version":[{"id":105111,"href":"https:\/\/www.correiobraziliense.com.br\/cbradar\/wp-json\/wp\/v2\/posts\/105110\/revisions\/105111"}],"wp:featuredmedia":[{"embeddable":true,"href":"https:\/\/www.correiobraziliense.com.br\/cbradar\/wp-json\/wp\/v2\/media\/62099"}],"wp:attachment":[{"href":"https:\/\/www.correiobraziliense.com.br\/cbradar\/wp-json\/wp\/v2\/media?parent=105110"}],"wp:term":[{"taxonomy":"category","embeddable":true,"href":"https:\/\/www.correiobraziliense.com.br\/cbradar\/wp-json\/wp\/v2\/categories?post=105110"},{"taxonomy":"post_tag","embeddable":true,"href":"https:\/\/www.correiobraziliense.com.br\/cbradar\/wp-json\/wp\/v2\/tags?post=105110"}],"curies":[{"name":"wp","href":"https:\/\/api.w.org\/{rel}","templated":true}]}}