{"id":105119,"date":"2025-09-17T20:53:00","date_gmt":"2025-09-17T23:53:00","guid":{"rendered":"https:\/\/www.correiobraziliense.com.br\/cbradar\/?p=105119"},"modified":"2025-09-16T22:44:11","modified_gmt":"2025-09-17T01:44:11","slug":"eucalipto-alivia-sinusite-e-melhora-a-respiracao","status":"publish","type":"post","link":"https:\/\/www.correiobraziliense.com.br\/cbradar\/eucalipto-alivia-sinusite-e-melhora-a-respiracao\/","title":{"rendered":"Eucalipto alivia sinusite e melhora a respira\u00e7\u00e3o"},"content":{"rendered":"\n<p>Origin\u00e1rio da Austr\u00e1lia, o <strong>Eucalipto<\/strong>, especificamente da esp\u00e9cie\u00a0<em>Eucalyptus globulus<\/em>, \u00e9 uma \u00e1rvore amplamente reconhecida por suas propriedades ben\u00e9ficas \u00e0 sa\u00fade, especialmente em rela\u00e7\u00e3o ao sistema respirat\u00f3rio. Este artigo convida a uma viagem pelo universo terap\u00eautico do Eucalipto, explorando como suas caracter\u00edsticas naturais podem contribuir para o al\u00edvio da sinusite e outras enfermidades das vias respirat\u00f3rias.<\/p>\n\n\n\n<p>O segredo do eucalipto reside em seu \u00f3leo essencial, rico em eucaliptol. Este componente qu\u00edmico \u00e9 especialmente eficaz na promo\u00e7\u00e3o de uma respira\u00e7\u00e3o mais livre, gra\u00e7as \u00e0 sua capacidade de afinar o muco e facilitar sua elimina\u00e7\u00e3o, al\u00e9m de dilatar passagens nasais, proporcionando um al\u00edvio not\u00e1vel aos que sofrem de congest\u00e3o. A pr\u00e1tica de inala\u00e7\u00f5es a vapor, que envolve a introdu\u00e7\u00e3o de gotas deste \u00f3leo em \u00e1gua quente, \u00e9 uma t\u00e9cnica popular para se beneficiar desses efeitos.<\/p>\n\n\n\n<h2 class=\"wp-block-heading\">De que forma o Eucaliptoatua na redu\u00e7\u00e3o da inflama\u00e7\u00e3o nas vias respirat\u00f3rias?<\/h2>\n\n\n\n<p>Mais do que um mero expectorante, o eucalipto possui propriedades anti-inflamat\u00f3rias significativas. Isto se deve aos fitoqu\u00edmicos presentes em suas folhas, que ajudam o corpo a modular suas respostas inflamat\u00f3rias naturais. Este mecanismo \u00e9 especialmente valioso no tratamento de sinusite, onde a inflama\u00e7\u00e3o dos seios da face resulta em sintomas como dor de cabe\u00e7a e sensibilidade facial.<\/p>\n\n\n<div class=\"wp-block-image\">\n<figure class=\"aligncenter size-large\"><img decoding=\"async\" width=\"1024\" height=\"576\" src=\"https:\/\/www.correiobraziliense.com.br\/cbradar\/wp-content\/uploads\/2025\/09\/Eucalipto_1758073374775-1024x576.jpg\" alt=\"\" class=\"wp-image-105121\" srcset=\"https:\/\/www.correiobraziliense.com.br\/cbradar\/wp-content\/uploads\/2025\/09\/Eucalipto_1758073374775-1024x576.jpg 1024w, https:\/\/www.correiobraziliense.com.br\/cbradar\/wp-content\/uploads\/2025\/09\/Eucalipto_1758073374775-300x169.jpg 300w, https:\/\/www.correiobraziliense.com.br\/cbradar\/wp-content\/uploads\/2025\/09\/Eucalipto_1758073374775-768x432.jpg 768w, https:\/\/www.correiobraziliense.com.br\/cbradar\/wp-content\/uploads\/2025\/09\/Eucalipto_1758073374775-750x422.jpg 750w, https:\/\/www.correiobraziliense.com.br\/cbradar\/wp-content\/uploads\/2025\/09\/Eucalipto_1758073374775-1140x641.jpg 1140w, https:\/\/www.correiobraziliense.com.br\/cbradar\/wp-content\/uploads\/2025\/09\/Eucalipto_1758073374775.jpg 1280w\" sizes=\"(max-width: 1024px) 100vw, 1024px\" \/><figcaption class=\"wp-element-caption\">Eucalipto &#8211; Cr\u00e9ditos: depositphotos.com \/ wuttichok<\/figcaption><\/figure><\/div>\n\n\n<h2 class=\"wp-block-heading\">O Eucalipto \u00e9 eficaz contra microrganismos nocivos?<\/h2>\n\n\n\n<p>A a\u00e7\u00e3o antimicrobiana do eucaliptol tamb\u00e9m merece destaque. Ele atua inibindo o crescimento de diversas bact\u00e9rias e v\u00edrus, tornando-se um aliado valioso no combate a infec\u00e7\u00f5es respirat\u00f3rias que muitas vezes est\u00e3o por tr\u00e1s de desconfortos nas vias a\u00e9reas. Sua efic\u00e1cia cobre um espectro amplo de agentes patol\u00f3gicos, refor\u00e7ando sua utilidade como um complemento seguro ao tratamento convencional das infec\u00e7\u00f5es de vias respirat\u00f3rias.<\/p>\n\n\n\n<h2 class=\"wp-block-heading\">Quais s\u00e3o os m\u00e9todos recomendados para a utiliza\u00e7\u00e3o do Eucaliptono al\u00edvio respirat\u00f3rio?<\/h2>\n\n\n\n<p>Dentre as diversas formas de utilizar o Eucalipto, a inala\u00e7\u00e3o a vapor se destaca como uma das mais eficazes. Esse m\u00e9todo \u00e9 f\u00e1cil de ser praticado em casa e proporciona um al\u00edvio quase instant\u00e2neo, pois o vapor quente, combinado com os \u00f3leos vol\u00e1teis do eucaliptol, ajudam a abrir as vias a\u00e9reas rapidamente. Alternativamente, o \u00f3leo de Eucalipto pode ser incorporado a pomadas ou cosm\u00e9ticos para aplica\u00e7\u00e3o t\u00f3pica, ampliando seu campo de a\u00e7\u00e3o terap\u00eautica.<\/p>\n\n\n\n<p>Em suma, o Eucalipto continua sendo explorado por seus m\u00faltiplos benef\u00edcios \u00e0 <a href=\"https:\/\/www.correiobraziliense.com.br\/cbradar\/dra-najla-smaili-dermatologista-o-segredo-definitivo-para-devolver-o-brilho-da-sua-pele\/\" target=\"_blank\" rel=\"noreferrer noopener\">sa\u00fade<\/a>, especialmente no contexto do sistema respirat\u00f3rio, onde suas propriedades descongestionantes, anti-inflamat\u00f3rias e antimicrobianas se destacam. Inserido no cotidiano atrav\u00e9s de pr\u00e1ticas simples, ele se consolida como um recurso natural importante para o bem-estar respirat\u00f3rio.<\/p>\n\n\n<a href=\"https:\/\/www.instagram.com\/dra.annaluisabf\/\" target=\"_blank\" rel=\"noopener\" style=\"text-decoration: none; color: inherit;\">\n    <span style=\"display: inline-block; border: 1px solid #ccc; border-radius: 10px; padding: 15px; max-width: 550px; font-family: sans-serif; box-shadow: 0 2px 5px rgba(0,0,0,0.1); width: 100%;\">\n\n      <!-- T\u00edtulo -->\n      <span style=\"display: block; margin: 0 0 15px 0; font-weight: bold; color: #2c3e50; text-align: center;\">\n        Entre em contato:\n      <\/span>\n\n      <!-- Linha do perfil -->\n      <span style=\"display: flex; align-items: center; gap: 15px;\">\n        <img decoding=\"async\"\n          src=\"https:\/\/www.correiobraziliense.com.br\/cbradar\/wp-content\/uploads\/2025\/08\/dra_anna_luisa.jpeg\"\n          alt=\"Foto da Dra. Anna Lu\u00edsa\"\n          style=\"border-radius: 50%; width: 80px; height: 80px; object-fit: cover;\"\n        \/>\n        <span style=\"display: flex; flex-direction: column;\">\n          <span style=\"font-size: 18px; font-weight: 700; color: #2c3e50;\">Dra. Anna Lu\u00edsa Barbosa Fernandes<\/span>\n          <span style=\"color: #555;\">CRM-GO 33.271<\/span>\n        <\/span>\n      <\/span>\n\n      <!-- Redes -->\n      <span style=\"display: flex; align-items: center; gap: 10px; margin-top: 12px;\">\n        <img decoding=\"async\" src=\"https:\/\/cdn-icons-png.flaticon.com\/24\/1384\/1384063.png\" alt=\"Instagram\" width=\"24\" height=\"24\" \/>\n        <span style=\"text-decoration: underline; color: #2c3e50;\">@dra.annaluisabf<\/span>\n      <\/span>\n\n    <\/span>\n  <\/a>","protected":false},"excerpt":{"rendered":"<p>Origin\u00e1rio da Austr\u00e1lia, o Eucalipto, especificamente da esp\u00e9cie\u00a0Eucalyptus globulus, \u00e9 uma \u00e1rvore amplamente reconhecida por suas propriedades ben\u00e9ficas \u00e0 sa\u00fade, especialmente em rela\u00e7\u00e3o ao sistema respirat\u00f3rio. Este artigo convida a uma viagem pelo universo terap\u00eautico do Eucalipto, explorando como suas caracter\u00edsticas naturais podem contribuir para o al\u00edvio da sinusite e outras enfermidades das vias respirat\u00f3rias. [&hellip;]<\/p>\n","protected":false},"author":14,"featured_media":105120,"comment_status":"open","ping_status":"open","sticky":false,"template":"","format":"standard","meta":{"_yoast_wpseo_focuskw":"Eucalipto","_yoast_wpseo_title":"","_yoast_wpseo_metadesc":"Com propriedades naturais, o eucalipto ajuda no al\u00edvio da sinusite, reduz inflama\u00e7\u00f5es e combate microrganismos","jnews-multi-image_gallery":[],"jnews_single_post":{"format":"standard"},"jnews_primary_category":[],"jnews_social_meta":[],"jnews_override_counter":[],"footnotes":""},"categories":[4404],"post_tag":[281,120,1318],"class_list":["post-105119","post","type-post","status-publish","format-standard","has-post-thumbnail","hentry","category-saude","tag-alimentacao","tag-bem-estar","tag-saude-2"],"yoast_head":"<!-- This site is optimized with the Yoast SEO plugin v24.6 - https:\/\/yoast.com\/wordpress\/plugins\/seo\/ -->\n<title>Eucalipto alivia sinusite e melhora a respira\u00e7\u00e3o - Correio Braziliense - Radar<\/title>\n<meta name=\"description\" content=\"Com propriedades naturais, o eucalipto ajuda no al\u00edvio da sinusite, reduz inflama\u00e7\u00f5es e combate microrganismos\" \/>\n<meta name=\"robots\" content=\"index, follow, max-snippet:-1, max-image-preview:large, max-video-preview:-1\" \/>\n<link rel=\"canonical\" href=\"https:\/\/www.correiobraziliense.com.br\/cbradar\/eucalipto-alivia-sinusite-e-melhora-a-respiracao\/\" \/>\n<meta property=\"og:locale\" content=\"pt_BR\" \/>\n<meta property=\"og:type\" content=\"article\" \/>\n<meta property=\"og:title\" content=\"Eucalipto alivia sinusite e melhora a respira\u00e7\u00e3o - Correio Braziliense - Radar\" \/>\n<meta property=\"og:description\" content=\"Com propriedades naturais, o eucalipto ajuda no al\u00edvio da sinusite, reduz inflama\u00e7\u00f5es e combate microrganismos\" \/>\n<meta property=\"og:url\" content=\"https:\/\/www.correiobraziliense.com.br\/cbradar\/eucalipto-alivia-sinusite-e-melhora-a-respiracao\/\" \/>\n<meta property=\"og:site_name\" content=\"Correio Braziliense - Radar\" \/>\n<meta property=\"article:published_time\" content=\"2025-09-17T23:53:00+00:00\" \/>\n<meta property=\"og:image\" content=\"https:\/\/www.correiobraziliense.com.br\/cbradar\/wp-content\/uploads\/2025\/09\/Eucalipto_1758073301248.jpg\" \/>\n\t<meta property=\"og:image:width\" content=\"1280\" \/>\n\t<meta property=\"og:image:height\" content=\"720\" \/>\n\t<meta property=\"og:image:type\" content=\"image\/jpeg\" \/>\n<meta name=\"author\" content=\"guilherme_saude\" \/>\n<meta name=\"twitter:card\" content=\"summary_large_image\" \/>\n<meta name=\"twitter:label1\" content=\"Escrito por\" \/>\n\t<meta name=\"twitter:data1\" content=\"guilherme_saude\" \/>\n\t<meta name=\"twitter:label2\" content=\"Est. tempo de leitura\" \/>\n\t<meta name=\"twitter:data2\" content=\"4 minutos\" \/>\n<!-- \/ Yoast SEO plugin. -->","yoast_head_json":{"title":"Eucalipto alivia sinusite e melhora a respira\u00e7\u00e3o - Correio Braziliense - Radar","description":"Com propriedades naturais, o eucalipto ajuda no al\u00edvio da sinusite, reduz inflama\u00e7\u00f5es e combate microrganismos","robots":{"index":"index","follow":"follow","max-snippet":"max-snippet:-1","max-image-preview":"max-image-preview:large","max-video-preview":"max-video-preview:-1"},"canonical":"https:\/\/www.correiobraziliense.com.br\/cbradar\/eucalipto-alivia-sinusite-e-melhora-a-respiracao\/","og_locale":"pt_BR","og_type":"article","og_title":"Eucalipto alivia sinusite e melhora a respira\u00e7\u00e3o - Correio Braziliense - Radar","og_description":"Com propriedades naturais, o eucalipto ajuda no al\u00edvio da sinusite, reduz inflama\u00e7\u00f5es e combate microrganismos","og_url":"https:\/\/www.correiobraziliense.com.br\/cbradar\/eucalipto-alivia-sinusite-e-melhora-a-respiracao\/","og_site_name":"Correio Braziliense - Radar","article_published_time":"2025-09-17T23:53:00+00:00","og_image":[{"width":1280,"height":720,"url":"https:\/\/www.correiobraziliense.com.br\/cbradar\/wp-content\/uploads\/2025\/09\/Eucalipto_1758073301248.jpg","type":"image\/jpeg"}],"author":"guilherme_saude","twitter_card":"summary_large_image","twitter_misc":{"Escrito por":"guilherme_saude","Est. tempo de leitura":"4 minutos"},"schema":{"@context":"https:\/\/schema.org","@graph":[{"@type":"WebPage","@id":"https:\/\/www.correiobraziliense.com.br\/cbradar\/eucalipto-alivia-sinusite-e-melhora-a-respiracao\/","url":"https:\/\/www.correiobraziliense.com.br\/cbradar\/eucalipto-alivia-sinusite-e-melhora-a-respiracao\/","name":"Eucalipto alivia sinusite e melhora a respira\u00e7\u00e3o - Correio Braziliense - Radar","isPartOf":{"@id":"https:\/\/www.correiobraziliense.com.br\/cbradar\/#website"},"primaryImageOfPage":{"@id":"https:\/\/www.correiobraziliense.com.br\/cbradar\/eucalipto-alivia-sinusite-e-melhora-a-respiracao\/#primaryimage"},"image":{"@id":"https:\/\/www.correiobraziliense.com.br\/cbradar\/eucalipto-alivia-sinusite-e-melhora-a-respiracao\/#primaryimage"},"thumbnailUrl":"https:\/\/www.correiobraziliense.com.br\/cbradar\/wp-content\/uploads\/2025\/09\/Eucalipto_1758073301248.jpg","datePublished":"2025-09-17T23:53:00+00:00","author":{"@id":"https:\/\/www.correiobraziliense.com.br\/cbradar\/#\/schema\/person\/5aa4bf3c8fa699c267933611de12978b"},"description":"Com propriedades naturais, o eucalipto ajuda no al\u00edvio da sinusite, reduz inflama\u00e7\u00f5es e combate microrganismos","breadcrumb":{"@id":"https:\/\/www.correiobraziliense.com.br\/cbradar\/eucalipto-alivia-sinusite-e-melhora-a-respiracao\/#breadcrumb"},"inLanguage":"pt-BR","potentialAction":[{"@type":"ReadAction","target":["https:\/\/www.correiobraziliense.com.br\/cbradar\/eucalipto-alivia-sinusite-e-melhora-a-respiracao\/"]}]},{"@type":"ImageObject","inLanguage":"pt-BR","@id":"https:\/\/www.correiobraziliense.com.br\/cbradar\/eucalipto-alivia-sinusite-e-melhora-a-respiracao\/#primaryimage","url":"https:\/\/www.correiobraziliense.com.br\/cbradar\/wp-content\/uploads\/2025\/09\/Eucalipto_1758073301248.jpg","contentUrl":"https:\/\/www.correiobraziliense.com.br\/cbradar\/wp-content\/uploads\/2025\/09\/Eucalipto_1758073301248.jpg","width":1280,"height":720,"caption":"Eucalipto - Cr\u00e9ditos: depositphotos.com \/ AntonMatyukha"},{"@type":"BreadcrumbList","@id":"https:\/\/www.correiobraziliense.com.br\/cbradar\/eucalipto-alivia-sinusite-e-melhora-a-respiracao\/#breadcrumb","itemListElement":[{"@type":"ListItem","position":1,"name":"In\u00edcio","item":"https:\/\/www.correiobraziliense.com.br\/cbradar\/"},{"@type":"ListItem","position":2,"name":"Eucalipto alivia sinusite e melhora a respira\u00e7\u00e3o"}]},{"@type":"WebSite","@id":"https:\/\/www.correiobraziliense.com.br\/cbradar\/#website","url":"https:\/\/www.correiobraziliense.com.br\/cbradar\/","name":"Correio Braziliense - Radar","description":"Acompanhe as \u00faltimas not\u00edcias e fique bem informado sobre tudo o que acontece no Brasil e no mundo.","potentialAction":[{"@type":"SearchAction","target":{"@type":"EntryPoint","urlTemplate":"https:\/\/www.correiobraziliense.com.br\/cbradar\/?s={search_term_string}"},"query-input":{"@type":"PropertyValueSpecification","valueRequired":true,"valueName":"search_term_string"}}],"inLanguage":"pt-BR"},{"@type":"Person","@id":"https:\/\/www.correiobraziliense.com.br\/cbradar\/#\/schema\/person\/5aa4bf3c8fa699c267933611de12978b","name":"guilherme_saude","image":{"@type":"ImageObject","inLanguage":"pt-BR","@id":"https:\/\/www.correiobraziliense.com.br\/cbradar\/#\/schema\/person\/image\/","url":"https:\/\/secure.gravatar.com\/avatar\/df9adfb835d344bc0af109d41756253f?s=96&d=mm&r=g","contentUrl":"https:\/\/secure.gravatar.com\/avatar\/df9adfb835d344bc0af109d41756253f?s=96&d=mm&r=g","caption":"guilherme_saude"},"url":"https:\/\/www.correiobraziliense.com.br\/cbradar\/author\/guilherme_saude\/"}]}},"_links":{"self":[{"href":"https:\/\/www.correiobraziliense.com.br\/cbradar\/wp-json\/wp\/v2\/posts\/105119","targetHints":{"allow":["GET"]}}],"collection":[{"href":"https:\/\/www.correiobraziliense.com.br\/cbradar\/wp-json\/wp\/v2\/posts"}],"about":[{"href":"https:\/\/www.correiobraziliense.com.br\/cbradar\/wp-json\/wp\/v2\/types\/post"}],"author":[{"embeddable":true,"href":"https:\/\/www.correiobraziliense.com.br\/cbradar\/wp-json\/wp\/v2\/users\/14"}],"replies":[{"embeddable":true,"href":"https:\/\/www.correiobraziliense.com.br\/cbradar\/wp-json\/wp\/v2\/comments?post=105119"}],"version-history":[{"count":1,"href":"https:\/\/www.correiobraziliense.com.br\/cbradar\/wp-json\/wp\/v2\/posts\/105119\/revisions"}],"predecessor-version":[{"id":105122,"href":"https:\/\/www.correiobraziliense.com.br\/cbradar\/wp-json\/wp\/v2\/posts\/105119\/revisions\/105122"}],"wp:featuredmedia":[{"embeddable":true,"href":"https:\/\/www.correiobraziliense.com.br\/cbradar\/wp-json\/wp\/v2\/media\/105120"}],"wp:attachment":[{"href":"https:\/\/www.correiobraziliense.com.br\/cbradar\/wp-json\/wp\/v2\/media?parent=105119"}],"wp:term":[{"taxonomy":"category","embeddable":true,"href":"https:\/\/www.correiobraziliense.com.br\/cbradar\/wp-json\/wp\/v2\/categories?post=105119"},{"taxonomy":"post_tag","embeddable":true,"href":"https:\/\/www.correiobraziliense.com.br\/cbradar\/wp-json\/wp\/v2\/post_tag?post=105119"}],"curies":[{"name":"wp","href":"https:\/\/api.w.org\/{rel}","templated":true}]}}