{"id":105124,"date":"2025-09-17T22:33:00","date_gmt":"2025-09-18T01:33:00","guid":{"rendered":"https:\/\/www.correiobraziliense.com.br\/cbradar\/?p=105124"},"modified":"2025-09-16T22:48:11","modified_gmt":"2025-09-17T01:48:11","slug":"beneficios-surpreendentes-da-erva-cidreira-para-corpo-e-mente","status":"publish","type":"post","link":"https:\/\/www.correiobraziliense.com.br\/cbradar\/beneficios-surpreendentes-da-erva-cidreira-para-corpo-e-mente\/","title":{"rendered":"Benef\u00edcios surpreendentes da Erva-Cidreira para corpo e mente"},"content":{"rendered":"\n<p>A <strong>Erva-Cidreira<\/strong>, tamb\u00e9m conhecida como\u00a0<em>Melissa officinalis<\/em>, \u00e9 uma planta herb\u00e1cea amplamente utilizada na medicina tradicional por suas propriedades ben\u00e9ficas. Seu uso remonta a tempos antigos, sendo empregada para aliviar tens\u00f5es nervosas e promover o relaxamento. Suas folhas, quando preparadas em forma de ch\u00e1 ou extrato, oferecem um al\u00edvio natural para diversos males.<\/p>\n\n\n\n<p>Os efeitos calmantes da Erva-Cidreira s\u00e3o atribu\u00eddos ao seu rico perfil de compostos, como o \u00e1cido rosmar\u00ednico. Este componente, em combina\u00e7\u00e3o com outros terpenos, age no sistema nervoso, ajudando a induzir uma sensa\u00e7\u00e3o de tranquilidade. Desta forma, a Erva-Cidreira \u00e9 frequentemente escolhida para complementar estrat\u00e9gias de manejo do estresse.<\/p>\n\n\n\n<h2 class=\"wp-block-heading\">Qual a a\u00e7\u00e3o da Erva-Cidreira no sono?<\/h2>\n\n\n\n<p>A Erva-Cidreira tem se mostrado eficaz no aux\u00edlio ao sono, gra\u00e7as \u00e0 sua capacidade de atuar como um leve sedativo. Pessoas que enfrentam ins\u00f4nia podem encontrar nessa planta um aliado, pois ela facilita o in\u00edcio e a manuten\u00e7\u00e3o de um sono saud\u00e1vel e reparador. Uma pr\u00e1tica comum \u00e9 consumir o ch\u00e1 de Erva-Cidreira antes de dormir, ajudando a criar um estado de calma prop\u00edcio para o descanso.<\/p>\n\n\n\n<h2 class=\"wp-block-heading\">Qual o papel da Melissa Officinalis na sa\u00fade digestiva?<\/h2>\n\n\n\n<p>Pouco reconhecida, mas igualmente importante, \u00e9 a contribui\u00e7\u00e3o da Erva-Cidreira para o trato digestivo. Com propriedades carminativas, ela pode aliviar desconfortos como gases e incha\u00e7o, enquanto a a\u00e7\u00e3o antiespasm\u00f3dica atua contra c\u00f3licas intestinais. Esses benef\u00edcios s\u00e3o especialmente valiosos para aqueles que experimentam dificuldades digestivas como resultado do estresse.<\/p>\n\n\n<div class=\"wp-block-image\">\n<figure class=\"aligncenter size-large\"><img decoding=\"async\" width=\"1024\" height=\"576\" src=\"https:\/\/www.correiobraziliense.com.br\/cbradar\/wp-content\/uploads\/2025\/06\/erva-cidreira_1748965294021-1024x576.jpg\" alt=\"\" class=\"wp-image-47506\" srcset=\"https:\/\/www.correiobraziliense.com.br\/cbradar\/wp-content\/uploads\/2025\/06\/erva-cidreira_1748965294021-1024x576.jpg 1024w, https:\/\/www.correiobraziliense.com.br\/cbradar\/wp-content\/uploads\/2025\/06\/erva-cidreira_1748965294021-300x169.jpg 300w, https:\/\/www.correiobraziliense.com.br\/cbradar\/wp-content\/uploads\/2025\/06\/erva-cidreira_1748965294021-768x432.jpg 768w, https:\/\/www.correiobraziliense.com.br\/cbradar\/wp-content\/uploads\/2025\/06\/erva-cidreira_1748965294021-750x422.jpg 750w, https:\/\/www.correiobraziliense.com.br\/cbradar\/wp-content\/uploads\/2025\/06\/erva-cidreira_1748965294021-1140x641.jpg 1140w, https:\/\/www.correiobraziliense.com.br\/cbradar\/wp-content\/uploads\/2025\/06\/erva-cidreira_1748965294021.jpg 1280w\" sizes=\"(max-width: 1024px) 100vw, 1024px\" \/><figcaption class=\"wp-element-caption\">Erva-cidreira &#8211; Cr\u00e9ditos: depositphotos.com \/ duskbabe<\/figcaption><\/figure><\/div>\n\n\n<h2 class=\"wp-block-heading\">Integra\u00e7\u00e3o na Rotina Di\u00e1ria<\/h2>\n\n\n\n<p>Introduzir a Erva-Cidreira no cotidiano \u00e9 bastante simples. Ela est\u00e1 dispon\u00edvel em diversas formas, incluindo ch\u00e1s, \u00f3leos essenciais e suplementos. Essa variedade permite que as pessoas escolham a forma de consumo que melhor se adapta ao seu estilo de vida, garantindo que possam usufruir das propriedades terap\u00eauticas dessa planta vers\u00e1til de maneira eficaz.<\/p>\n\n\n\n<h2 class=\"wp-block-heading\">Existe apoio cient\u00edfico aos benef\u00edcios da Erva-Cidreira?<\/h2>\n\n\n\n<p>Muitos estudos cient\u00edficos investigaram e confirmaram os efeitos positivos da Erva-Cidreira na <a href=\"https:\/\/www.correiobraziliense.com.br\/cbradar\/dra-najla-smaili-dermatologista-o-segredo-definitivo-para-devolver-o-brilho-da-sua-pele\/\" target=\"_blank\" rel=\"noreferrer noopener\">sa\u00fade <\/a>mental e f\u00edsica. Suas propriedades tornam-na uma op\u00e7\u00e3o vi\u00e1vel para aqueles que buscam tratamentos complementares naturais. Seja como um aux\u00edlio contra o estresse ou como apoio digestivo, a\u00a0<em>Melissa officinalis<\/em>\u00a0permanece uma alternativa relevante e confi\u00e1vel, baseada em evid\u00eancias e nas tradi\u00e7\u00f5es que a validaram ao longo dos s\u00e9culos.<\/p>\n\n\n<a href=\"https:\/\/www.instagram.com\/dra.annaluisabf\/\" target=\"_blank\" rel=\"noopener\" style=\"text-decoration: none; color: inherit;\">\n    <span style=\"display: inline-block; border: 1px solid #ccc; border-radius: 10px; padding: 15px; max-width: 550px; font-family: sans-serif; box-shadow: 0 2px 5px rgba(0,0,0,0.1); width: 100%;\">\n\n      <!-- T\u00edtulo -->\n      <span style=\"display: block; margin: 0 0 15px 0; font-weight: bold; color: #2c3e50; text-align: center;\">\n        Entre em contato:\n      <\/span>\n\n      <!-- Linha do perfil -->\n      <span style=\"display: flex; align-items: center; gap: 15px;\">\n        <img decoding=\"async\"\n          src=\"https:\/\/www.correiobraziliense.com.br\/cbradar\/wp-content\/uploads\/2025\/08\/dra_anna_luisa.jpeg\"\n          alt=\"Foto da Dra. Anna Lu\u00edsa\"\n          style=\"border-radius: 50%; width: 80px; height: 80px; object-fit: cover;\"\n        \/>\n        <span style=\"display: flex; flex-direction: column;\">\n          <span style=\"font-size: 18px; font-weight: 700; color: #2c3e50;\">Dra. Anna Lu\u00edsa Barbosa Fernandes<\/span>\n          <span style=\"color: #555;\">CRM-GO 33.271<\/span>\n        <\/span>\n      <\/span>\n\n      <!-- Redes -->\n      <span style=\"display: flex; align-items: center; gap: 10px; margin-top: 12px;\">\n        <img decoding=\"async\" src=\"https:\/\/cdn-icons-png.flaticon.com\/24\/1384\/1384063.png\" alt=\"Instagram\" width=\"24\" height=\"24\" \/>\n        <span style=\"text-decoration: underline; color: #2c3e50;\">@dra.annaluisabf<\/span>\n      <\/span>\n\n    <\/span>\n  <\/a>","protected":false},"excerpt":{"rendered":"<p>A Erva-Cidreira, tamb\u00e9m conhecida como\u00a0Melissa officinalis, \u00e9 uma planta herb\u00e1cea amplamente utilizada na medicina tradicional por suas propriedades ben\u00e9ficas. Seu uso remonta a tempos antigos, sendo empregada para aliviar tens\u00f5es nervosas e promover o relaxamento. Suas folhas, quando preparadas em forma de ch\u00e1 ou extrato, oferecem um al\u00edvio natural para diversos males. Os efeitos calmantes [&hellip;]<\/p>\n","protected":false},"author":14,"featured_media":47505,"comment_status":"open","ping_status":"open","sticky":false,"template":"","format":"standard","meta":{"_yoast_wpseo_focuskw":"Erva-Cidreira","_yoast_wpseo_title":"","_yoast_wpseo_metadesc":"Ch\u00e1 de erva-cidreira relaxa, melhora o sono e alivia sintomas do estresse com efeito suave e confi\u00e1vel para a sa\u00fade.","jnews-multi-image_gallery":[],"jnews_single_post":{"format":"standard"},"jnews_primary_category":[],"jnews_social_meta":[],"jnews_override_counter":[],"footnotes":""},"categories":[4404],"post_tag":[281,120,1318],"class_list":["post-105124","post","type-post","status-publish","format-standard","has-post-thumbnail","hentry","category-saude","tag-alimentacao","tag-bem-estar","tag-saude-2"],"yoast_head":"<!-- This site is optimized with the Yoast SEO plugin v24.6 - https:\/\/yoast.com\/wordpress\/plugins\/seo\/ -->\n<title>Benef\u00edcios surpreendentes da Erva-Cidreira para corpo e mente - Correio Braziliense - Radar<\/title>\n<meta name=\"description\" content=\"Ch\u00e1 de erva-cidreira relaxa, melhora o sono e alivia sintomas do estresse com efeito suave e confi\u00e1vel para a sa\u00fade.\" \/>\n<meta name=\"robots\" content=\"index, follow, max-snippet:-1, max-image-preview:large, max-video-preview:-1\" \/>\n<link rel=\"canonical\" href=\"https:\/\/www.correiobraziliense.com.br\/cbradar\/beneficios-surpreendentes-da-erva-cidreira-para-corpo-e-mente\/\" \/>\n<meta property=\"og:locale\" content=\"pt_BR\" \/>\n<meta property=\"og:type\" content=\"article\" \/>\n<meta property=\"og:title\" content=\"Benef\u00edcios surpreendentes da Erva-Cidreira para corpo e mente - Correio Braziliense - Radar\" \/>\n<meta property=\"og:description\" content=\"Ch\u00e1 de erva-cidreira relaxa, melhora o sono e alivia sintomas do estresse com efeito suave e confi\u00e1vel para a sa\u00fade.\" \/>\n<meta property=\"og:url\" content=\"https:\/\/www.correiobraziliense.com.br\/cbradar\/beneficios-surpreendentes-da-erva-cidreira-para-corpo-e-mente\/\" \/>\n<meta property=\"og:site_name\" content=\"Correio Braziliense - Radar\" \/>\n<meta property=\"article:published_time\" content=\"2025-09-18T01:33:00+00:00\" \/>\n<meta property=\"og:image\" content=\"https:\/\/www.correiobraziliense.com.br\/cbradar\/wp-content\/uploads\/2025\/06\/erva-cidreira_1748965221355.jpg\" \/>\n\t<meta property=\"og:image:width\" content=\"1280\" \/>\n\t<meta property=\"og:image:height\" content=\"720\" \/>\n\t<meta property=\"og:image:type\" content=\"image\/jpeg\" \/>\n<meta name=\"author\" content=\"guilherme_saude\" \/>\n<meta name=\"twitter:card\" content=\"summary_large_image\" \/>\n<meta name=\"twitter:label1\" content=\"Escrito por\" \/>\n\t<meta name=\"twitter:data1\" content=\"guilherme_saude\" \/>\n\t<meta name=\"twitter:label2\" content=\"Est. tempo de leitura\" \/>\n\t<meta name=\"twitter:data2\" content=\"3 minutos\" \/>\n<!-- \/ Yoast SEO plugin. -->","yoast_head_json":{"title":"Benef\u00edcios surpreendentes da Erva-Cidreira para corpo e mente - Correio Braziliense - Radar","description":"Ch\u00e1 de erva-cidreira relaxa, melhora o sono e alivia sintomas do estresse com efeito suave e confi\u00e1vel para a sa\u00fade.","robots":{"index":"index","follow":"follow","max-snippet":"max-snippet:-1","max-image-preview":"max-image-preview:large","max-video-preview":"max-video-preview:-1"},"canonical":"https:\/\/www.correiobraziliense.com.br\/cbradar\/beneficios-surpreendentes-da-erva-cidreira-para-corpo-e-mente\/","og_locale":"pt_BR","og_type":"article","og_title":"Benef\u00edcios surpreendentes da Erva-Cidreira para corpo e mente - Correio Braziliense - Radar","og_description":"Ch\u00e1 de erva-cidreira relaxa, melhora o sono e alivia sintomas do estresse com efeito suave e confi\u00e1vel para a sa\u00fade.","og_url":"https:\/\/www.correiobraziliense.com.br\/cbradar\/beneficios-surpreendentes-da-erva-cidreira-para-corpo-e-mente\/","og_site_name":"Correio Braziliense - Radar","article_published_time":"2025-09-18T01:33:00+00:00","og_image":[{"width":1280,"height":720,"url":"https:\/\/www.correiobraziliense.com.br\/cbradar\/wp-content\/uploads\/2025\/06\/erva-cidreira_1748965221355.jpg","type":"image\/jpeg"}],"author":"guilherme_saude","twitter_card":"summary_large_image","twitter_misc":{"Escrito por":"guilherme_saude","Est. tempo de leitura":"3 minutos"},"schema":{"@context":"https:\/\/schema.org","@graph":[{"@type":"WebPage","@id":"https:\/\/www.correiobraziliense.com.br\/cbradar\/beneficios-surpreendentes-da-erva-cidreira-para-corpo-e-mente\/","url":"https:\/\/www.correiobraziliense.com.br\/cbradar\/beneficios-surpreendentes-da-erva-cidreira-para-corpo-e-mente\/","name":"Benef\u00edcios surpreendentes da Erva-Cidreira para corpo e mente - Correio Braziliense - Radar","isPartOf":{"@id":"https:\/\/www.correiobraziliense.com.br\/cbradar\/#website"},"primaryImageOfPage":{"@id":"https:\/\/www.correiobraziliense.com.br\/cbradar\/beneficios-surpreendentes-da-erva-cidreira-para-corpo-e-mente\/#primaryimage"},"image":{"@id":"https:\/\/www.correiobraziliense.com.br\/cbradar\/beneficios-surpreendentes-da-erva-cidreira-para-corpo-e-mente\/#primaryimage"},"thumbnailUrl":"https:\/\/www.correiobraziliense.com.br\/cbradar\/wp-content\/uploads\/2025\/06\/erva-cidreira_1748965221355.jpg","datePublished":"2025-09-18T01:33:00+00:00","author":{"@id":"https:\/\/www.correiobraziliense.com.br\/cbradar\/#\/schema\/person\/5aa4bf3c8fa699c267933611de12978b"},"description":"Ch\u00e1 de erva-cidreira relaxa, melhora o sono e alivia sintomas do estresse com efeito suave e confi\u00e1vel para a sa\u00fade.","breadcrumb":{"@id":"https:\/\/www.correiobraziliense.com.br\/cbradar\/beneficios-surpreendentes-da-erva-cidreira-para-corpo-e-mente\/#breadcrumb"},"inLanguage":"pt-BR","potentialAction":[{"@type":"ReadAction","target":["https:\/\/www.correiobraziliense.com.br\/cbradar\/beneficios-surpreendentes-da-erva-cidreira-para-corpo-e-mente\/"]}]},{"@type":"ImageObject","inLanguage":"pt-BR","@id":"https:\/\/www.correiobraziliense.com.br\/cbradar\/beneficios-surpreendentes-da-erva-cidreira-para-corpo-e-mente\/#primaryimage","url":"https:\/\/www.correiobraziliense.com.br\/cbradar\/wp-content\/uploads\/2025\/06\/erva-cidreira_1748965221355.jpg","contentUrl":"https:\/\/www.correiobraziliense.com.br\/cbradar\/wp-content\/uploads\/2025\/06\/erva-cidreira_1748965221355.jpg","width":1280,"height":720,"caption":"Erva-cidreira - Cr\u00e9ditos: depositphotos.com \/ Nikolay_Donetsk"},{"@type":"BreadcrumbList","@id":"https:\/\/www.correiobraziliense.com.br\/cbradar\/beneficios-surpreendentes-da-erva-cidreira-para-corpo-e-mente\/#breadcrumb","itemListElement":[{"@type":"ListItem","position":1,"name":"In\u00edcio","item":"https:\/\/www.correiobraziliense.com.br\/cbradar\/"},{"@type":"ListItem","position":2,"name":"Benef\u00edcios surpreendentes da Erva-Cidreira para corpo e mente"}]},{"@type":"WebSite","@id":"https:\/\/www.correiobraziliense.com.br\/cbradar\/#website","url":"https:\/\/www.correiobraziliense.com.br\/cbradar\/","name":"Correio Braziliense - Radar","description":"Acompanhe as \u00faltimas not\u00edcias e fique bem informado sobre tudo o que acontece no Brasil e no mundo.","potentialAction":[{"@type":"SearchAction","target":{"@type":"EntryPoint","urlTemplate":"https:\/\/www.correiobraziliense.com.br\/cbradar\/?s={search_term_string}"},"query-input":{"@type":"PropertyValueSpecification","valueRequired":true,"valueName":"search_term_string"}}],"inLanguage":"pt-BR"},{"@type":"Person","@id":"https:\/\/www.correiobraziliense.com.br\/cbradar\/#\/schema\/person\/5aa4bf3c8fa699c267933611de12978b","name":"guilherme_saude","image":{"@type":"ImageObject","inLanguage":"pt-BR","@id":"https:\/\/www.correiobraziliense.com.br\/cbradar\/#\/schema\/person\/image\/","url":"https:\/\/secure.gravatar.com\/avatar\/df9adfb835d344bc0af109d41756253f?s=96&d=mm&r=g","contentUrl":"https:\/\/secure.gravatar.com\/avatar\/df9adfb835d344bc0af109d41756253f?s=96&d=mm&r=g","caption":"guilherme_saude"},"url":"https:\/\/www.correiobraziliense.com.br\/cbradar\/author\/guilherme_saude\/"}]}},"_links":{"self":[{"href":"https:\/\/www.correiobraziliense.com.br\/cbradar\/wp-json\/wp\/v2\/posts\/105124","targetHints":{"allow":["GET"]}}],"collection":[{"href":"https:\/\/www.correiobraziliense.com.br\/cbradar\/wp-json\/wp\/v2\/posts"}],"about":[{"href":"https:\/\/www.correiobraziliense.com.br\/cbradar\/wp-json\/wp\/v2\/types\/post"}],"author":[{"embeddable":true,"href":"https:\/\/www.correiobraziliense.com.br\/cbradar\/wp-json\/wp\/v2\/users\/14"}],"replies":[{"embeddable":true,"href":"https:\/\/www.correiobraziliense.com.br\/cbradar\/wp-json\/wp\/v2\/comments?post=105124"}],"version-history":[{"count":1,"href":"https:\/\/www.correiobraziliense.com.br\/cbradar\/wp-json\/wp\/v2\/posts\/105124\/revisions"}],"predecessor-version":[{"id":105126,"href":"https:\/\/www.correiobraziliense.com.br\/cbradar\/wp-json\/wp\/v2\/posts\/105124\/revisions\/105126"}],"wp:featuredmedia":[{"embeddable":true,"href":"https:\/\/www.correiobraziliense.com.br\/cbradar\/wp-json\/wp\/v2\/media\/47505"}],"wp:attachment":[{"href":"https:\/\/www.correiobraziliense.com.br\/cbradar\/wp-json\/wp\/v2\/media?parent=105124"}],"wp:term":[{"taxonomy":"category","embeddable":true,"href":"https:\/\/www.correiobraziliense.com.br\/cbradar\/wp-json\/wp\/v2\/categories?post=105124"},{"taxonomy":"post_tag","embeddable":true,"href":"https:\/\/www.correiobraziliense.com.br\/cbradar\/wp-json\/wp\/v2\/post_tag?post=105124"}],"curies":[{"name":"wp","href":"https:\/\/api.w.org\/{rel}","templated":true}]}}