{"id":10520,"date":"2025-03-09T21:10:00","date_gmt":"2025-03-10T00:10:00","guid":{"rendered":"https:\/\/www.correiobraziliense.com.br\/cbradar\/?p=10520"},"modified":"2025-03-08T09:47:03","modified_gmt":"2025-03-08T12:47:03","slug":"ford-bronco-sport-2025-e-confirmado-veja-novidades","status":"publish","type":"post","link":"https:\/\/www.correiobraziliense.com.br\/cbradar\/ford-bronco-sport-2025-e-confirmado-veja-novidades\/","title":{"rendered":"Ford Bronco Sport 2025 \u00e9 confirmado, veja novidades"},"content":{"rendered":"\n<p>O <strong>Ford Bronco Sport 2025<\/strong> est\u00e1 prestes a chegar ao mercado, marcando um dos dez lan\u00e7amentos da marca para este ano. Este modelo n\u00e3o representa uma nova gera\u00e7\u00e3o, mas sim um <strong>facelift<\/strong>, uma atualiza\u00e7\u00e3o de meia vida que traz mudan\u00e7as sutis no design e na tecnologia. O Bronco Sport, que combina caracter\u00edsticas de um SUV urbano com um apelo off-road, promete continuar a atrair os entusiastas da marca.<\/p>\n\n\n\n<p>O facelift do Bronco Sport 2025 traz algumas altera\u00e7\u00f5es visuais, especialmente na dianteira. O para-choque foi remodelado, agora com uma pe\u00e7a prateada mais proeminente e dois ganchos de reboque. Apesar dessas mudan\u00e7as, o modelo mant\u00e9m o layout da grade dianteira, a assinatura &#8220;Bronco&#8221; e os far\u00f3is de <strong>LED<\/strong> com <strong>DRL <\/strong>integrado. A estrutura do cap\u00f4, portas e teto tamb\u00e9m permanece inalterada, preservando a silhueta caracter\u00edstica do ve\u00edculo.<\/p>\n\n\n\n<h2 class=\"wp-block-heading\"><strong>Quais s\u00e3o as novidades tecnol\u00f3gicas do Bronco Sport 2025?<\/strong><\/h2>\n\n\n\n<p>Uma das promessas da Ford para o Bronco Sport 2025 \u00e9 a inclus\u00e3o de mais itens tecnol\u00f3gicos. Espera-se que o SUV m\u00e9dio ofere\u00e7a assist\u00eancias de seguran\u00e7a e condu\u00e7\u00e3o aprimoradas, colocando-o em uma posi\u00e7\u00e3o competitiva em rela\u00e7\u00e3o a modelos como o<strong> Jeep Compass.<\/strong> Internamente, o padr\u00e3o de acabamento dos forros de porta, revestimento de bancos e painel frontal deve permanecer semelhante ao atual, com poss\u00edveis novas combina\u00e7\u00f5es de cores.<\/p>\n\n\n\n<p>O Bronco Sport 2025 tamb\u00e9m trar\u00e1 melhorias no painel de instrumentos e no sistema de multim\u00eddia. O painel ser\u00e1 digital e a tela de multim\u00eddia ser\u00e1 maior, proporcionando uma experi\u00eancia de condu\u00e7\u00e3o mais moderna e conectada. Essas atualiza\u00e7\u00f5es visam atender \u00e0s expectativas dos consumidores por ve\u00edculos mais tecnol\u00f3gicos e seguros.<\/p>\n\n\n\n<figure class=\"wp-block-image size-large\"><img decoding=\"async\" width=\"1024\" height=\"576\" src=\"https:\/\/www.correiobraziliense.com.br\/cbradar\/wp-content\/uploads\/2025\/03\/Ford-Bronco-Sport-2025-2-1024x576.png\" alt=\"Ford Bronco Sport 2025 \u00e9 confirmado, veja novidades\" class=\"wp-image-10565\" srcset=\"https:\/\/www.correiobraziliense.com.br\/cbradar\/wp-content\/uploads\/2025\/03\/Ford-Bronco-Sport-2025-2-1024x576.png 1024w, https:\/\/www.correiobraziliense.com.br\/cbradar\/wp-content\/uploads\/2025\/03\/Ford-Bronco-Sport-2025-2-300x169.png 300w, https:\/\/www.correiobraziliense.com.br\/cbradar\/wp-content\/uploads\/2025\/03\/Ford-Bronco-Sport-2025-2-768x432.png 768w, https:\/\/www.correiobraziliense.com.br\/cbradar\/wp-content\/uploads\/2025\/03\/Ford-Bronco-Sport-2025-2-750x422.png 750w, https:\/\/www.correiobraziliense.com.br\/cbradar\/wp-content\/uploads\/2025\/03\/Ford-Bronco-Sport-2025-2-1140x641.png 1140w, https:\/\/www.correiobraziliense.com.br\/cbradar\/wp-content\/uploads\/2025\/03\/Ford-Bronco-Sport-2025-2.png 1280w\" sizes=\"(max-width: 1024px) 100vw, 1024px\" \/><figcaption class=\"wp-element-caption\">Ford Bronco Sport 2025. Fonte: divulga\u00e7\u00e3o \/ Ford<\/figcaption><\/figure>\n\n\n\n<h2 class=\"wp-block-heading\"><strong>Motor e desempenho: o que muda no Bronco Sport 2025?<\/strong><\/h2>\n\n\n\n<p>O motor do Bronco Sport 2025 continua sendo o 2.0 turbo a gasolina, com tra\u00e7\u00e3o 4&#215;4 sob demanda, bloqueio de diferencial e vetoriza\u00e7\u00e3o de torque. No entanto, ainda n\u00e3o est\u00e1 claro se a pot\u00eancia de 253 cv e o torque de 38,7 kgfm ser\u00e3o mantidos ou ajustados devido \u00e0s novas regras de emiss\u00e3o da oitava fase do Proconve. Essas mudan\u00e7as podem impactar o desempenho do ve\u00edculo, mas a expectativa \u00e9 que a Ford consiga equilibrar efici\u00eancia e pot\u00eancia.<\/p>\n\n\n\n<h2 class=\"wp-block-heading\"><strong>Como o Bronco Sport 2025 se compara com seus concorrentes?<\/strong><\/h2>\n\n\n\n<p>O Bronco Sport 2025 chega ao mercado com a miss\u00e3o de competir diretamente com outros SUVs m\u00e9dios, como o Jeep Compass. Com suas atualiza\u00e7\u00f5es tecnol\u00f3gicas e de design, o modelo busca oferecer uma experi\u00eancia de condu\u00e7\u00e3o que combine conforto, seguran\u00e7a e capacidade off-road. A Ford aposta na combina\u00e7\u00e3o de tradi\u00e7\u00e3o e inova\u00e7\u00e3o para atrair consumidores que buscam um ve\u00edculo vers\u00e1til e moderno.<\/p>\n\n\n\n<p>Em resumo, o Ford Bronco Sport 2025 traz atualiza\u00e7\u00f5es que visam manter o modelo relevante no competitivo mercado de SUVs. Com melhorias no design, tecnologia e desempenho, o Bronco Sport continua a ser uma op\u00e7\u00e3o atraente para aqueles que buscam um ve\u00edculo robusto e vers\u00e1til.<\/p>\n","protected":false},"excerpt":{"rendered":"<p>Conhe\u00e7a o novo Ford Bronco Sport 2025: facelift ousado, tecnologia aprimorada e robustez off-road. Descubra as novidades deste SUV ic\u00f4nico!<\/p>\n","protected":false},"author":3,"featured_media":10564,"comment_status":"open","ping_status":"open","sticky":false,"template":"","format":"standard","meta":{"_yoast_wpseo_focuskw":"Ford Bronco Sport 2025","_yoast_wpseo_title":"%%title%%","_yoast_wpseo_metadesc":"Conhe\u00e7a o novo Ford Bronco Sport 2025: facelift ousado, tecnologia aprimorada e robustez off-road. Descubra as novidades deste SUV ic\u00f4nico!","jnews-multi-image_gallery":[],"jnews_single_post":{"format":"standard"},"jnews_primary_category":[],"jnews_social_meta":[],"jnews_override_counter":[],"footnotes":""},"categories":[122],"post_tag":[1683,1684,1685],"class_list":["post-10520","post","type-post","status-publish","format-standard","has-post-thumbnail","hentry","category-automobilismo","tag-ford","tag-ford-bronco","tag-ford-bronco-sport"],"yoast_head":"<!-- This site is optimized with the Yoast SEO plugin v24.6 - https:\/\/yoast.com\/wordpress\/plugins\/seo\/ -->\n<title>Ford Bronco Sport 2025 \u00e9 confirmado, veja novidades<\/title>\n<meta name=\"description\" content=\"Conhe\u00e7a o novo Ford Bronco Sport 2025: facelift ousado, tecnologia aprimorada e robustez off-road. Descubra as novidades deste SUV ic\u00f4nico!\" \/>\n<meta name=\"robots\" content=\"index, follow, max-snippet:-1, max-image-preview:large, max-video-preview:-1\" \/>\n<link rel=\"canonical\" href=\"https:\/\/www.correiobraziliense.com.br\/cbradar\/ford-bronco-sport-2025-e-confirmado-veja-novidades\/\" \/>\n<meta property=\"og:locale\" content=\"pt_BR\" \/>\n<meta property=\"og:type\" content=\"article\" \/>\n<meta property=\"og:title\" content=\"Ford Bronco Sport 2025 \u00e9 confirmado, veja novidades\" \/>\n<meta property=\"og:description\" content=\"Conhe\u00e7a o novo Ford Bronco Sport 2025: facelift ousado, tecnologia aprimorada e robustez off-road. Descubra as novidades deste SUV ic\u00f4nico!\" \/>\n<meta property=\"og:url\" content=\"https:\/\/www.correiobraziliense.com.br\/cbradar\/ford-bronco-sport-2025-e-confirmado-veja-novidades\/\" \/>\n<meta property=\"og:site_name\" content=\"Correio Braziliense - Radar\" \/>\n<meta property=\"article:published_time\" content=\"2025-03-10T00:10:00+00:00\" \/>\n<meta property=\"og:image\" content=\"https:\/\/www.correiobraziliense.com.br\/cbradar\/wp-content\/uploads\/2025\/03\/Ford-Bronco-Sport-2025.png\" \/>\n\t<meta property=\"og:image:width\" content=\"1280\" \/>\n\t<meta property=\"og:image:height\" content=\"720\" \/>\n\t<meta property=\"og:image:type\" content=\"image\/png\" \/>\n<meta name=\"author\" content=\"Larissa Carvalho\" \/>\n<meta name=\"twitter:card\" content=\"summary_large_image\" \/>\n<meta name=\"twitter:label1\" content=\"Escrito por\" \/>\n\t<meta name=\"twitter:data1\" content=\"Larissa Carvalho\" \/>\n\t<meta name=\"twitter:label2\" content=\"Est. tempo de leitura\" \/>\n\t<meta name=\"twitter:data2\" content=\"4 minutos\" \/>\n<!-- \/ Yoast SEO plugin. -->","yoast_head_json":{"title":"Ford Bronco Sport 2025 \u00e9 confirmado, veja novidades","description":"Conhe\u00e7a o novo Ford Bronco Sport 2025: facelift ousado, tecnologia aprimorada e robustez off-road. Descubra as novidades deste SUV ic\u00f4nico!","robots":{"index":"index","follow":"follow","max-snippet":"max-snippet:-1","max-image-preview":"max-image-preview:large","max-video-preview":"max-video-preview:-1"},"canonical":"https:\/\/www.correiobraziliense.com.br\/cbradar\/ford-bronco-sport-2025-e-confirmado-veja-novidades\/","og_locale":"pt_BR","og_type":"article","og_title":"Ford Bronco Sport 2025 \u00e9 confirmado, veja novidades","og_description":"Conhe\u00e7a o novo Ford Bronco Sport 2025: facelift ousado, tecnologia aprimorada e robustez off-road. Descubra as novidades deste SUV ic\u00f4nico!","og_url":"https:\/\/www.correiobraziliense.com.br\/cbradar\/ford-bronco-sport-2025-e-confirmado-veja-novidades\/","og_site_name":"Correio Braziliense - Radar","article_published_time":"2025-03-10T00:10:00+00:00","og_image":[{"width":1280,"height":720,"url":"https:\/\/www.correiobraziliense.com.br\/cbradar\/wp-content\/uploads\/2025\/03\/Ford-Bronco-Sport-2025.png","type":"image\/png"}],"author":"Larissa Carvalho","twitter_card":"summary_large_image","twitter_misc":{"Escrito por":"Larissa Carvalho","Est. tempo de leitura":"4 minutos"},"schema":{"@context":"https:\/\/schema.org","@graph":[{"@type":"WebPage","@id":"https:\/\/www.correiobraziliense.com.br\/cbradar\/ford-bronco-sport-2025-e-confirmado-veja-novidades\/","url":"https:\/\/www.correiobraziliense.com.br\/cbradar\/ford-bronco-sport-2025-e-confirmado-veja-novidades\/","name":"Ford Bronco Sport 2025 \u00e9 confirmado, veja novidades","isPartOf":{"@id":"https:\/\/www.correiobraziliense.com.br\/cbradar\/#website"},"primaryImageOfPage":{"@id":"https:\/\/www.correiobraziliense.com.br\/cbradar\/ford-bronco-sport-2025-e-confirmado-veja-novidades\/#primaryimage"},"image":{"@id":"https:\/\/www.correiobraziliense.com.br\/cbradar\/ford-bronco-sport-2025-e-confirmado-veja-novidades\/#primaryimage"},"thumbnailUrl":"https:\/\/www.correiobraziliense.com.br\/cbradar\/wp-content\/uploads\/2025\/03\/Ford-Bronco-Sport-2025.png","datePublished":"2025-03-10T00:10:00+00:00","author":{"@id":"https:\/\/www.correiobraziliense.com.br\/cbradar\/#\/schema\/person\/58422787644df994b53a19d3e56c1513"},"description":"Conhe\u00e7a o novo Ford Bronco Sport 2025: facelift ousado, tecnologia aprimorada e robustez off-road. Descubra as novidades deste SUV ic\u00f4nico!","breadcrumb":{"@id":"https:\/\/www.correiobraziliense.com.br\/cbradar\/ford-bronco-sport-2025-e-confirmado-veja-novidades\/#breadcrumb"},"inLanguage":"pt-BR","potentialAction":[{"@type":"ReadAction","target":["https:\/\/www.correiobraziliense.com.br\/cbradar\/ford-bronco-sport-2025-e-confirmado-veja-novidades\/"]}]},{"@type":"ImageObject","inLanguage":"pt-BR","@id":"https:\/\/www.correiobraziliense.com.br\/cbradar\/ford-bronco-sport-2025-e-confirmado-veja-novidades\/#primaryimage","url":"https:\/\/www.correiobraziliense.com.br\/cbradar\/wp-content\/uploads\/2025\/03\/Ford-Bronco-Sport-2025.png","contentUrl":"https:\/\/www.correiobraziliense.com.br\/cbradar\/wp-content\/uploads\/2025\/03\/Ford-Bronco-Sport-2025.png","width":1280,"height":720,"caption":"Ford Bronco Sport 2025. Fonte: divulga\u00e7\u00e3o \/ Ford"},{"@type":"BreadcrumbList","@id":"https:\/\/www.correiobraziliense.com.br\/cbradar\/ford-bronco-sport-2025-e-confirmado-veja-novidades\/#breadcrumb","itemListElement":[{"@type":"ListItem","position":1,"name":"In\u00edcio","item":"https:\/\/www.correiobraziliense.com.br\/cbradar\/"},{"@type":"ListItem","position":2,"name":"Ford Bronco Sport 2025 \u00e9 confirmado, veja novidades"}]},{"@type":"WebSite","@id":"https:\/\/www.correiobraziliense.com.br\/cbradar\/#website","url":"https:\/\/www.correiobraziliense.com.br\/cbradar\/","name":"Correio Braziliense - Radar","description":"Acompanhe as \u00faltimas not\u00edcias e fique bem informado sobre tudo o que acontece no Brasil e no mundo.","potentialAction":[{"@type":"SearchAction","target":{"@type":"EntryPoint","urlTemplate":"https:\/\/www.correiobraziliense.com.br\/cbradar\/?s={search_term_string}"},"query-input":{"@type":"PropertyValueSpecification","valueRequired":true,"valueName":"search_term_string"}}],"inLanguage":"pt-BR"},{"@type":"Person","@id":"https:\/\/www.correiobraziliense.com.br\/cbradar\/#\/schema\/person\/58422787644df994b53a19d3e56c1513","name":"Larissa Carvalho","image":{"@type":"ImageObject","inLanguage":"pt-BR","@id":"https:\/\/www.correiobraziliense.com.br\/cbradar\/#\/schema\/person\/image\/","url":"https:\/\/secure.gravatar.com\/avatar\/fe4f91a0de32b52a838d0d612abdc1aa?s=96&d=mm&r=g","contentUrl":"https:\/\/secure.gravatar.com\/avatar\/fe4f91a0de32b52a838d0d612abdc1aa?s=96&d=mm&r=g","caption":"Larissa Carvalho"},"url":"https:\/\/www.correiobraziliense.com.br\/cbradar\/author\/larissamyth\/"}]}},"_links":{"self":[{"href":"https:\/\/www.correiobraziliense.com.br\/cbradar\/wp-json\/wp\/v2\/posts\/10520","targetHints":{"allow":["GET"]}}],"collection":[{"href":"https:\/\/www.correiobraziliense.com.br\/cbradar\/wp-json\/wp\/v2\/posts"}],"about":[{"href":"https:\/\/www.correiobraziliense.com.br\/cbradar\/wp-json\/wp\/v2\/types\/post"}],"author":[{"embeddable":true,"href":"https:\/\/www.correiobraziliense.com.br\/cbradar\/wp-json\/wp\/v2\/users\/3"}],"replies":[{"embeddable":true,"href":"https:\/\/www.correiobraziliense.com.br\/cbradar\/wp-json\/wp\/v2\/comments?post=10520"}],"version-history":[{"count":1,"href":"https:\/\/www.correiobraziliense.com.br\/cbradar\/wp-json\/wp\/v2\/posts\/10520\/revisions"}],"predecessor-version":[{"id":10566,"href":"https:\/\/www.correiobraziliense.com.br\/cbradar\/wp-json\/wp\/v2\/posts\/10520\/revisions\/10566"}],"wp:featuredmedia":[{"embeddable":true,"href":"https:\/\/www.correiobraziliense.com.br\/cbradar\/wp-json\/wp\/v2\/media\/10564"}],"wp:attachment":[{"href":"https:\/\/www.correiobraziliense.com.br\/cbradar\/wp-json\/wp\/v2\/media?parent=10520"}],"wp:term":[{"taxonomy":"category","embeddable":true,"href":"https:\/\/www.correiobraziliense.com.br\/cbradar\/wp-json\/wp\/v2\/categories?post=10520"},{"taxonomy":"post_tag","embeddable":true,"href":"https:\/\/www.correiobraziliense.com.br\/cbradar\/wp-json\/wp\/v2\/post_tag?post=10520"}],"curies":[{"name":"wp","href":"https:\/\/api.w.org\/{rel}","templated":true}]}}