{"id":105426,"date":"2025-09-18T07:23:06","date_gmt":"2025-09-18T10:23:06","guid":{"rendered":"https:\/\/www.correiobraziliense.com.br\/cbradar\/?p=105426"},"modified":"2025-09-17T13:52:16","modified_gmt":"2025-09-17T16:52:16","slug":"a-erva-medicinal-que-reduz-a-inflamacao-do-abdomen-e-ajuda-a-perder-peso","status":"publish","type":"post","link":"https:\/\/www.correiobraziliense.com.br\/cbradar\/a-erva-medicinal-que-reduz-a-inflamacao-do-abdomen-e-ajuda-a-perder-peso\/","title":{"rendered":"A erva medicinal que reduz a inflama\u00e7\u00e3o do abd\u00f4men e ajuda a perder peso"},"content":{"rendered":"\n<p>A <strong>inflama\u00e7\u00e3o abdominal<\/strong> \u00e9 uma condi\u00e7\u00e3o comum que pode resultar de diversas causas, desde transtornos <strong>digestivos<\/strong> at\u00e9 <strong>altera\u00e7\u00f5es hormonais.<\/strong> Esta condi\u00e7\u00e3o pode ser um sintoma de desordens como os gases, s\u00edndrome do intestino irrit\u00e1vel, ou intoler\u00e2ncias alimentares como a lactose. Al\u00e9m disso, inflama\u00e7\u00e3o pode ser um sinal de condi\u00e7\u00f5es mais s\u00e9rias, como c\u00e1lculos biliares ou pancreatite, que necessitam de acompanhamento m\u00e9dico. Dada a variedade de causas, \u00e9 essencial procurar orienta\u00e7\u00e3o profissional para um diagn\u00f3stico preciso e tratamento adequado.<\/p>\n\n\n\n<p>Entre as causas n\u00e3o t\u00e3o frequentes, est\u00e3o o aumento de peso e <strong>miomas uterinos.<\/strong> O aumento de peso, em particular, pode ser reduzido com a ado\u00e7\u00e3o de h\u00e1bitos alimentares saud\u00e1veis e a pr\u00e1tica regular de exerc\u00edcios f\u00edsicos, conforme recomendado por profissionais de sa\u00fade. Outras causas incluem o excesso de comida, frequentemente ap\u00f3s refei\u00e7\u00f5es como o almo\u00e7o e o jantar, e est\u00e3o entre os problemas mais facilmente evit\u00e1veis com mudan\u00e7as no estilo de vida.<\/p>\n\n\n\n<h2 class=\"wp-block-heading\">Quais s\u00e3o os principais fatores que contribuem para a inflama\u00e7\u00e3o abdominal?<\/h2>\n\n\n\n<p>O excesso de alimenta\u00e7\u00e3o \u00e9 um fator frequentemente citado como contribuinte para a <strong>inflama\u00e7\u00e3o abdominal.<\/strong> Comer grandes quantidades de alimentos de uma s\u00f3 vez pode causar distens\u00e3o no abd\u00f4men, gerando desconforto. Outro fator significativo \u00e9 o consumo de alimentos que produzem <strong>gases,<\/strong> como <strong>feij\u00e3o<\/strong> ou <a href=\"https:\/\/www.correiobraziliense.com.br\/cbradar\/brocolis-cresce-ate-em-vaso-e-fica-pronto-em-90-dias-com-esses-cuidados\/\" target=\"_blank\" rel=\"noopener\">br\u00f3colis<\/a><strong>.<\/strong> Al\u00e9m disso, o corpo reage a certas condi\u00e7\u00f5es hormonais, como o s\u00edndrome pr\u00e9-menstrual, que pode levar a uma sensa\u00e7\u00e3o de edema.<\/p>\n\n\n<div class=\"wp-block-image\">\n<figure class=\"aligncenter size-large\"><img decoding=\"async\" width=\"1024\" height=\"576\" src=\"https:\/\/www.correiobraziliense.com.br\/cbradar\/wp-content\/uploads\/2025\/09\/ginseng_1758127285184-1024x576.jpg\" alt=\"\" class=\"wp-image-105431\" srcset=\"https:\/\/www.correiobraziliense.com.br\/cbradar\/wp-content\/uploads\/2025\/09\/ginseng_1758127285184-1024x576.jpg 1024w, https:\/\/www.correiobraziliense.com.br\/cbradar\/wp-content\/uploads\/2025\/09\/ginseng_1758127285184-300x169.jpg 300w, https:\/\/www.correiobraziliense.com.br\/cbradar\/wp-content\/uploads\/2025\/09\/ginseng_1758127285184-768x432.jpg 768w, https:\/\/www.correiobraziliense.com.br\/cbradar\/wp-content\/uploads\/2025\/09\/ginseng_1758127285184-750x422.jpg 750w, https:\/\/www.correiobraziliense.com.br\/cbradar\/wp-content\/uploads\/2025\/09\/ginseng_1758127285184-1140x641.jpg 1140w, https:\/\/www.correiobraziliense.com.br\/cbradar\/wp-content\/uploads\/2025\/09\/ginseng_1758127285184.jpg 1280w\" sizes=\"(max-width: 1024px) 100vw, 1024px\" \/><figcaption class=\"wp-element-caption\">\u00e9 frequentemente utilizado na medicina tradicional por suas propriedades terap\u00eauticas &#8211; Cr\u00e9ditos: depositphotos.com \/ leungchopan<\/figcaption><\/figure><\/div>\n\n\n<h2 class=\"wp-block-heading\">Infus\u00f5es de ervas podem ajudar a reduzir a inflama\u00e7\u00e3o?<\/h2>\n\n\n\n<p>Ervas como o <strong>ginseng<\/strong>, reconhecido por suas propriedades anti-inflamat\u00f3rias, t\u00eam sido usadas tradicionalmente para combater a inflama\u00e7\u00e3o. O ginseng \u00e9 especialmente popular na medicina tradicional pela suas <strong>qualidades neuroprotetoras<\/strong> e sua capacidade de regular o gasto de energia, o que pode ser ben\u00e9fico no combate \u00e0 fadiga. Assim, pode ser consumido como parte de um ch\u00e1, particularmente durante o caf\u00e9 da manh\u00e3. No entanto, deve-se tomar cuidado com o consumo excessivo, que pode levar a problemas como <a href=\"https:\/\/www.correiobraziliense.com.br\/cbradar\/e-hora-de-lidar-com-sua-insonia-fazer-isso-pode-protege-lo-contra-a-demencia-diz-estudo\/\" target=\"_blank\" rel=\"noopener\">ins\u00f4nia<\/a> ou hipertens\u00e3o.<\/p>\n\n\n\n<h2 class=\"wp-block-heading\">Como a medicina tradicional utiliza o ginseng e outras ervas para tratar dist\u00farbios abdominais?<\/h2>\n\n\n\n<p>O <strong>Panax ginseng<\/strong> ou ginseng asi\u00e1tico \u00e9 frequentemente utilizado na medicina tradicional por suas propriedades terap\u00eauticas. Outras ervas tamb\u00e9m s\u00e3o mencionadas por seus benef\u00edcios medicinais, incluindo o <strong>gengibre<\/strong>, que pode ser adicionado \u00e0 dieta di\u00e1ria ou consumido em forma de ch\u00e1. Todavia, a utiliza\u00e7\u00e3o de qualquer erva ou suplementa\u00e7\u00e3o deve ser feita com cautela, de prefer\u00eancia sob a supervis\u00e3o de um profissional qualificado, para evitar efeitos colaterais indesejados.<\/p>\n\n\n\n<p>Adotar um estilo de vida saud\u00e1vel, equilibrando a dieta e praticando exerc\u00edcios, tem papel chave na preven\u00e7\u00e3o da inflama\u00e7\u00e3o abdominal. Integrar h\u00e1bitos alimentares saud\u00e1veis com pr\u00e1ticas seguras de medicina alternativa pode oferecer al\u00edvio significativo, mas sempre lembrando que uma avalia\u00e7\u00e3o m\u00e9dica \u00e9 recomendada para tratar quaisquer preocupa\u00e7\u00f5es subjacentes sobre a sa\u00fade abdominal. Em grandes cidades como <strong>S\u00e3o Paulo<\/strong> e <strong>Rio de Janeiro<\/strong>, \u00e9 poss\u00edvel encontrar centros especializados que integram a medicina convencional com pr\u00e1ticas alternativas, promovendo um atendimento mais abrangente.<\/p>\n","protected":false},"excerpt":{"rendered":"<p>A inflama\u00e7\u00e3o abdominal \u00e9 uma condi\u00e7\u00e3o comum que pode resultar de diversas causas, desde transtornos digestivos at\u00e9 altera\u00e7\u00f5es hormonais. Esta condi\u00e7\u00e3o pode ser um sintoma de desordens como os gases, s\u00edndrome do intestino irrit\u00e1vel, ou intoler\u00e2ncias alimentares como a lactose. Al\u00e9m disso, inflama\u00e7\u00e3o pode ser um sinal de condi\u00e7\u00f5es mais s\u00e9rias, como c\u00e1lculos biliares ou [&hellip;]<\/p>\n","protected":false},"author":9,"featured_media":105429,"comment_status":"open","ping_status":"open","sticky":false,"template":"","format":"standard","meta":{"_yoast_wpseo_focuskw":"ginseng","_yoast_wpseo_title":"%%title%% %%page%%","_yoast_wpseo_metadesc":"Aprenda como aliviar inflama\u00e7\u00e3o abdominal e incha\u00e7o com ervas como ginseng, h\u00e1bitos saud\u00e1veis e cuidados com a digest\u00e3o.","jnews-multi-image_gallery":[],"jnews_single_post":{"format":"standard"},"jnews_primary_category":[],"jnews_social_meta":[],"jnews_override_counter":[],"footnotes":""},"categories":[119,4404],"post_tag":[10338,10337],"class_list":["post-105426","post","type-post","status-publish","format-standard","has-post-thumbnail","hentry","category-bem-estar","category-saude","tag-inflamacao-abdominal","tag-infusoes"],"yoast_head":"<!-- This site is optimized with the Yoast SEO plugin v24.6 - https:\/\/yoast.com\/wordpress\/plugins\/seo\/ -->\n<title>A erva medicinal que reduz a inflama\u00e7\u00e3o do abd\u00f4men e ajuda a perder peso<\/title>\n<meta name=\"description\" content=\"Aprenda como aliviar inflama\u00e7\u00e3o abdominal e incha\u00e7o com ervas como ginseng, h\u00e1bitos saud\u00e1veis e cuidados com a digest\u00e3o.\" \/>\n<meta name=\"robots\" content=\"index, follow, max-snippet:-1, max-image-preview:large, max-video-preview:-1\" \/>\n<link rel=\"canonical\" href=\"https:\/\/www.correiobraziliense.com.br\/cbradar\/a-erva-medicinal-que-reduz-a-inflamacao-do-abdomen-e-ajuda-a-perder-peso\/\" \/>\n<meta property=\"og:locale\" content=\"pt_BR\" \/>\n<meta property=\"og:type\" content=\"article\" \/>\n<meta property=\"og:title\" content=\"A erva medicinal que reduz a inflama\u00e7\u00e3o do abd\u00f4men e ajuda a perder peso\" \/>\n<meta property=\"og:description\" content=\"Aprenda como aliviar inflama\u00e7\u00e3o abdominal e incha\u00e7o com ervas como ginseng, h\u00e1bitos saud\u00e1veis e cuidados com a digest\u00e3o.\" \/>\n<meta property=\"og:url\" content=\"https:\/\/www.correiobraziliense.com.br\/cbradar\/a-erva-medicinal-que-reduz-a-inflamacao-do-abdomen-e-ajuda-a-perder-peso\/\" \/>\n<meta property=\"og:site_name\" content=\"Correio Braziliense - Radar\" \/>\n<meta property=\"article:published_time\" content=\"2025-09-18T10:23:06+00:00\" \/>\n<meta property=\"og:image\" content=\"https:\/\/www.correiobraziliense.com.br\/cbradar\/wp-content\/uploads\/2025\/09\/ginseng_1758126903895-1.jpg\" \/>\n\t<meta property=\"og:image:width\" content=\"1280\" \/>\n\t<meta property=\"og:image:height\" content=\"720\" \/>\n\t<meta property=\"og:image:type\" content=\"image\/jpeg\" \/>\n<meta name=\"author\" content=\"Daniely Cardoso\" \/>\n<meta name=\"twitter:card\" content=\"summary_large_image\" \/>\n<meta name=\"twitter:label1\" content=\"Escrito por\" \/>\n\t<meta name=\"twitter:data1\" content=\"Daniely Cardoso\" \/>\n\t<meta name=\"twitter:label2\" content=\"Est. tempo de leitura\" \/>\n\t<meta name=\"twitter:data2\" content=\"4 minutos\" \/>\n<!-- \/ Yoast SEO plugin. -->","yoast_head_json":{"title":"A erva medicinal que reduz a inflama\u00e7\u00e3o do abd\u00f4men e ajuda a perder peso","description":"Aprenda como aliviar inflama\u00e7\u00e3o abdominal e incha\u00e7o com ervas como ginseng, h\u00e1bitos saud\u00e1veis e cuidados com a digest\u00e3o.","robots":{"index":"index","follow":"follow","max-snippet":"max-snippet:-1","max-image-preview":"max-image-preview:large","max-video-preview":"max-video-preview:-1"},"canonical":"https:\/\/www.correiobraziliense.com.br\/cbradar\/a-erva-medicinal-que-reduz-a-inflamacao-do-abdomen-e-ajuda-a-perder-peso\/","og_locale":"pt_BR","og_type":"article","og_title":"A erva medicinal que reduz a inflama\u00e7\u00e3o do abd\u00f4men e ajuda a perder peso","og_description":"Aprenda como aliviar inflama\u00e7\u00e3o abdominal e incha\u00e7o com ervas como ginseng, h\u00e1bitos saud\u00e1veis e cuidados com a digest\u00e3o.","og_url":"https:\/\/www.correiobraziliense.com.br\/cbradar\/a-erva-medicinal-que-reduz-a-inflamacao-do-abdomen-e-ajuda-a-perder-peso\/","og_site_name":"Correio Braziliense - Radar","article_published_time":"2025-09-18T10:23:06+00:00","og_image":[{"width":1280,"height":720,"url":"https:\/\/www.correiobraziliense.com.br\/cbradar\/wp-content\/uploads\/2025\/09\/ginseng_1758126903895-1.jpg","type":"image\/jpeg"}],"author":"Daniely Cardoso","twitter_card":"summary_large_image","twitter_misc":{"Escrito por":"Daniely Cardoso","Est. tempo de leitura":"4 minutos"},"schema":{"@context":"https:\/\/schema.org","@graph":[{"@type":"WebPage","@id":"https:\/\/www.correiobraziliense.com.br\/cbradar\/a-erva-medicinal-que-reduz-a-inflamacao-do-abdomen-e-ajuda-a-perder-peso\/","url":"https:\/\/www.correiobraziliense.com.br\/cbradar\/a-erva-medicinal-que-reduz-a-inflamacao-do-abdomen-e-ajuda-a-perder-peso\/","name":"A erva medicinal que reduz a inflama\u00e7\u00e3o do abd\u00f4men e ajuda a perder peso","isPartOf":{"@id":"https:\/\/www.correiobraziliense.com.br\/cbradar\/#website"},"primaryImageOfPage":{"@id":"https:\/\/www.correiobraziliense.com.br\/cbradar\/a-erva-medicinal-que-reduz-a-inflamacao-do-abdomen-e-ajuda-a-perder-peso\/#primaryimage"},"image":{"@id":"https:\/\/www.correiobraziliense.com.br\/cbradar\/a-erva-medicinal-que-reduz-a-inflamacao-do-abdomen-e-ajuda-a-perder-peso\/#primaryimage"},"thumbnailUrl":"https:\/\/www.correiobraziliense.com.br\/cbradar\/wp-content\/uploads\/2025\/09\/ginseng_1758126903895-1.jpg","datePublished":"2025-09-18T10:23:06+00:00","author":{"@id":"https:\/\/www.correiobraziliense.com.br\/cbradar\/#\/schema\/person\/7356666e12ec0ee53f348ee5db227032"},"description":"Aprenda como aliviar inflama\u00e7\u00e3o abdominal e incha\u00e7o com ervas como ginseng, h\u00e1bitos saud\u00e1veis e cuidados com a digest\u00e3o.","breadcrumb":{"@id":"https:\/\/www.correiobraziliense.com.br\/cbradar\/a-erva-medicinal-que-reduz-a-inflamacao-do-abdomen-e-ajuda-a-perder-peso\/#breadcrumb"},"inLanguage":"pt-BR","potentialAction":[{"@type":"ReadAction","target":["https:\/\/www.correiobraziliense.com.br\/cbradar\/a-erva-medicinal-que-reduz-a-inflamacao-do-abdomen-e-ajuda-a-perder-peso\/"]}]},{"@type":"ImageObject","inLanguage":"pt-BR","@id":"https:\/\/www.correiobraziliense.com.br\/cbradar\/a-erva-medicinal-que-reduz-a-inflamacao-do-abdomen-e-ajuda-a-perder-peso\/#primaryimage","url":"https:\/\/www.correiobraziliense.com.br\/cbradar\/wp-content\/uploads\/2025\/09\/ginseng_1758126903895-1.jpg","contentUrl":"https:\/\/www.correiobraziliense.com.br\/cbradar\/wp-content\/uploads\/2025\/09\/ginseng_1758126903895-1.jpg","width":1280,"height":720,"caption":"Ervas como o ginseng, reconhecido por suas propriedades anti-inflamat\u00f3rias - Ervas como o ginseng, reconhecido por suas propriedades anti-inflamat\u00f3rias"},{"@type":"BreadcrumbList","@id":"https:\/\/www.correiobraziliense.com.br\/cbradar\/a-erva-medicinal-que-reduz-a-inflamacao-do-abdomen-e-ajuda-a-perder-peso\/#breadcrumb","itemListElement":[{"@type":"ListItem","position":1,"name":"In\u00edcio","item":"https:\/\/www.correiobraziliense.com.br\/cbradar\/"},{"@type":"ListItem","position":2,"name":"A erva medicinal que reduz a inflama\u00e7\u00e3o do abd\u00f4men e ajuda a perder peso"}]},{"@type":"WebSite","@id":"https:\/\/www.correiobraziliense.com.br\/cbradar\/#website","url":"https:\/\/www.correiobraziliense.com.br\/cbradar\/","name":"Correio Braziliense - Radar","description":"Acompanhe as \u00faltimas not\u00edcias e fique bem informado sobre tudo o que acontece no Brasil e no mundo.","potentialAction":[{"@type":"SearchAction","target":{"@type":"EntryPoint","urlTemplate":"https:\/\/www.correiobraziliense.com.br\/cbradar\/?s={search_term_string}"},"query-input":{"@type":"PropertyValueSpecification","valueRequired":true,"valueName":"search_term_string"}}],"inLanguage":"pt-BR"},{"@type":"Person","@id":"https:\/\/www.correiobraziliense.com.br\/cbradar\/#\/schema\/person\/7356666e12ec0ee53f348ee5db227032","name":"Daniely Cardoso","image":{"@type":"ImageObject","inLanguage":"pt-BR","@id":"https:\/\/www.correiobraziliense.com.br\/cbradar\/#\/schema\/person\/image\/","url":"https:\/\/secure.gravatar.com\/avatar\/4b80ddbd124d1f071b626d52d62e5dff?s=96&d=mm&r=g","contentUrl":"https:\/\/secure.gravatar.com\/avatar\/4b80ddbd124d1f071b626d52d62e5dff?s=96&d=mm&r=g","caption":"Daniely Cardoso"},"description":"Redatora nos portais CB Radar e EM Foco, formada pela Universidade Federal de Goi\u00e1s, em Goi\u00e2nia. Apaixonada por comunica\u00e7\u00e3o, arte, decora\u00e7\u00e3o e tend\u00eancias, atuo na produ\u00e7\u00e3o de conte\u00fados envolventes sobre curiosidades, moda, beleza e paisagismo, sempre com um olhar atento \u00e0s novidades do momento.","sameAs":["https:\/\/www.correiobraziliense.com.br\/cbradar"],"url":"https:\/\/www.correiobraziliense.com.br\/cbradar\/author\/danielymyth\/"}]}},"_links":{"self":[{"href":"https:\/\/www.correiobraziliense.com.br\/cbradar\/wp-json\/wp\/v2\/posts\/105426","targetHints":{"allow":["GET"]}}],"collection":[{"href":"https:\/\/www.correiobraziliense.com.br\/cbradar\/wp-json\/wp\/v2\/posts"}],"about":[{"href":"https:\/\/www.correiobraziliense.com.br\/cbradar\/wp-json\/wp\/v2\/types\/post"}],"author":[{"embeddable":true,"href":"https:\/\/www.correiobraziliense.com.br\/cbradar\/wp-json\/wp\/v2\/users\/9"}],"replies":[{"embeddable":true,"href":"https:\/\/www.correiobraziliense.com.br\/cbradar\/wp-json\/wp\/v2\/comments?post=105426"}],"version-history":[{"count":3,"href":"https:\/\/www.correiobraziliense.com.br\/cbradar\/wp-json\/wp\/v2\/posts\/105426\/revisions"}],"predecessor-version":[{"id":105434,"href":"https:\/\/www.correiobraziliense.com.br\/cbradar\/wp-json\/wp\/v2\/posts\/105426\/revisions\/105434"}],"wp:featuredmedia":[{"embeddable":true,"href":"https:\/\/www.correiobraziliense.com.br\/cbradar\/wp-json\/wp\/v2\/media\/105429"}],"wp:attachment":[{"href":"https:\/\/www.correiobraziliense.com.br\/cbradar\/wp-json\/wp\/v2\/media?parent=105426"}],"wp:term":[{"taxonomy":"category","embeddable":true,"href":"https:\/\/www.correiobraziliense.com.br\/cbradar\/wp-json\/wp\/v2\/categories?post=105426"},{"taxonomy":"post_tag","embeddable":true,"href":"https:\/\/www.correiobraziliense.com.br\/cbradar\/wp-json\/wp\/v2\/post_tag?post=105426"}],"curies":[{"name":"wp","href":"https:\/\/api.w.org\/{rel}","templated":true}]}}