{"id":105539,"date":"2025-09-19T14:53:00","date_gmt":"2025-09-19T17:53:00","guid":{"rendered":"https:\/\/www.correiobraziliense.com.br\/cbradar\/?p=105539"},"modified":"2025-09-18T07:42:33","modified_gmt":"2025-09-18T10:42:33","slug":"sinais-de-que-voce-esta-comendo-muito-acucar","status":"publish","type":"post","link":"https:\/\/www.correiobraziliense.com.br\/cbradar\/sinais-de-que-voce-esta-comendo-muito-acucar\/","title":{"rendered":"Sinais de que voc\u00ea est\u00e1 comendo muito a\u00e7\u00facar"},"content":{"rendered":"\n<p>O <strong>consumo excessivo de a\u00e7\u00facar<\/strong> \u00e9 um problema crescente que pode afetar significativamente sua sa\u00fade. Sabe-se que o a\u00e7\u00facar est\u00e1 presente em muitos alimentos, incluindo aqueles considerados saud\u00e1veis. Este artigo aborda os sinais e efeitos do consumo elevado de a\u00e7\u00facar e fornece dicas pr\u00e1ticas para reduzir sua ingest\u00e3o.<\/p>\n\n\n\n<ul class=\"wp-block-list\">\n<li><strong>Aumento de peso<\/strong>: reconhe\u00e7a os sinais de ingest\u00e3o excessiva de a\u00e7\u00facar.<\/li>\n\n\n\n<li><strong>Impactos na sa\u00fade mental<\/strong>: como o a\u00e7\u00facar pode afetar seu humor.<\/li>\n\n\n\n<li><strong>Estrat\u00e9gias para reduzir o a\u00e7\u00facar<\/strong> na dieta e melhorar seu bem-estar.<\/li>\n<\/ul>\n\n\n\n<h2 class=\"wp-block-heading\">Quanto a\u00e7\u00facar \u00e9 demais?<\/h2>\n\n\n\n<p>\u00c9 recomendado que <strong>mulheres<\/strong> consumam no m\u00e1ximo seis colheres de ch\u00e1 de a\u00e7\u00facar por dia, enquanto os <strong>homens<\/strong> devem se limitar a nove. Isso equivale a 25 a 36 gramas ou cerca de 100 a 150 calorias de a\u00e7\u00facar por dia. Considerando que um refrigerante de 12 on\u00e7as possui 39 gramas de a\u00e7\u00facar, \u00e9 f\u00e1cil ultrapassar esse limite.<\/p>\n\n\n\n<h2 class=\"wp-block-heading\">Como o a\u00e7\u00facar afeta seu corpo?<\/h2>\n\n\n\n<p>Os <strong>sinais mais comuns<\/strong> de consumo excessivo de a\u00e7\u00facar s\u00e3o o ganho de peso e fome constante. Isso ocorre porque o a\u00e7\u00facar eleva os n\u00edveis de glicose no sangue sem proporcionar saciedade duradoura.<\/p>\n\n\n\n<p>Al\u00e9m disso, o <strong>a\u00e7\u00facar<\/strong> pode levar \u00e0 inflama\u00e7\u00e3o e enfraquecer o sistema imunol\u00f3gico. O excesso de a\u00e7\u00facar alimenta bact\u00e9rias no intestino grosso, liberando endotoxinas que podem causar inflama\u00e7\u00f5es silenciosas no corpo.<\/p>\n\n\n\n<figure class=\"wp-block-image size-large\"><img decoding=\"async\" width=\"1024\" height=\"576\" src=\"https:\/\/www.correiobraziliense.com.br\/cbradar\/wp-content\/uploads\/2025\/09\/comidas-com-muito-acucar_1758139727451-1024x576.jpg\" alt=\"Sinais de que voc\u00ea est\u00e1 comendo muito a\u00e7\u00facar\" class=\"wp-image-105542\" srcset=\"https:\/\/www.correiobraziliense.com.br\/cbradar\/wp-content\/uploads\/2025\/09\/comidas-com-muito-acucar_1758139727451-1024x576.jpg 1024w, https:\/\/www.correiobraziliense.com.br\/cbradar\/wp-content\/uploads\/2025\/09\/comidas-com-muito-acucar_1758139727451-300x169.jpg 300w, https:\/\/www.correiobraziliense.com.br\/cbradar\/wp-content\/uploads\/2025\/09\/comidas-com-muito-acucar_1758139727451-768x432.jpg 768w, https:\/\/www.correiobraziliense.com.br\/cbradar\/wp-content\/uploads\/2025\/09\/comidas-com-muito-acucar_1758139727451-750x422.jpg 750w, https:\/\/www.correiobraziliense.com.br\/cbradar\/wp-content\/uploads\/2025\/09\/comidas-com-muito-acucar_1758139727451-1140x641.jpg 1140w, https:\/\/www.correiobraziliense.com.br\/cbradar\/wp-content\/uploads\/2025\/09\/comidas-com-muito-acucar_1758139727451.jpg 1280w\" sizes=\"(max-width: 1024px) 100vw, 1024px\" \/><figcaption class=\"wp-element-caption\">Comidas com muito a\u00e7\u00facar\nCr\u00e9ditos: depositphotos.com \/ artoleshko<\/figcaption><\/figure>\n\n\n\n<h2 class=\"wp-block-heading\">Cuidado com os efeitos colaterais do a\u00e7\u00facar<\/h2>\n\n\n\n<p>O consumo elevado de a\u00e7\u00facar pode resultar em <strong>altera\u00e7\u00f5es de humor<\/strong> e desejos constantes por doces. Quando h\u00e1 um pico de glicose no sangue, o corpo libera insulina de forma r\u00e1pida e intensa, o que pode levar \u00e0 hipoglicemia relativa e, consequentemente, a altera\u00e7\u00f5es bruscas de humor.<\/p>\n\n\n\n<p>Al\u00e9m disso, a ingest\u00e3o exagerada de a\u00e7\u00facar pode causar <strong>desconforto digestivo<\/strong>, como incha\u00e7o e constipa\u00e7\u00e3o.<\/p>\n\n\n\n<h2 class=\"wp-block-heading\">Maneiras pr\u00e1ticas de reduzir o consumo de a\u00e7\u00facar<\/h2>\n\n\n\n<p><strong>Primeiro<\/strong>, concentre-se no que est\u00e1 comendo e bebendo. A hidrata\u00e7\u00e3o adequada e o consumo de fibras e prote\u00ednas ajudam a estabilizar os n\u00edveis de a\u00e7\u00facar no sangue.<\/p>\n\n\n\n<p><strong>Exerc\u00edcio<\/strong> \u00e9 sempre uma boa ideia; at\u00e9 mesmo uma caminhada leve pode ajudar a queimar o a\u00e7\u00facar extra.<\/p>\n\n\n\n<p>Por \u00faltimo, seja paciente, seu corpo se regular\u00e1 naturalmente com o tempo.<\/p>\n\n\n\n<h2 class=\"wp-block-heading\">Aproveite a vida com menos a\u00e7\u00facar<\/h2>\n\n\n\n<ul class=\"wp-block-list\">\n<li>Pratique <strong>autocompaix\u00e3o<\/strong>: um dia com alto consumo de a\u00e7\u00facar n\u00e3o prejudicar\u00e1 sua sa\u00fade permanentemente.<\/li>\n\n\n\n<li>Priorize <strong>refei\u00e7\u00f5es balanceadas<\/strong> e saud\u00e1veis para garantir nutrientes essenciais.<\/li>\n\n\n\n<li>Mantenha um <strong>estilo de vida ativo<\/strong> para auxiliar no equil\u00edbrio do corpo.<\/li>\n<\/ul>\n\n\n\n<p>Com pequenas mudan\u00e7as no seu cotidiano, \u00e9 poss\u00edvel diminuir a ingest\u00e3o de a\u00e7\u00facar e melhorar sua sa\u00fade geral. Esteja ciente das armadilhas do consumo excessivo de a\u00e7\u00facar e tome iniciativas para viver uma vida mais saud\u00e1vel.<\/p>\n","protected":false},"excerpt":{"rendered":"<p>Descubra o impacto do excesso de a\u00e7\u00facar em sua sa\u00fade. Saiba como limita\u00e7\u00f5es di\u00e1rias podem prevenir ganho de peso, inflama\u00e7\u00f5es, e mais!<\/p>\n","protected":false},"author":3,"featured_media":105541,"comment_status":"open","ping_status":"open","sticky":false,"template":"","format":"standard","meta":{"_yoast_wpseo_focuskw":"sinais comento muito a\u00e7\u00facar","_yoast_wpseo_title":"%%title%%","_yoast_wpseo_metadesc":"Descubra o impacto do excesso de a\u00e7\u00facar em sua sa\u00fade. Saiba como limita\u00e7\u00f5es di\u00e1rias podem prevenir ganho de peso, inflama\u00e7\u00f5es, e mais!","jnews-multi-image_gallery":[],"jnews_single_post":{"format":"standard"},"jnews_primary_category":[],"jnews_social_meta":[],"jnews_override_counter":[],"footnotes":""},"categories":[112],"post_tag":[281,1488],"class_list":["post-105539","post","type-post","status-publish","format-standard","has-post-thumbnail","hentry","category-curiosidades","tag-alimentacao","tag-dieta"],"yoast_head":"<!-- This site is optimized with the Yoast SEO plugin v24.6 - https:\/\/yoast.com\/wordpress\/plugins\/seo\/ -->\n<title>Sinais de que voc\u00ea est\u00e1 comendo muito a\u00e7\u00facar<\/title>\n<meta name=\"description\" content=\"Descubra o impacto do excesso de a\u00e7\u00facar em sua sa\u00fade. Saiba como limita\u00e7\u00f5es di\u00e1rias podem prevenir ganho de peso, inflama\u00e7\u00f5es, e mais!\" \/>\n<meta name=\"robots\" content=\"index, follow, max-snippet:-1, max-image-preview:large, max-video-preview:-1\" \/>\n<link rel=\"canonical\" href=\"https:\/\/www.correiobraziliense.com.br\/cbradar\/sinais-de-que-voce-esta-comendo-muito-acucar\/\" \/>\n<meta property=\"og:locale\" content=\"pt_BR\" \/>\n<meta property=\"og:type\" content=\"article\" \/>\n<meta property=\"og:title\" content=\"Sinais de que voc\u00ea est\u00e1 comendo muito a\u00e7\u00facar\" \/>\n<meta property=\"og:description\" content=\"Descubra o impacto do excesso de a\u00e7\u00facar em sua sa\u00fade. Saiba como limita\u00e7\u00f5es di\u00e1rias podem prevenir ganho de peso, inflama\u00e7\u00f5es, e mais!\" \/>\n<meta property=\"og:url\" content=\"https:\/\/www.correiobraziliense.com.br\/cbradar\/sinais-de-que-voce-esta-comendo-muito-acucar\/\" \/>\n<meta property=\"og:site_name\" content=\"Correio Braziliense - Radar\" \/>\n<meta property=\"article:published_time\" content=\"2025-09-19T17:53:00+00:00\" \/>\n<meta property=\"og:image\" content=\"https:\/\/www.correiobraziliense.com.br\/cbradar\/wp-content\/uploads\/2025\/09\/acucar_1758139667472.jpg\" \/>\n\t<meta property=\"og:image:width\" content=\"1280\" \/>\n\t<meta property=\"og:image:height\" content=\"720\" \/>\n\t<meta property=\"og:image:type\" content=\"image\/jpeg\" \/>\n<meta name=\"author\" content=\"Larissa Carvalho\" \/>\n<meta name=\"twitter:card\" content=\"summary_large_image\" \/>\n<meta name=\"twitter:label1\" content=\"Escrito por\" \/>\n\t<meta name=\"twitter:data1\" content=\"Larissa Carvalho\" \/>\n\t<meta name=\"twitter:label2\" content=\"Est. tempo de leitura\" \/>\n\t<meta name=\"twitter:data2\" content=\"3 minutos\" \/>\n<!-- \/ Yoast SEO plugin. -->","yoast_head_json":{"title":"Sinais de que voc\u00ea est\u00e1 comendo muito a\u00e7\u00facar","description":"Descubra o impacto do excesso de a\u00e7\u00facar em sua sa\u00fade. Saiba como limita\u00e7\u00f5es di\u00e1rias podem prevenir ganho de peso, inflama\u00e7\u00f5es, e mais!","robots":{"index":"index","follow":"follow","max-snippet":"max-snippet:-1","max-image-preview":"max-image-preview:large","max-video-preview":"max-video-preview:-1"},"canonical":"https:\/\/www.correiobraziliense.com.br\/cbradar\/sinais-de-que-voce-esta-comendo-muito-acucar\/","og_locale":"pt_BR","og_type":"article","og_title":"Sinais de que voc\u00ea est\u00e1 comendo muito a\u00e7\u00facar","og_description":"Descubra o impacto do excesso de a\u00e7\u00facar em sua sa\u00fade. Saiba como limita\u00e7\u00f5es di\u00e1rias podem prevenir ganho de peso, inflama\u00e7\u00f5es, e mais!","og_url":"https:\/\/www.correiobraziliense.com.br\/cbradar\/sinais-de-que-voce-esta-comendo-muito-acucar\/","og_site_name":"Correio Braziliense - Radar","article_published_time":"2025-09-19T17:53:00+00:00","og_image":[{"width":1280,"height":720,"url":"https:\/\/www.correiobraziliense.com.br\/cbradar\/wp-content\/uploads\/2025\/09\/acucar_1758139667472.jpg","type":"image\/jpeg"}],"author":"Larissa Carvalho","twitter_card":"summary_large_image","twitter_misc":{"Escrito por":"Larissa Carvalho","Est. tempo de leitura":"3 minutos"},"schema":{"@context":"https:\/\/schema.org","@graph":[{"@type":"WebPage","@id":"https:\/\/www.correiobraziliense.com.br\/cbradar\/sinais-de-que-voce-esta-comendo-muito-acucar\/","url":"https:\/\/www.correiobraziliense.com.br\/cbradar\/sinais-de-que-voce-esta-comendo-muito-acucar\/","name":"Sinais de que voc\u00ea est\u00e1 comendo muito a\u00e7\u00facar","isPartOf":{"@id":"https:\/\/www.correiobraziliense.com.br\/cbradar\/#website"},"primaryImageOfPage":{"@id":"https:\/\/www.correiobraziliense.com.br\/cbradar\/sinais-de-que-voce-esta-comendo-muito-acucar\/#primaryimage"},"image":{"@id":"https:\/\/www.correiobraziliense.com.br\/cbradar\/sinais-de-que-voce-esta-comendo-muito-acucar\/#primaryimage"},"thumbnailUrl":"https:\/\/www.correiobraziliense.com.br\/cbradar\/wp-content\/uploads\/2025\/09\/acucar_1758139667472.jpg","datePublished":"2025-09-19T17:53:00+00:00","author":{"@id":"https:\/\/www.correiobraziliense.com.br\/cbradar\/#\/schema\/person\/58422787644df994b53a19d3e56c1513"},"description":"Descubra o impacto do excesso de a\u00e7\u00facar em sua sa\u00fade. Saiba como limita\u00e7\u00f5es di\u00e1rias podem prevenir ganho de peso, inflama\u00e7\u00f5es, e mais!","breadcrumb":{"@id":"https:\/\/www.correiobraziliense.com.br\/cbradar\/sinais-de-que-voce-esta-comendo-muito-acucar\/#breadcrumb"},"inLanguage":"pt-BR","potentialAction":[{"@type":"ReadAction","target":["https:\/\/www.correiobraziliense.com.br\/cbradar\/sinais-de-que-voce-esta-comendo-muito-acucar\/"]}]},{"@type":"ImageObject","inLanguage":"pt-BR","@id":"https:\/\/www.correiobraziliense.com.br\/cbradar\/sinais-de-que-voce-esta-comendo-muito-acucar\/#primaryimage","url":"https:\/\/www.correiobraziliense.com.br\/cbradar\/wp-content\/uploads\/2025\/09\/acucar_1758139667472.jpg","contentUrl":"https:\/\/www.correiobraziliense.com.br\/cbradar\/wp-content\/uploads\/2025\/09\/acucar_1758139667472.jpg","width":1280,"height":720,"caption":"Blocos de a\u00e7\u00facar Cr\u00e9ditos: depositphotos.com \/ HayDmitriy"},{"@type":"BreadcrumbList","@id":"https:\/\/www.correiobraziliense.com.br\/cbradar\/sinais-de-que-voce-esta-comendo-muito-acucar\/#breadcrumb","itemListElement":[{"@type":"ListItem","position":1,"name":"In\u00edcio","item":"https:\/\/www.correiobraziliense.com.br\/cbradar\/"},{"@type":"ListItem","position":2,"name":"Sinais de que voc\u00ea est\u00e1 comendo muito a\u00e7\u00facar"}]},{"@type":"WebSite","@id":"https:\/\/www.correiobraziliense.com.br\/cbradar\/#website","url":"https:\/\/www.correiobraziliense.com.br\/cbradar\/","name":"Correio Braziliense - Radar","description":"Acompanhe as \u00faltimas not\u00edcias e fique bem informado sobre tudo o que acontece no Brasil e no mundo.","potentialAction":[{"@type":"SearchAction","target":{"@type":"EntryPoint","urlTemplate":"https:\/\/www.correiobraziliense.com.br\/cbradar\/?s={search_term_string}"},"query-input":{"@type":"PropertyValueSpecification","valueRequired":true,"valueName":"search_term_string"}}],"inLanguage":"pt-BR"},{"@type":"Person","@id":"https:\/\/www.correiobraziliense.com.br\/cbradar\/#\/schema\/person\/58422787644df994b53a19d3e56c1513","name":"Larissa Carvalho","image":{"@type":"ImageObject","inLanguage":"pt-BR","@id":"https:\/\/www.correiobraziliense.com.br\/cbradar\/#\/schema\/person\/image\/","url":"https:\/\/secure.gravatar.com\/avatar\/fe4f91a0de32b52a838d0d612abdc1aa?s=96&d=mm&r=g","contentUrl":"https:\/\/secure.gravatar.com\/avatar\/fe4f91a0de32b52a838d0d612abdc1aa?s=96&d=mm&r=g","caption":"Larissa Carvalho"},"url":"https:\/\/www.correiobraziliense.com.br\/cbradar\/author\/larissamyth\/"}]}},"_links":{"self":[{"href":"https:\/\/www.correiobraziliense.com.br\/cbradar\/wp-json\/wp\/v2\/posts\/105539","targetHints":{"allow":["GET"]}}],"collection":[{"href":"https:\/\/www.correiobraziliense.com.br\/cbradar\/wp-json\/wp\/v2\/posts"}],"about":[{"href":"https:\/\/www.correiobraziliense.com.br\/cbradar\/wp-json\/wp\/v2\/types\/post"}],"author":[{"embeddable":true,"href":"https:\/\/www.correiobraziliense.com.br\/cbradar\/wp-json\/wp\/v2\/users\/3"}],"replies":[{"embeddable":true,"href":"https:\/\/www.correiobraziliense.com.br\/cbradar\/wp-json\/wp\/v2\/comments?post=105539"}],"version-history":[{"count":2,"href":"https:\/\/www.correiobraziliense.com.br\/cbradar\/wp-json\/wp\/v2\/posts\/105539\/revisions"}],"predecessor-version":[{"id":105698,"href":"https:\/\/www.correiobraziliense.com.br\/cbradar\/wp-json\/wp\/v2\/posts\/105539\/revisions\/105698"}],"wp:featuredmedia":[{"embeddable":true,"href":"https:\/\/www.correiobraziliense.com.br\/cbradar\/wp-json\/wp\/v2\/media\/105541"}],"wp:attachment":[{"href":"https:\/\/www.correiobraziliense.com.br\/cbradar\/wp-json\/wp\/v2\/media?parent=105539"}],"wp:term":[{"taxonomy":"category","embeddable":true,"href":"https:\/\/www.correiobraziliense.com.br\/cbradar\/wp-json\/wp\/v2\/categories?post=105539"},{"taxonomy":"post_tag","embeddable":true,"href":"https:\/\/www.correiobraziliense.com.br\/cbradar\/wp-json\/wp\/v2\/post_tag?post=105539"}],"curies":[{"name":"wp","href":"https:\/\/api.w.org\/{rel}","templated":true}]}}