{"id":10557,"date":"2025-03-08T08:59:00","date_gmt":"2025-03-08T11:59:00","guid":{"rendered":"https:\/\/www.correiobraziliense.com.br\/cbradar\/?p=10557"},"modified":"2025-03-08T05:28:33","modified_gmt":"2025-03-08T08:28:33","slug":"quer-ter-jabuticaba-em-casa-confira-as-melhores-dicas-de-cultivo","status":"publish","type":"post","link":"https:\/\/www.correiobraziliense.com.br\/cbradar\/quer-ter-jabuticaba-em-casa-confira-as-melhores-dicas-de-cultivo\/","title":{"rendered":"Quer Ter Jabuticaba em Casa? Confira as Melhores Dicas de Cultivo!"},"content":{"rendered":"\n<p>Cultivar <strong>Jabuticaba<\/strong> em casa pode ser muito gratificante, oferecendo frutos deliciosos e saud\u00e1veis diretamente do seu quintal ou varanda. Confira nosso guia completo para ter sucesso nessa atividade.<\/p>\n\n\n\n<h2 class=\"wp-block-heading\">O que \u00e9 preciso para plantar Jabuticaba?<\/h2>\n\n\n\n<p>Para plantar <strong>Jabuticaba<\/strong>, escolha um local com boa ilumina\u00e7\u00e3o solar, mas protegido dos ventos fortes. A planta necessita de solo f\u00e9rtil e bem drenado, rico em mat\u00e9ria org\u00e2nica. Utilize vasos grandes ou plante diretamente no jardim com espa\u00e7amento adequado. Caso plante em vasos, escolha aqueles com no m\u00ednimo 50 cm de profundidade.<\/p>\n\n\n\n<h2 class=\"wp-block-heading\">Como plantar Jabuticaba corretamente?<\/h2>\n\n\n\n<p>Prepare o solo misturando terra vegetal com composto org\u00e2nico ou h\u00famus de minhoca. Fa\u00e7a uma cova espa\u00e7osa e acomode a muda cuidadosamente, mantendo o torr\u00e3o intacto. Cubra com terra, pressione levemente e regue generosamente. \u00c9 importante manter uma camada de cobertura morta ao redor da planta para preservar a umidade e proteger as ra\u00edzes.<\/p>\n\n\n\n<figure class=\"wp-block-gallery has-nested-images columns-default is-cropped wp-block-gallery-1 is-layout-flex wp-block-gallery-is-layout-flex\">\n<figure class=\"wp-block-image size-large\"><img decoding=\"async\" width=\"1024\" height=\"576\" data-id=\"10561\" src=\"https:\/\/www.correiobraziliense.com.br\/cbradar\/wp-content\/uploads\/2025\/03\/jabuticaba_1741422432833-1024x576.jpg\" alt=\"Jabuticaba Cr\u00e9ditos: depositphotos.com \/ sidneydealmeida\" class=\"wp-image-10561\" srcset=\"https:\/\/www.correiobraziliense.com.br\/cbradar\/wp-content\/uploads\/2025\/03\/jabuticaba_1741422432833-1024x576.jpg 1024w, https:\/\/www.correiobraziliense.com.br\/cbradar\/wp-content\/uploads\/2025\/03\/jabuticaba_1741422432833-300x169.jpg 300w, https:\/\/www.correiobraziliense.com.br\/cbradar\/wp-content\/uploads\/2025\/03\/jabuticaba_1741422432833-768x432.jpg 768w, https:\/\/www.correiobraziliense.com.br\/cbradar\/wp-content\/uploads\/2025\/03\/jabuticaba_1741422432833-750x422.jpg 750w, https:\/\/www.correiobraziliense.com.br\/cbradar\/wp-content\/uploads\/2025\/03\/jabuticaba_1741422432833-1140x641.jpg 1140w, https:\/\/www.correiobraziliense.com.br\/cbradar\/wp-content\/uploads\/2025\/03\/jabuticaba_1741422432833.jpg 1280w\" sizes=\"(max-width: 1024px) 100vw, 1024px\" \/><figcaption class=\"wp-element-caption\">Jabuticaba Cr\u00e9ditos: depositphotos.com \/ sidneydealmeida<\/figcaption><\/figure>\n<\/figure>\n\n\n\n<h2 class=\"wp-block-heading\">Como cuidar da Jabuticabeira ap\u00f3s o plantio?<\/h2>\n\n\n\n<p>A manuten\u00e7\u00e3o inclui regas frequentes, mas sem encharcar o solo. Adube regularmente com adubo org\u00e2nico ou NPK pr\u00f3prio para frut\u00edferas. Fa\u00e7a podas anuais para remover galhos secos e melhorar a ventila\u00e7\u00e3o. Verifique periodicamente a presen\u00e7a de pragas, como pulg\u00f5es e cochonilhas, e realize tratamentos preventivos com \u00f3leo de neem ou solu\u00e7\u00f5es naturais.<\/p>\n\n\n\n<h2 class=\"wp-block-heading\">Quando colher Jabuticaba?<\/h2>\n\n\n\n<p>Normalmente, a primeira colheita ocorre entre 4 e 6 anos ap\u00f3s o plantio. As frutas devem ser colhidas maduras, quando apresentam cor escura e textura macia. Para garantir maior sabor e qualidade, colha as jabuticabas diretamente da \u00e1rvore no momento em que estiverem bem maduras, evitando machucar os galhos.<\/p>\n\n\n\n<h2 class=\"wp-block-heading\">Quais as melhores dicas para ter sucesso com a Jabuticabeira?<\/h2>\n\n\n\n<ul class=\"wp-block-list\">\n<li>Garanta exposi\u00e7\u00e3o solar di\u00e1ria de pelo menos 4 horas.<\/li>\n\n\n\n<li>Use adubo regularmente para fortalecer a planta.<\/li>\n\n\n\n<li>Proteja sua planta contra geadas e ventos fortes.<\/li>\n\n\n\n<li>Realize podas regulares para estimular o crescimento.<\/li>\n\n\n\n<li>Utilize cobertura morta para melhorar a sa\u00fade do solo.<\/li>\n\n\n\n<li>Aplique tratamento preventivo contra pragas regularmente.<\/li>\n<\/ul>\n\n\n\n<h2 class=\"wp-block-heading\">Como multiplicar a Jabuticabeira?<\/h2>\n\n\n\n<p>\u00c9 poss\u00edvel multiplicar a jabuticabeira por sementes ou por estaquia. Se optar pelas sementes, selecione aquelas provenientes de frutos bem maduros, lave-as e plante-as logo ap\u00f3s a colheita, garantindo maior taxa de germina\u00e7\u00e3o. No m\u00e9todo por estaquia, corte um galho saud\u00e1vel com aproximadamente 20 cm e plante-o em substrato \u00famido at\u00e9 enraizar.<\/p>\n\n\n\n<h2 class=\"wp-block-heading\">Benef\u00edcios nutricionais da Jabuticaba<\/h2>\n\n\n\n<p>A jabuticaba \u00e9 rica em vitaminas, minerais e antioxidantes essenciais para a sa\u00fade, ajudando a fortalecer o sistema imunol\u00f3gico, melhorar a digest\u00e3o e prevenir o envelhecimento precoce das c\u00e9lulas. Al\u00e9m disso, \u00e9 uma fruta vers\u00e1til, podendo ser consumida fresca ou utilizada em geleias, sucos e licores.<\/p>\n\n\n\n<p>Seguindo essas orienta\u00e7\u00f5es, voc\u00ea ter\u00e1 lindas e produtivas <strong>Jabuticabeiras<\/strong> em casa, garantindo frutas frescas e deliciosas diretamente do seu quintal ou varanda.<\/p>\n\n\n\n<h2 class=\"wp-block-heading\">FAQ &#8211; Perguntas Frequentes sobre Jabuticaba<\/h2>\n\n\n\n<p><strong>1. Quanto tempo demora para a jabuticabeira dar frutos?<\/strong><br>Entre 4 e 6 anos ap\u00f3s o plantio.<\/p>\n\n\n\n<p><strong>2. Qual a melhor \u00e9poca para plantar jabuticaba?<\/strong><br>Preferencialmente na primavera ou in\u00edcio do ver\u00e3o.<\/p>\n\n\n\n<p><strong>3. Posso plantar jabuticaba em vaso?<\/strong><br>Sim, desde que o vaso seja grande e bem drenado.<\/p>\n\n\n\n<p><strong>4. Qual o melhor adubo para jabuticaba?<\/strong><br>Adubo org\u00e2nico ou f\u00f3rmula NPK espec\u00edfica para frut\u00edferas.<\/p>\n\n\n\n<p><strong>5. Jabuticaba precisa de sol pleno?<\/strong><br>Sim, idealmente deve receber ao menos 4 horas de sol diariamente.<\/p>\n","protected":false},"excerpt":{"rendered":"<p>Cultivar Jabuticaba em casa pode ser muito gratificante, oferecendo frutos deliciosos e saud\u00e1veis diretamente do seu quintal ou varanda. Confira nosso guia completo para ter sucesso nessa atividade.<\/p>\n","protected":false},"author":4,"featured_media":10560,"comment_status":"open","ping_status":"open","sticky":false,"template":"","format":"standard","meta":{"_yoast_wpseo_focuskw":"Jabuticaba","_yoast_wpseo_title":"","_yoast_wpseo_metadesc":"Cultivar Jabuticaba em casa pode ser muito gratificante, oferecendo frutos deliciosos e saud\u00e1veis diretamente do seu quintal ou varanda","jnews-multi-image_gallery":[],"jnews_single_post":{"format":"standard"},"jnews_primary_category":[],"jnews_social_meta":[],"jnews_override_counter":[],"footnotes":""},"categories":[136],"post_tag":[1681,1680,865,1679],"class_list":["post-10557","post","type-post","status-publish","format-standard","has-post-thumbnail","hentry","category-jardinagem","tag-colheita-de-jabuticaba","tag-cuidados-jabuticabeira","tag-jabuticaba","tag-plantar-jabuticaba-em-casa"],"yoast_head":"<!-- This site is optimized with the Yoast SEO plugin v24.6 - https:\/\/yoast.com\/wordpress\/plugins\/seo\/ -->\n<title>Quer Ter Jabuticaba em Casa? Confira as Melhores Dicas de Cultivo! - Correio Braziliense - Radar<\/title>\n<meta name=\"description\" content=\"Cultivar Jabuticaba em casa pode ser muito gratificante, oferecendo frutos deliciosos e saud\u00e1veis diretamente do seu quintal ou varanda\" \/>\n<meta name=\"robots\" content=\"index, follow, max-snippet:-1, max-image-preview:large, max-video-preview:-1\" \/>\n<link rel=\"canonical\" href=\"https:\/\/www.correiobraziliense.com.br\/cbradar\/quer-ter-jabuticaba-em-casa-confira-as-melhores-dicas-de-cultivo\/\" \/>\n<meta property=\"og:locale\" content=\"pt_BR\" \/>\n<meta property=\"og:type\" content=\"article\" \/>\n<meta property=\"og:title\" content=\"Quer Ter Jabuticaba em Casa? Confira as Melhores Dicas de Cultivo! - Correio Braziliense - Radar\" \/>\n<meta property=\"og:description\" content=\"Cultivar Jabuticaba em casa pode ser muito gratificante, oferecendo frutos deliciosos e saud\u00e1veis diretamente do seu quintal ou varanda\" \/>\n<meta property=\"og:url\" content=\"https:\/\/www.correiobraziliense.com.br\/cbradar\/quer-ter-jabuticaba-em-casa-confira-as-melhores-dicas-de-cultivo\/\" \/>\n<meta property=\"og:site_name\" content=\"Correio Braziliense - Radar\" \/>\n<meta property=\"article:published_time\" content=\"2025-03-08T11:59:00+00:00\" \/>\n<meta property=\"og:image\" content=\"https:\/\/www.correiobraziliense.com.br\/cbradar\/wp-content\/uploads\/2025\/03\/jabuticaba_1741422361096.jpg\" \/>\n\t<meta property=\"og:image:width\" content=\"1280\" \/>\n\t<meta property=\"og:image:height\" content=\"720\" \/>\n\t<meta property=\"og:image:type\" content=\"image\/jpeg\" \/>\n<meta name=\"author\" content=\"Guilherme Cremaschi\" \/>\n<meta name=\"twitter:card\" content=\"summary_large_image\" \/>\n<meta name=\"twitter:label1\" content=\"Escrito por\" \/>\n\t<meta name=\"twitter:data1\" content=\"Guilherme Cremaschi\" \/>\n\t<meta name=\"twitter:label2\" content=\"Est. tempo de leitura\" \/>\n\t<meta name=\"twitter:data2\" content=\"4 minutos\" \/>\n<!-- \/ Yoast SEO plugin. -->","yoast_head_json":{"title":"Quer Ter Jabuticaba em Casa? Confira as Melhores Dicas de Cultivo! - Correio Braziliense - Radar","description":"Cultivar Jabuticaba em casa pode ser muito gratificante, oferecendo frutos deliciosos e saud\u00e1veis diretamente do seu quintal ou varanda","robots":{"index":"index","follow":"follow","max-snippet":"max-snippet:-1","max-image-preview":"max-image-preview:large","max-video-preview":"max-video-preview:-1"},"canonical":"https:\/\/www.correiobraziliense.com.br\/cbradar\/quer-ter-jabuticaba-em-casa-confira-as-melhores-dicas-de-cultivo\/","og_locale":"pt_BR","og_type":"article","og_title":"Quer Ter Jabuticaba em Casa? Confira as Melhores Dicas de Cultivo! - Correio Braziliense - Radar","og_description":"Cultivar Jabuticaba em casa pode ser muito gratificante, oferecendo frutos deliciosos e saud\u00e1veis diretamente do seu quintal ou varanda","og_url":"https:\/\/www.correiobraziliense.com.br\/cbradar\/quer-ter-jabuticaba-em-casa-confira-as-melhores-dicas-de-cultivo\/","og_site_name":"Correio Braziliense - Radar","article_published_time":"2025-03-08T11:59:00+00:00","og_image":[{"width":1280,"height":720,"url":"https:\/\/www.correiobraziliense.com.br\/cbradar\/wp-content\/uploads\/2025\/03\/jabuticaba_1741422361096.jpg","type":"image\/jpeg"}],"author":"Guilherme Cremaschi","twitter_card":"summary_large_image","twitter_misc":{"Escrito por":"Guilherme Cremaschi","Est. tempo de leitura":"4 minutos"},"schema":{"@context":"https:\/\/schema.org","@graph":[{"@type":"WebPage","@id":"https:\/\/www.correiobraziliense.com.br\/cbradar\/quer-ter-jabuticaba-em-casa-confira-as-melhores-dicas-de-cultivo\/","url":"https:\/\/www.correiobraziliense.com.br\/cbradar\/quer-ter-jabuticaba-em-casa-confira-as-melhores-dicas-de-cultivo\/","name":"Quer Ter Jabuticaba em Casa? Confira as Melhores Dicas de Cultivo! - Correio Braziliense - Radar","isPartOf":{"@id":"https:\/\/www.correiobraziliense.com.br\/cbradar\/#website"},"primaryImageOfPage":{"@id":"https:\/\/www.correiobraziliense.com.br\/cbradar\/quer-ter-jabuticaba-em-casa-confira-as-melhores-dicas-de-cultivo\/#primaryimage"},"image":{"@id":"https:\/\/www.correiobraziliense.com.br\/cbradar\/quer-ter-jabuticaba-em-casa-confira-as-melhores-dicas-de-cultivo\/#primaryimage"},"thumbnailUrl":"https:\/\/www.correiobraziliense.com.br\/cbradar\/wp-content\/uploads\/2025\/03\/jabuticaba_1741422361096.jpg","datePublished":"2025-03-08T11:59:00+00:00","author":{"@id":"https:\/\/www.correiobraziliense.com.br\/cbradar\/#\/schema\/person\/4760856b25506e84ce34d5de2b0d95f1"},"description":"Cultivar Jabuticaba em casa pode ser muito gratificante, oferecendo frutos deliciosos e saud\u00e1veis diretamente do seu quintal ou varanda","breadcrumb":{"@id":"https:\/\/www.correiobraziliense.com.br\/cbradar\/quer-ter-jabuticaba-em-casa-confira-as-melhores-dicas-de-cultivo\/#breadcrumb"},"inLanguage":"pt-BR","potentialAction":[{"@type":"ReadAction","target":["https:\/\/www.correiobraziliense.com.br\/cbradar\/quer-ter-jabuticaba-em-casa-confira-as-melhores-dicas-de-cultivo\/"]}]},{"@type":"ImageObject","inLanguage":"pt-BR","@id":"https:\/\/www.correiobraziliense.com.br\/cbradar\/quer-ter-jabuticaba-em-casa-confira-as-melhores-dicas-de-cultivo\/#primaryimage","url":"https:\/\/www.correiobraziliense.com.br\/cbradar\/wp-content\/uploads\/2025\/03\/jabuticaba_1741422361096.jpg","contentUrl":"https:\/\/www.correiobraziliense.com.br\/cbradar\/wp-content\/uploads\/2025\/03\/jabuticaba_1741422361096.jpg","width":1280,"height":720,"caption":"Quer Ter Jabuticaba em Casa? Confira as Melhores Dicas de Cultivo! Cr\u00e9ditos: depositphotos.com \/ sidneydealmeida"},{"@type":"BreadcrumbList","@id":"https:\/\/www.correiobraziliense.com.br\/cbradar\/quer-ter-jabuticaba-em-casa-confira-as-melhores-dicas-de-cultivo\/#breadcrumb","itemListElement":[{"@type":"ListItem","position":1,"name":"In\u00edcio","item":"https:\/\/www.correiobraziliense.com.br\/cbradar\/"},{"@type":"ListItem","position":2,"name":"Quer Ter Jabuticaba em Casa? Confira as Melhores Dicas de Cultivo!"}]},{"@type":"WebSite","@id":"https:\/\/www.correiobraziliense.com.br\/cbradar\/#website","url":"https:\/\/www.correiobraziliense.com.br\/cbradar\/","name":"Correio Braziliense - Radar","description":"Acompanhe as \u00faltimas not\u00edcias e fique bem informado sobre tudo o que acontece no Brasil e no mundo.","potentialAction":[{"@type":"SearchAction","target":{"@type":"EntryPoint","urlTemplate":"https:\/\/www.correiobraziliense.com.br\/cbradar\/?s={search_term_string}"},"query-input":{"@type":"PropertyValueSpecification","valueRequired":true,"valueName":"search_term_string"}}],"inLanguage":"pt-BR"},{"@type":"Person","@id":"https:\/\/www.correiobraziliense.com.br\/cbradar\/#\/schema\/person\/4760856b25506e84ce34d5de2b0d95f1","name":"Guilherme Cremaschi","image":{"@type":"ImageObject","inLanguage":"pt-BR","@id":"https:\/\/www.correiobraziliense.com.br\/cbradar\/#\/schema\/person\/image\/","url":"https:\/\/secure.gravatar.com\/avatar\/6a059d20d980bdeb1d1d6b0fa2b4633c?s=96&d=mm&r=g","contentUrl":"https:\/\/secure.gravatar.com\/avatar\/6a059d20d980bdeb1d1d6b0fa2b4633c?s=96&d=mm&r=g","caption":"Guilherme Cremaschi"},"sameAs":["https:\/\/www.correiobraziliense.com.br\/"],"url":"https:\/\/www.correiobraziliense.com.br\/cbradar\/author\/guilhermemyth\/"}]}},"_links":{"self":[{"href":"https:\/\/www.correiobraziliense.com.br\/cbradar\/wp-json\/wp\/v2\/posts\/10557","targetHints":{"allow":["GET"]}}],"collection":[{"href":"https:\/\/www.correiobraziliense.com.br\/cbradar\/wp-json\/wp\/v2\/posts"}],"about":[{"href":"https:\/\/www.correiobraziliense.com.br\/cbradar\/wp-json\/wp\/v2\/types\/post"}],"author":[{"embeddable":true,"href":"https:\/\/www.correiobraziliense.com.br\/cbradar\/wp-json\/wp\/v2\/users\/4"}],"replies":[{"embeddable":true,"href":"https:\/\/www.correiobraziliense.com.br\/cbradar\/wp-json\/wp\/v2\/comments?post=10557"}],"version-history":[{"count":3,"href":"https:\/\/www.correiobraziliense.com.br\/cbradar\/wp-json\/wp\/v2\/posts\/10557\/revisions"}],"predecessor-version":[{"id":10562,"href":"https:\/\/www.correiobraziliense.com.br\/cbradar\/wp-json\/wp\/v2\/posts\/10557\/revisions\/10562"}],"wp:featuredmedia":[{"embeddable":true,"href":"https:\/\/www.correiobraziliense.com.br\/cbradar\/wp-json\/wp\/v2\/media\/10560"}],"wp:attachment":[{"href":"https:\/\/www.correiobraziliense.com.br\/cbradar\/wp-json\/wp\/v2\/media?parent=10557"}],"wp:term":[{"taxonomy":"category","embeddable":true,"href":"https:\/\/www.correiobraziliense.com.br\/cbradar\/wp-json\/wp\/v2\/categories?post=10557"},{"taxonomy":"post_tag","embeddable":true,"href":"https:\/\/www.correiobraziliense.com.br\/cbradar\/wp-json\/wp\/v2\/post_tag?post=10557"}],"curies":[{"name":"wp","href":"https:\/\/api.w.org\/{rel}","templated":true}]}}