{"id":105589,"date":"2025-09-19T12:23:00","date_gmt":"2025-09-19T15:23:00","guid":{"rendered":"https:\/\/www.correiobraziliense.com.br\/cbradar\/?p=105589"},"modified":"2025-09-18T07:49:03","modified_gmt":"2025-09-18T10:49:03","slug":"alimentos-que-pessoas-com-mais-de-60-anos-devem-consumir-mais-para-melhorar-a-funcao-cognitiva","status":"publish","type":"post","link":"https:\/\/www.correiobraziliense.com.br\/cbradar\/alimentos-que-pessoas-com-mais-de-60-anos-devem-consumir-mais-para-melhorar-a-funcao-cognitiva\/","title":{"rendered":"Alimentos que pessoas com mais de 60 anos devem consumir mais para melhorar a fun\u00e7\u00e3o cognitiva"},"content":{"rendered":"\n<p>Conforme envelhecemos, \u00e9 comum que nossa capacidade cognitiva apresente mudan\u00e7as. Felizmente, a escolha dos <strong>alimentos certos<\/strong> pode ajudar a <strong>manter o c\u00e9rebro saud\u00e1vel<\/strong> e ativo. Descubra como uma dieta balanceada pode fazer a diferen\u00e7a.<\/p>\n\n\n\n<ul class=\"wp-block-list\">\n<li>Peixes ricos em \u00f4mega-3, como o salm\u00e3o e a sardinha.<\/li>\n\n\n\n<li>Vegetais de folhas verdes escuras que melhoram a mem\u00f3ria.<\/li>\n\n\n\n<li>Consumo regular de ovos para uma melhor fun\u00e7\u00e3o cerebral.<\/li>\n<\/ul>\n\n\n\n<h2 class=\"wp-block-heading\">Por que o peixe \u00e9 essencial para o c\u00e9rebro?<\/h2>\n\n\n\n<p>Peixes gordurosos, como salm\u00e3o, cavala e arenque, s\u00e3o ricos em EPA e DHA, dois tipos de <strong>\u00f4mega-3<\/strong> conhecidos por promover a sa\u00fade cerebral. Essas gorduras ben\u00e9ficas s\u00e3o associadas \u00e0 melhoria da fun\u00e7\u00e3o cognitiva e redu\u00e7\u00e3o da inflama\u00e7\u00e3o. O consumo semanal desses peixes tamb\u00e9m pode reduzir o risco de AVC e melhorar a circula\u00e7\u00e3o cerebral.<\/p>\n\n\n\n<h2 class=\"wp-block-heading\">Como as frutas vermelhas ajudam na sa\u00fade cognitiva?<\/h2>\n\n\n\n<p>Wild blueberries t\u00eam sido ligadas a melhorias na <strong>velocidade de processamento mental<\/strong>. Consumi-las regularmente, mesmo que congeladas, pode ajudar a proteger contra o decl\u00ednio cognitivo. A sugest\u00e3o \u00e9 incluir uma a duas por\u00e7\u00f5es di\u00e1rias na dieta. Al\u00e9m disso, morangos, amoras e framboesas tamb\u00e9m s\u00e3o fontes importantes de polifen\u00f3is antioxidantes ben\u00e9ficos ao c\u00e9rebro.<\/p>\n\n\n\n<h2 class=\"wp-block-heading\">Vegetais de folhas verdes realmente melhoram a mem\u00f3ria?<\/h2>\n\n\n\n<p>A maioria das pessoas com mais de 60 anos n\u00e3o consome vegetais de folhas verdes suficientes. Espinafre, couve e agri\u00e3o s\u00e3o ricos em <strong>vitamina K<\/strong>, que pode melhorar a aprendizagem e mem\u00f3ria. Outros nutrientes, como betacaroteno e vitamina E, tamb\u00e9m s\u00e3o ben\u00e9ficos.<\/p>\n\n\n\n<h2 class=\"wp-block-heading\">Br\u00f3colis e couve-flor: verduras cruc\u00edferas podem proteger o c\u00e9rebro?<\/h2>\n\n\n\n<p>Estudos indicam que vegetais cruc\u00edferos, como couve-flor e br\u00f3colis, est\u00e3o associados \u00e0 melhor sa\u00fade cognitiva. Eles s\u00e3o ricos em antioxidantes que protegem as c\u00e9lulas do c\u00e9rebro de oxida\u00e7\u00f5es e inflama\u00e7\u00f5es. Alguns estudos tamb\u00e9m sugerem que podem auxiliar na desintoxica\u00e7\u00e3o do organismo, favorecendo fun\u00e7\u00f5es cerebrais.<\/p>\n\n\n\n<figure class=\"wp-block-image size-large\"><img decoding=\"async\" width=\"1024\" height=\"576\" src=\"https:\/\/www.correiobraziliense.com.br\/cbradar\/wp-content\/uploads\/2025\/09\/brocolis_1758143026152-1024x576.jpg\" alt=\"Alimentos que pessoas com mais de 60 anos devem consumir mais para melhorar a fun\u00e7\u00e3o cognitiva\" class=\"wp-image-105594\" srcset=\"https:\/\/www.correiobraziliense.com.br\/cbradar\/wp-content\/uploads\/2025\/09\/brocolis_1758143026152-1024x576.jpg 1024w, https:\/\/www.correiobraziliense.com.br\/cbradar\/wp-content\/uploads\/2025\/09\/brocolis_1758143026152-300x169.jpg 300w, https:\/\/www.correiobraziliense.com.br\/cbradar\/wp-content\/uploads\/2025\/09\/brocolis_1758143026152-768x432.jpg 768w, https:\/\/www.correiobraziliense.com.br\/cbradar\/wp-content\/uploads\/2025\/09\/brocolis_1758143026152-750x422.jpg 750w, https:\/\/www.correiobraziliense.com.br\/cbradar\/wp-content\/uploads\/2025\/09\/brocolis_1758143026152-1140x641.jpg 1140w, https:\/\/www.correiobraziliense.com.br\/cbradar\/wp-content\/uploads\/2025\/09\/brocolis_1758143026152.jpg 1280w\" sizes=\"(max-width: 1024px) 100vw, 1024px\" \/><figcaption class=\"wp-element-caption\">Br\u00f3colis\nCr\u00e9ditos: depositphotos.com \/ VadimVasenin<\/figcaption><\/figure>\n\n\n\n<h2 class=\"wp-block-heading\">Os benef\u00edcios dos ovos na fun\u00e7\u00e3o cognitiva<\/h2>\n\n\n\n<p><strong>Ovos<\/strong> s\u00e3o uma excelente fonte de prote\u00edna e rica em colina, essencial para a produ\u00e7\u00e3o de acetilcolina, um neurotransmissor vital para a mem\u00f3ria e aprendizado. O consumo regular de ovos pode diminuir o risco de dem\u00eancia e doen\u00e7a de Alzheimer.<\/p>\n\n\n\n<h2 class=\"wp-block-heading\">Pistaches: um lanche saud\u00e1vel para o c\u00e9rebro<\/h2>\n\n\n\n<p>Pistaches s\u00e3o carregados de antioxidantes, especialmente flavonoides, que ajudam a reduzir o risco de decl\u00ednio cognitivo. Tamb\u00e9m s\u00e3o uma boa fonte de fibra e minerais, como magn\u00e9sio e f\u00f3sforo. Al\u00e9m disso, ajudam na regula\u00e7\u00e3o do colesterol, beneficiando a sa\u00fade cardiovascular e cerebral.<\/p>\n\n\n\n<h2 class=\"wp-block-heading\">Mantenha-se ativo e engajado<\/h2>\n\n\n\n<p>Al\u00e9m da dieta, manter conex\u00f5es sociais e hobbies ajuda a evitar o comprometimento cognitivo. Participar de aulas ou tocar um instrumento musical pode reduzir significativamente o risco de dem\u00eancia.<\/p>\n\n\n\n<h2 class=\"wp-block-heading\">Import\u00e2ncia da atividade f\u00edsica na sa\u00fade do c\u00e9rebro<\/h2>\n\n\n\n<p>Exerc\u00edcio f\u00edsico n\u00e3o \u00e9 apenas bom para o corpo; tamb\u00e9m beneficia o c\u00e9rebro. Atividades aer\u00f3bicas e treinamentos de resist\u00eancia est\u00e3o ligados a uma melhor fun\u00e7\u00e3o cognitiva em idosos. Caminhadas regulares, nata\u00e7\u00e3o ou dan\u00e7a s\u00e3o \u00f3timas op\u00e7\u00f5es para estimular o c\u00e9rebro por meio do movimento.<\/p>\n\n\n\n<p>Ao adotar h\u00e1bitos saud\u00e1veis de mudan\u00e7a de dieta e estilo de vida, \u00e9 poss\u00edvel <strong>manter a sa\u00fade do c\u00e9rebro<\/strong> conforme envelhecemos. Embora nenhum alimento sozinho possa parar o envelhecimento cerebral, uma dieta balanceada com peixes gordurosos, frutos silvestres, vegetais de folhas verdes, cruc\u00edferos, ovos e pistaches pode ajudar a manter sua mente afiada.<\/p>\n\n\n\n<ul class=\"wp-block-list\">\n<li>Alimentos ricos em antioxidantes e \u00f4mega-3 promovem a sa\u00fade cerebral.<\/li>\n\n\n\n<li>Vegetais verdes e cruc\u00edferos melhoram a mem\u00f3ria e protegem o c\u00e9rebro.<\/li>\n\n\n\n<li>Integrar mudan\u00e7a de estilo de vida com hobbies e exerc\u00edcios f\u00edsicos amplia esses benef\u00edcios.<\/li>\n<\/ul>\n\n\n\n<p>Leia tamb\u00e9m: <a href=\"https:\/\/www.correiobraziliense.com.br\/cbradar\/a-nova-alternativa-para-conservar-alimentos-mais-baratos-e-saudaveis-para-substituir-o-tupperware\/#google_vignette\" target=\"_blank\" rel=\"noreferrer noopener\">A nova alternativa para conservar alimentos mais baratos e saud\u00e1veis, para substituir o tupperware<\/a><\/p>\n","protected":false},"excerpt":{"rendered":"<p>Peixes gordurosos e folhas verdes escuras impulsionam a sa\u00fade cognitiva ap\u00f3s os 60. Descubra os alimentos que podem proteger o c\u00e9rebro.<\/p>\n","protected":false},"author":3,"featured_media":105593,"comment_status":"open","ping_status":"open","sticky":false,"template":"","format":"standard","meta":{"_yoast_wpseo_focuskw":"alimentos pessoas mais 60","_yoast_wpseo_title":"%%title%%","_yoast_wpseo_metadesc":"Peixes gordurosos e folhas verdes escuras impulsionam a sa\u00fade cognitiva ap\u00f3s os 60. Descubra os alimentos que podem proteger o c\u00e9rebro.","jnews-multi-image_gallery":[],"jnews_single_post":{"format":"standard"},"jnews_primary_category":[],"jnews_social_meta":[],"jnews_override_counter":[],"footnotes":""},"categories":[112],"post_tag":[1423,10302],"class_list":["post-105589","post","type-post","status-publish","format-standard","has-post-thumbnail","hentry","category-curiosidades","tag-alimentos","tag-dieta-2"],"yoast_head":"<!-- This site is optimized with the Yoast SEO plugin v24.6 - https:\/\/yoast.com\/wordpress\/plugins\/seo\/ -->\n<title>Alimentos que pessoas com mais de 60 anos devem consumir mais para melhorar a fun\u00e7\u00e3o cognitiva<\/title>\n<meta name=\"description\" content=\"Peixes gordurosos e folhas verdes escuras impulsionam a sa\u00fade cognitiva ap\u00f3s os 60. Descubra os alimentos que podem proteger o c\u00e9rebro.\" \/>\n<meta name=\"robots\" content=\"index, follow, max-snippet:-1, max-image-preview:large, max-video-preview:-1\" \/>\n<link rel=\"canonical\" href=\"https:\/\/www.correiobraziliense.com.br\/cbradar\/alimentos-que-pessoas-com-mais-de-60-anos-devem-consumir-mais-para-melhorar-a-funcao-cognitiva\/\" \/>\n<meta property=\"og:locale\" content=\"pt_BR\" \/>\n<meta property=\"og:type\" content=\"article\" \/>\n<meta property=\"og:title\" content=\"Alimentos que pessoas com mais de 60 anos devem consumir mais para melhorar a fun\u00e7\u00e3o cognitiva\" \/>\n<meta property=\"og:description\" content=\"Peixes gordurosos e folhas verdes escuras impulsionam a sa\u00fade cognitiva ap\u00f3s os 60. Descubra os alimentos que podem proteger o c\u00e9rebro.\" \/>\n<meta property=\"og:url\" content=\"https:\/\/www.correiobraziliense.com.br\/cbradar\/alimentos-que-pessoas-com-mais-de-60-anos-devem-consumir-mais-para-melhorar-a-funcao-cognitiva\/\" \/>\n<meta property=\"og:site_name\" content=\"Correio Braziliense - Radar\" \/>\n<meta property=\"article:published_time\" content=\"2025-09-19T15:23:00+00:00\" \/>\n<meta property=\"og:image\" content=\"https:\/\/www.correiobraziliense.com.br\/cbradar\/wp-content\/uploads\/2025\/09\/idoso_1758142959587.jpg\" \/>\n\t<meta property=\"og:image:width\" content=\"1280\" \/>\n\t<meta property=\"og:image:height\" content=\"720\" \/>\n\t<meta property=\"og:image:type\" content=\"image\/jpeg\" \/>\n<meta name=\"author\" content=\"Larissa Carvalho\" \/>\n<meta name=\"twitter:card\" content=\"summary_large_image\" \/>\n<meta name=\"twitter:label1\" content=\"Escrito por\" \/>\n\t<meta name=\"twitter:data1\" content=\"Larissa Carvalho\" \/>\n\t<meta name=\"twitter:label2\" content=\"Est. tempo de leitura\" \/>\n\t<meta name=\"twitter:data2\" content=\"4 minutos\" \/>\n<!-- \/ Yoast SEO plugin. -->","yoast_head_json":{"title":"Alimentos que pessoas com mais de 60 anos devem consumir mais para melhorar a fun\u00e7\u00e3o cognitiva","description":"Peixes gordurosos e folhas verdes escuras impulsionam a sa\u00fade cognitiva ap\u00f3s os 60. Descubra os alimentos que podem proteger o c\u00e9rebro.","robots":{"index":"index","follow":"follow","max-snippet":"max-snippet:-1","max-image-preview":"max-image-preview:large","max-video-preview":"max-video-preview:-1"},"canonical":"https:\/\/www.correiobraziliense.com.br\/cbradar\/alimentos-que-pessoas-com-mais-de-60-anos-devem-consumir-mais-para-melhorar-a-funcao-cognitiva\/","og_locale":"pt_BR","og_type":"article","og_title":"Alimentos que pessoas com mais de 60 anos devem consumir mais para melhorar a fun\u00e7\u00e3o cognitiva","og_description":"Peixes gordurosos e folhas verdes escuras impulsionam a sa\u00fade cognitiva ap\u00f3s os 60. Descubra os alimentos que podem proteger o c\u00e9rebro.","og_url":"https:\/\/www.correiobraziliense.com.br\/cbradar\/alimentos-que-pessoas-com-mais-de-60-anos-devem-consumir-mais-para-melhorar-a-funcao-cognitiva\/","og_site_name":"Correio Braziliense - Radar","article_published_time":"2025-09-19T15:23:00+00:00","og_image":[{"width":1280,"height":720,"url":"https:\/\/www.correiobraziliense.com.br\/cbradar\/wp-content\/uploads\/2025\/09\/idoso_1758142959587.jpg","type":"image\/jpeg"}],"author":"Larissa Carvalho","twitter_card":"summary_large_image","twitter_misc":{"Escrito por":"Larissa Carvalho","Est. tempo de leitura":"4 minutos"},"schema":{"@context":"https:\/\/schema.org","@graph":[{"@type":"WebPage","@id":"https:\/\/www.correiobraziliense.com.br\/cbradar\/alimentos-que-pessoas-com-mais-de-60-anos-devem-consumir-mais-para-melhorar-a-funcao-cognitiva\/","url":"https:\/\/www.correiobraziliense.com.br\/cbradar\/alimentos-que-pessoas-com-mais-de-60-anos-devem-consumir-mais-para-melhorar-a-funcao-cognitiva\/","name":"Alimentos que pessoas com mais de 60 anos devem consumir mais para melhorar a fun\u00e7\u00e3o cognitiva","isPartOf":{"@id":"https:\/\/www.correiobraziliense.com.br\/cbradar\/#website"},"primaryImageOfPage":{"@id":"https:\/\/www.correiobraziliense.com.br\/cbradar\/alimentos-que-pessoas-com-mais-de-60-anos-devem-consumir-mais-para-melhorar-a-funcao-cognitiva\/#primaryimage"},"image":{"@id":"https:\/\/www.correiobraziliense.com.br\/cbradar\/alimentos-que-pessoas-com-mais-de-60-anos-devem-consumir-mais-para-melhorar-a-funcao-cognitiva\/#primaryimage"},"thumbnailUrl":"https:\/\/www.correiobraziliense.com.br\/cbradar\/wp-content\/uploads\/2025\/09\/idoso_1758142959587.jpg","datePublished":"2025-09-19T15:23:00+00:00","author":{"@id":"https:\/\/www.correiobraziliense.com.br\/cbradar\/#\/schema\/person\/58422787644df994b53a19d3e56c1513"},"description":"Peixes gordurosos e folhas verdes escuras impulsionam a sa\u00fade cognitiva ap\u00f3s os 60. Descubra os alimentos que podem proteger o c\u00e9rebro.","breadcrumb":{"@id":"https:\/\/www.correiobraziliense.com.br\/cbradar\/alimentos-que-pessoas-com-mais-de-60-anos-devem-consumir-mais-para-melhorar-a-funcao-cognitiva\/#breadcrumb"},"inLanguage":"pt-BR","potentialAction":[{"@type":"ReadAction","target":["https:\/\/www.correiobraziliense.com.br\/cbradar\/alimentos-que-pessoas-com-mais-de-60-anos-devem-consumir-mais-para-melhorar-a-funcao-cognitiva\/"]}]},{"@type":"ImageObject","inLanguage":"pt-BR","@id":"https:\/\/www.correiobraziliense.com.br\/cbradar\/alimentos-que-pessoas-com-mais-de-60-anos-devem-consumir-mais-para-melhorar-a-funcao-cognitiva\/#primaryimage","url":"https:\/\/www.correiobraziliense.com.br\/cbradar\/wp-content\/uploads\/2025\/09\/idoso_1758142959587.jpg","contentUrl":"https:\/\/www.correiobraziliense.com.br\/cbradar\/wp-content\/uploads\/2025\/09\/idoso_1758142959587.jpg","width":1280,"height":720,"caption":"Idoso s\u00e1udavel Cr\u00e9ditos: depositphotos.com \/ AndrewLozovyi"},{"@type":"BreadcrumbList","@id":"https:\/\/www.correiobraziliense.com.br\/cbradar\/alimentos-que-pessoas-com-mais-de-60-anos-devem-consumir-mais-para-melhorar-a-funcao-cognitiva\/#breadcrumb","itemListElement":[{"@type":"ListItem","position":1,"name":"In\u00edcio","item":"https:\/\/www.correiobraziliense.com.br\/cbradar\/"},{"@type":"ListItem","position":2,"name":"Alimentos que pessoas com mais de 60 anos devem consumir mais para melhorar a fun\u00e7\u00e3o cognitiva"}]},{"@type":"WebSite","@id":"https:\/\/www.correiobraziliense.com.br\/cbradar\/#website","url":"https:\/\/www.correiobraziliense.com.br\/cbradar\/","name":"Correio Braziliense - Radar","description":"Acompanhe as \u00faltimas not\u00edcias e fique bem informado sobre tudo o que acontece no Brasil e no mundo.","potentialAction":[{"@type":"SearchAction","target":{"@type":"EntryPoint","urlTemplate":"https:\/\/www.correiobraziliense.com.br\/cbradar\/?s={search_term_string}"},"query-input":{"@type":"PropertyValueSpecification","valueRequired":true,"valueName":"search_term_string"}}],"inLanguage":"pt-BR"},{"@type":"Person","@id":"https:\/\/www.correiobraziliense.com.br\/cbradar\/#\/schema\/person\/58422787644df994b53a19d3e56c1513","name":"Larissa Carvalho","image":{"@type":"ImageObject","inLanguage":"pt-BR","@id":"https:\/\/www.correiobraziliense.com.br\/cbradar\/#\/schema\/person\/image\/","url":"https:\/\/secure.gravatar.com\/avatar\/fe4f91a0de32b52a838d0d612abdc1aa?s=96&d=mm&r=g","contentUrl":"https:\/\/secure.gravatar.com\/avatar\/fe4f91a0de32b52a838d0d612abdc1aa?s=96&d=mm&r=g","caption":"Larissa Carvalho"},"url":"https:\/\/www.correiobraziliense.com.br\/cbradar\/author\/larissamyth\/"}]}},"_links":{"self":[{"href":"https:\/\/www.correiobraziliense.com.br\/cbradar\/wp-json\/wp\/v2\/posts\/105589","targetHints":{"allow":["GET"]}}],"collection":[{"href":"https:\/\/www.correiobraziliense.com.br\/cbradar\/wp-json\/wp\/v2\/posts"}],"about":[{"href":"https:\/\/www.correiobraziliense.com.br\/cbradar\/wp-json\/wp\/v2\/types\/post"}],"author":[{"embeddable":true,"href":"https:\/\/www.correiobraziliense.com.br\/cbradar\/wp-json\/wp\/v2\/users\/3"}],"replies":[{"embeddable":true,"href":"https:\/\/www.correiobraziliense.com.br\/cbradar\/wp-json\/wp\/v2\/comments?post=105589"}],"version-history":[{"count":2,"href":"https:\/\/www.correiobraziliense.com.br\/cbradar\/wp-json\/wp\/v2\/posts\/105589\/revisions"}],"predecessor-version":[{"id":105707,"href":"https:\/\/www.correiobraziliense.com.br\/cbradar\/wp-json\/wp\/v2\/posts\/105589\/revisions\/105707"}],"wp:featuredmedia":[{"embeddable":true,"href":"https:\/\/www.correiobraziliense.com.br\/cbradar\/wp-json\/wp\/v2\/media\/105593"}],"wp:attachment":[{"href":"https:\/\/www.correiobraziliense.com.br\/cbradar\/wp-json\/wp\/v2\/media?parent=105589"}],"wp:term":[{"taxonomy":"category","embeddable":true,"href":"https:\/\/www.correiobraziliense.com.br\/cbradar\/wp-json\/wp\/v2\/categories?post=105589"},{"taxonomy":"post_tag","embeddable":true,"href":"https:\/\/www.correiobraziliense.com.br\/cbradar\/wp-json\/wp\/v2\/post_tag?post=105589"}],"curies":[{"name":"wp","href":"https:\/\/api.w.org\/{rel}","templated":true}]}}