{"id":10571,"date":"2025-03-09T06:10:13","date_gmt":"2025-03-09T09:10:13","guid":{"rendered":"https:\/\/www.correiobraziliense.com.br\/cbradar\/?p=10571"},"modified":"2025-03-08T13:38:19","modified_gmt":"2025-03-08T16:38:19","slug":"como-cultivar-uvas-em-casa-e-produzir-sucos-e-vinhos-caseiros","status":"publish","type":"post","link":"https:\/\/www.correiobraziliense.com.br\/cbradar\/como-cultivar-uvas-em-casa-e-produzir-sucos-e-vinhos-caseiros\/","title":{"rendered":"Como cultivar uvas em casa e produzir sucos e vinhos caseiros"},"content":{"rendered":"\n<p>O<strong> cultivo de uvas <\/strong>em casa pode ser uma atividade gratificante e produtiva, permitindo que entusiastas da jardinagem desfrutem de frutos frescos e, eventualmente, produzam sucos ou vinhos caseiros. Para aqueles que disp\u00f5em de um <a href=\"https:\/\/www.correiobraziliense.com.br\/cbradar\/o-guia-de-ouro-para-cultivar-nesperas-em-casa-com-essas-dicas-simples\/\" target=\"_blank\" rel=\"noreferrer noopener\">quintal <\/a>ou at\u00e9 mesmo uma varanda, \u00e9 poss\u00edvel adaptar o cultivo de videiras,<strong> garantindo uma boa produ\u00e7\u00e3o mesmo em espa\u00e7os limitados<\/strong>.<\/p>\n\n\n\n<p>Existem diferen\u00e7as significativas entre uvas de mesa e aquelas destinadas \u00e0 <strong>produ\u00e7\u00e3o de vinho<\/strong>. Enquanto as primeiras s\u00e3o geralmente mais doces e consumidas frescas, as uvas vin\u00edferas possuem caracter\u00edsticas espec\u00edficas para fermenta\u00e7\u00e3o. O cultivo dom\u00e9stico oferece vantagens como o controle sobre o uso de pesticidas e a satisfa\u00e7\u00e3o de colher seus pr\u00f3prios frutos, mas tamb\u00e9m apresenta desafios, como a necessidade de cuidados regulares e prote\u00e7\u00e3o contra pragas.<\/p>\n\n\n\n<h2 class=\"wp-block-heading\">Quais s\u00e3o as melhores variedades de uva para cultivo dom\u00e9stico?<\/h2>\n\n\n\n<p>Escolher a variedade certa de uva \u00e9 crucial para o sucesso do cultivo caseiro. Algumas variedades s\u00e3o mais adequadas para iniciantes devido \u00e0 sua resist\u00eancia e facilidade de manejo.<\/p>\n\n\n\n<ul class=\"wp-block-list\">\n<li><strong>Uva Ni\u00e1gara:<\/strong> Conhecida por sua resist\u00eancia, \u00e9 ideal para iniciantes e possui um sabor doce.<\/li>\n\n\n\n<li><strong>Uva Isabel:<\/strong> Excelente para a produ\u00e7\u00e3o de sucos, \u00e9 uma variedade popular no Brasil.<\/li>\n\n\n\n<li><strong>Uva Thompson sem sementes:<\/strong> \u00d3tima para consumo fresco, \u00e9 apreciada por sua textura e sabor.<\/li>\n\n\n\n<li><strong>Uvas vin\u00edferas:<\/strong> Para aqueles interessados em produzir vinho caseiro, variedades como Cabernet Sauvignon e Merlot s\u00e3o recomendadas.<\/li>\n<\/ul>\n\n\n\n<h2 class=\"wp-block-heading\">Como escolher o local ideal para plantar uvas?<\/h2>\n\n\n\n<p>A escolha do local de plantio \u00e9 um dos fatores mais importantes para o sucesso do cultivo de videiras. As uvas necessitam de luz solar abundante para crescerem saud\u00e1veis e produzirem frutos de qualidade.<\/p>\n\n\n\n<ul class=\"wp-block-list\">\n<li><strong>Luz solar:<\/strong> As videiras devem receber pelo menos 6 a 8 horas de sol direto por dia.<\/li>\n\n\n\n<li><strong>Prote\u00e7\u00e3o contra ventos:<\/strong> \u00c9 importante proteger as plantas de ventos fortes e geadas, que podem danificar as folhas e frutos.<\/li>\n\n\n\n<li><strong>Cultivo vertical:<\/strong> Em espa\u00e7os pequenos, o uso de treli\u00e7as ou suportes verticais pode otimizar o espa\u00e7o dispon\u00edvel.<\/li>\n<\/ul>\n\n\n\n<h2 class=\"wp-block-heading\">Qual \u00e9 o solo ideal para o cultivo de uvas?<\/h2>\n\n\n\n<p>O solo \u00e9 um componente vital para o desenvolvimento das videiras. Preparar o solo adequadamente pode melhorar significativamente a produtividade das plantas.<\/p>\n\n\n\n<ul class=\"wp-block-list\">\n<li><strong>Prepara\u00e7\u00e3o do solo:<\/strong> O solo deve ser bem drenado e rico em mat\u00e9ria org\u00e2nica para suportar o crescimento das ra\u00edzes.<\/li>\n\n\n\n<li><strong>Nutrientes essenciais:<\/strong> \u00c9 importante garantir que o solo contenha nutrientes como nitrog\u00eanio, f\u00f3sforo e pot\u00e1ssio.<\/li>\n\n\n\n<li><strong>Ajuste do pH:<\/strong> O pH ideal para o cultivo de uvas varia entre 5,5 e 6,5. Ajustes podem ser feitos com a adi\u00e7\u00e3o de calc\u00e1rio ou enxofre.<\/li>\n<\/ul>\n\n\n\n<h2 class=\"wp-block-heading\">Como plantar uvas? Passo a passo para iniciantes<\/h2>\n\n\n\n<p>Plantar uvas em casa requer alguns passos b\u00e1sicos, mas essenciais, para garantir o sucesso do cultivo.<\/p>\n\n\n\n<ol class=\"wp-block-list\">\n<li><strong>Escolha e preparo das mudas:<\/strong> Selecione mudas saud\u00e1veis e de boa proced\u00eancia. Antes do plantio, deixe as ra\u00edzes de molho em \u00e1gua por algumas horas.<\/li>\n\n\n\n<li><strong>Melhor \u00e9poca para o plantio:<\/strong> O plantio deve ser feito no in\u00edcio da primavera, quando o risco de geadas \u00e9 menor.<\/li>\n\n\n\n<li><strong>Espa\u00e7amento correto:<\/strong> As videiras devem ser plantadas com um espa\u00e7amento de 1,5 a 2 metros entre cada planta para permitir um bom desenvolvimento.<\/li>\n<\/ol>\n\n\n<div class=\"wp-block-image\">\n<figure class=\"aligncenter size-large\"><img decoding=\"async\" width=\"1024\" height=\"576\" src=\"https:\/\/www.correiobraziliense.com.br\/cbradar\/wp-content\/uploads\/2025\/03\/uva_1741451666092-1-1024x576.jpg\" alt=\"\" class=\"wp-image-10581\" srcset=\"https:\/\/www.correiobraziliense.com.br\/cbradar\/wp-content\/uploads\/2025\/03\/uva_1741451666092-1-1024x576.jpg 1024w, https:\/\/www.correiobraziliense.com.br\/cbradar\/wp-content\/uploads\/2025\/03\/uva_1741451666092-1-300x169.jpg 300w, https:\/\/www.correiobraziliense.com.br\/cbradar\/wp-content\/uploads\/2025\/03\/uva_1741451666092-1-768x432.jpg 768w, https:\/\/www.correiobraziliense.com.br\/cbradar\/wp-content\/uploads\/2025\/03\/uva_1741451666092-1-750x422.jpg 750w, https:\/\/www.correiobraziliense.com.br\/cbradar\/wp-content\/uploads\/2025\/03\/uva_1741451666092-1-1140x641.jpg 1140w, https:\/\/www.correiobraziliense.com.br\/cbradar\/wp-content\/uploads\/2025\/03\/uva_1741451666092-1.jpg 1280w\" sizes=\"(max-width: 1024px) 100vw, 1024px\" \/><figcaption class=\"wp-element-caption\">Uva- Cr\u00e9ditos: depositphotos.com \/ st-design<\/figcaption><\/figure><\/div>\n\n\n<h2 class=\"wp-block-heading\">Como construir um pequeno parreiral em casa?<\/h2>\n\n\n\n<p>Montar um parreiral em casa pode ser uma tarefa simples com a utiliza\u00e7\u00e3o de suportes adequados para guiar o crescimento das videiras.<\/p>\n\n\n\n<ul class=\"wp-block-list\">\n<li><strong>Montagem de suportes:<\/strong> Utilize treli\u00e7as ou arames para guiar as videiras. A estrutura deve ser resistente para suportar o peso das plantas e dos frutos.<\/li>\n\n\n\n<li><strong>Altura e formato:<\/strong> A altura ideal da estrutura varia entre 1,5 e 2 metros, permitindo f\u00e1cil acesso para manuten\u00e7\u00e3o e colheita.<\/li>\n\n\n\n<li><strong>Equil\u00edbrio entre folhas e frutos:<\/strong> \u00c9 importante manter um equil\u00edbrio para garantir que a planta receba luz suficiente e produza frutos de qualidade.<\/li>\n<\/ul>\n\n\n\n<h2 class=\"wp-block-heading\">Como regar e adubar corretamente para garantir frutos saud\u00e1veis?<\/h2>\n\n\n\n<p>A rega e a aduba\u00e7\u00e3o s\u00e3o aspectos fundamentais para o cultivo de uvas, influenciando diretamente a sa\u00fade das plantas e a qualidade dos frutos.<\/p>\n\n\n\n<ul class=\"wp-block-list\">\n<li><strong>Frequ\u00eancia de rega:<\/strong> As videiras devem ser regadas regularmente, especialmente durante per\u00edodos secos, mas \u00e9 importante evitar o encharcamento.<\/li>\n\n\n\n<li><strong>Fertilizantes:<\/strong> Utilize fertilizantes ricos em pot\u00e1ssio e f\u00f3sforo para estimular a frutifica\u00e7\u00e3o.<\/li>\n\n\n\n<li><strong>Controle de umidade:<\/strong> Evite o excesso de umidade no solo para prevenir doen\u00e7as f\u00fangicas.<\/li>\n<\/ul>\n\n\n\n<h2 class=\"wp-block-heading\">Como fazer a poda correta para estimular a produ\u00e7\u00e3o de uvas?<\/h2>\n\n\n\n<p>A poda \u00e9 uma pr\u00e1tica essencial no cultivo de videiras, ajudando a controlar o crescimento e estimular a produ\u00e7\u00e3o de frutos.<\/p>\n\n\n\n<ul class=\"wp-block-list\">\n<li><strong>Tipos de poda:<\/strong> Existem diferentes tipos de poda, como a de forma\u00e7\u00e3o, frutifica\u00e7\u00e3o e renova\u00e7\u00e3o, cada uma com sua fun\u00e7\u00e3o espec\u00edfica.<\/li>\n\n\n\n<li><strong>Melhor \u00e9poca para podar:<\/strong> A poda deve ser realizada no final do inverno, antes do in\u00edcio do crescimento ativo.<\/li>\n\n\n\n<li><strong>Erros comuns:<\/strong> Evite podar excessivamente, pois isso pode reduzir a produ\u00e7\u00e3o de frutos.<\/li>\n<\/ul>\n\n\n\n<h2 class=\"wp-block-heading\">Como evitar pragas e doen\u00e7as que afetam as videiras?<\/h2>\n\n\n\n<p>Pragas e doen\u00e7as s\u00e3o desafios comuns no cultivo de uvas, mas podem ser gerenciados com pr\u00e1ticas adequadas de manejo.<\/p>\n\n\n\n<ul class=\"wp-block-list\">\n<li><strong>Pragas comuns:<\/strong> Insetos como pulg\u00f5es e \u00e1caros podem ser controlados com inseticidas naturais.<\/li>\n\n\n\n<li><strong>Doen\u00e7as f\u00fangicas:<\/strong> A preven\u00e7\u00e3o \u00e9 a melhor estrat\u00e9gia, mantendo as plantas bem ventiladas e evitando o excesso de umidade.<\/li>\n\n\n\n<li><strong>M\u00e9todos org\u00e2nicos:<\/strong> Utilize solu\u00e7\u00f5es caseiras, como o \u00f3leo de neem, para prote\u00e7\u00e3o natural das plantas.<\/li>\n<\/ul>\n\n\n\n<h2 class=\"wp-block-heading\">Quanto tempo leva para colher uvas e como saber se est\u00e3o maduras?<\/h2>\n\n\n\n<p>O tempo necess\u00e1rio para a colheita das uvas varia conforme a variedade e as condi\u00e7\u00f5es de cultivo, mas geralmente ocorre entre dois a tr\u00eas anos ap\u00f3s o plantio.<\/p>\n\n\n\n<ul class=\"wp-block-list\">\n<li><strong>Ciclo de crescimento:<\/strong> As videiras passam por um ciclo anual de crescimento e frutifica\u00e7\u00e3o.<\/li>\n\n\n\n<li><strong>Ponto de colheita:<\/strong> As uvas est\u00e3o maduras quando atingem a cor caracter\u00edstica da variedade e apresentam um sabor doce.<\/li>\n\n\n\n<li><strong>Armazenamento:<\/strong> Ap\u00f3s a colheita, as uvas devem ser armazenadas em local fresco para manter o frescor.<\/li>\n<\/ul>\n\n\n\n<h2 class=\"wp-block-heading\">Como fazer sucos, geleias e vinhos caseiros com uvas colhidas em casa?<\/h2>\n\n\n\n<p>Aproveitar a colheita de uvas para produzir sucos, geleias e vinhos caseiros pode ser uma experi\u00eancia recompensadora.<\/p>\n\n\n\n<ul class=\"wp-block-list\">\n<li><strong>Suco natural:<\/strong> Para fazer suco, basta processar as uvas em um liquidificador e coar o l\u00edquido.<\/li>\n\n\n\n<li><strong>Geleias:<\/strong> Cozinhe as uvas com a\u00e7\u00facar at\u00e9 atingir a consist\u00eancia desejada para uma deliciosa geleia caseira.<\/li>\n\n\n\n<li><strong>Vinho caseiro:<\/strong> A produ\u00e7\u00e3o de vinho envolve a fermenta\u00e7\u00e3o das uvas, um processo que pode ser iniciado com a adi\u00e7\u00e3o de leveduras espec\u00edficas.<\/li>\n<\/ul>\n\n\n\n<p><\/p>\n","protected":false},"excerpt":{"rendered":"<p>O cultivo de uvas em casa pode ser uma atividade gratificante e produtiva, permitindo que entusiastas da jardinagem desfrutem de frutos frescos e, eventualmente, produzam sucos ou vinhos caseiros. Para aqueles que disp\u00f5em de um quintal ou at\u00e9 mesmo uma varanda, \u00e9 poss\u00edvel adaptar o cultivo de videiras, garantindo uma boa produ\u00e7\u00e3o mesmo em espa\u00e7os [&hellip;]<\/p>\n","protected":false},"author":9,"featured_media":10579,"comment_status":"open","ping_status":"open","sticky":false,"template":"","format":"standard","meta":{"_yoast_wpseo_focuskw":"uvas","_yoast_wpseo_title":"%%title%% %%page%%","_yoast_wpseo_metadesc":"Aprenda a cultivar uvas em casa, desde o plantio at\u00e9 a colheita, e como produzir sucos e vinhos caseiros com seus frutos frescos.","jnews-multi-image_gallery":[],"jnews_single_post":{"format":"standard"},"jnews_primary_category":[],"jnews_social_meta":[],"jnews_override_counter":[],"footnotes":""},"categories":[136],"post_tag":[614,329,1696,849],"class_list":["post-10571","post","type-post","status-publish","format-standard","has-post-thumbnail","hentry","category-jardinagem","tag-cultivo","tag-jardinagem","tag-parreira","tag-uva"],"yoast_head":"<!-- This site is optimized with the Yoast SEO plugin v24.6 - https:\/\/yoast.com\/wordpress\/plugins\/seo\/ -->\n<title>Como cultivar uvas em casa e produzir sucos e vinhos caseiros<\/title>\n<meta name=\"description\" content=\"Aprenda a cultivar uvas em casa, desde o plantio at\u00e9 a colheita, e como produzir sucos e vinhos caseiros com seus frutos frescos.\" \/>\n<meta name=\"robots\" content=\"index, follow, max-snippet:-1, max-image-preview:large, max-video-preview:-1\" \/>\n<link rel=\"canonical\" href=\"https:\/\/www.correiobraziliense.com.br\/cbradar\/como-cultivar-uvas-em-casa-e-produzir-sucos-e-vinhos-caseiros\/\" \/>\n<meta property=\"og:locale\" content=\"pt_BR\" \/>\n<meta property=\"og:type\" content=\"article\" \/>\n<meta property=\"og:title\" content=\"Como cultivar uvas em casa e produzir sucos e vinhos caseiros\" \/>\n<meta property=\"og:description\" content=\"Aprenda a cultivar uvas em casa, desde o plantio at\u00e9 a colheita, e como produzir sucos e vinhos caseiros com seus frutos frescos.\" \/>\n<meta property=\"og:url\" content=\"https:\/\/www.correiobraziliense.com.br\/cbradar\/como-cultivar-uvas-em-casa-e-produzir-sucos-e-vinhos-caseiros\/\" \/>\n<meta property=\"og:site_name\" content=\"Correio Braziliense - Radar\" \/>\n<meta property=\"article:published_time\" content=\"2025-03-09T09:10:13+00:00\" \/>\n<meta property=\"og:image\" content=\"https:\/\/www.correiobraziliense.com.br\/cbradar\/wp-content\/uploads\/2025\/03\/uva_1741451445981.jpg\" \/>\n\t<meta property=\"og:image:width\" content=\"1280\" \/>\n\t<meta property=\"og:image:height\" content=\"720\" \/>\n\t<meta property=\"og:image:type\" content=\"image\/jpeg\" \/>\n<meta name=\"author\" content=\"Daniely Cardoso\" \/>\n<meta name=\"twitter:card\" content=\"summary_large_image\" \/>\n<meta name=\"twitter:label1\" content=\"Escrito por\" \/>\n\t<meta name=\"twitter:data1\" content=\"Daniely Cardoso\" \/>\n\t<meta name=\"twitter:label2\" content=\"Est. tempo de leitura\" \/>\n\t<meta name=\"twitter:data2\" content=\"7 minutos\" \/>\n<!-- \/ Yoast SEO plugin. -->","yoast_head_json":{"title":"Como cultivar uvas em casa e produzir sucos e vinhos caseiros","description":"Aprenda a cultivar uvas em casa, desde o plantio at\u00e9 a colheita, e como produzir sucos e vinhos caseiros com seus frutos frescos.","robots":{"index":"index","follow":"follow","max-snippet":"max-snippet:-1","max-image-preview":"max-image-preview:large","max-video-preview":"max-video-preview:-1"},"canonical":"https:\/\/www.correiobraziliense.com.br\/cbradar\/como-cultivar-uvas-em-casa-e-produzir-sucos-e-vinhos-caseiros\/","og_locale":"pt_BR","og_type":"article","og_title":"Como cultivar uvas em casa e produzir sucos e vinhos caseiros","og_description":"Aprenda a cultivar uvas em casa, desde o plantio at\u00e9 a colheita, e como produzir sucos e vinhos caseiros com seus frutos frescos.","og_url":"https:\/\/www.correiobraziliense.com.br\/cbradar\/como-cultivar-uvas-em-casa-e-produzir-sucos-e-vinhos-caseiros\/","og_site_name":"Correio Braziliense - Radar","article_published_time":"2025-03-09T09:10:13+00:00","og_image":[{"width":1280,"height":720,"url":"https:\/\/www.correiobraziliense.com.br\/cbradar\/wp-content\/uploads\/2025\/03\/uva_1741451445981.jpg","type":"image\/jpeg"}],"author":"Daniely Cardoso","twitter_card":"summary_large_image","twitter_misc":{"Escrito por":"Daniely Cardoso","Est. tempo de leitura":"7 minutos"},"schema":{"@context":"https:\/\/schema.org","@graph":[{"@type":"WebPage","@id":"https:\/\/www.correiobraziliense.com.br\/cbradar\/como-cultivar-uvas-em-casa-e-produzir-sucos-e-vinhos-caseiros\/","url":"https:\/\/www.correiobraziliense.com.br\/cbradar\/como-cultivar-uvas-em-casa-e-produzir-sucos-e-vinhos-caseiros\/","name":"Como cultivar uvas em casa e produzir sucos e vinhos caseiros","isPartOf":{"@id":"https:\/\/www.correiobraziliense.com.br\/cbradar\/#website"},"primaryImageOfPage":{"@id":"https:\/\/www.correiobraziliense.com.br\/cbradar\/como-cultivar-uvas-em-casa-e-produzir-sucos-e-vinhos-caseiros\/#primaryimage"},"image":{"@id":"https:\/\/www.correiobraziliense.com.br\/cbradar\/como-cultivar-uvas-em-casa-e-produzir-sucos-e-vinhos-caseiros\/#primaryimage"},"thumbnailUrl":"https:\/\/www.correiobraziliense.com.br\/cbradar\/wp-content\/uploads\/2025\/03\/uva_1741451445981.jpg","datePublished":"2025-03-09T09:10:13+00:00","author":{"@id":"https:\/\/www.correiobraziliense.com.br\/cbradar\/#\/schema\/person\/7356666e12ec0ee53f348ee5db227032"},"description":"Aprenda a cultivar uvas em casa, desde o plantio at\u00e9 a colheita, e como produzir sucos e vinhos caseiros com seus frutos frescos.","breadcrumb":{"@id":"https:\/\/www.correiobraziliense.com.br\/cbradar\/como-cultivar-uvas-em-casa-e-produzir-sucos-e-vinhos-caseiros\/#breadcrumb"},"inLanguage":"pt-BR","potentialAction":[{"@type":"ReadAction","target":["https:\/\/www.correiobraziliense.com.br\/cbradar\/como-cultivar-uvas-em-casa-e-produzir-sucos-e-vinhos-caseiros\/"]}]},{"@type":"ImageObject","inLanguage":"pt-BR","@id":"https:\/\/www.correiobraziliense.com.br\/cbradar\/como-cultivar-uvas-em-casa-e-produzir-sucos-e-vinhos-caseiros\/#primaryimage","url":"https:\/\/www.correiobraziliense.com.br\/cbradar\/wp-content\/uploads\/2025\/03\/uva_1741451445981.jpg","contentUrl":"https:\/\/www.correiobraziliense.com.br\/cbradar\/wp-content\/uploads\/2025\/03\/uva_1741451445981.jpg","width":1280,"height":720,"caption":"Uva - Cr\u00e9ditos: depositphotos.com \/ estike"},{"@type":"BreadcrumbList","@id":"https:\/\/www.correiobraziliense.com.br\/cbradar\/como-cultivar-uvas-em-casa-e-produzir-sucos-e-vinhos-caseiros\/#breadcrumb","itemListElement":[{"@type":"ListItem","position":1,"name":"In\u00edcio","item":"https:\/\/www.correiobraziliense.com.br\/cbradar\/"},{"@type":"ListItem","position":2,"name":"Como cultivar uvas em casa e produzir sucos e vinhos caseiros"}]},{"@type":"WebSite","@id":"https:\/\/www.correiobraziliense.com.br\/cbradar\/#website","url":"https:\/\/www.correiobraziliense.com.br\/cbradar\/","name":"Correio Braziliense - Radar","description":"Acompanhe as \u00faltimas not\u00edcias e fique bem informado sobre tudo o que acontece no Brasil e no mundo.","potentialAction":[{"@type":"SearchAction","target":{"@type":"EntryPoint","urlTemplate":"https:\/\/www.correiobraziliense.com.br\/cbradar\/?s={search_term_string}"},"query-input":{"@type":"PropertyValueSpecification","valueRequired":true,"valueName":"search_term_string"}}],"inLanguage":"pt-BR"},{"@type":"Person","@id":"https:\/\/www.correiobraziliense.com.br\/cbradar\/#\/schema\/person\/7356666e12ec0ee53f348ee5db227032","name":"Daniely Cardoso","image":{"@type":"ImageObject","inLanguage":"pt-BR","@id":"https:\/\/www.correiobraziliense.com.br\/cbradar\/#\/schema\/person\/image\/","url":"https:\/\/secure.gravatar.com\/avatar\/4b80ddbd124d1f071b626d52d62e5dff?s=96&d=mm&r=g","contentUrl":"https:\/\/secure.gravatar.com\/avatar\/4b80ddbd124d1f071b626d52d62e5dff?s=96&d=mm&r=g","caption":"Daniely Cardoso"},"description":"Redatora nos portais CB Radar e EM Foco, formada pela Universidade Federal de Goi\u00e1s, em Goi\u00e2nia. Apaixonada por comunica\u00e7\u00e3o, arte, decora\u00e7\u00e3o e tend\u00eancias, atuo na produ\u00e7\u00e3o de conte\u00fados envolventes sobre curiosidades, moda, beleza e paisagismo, sempre com um olhar atento \u00e0s novidades do momento.","sameAs":["https:\/\/www.correiobraziliense.com.br\/cbradar"],"url":"https:\/\/www.correiobraziliense.com.br\/cbradar\/author\/danielymyth\/"}]}},"_links":{"self":[{"href":"https:\/\/www.correiobraziliense.com.br\/cbradar\/wp-json\/wp\/v2\/posts\/10571","targetHints":{"allow":["GET"]}}],"collection":[{"href":"https:\/\/www.correiobraziliense.com.br\/cbradar\/wp-json\/wp\/v2\/posts"}],"about":[{"href":"https:\/\/www.correiobraziliense.com.br\/cbradar\/wp-json\/wp\/v2\/types\/post"}],"author":[{"embeddable":true,"href":"https:\/\/www.correiobraziliense.com.br\/cbradar\/wp-json\/wp\/v2\/users\/9"}],"replies":[{"embeddable":true,"href":"https:\/\/www.correiobraziliense.com.br\/cbradar\/wp-json\/wp\/v2\/comments?post=10571"}],"version-history":[{"count":2,"href":"https:\/\/www.correiobraziliense.com.br\/cbradar\/wp-json\/wp\/v2\/posts\/10571\/revisions"}],"predecessor-version":[{"id":10582,"href":"https:\/\/www.correiobraziliense.com.br\/cbradar\/wp-json\/wp\/v2\/posts\/10571\/revisions\/10582"}],"wp:featuredmedia":[{"embeddable":true,"href":"https:\/\/www.correiobraziliense.com.br\/cbradar\/wp-json\/wp\/v2\/media\/10579"}],"wp:attachment":[{"href":"https:\/\/www.correiobraziliense.com.br\/cbradar\/wp-json\/wp\/v2\/media?parent=10571"}],"wp:term":[{"taxonomy":"category","embeddable":true,"href":"https:\/\/www.correiobraziliense.com.br\/cbradar\/wp-json\/wp\/v2\/categories?post=10571"},{"taxonomy":"post_tag","embeddable":true,"href":"https:\/\/www.correiobraziliense.com.br\/cbradar\/wp-json\/wp\/v2\/post_tag?post=10571"}],"curies":[{"name":"wp","href":"https:\/\/api.w.org\/{rel}","templated":true}]}}