{"id":105729,"date":"2025-09-19T07:53:00","date_gmt":"2025-09-19T10:53:00","guid":{"rendered":"https:\/\/www.correiobraziliense.com.br\/cbradar\/?p=105729"},"modified":"2025-09-18T12:22:03","modified_gmt":"2025-09-18T15:22:03","slug":"a-cidade-brasileira-com-a-melhor-qualidade-de-vida-e-educacao","status":"publish","type":"post","link":"https:\/\/www.correiobraziliense.com.br\/cbradar\/a-cidade-brasileira-com-a-melhor-qualidade-de-vida-e-educacao\/","title":{"rendered":"A cidade brasileira com a melhor qualidade de vida e educa\u00e7\u00e3o"},"content":{"rendered":"\n<p><strong>Belo Horizonte<\/strong>, na regi\u00e3o metropolitana de <strong>Minas Gerais<\/strong>, <strong>Brasil<\/strong>, a 586 km de <strong>S\u00e3o Paulo<\/strong> e pr\u00f3xima \u00e0 <strong>Contagem<\/strong> e <strong>Betim<\/strong>, \u00e9 conhecida como \u201cCapital dos Botecos\u201d. Com IDH de 0,810 e economia diversificada, a cidade oferece qualidade de vida e oportunidades \u00fanicas. Conhe\u00e7a o que torna <strong>BH<\/strong> um destino vibrante para morar e investir.<\/p>\n\n\n\n<ul class=\"wp-block-list\">\n<li>Economia robusta com minera\u00e7\u00e3o, siderurgia e tecnologia.<\/li>\n\n\n\n<li>Vida cultural efervescente com festivais e gastronomia mineira.<\/li>\n\n\n\n<li>Localiza\u00e7\u00e3o estrat\u00e9gica no centro econ\u00f4mico nacional.<\/li>\n<\/ul>\n\n\n\n<h2 class=\"wp-block-heading\">Por que morar em Belo Horizonte?<\/h2>\n\n\n\n<p><strong>Belo Horizonte<\/strong> possui IDH de 0,810, segundo o <strong><strong><strong>Programa das Na\u00e7\u00f5es Unidas para o Desenvolvimento<\/strong><\/strong><\/strong>, consolidando-se entre as capitais brasileiras com melhor desenvolvimento humano. A economia \u00e9 diversificada, com destaque para minera\u00e7\u00e3o, siderurgia, tecnologia e servi\u00e7os, conforme dados da <a href=\"https:\/\/prefeitura.pbh.gov.br\/\" target=\"_blank\" rel=\"noreferrer noopener\"><strong>Prefeitura de Belo Horizonte<\/strong>.<\/a><\/p>\n\n\n\n<p>Com aproximadamente 2,7 milh\u00f5es de habitantes, segundo o <strong>IBGE<\/strong>, a cidade oferece infraestrutura completa em sa\u00fade, educa\u00e7\u00e3o e transporte. O sistema <strong>Move BH<\/strong> conecta eficientemente toda a regi\u00e3o metropolitana.<\/p>\n\n\n\n<p>A seguran\u00e7a \u00e9 refor\u00e7ada por programas comunit\u00e1rios e policiamento especializado nas regi\u00f5es centrais. O custo de vida \u00e9 equilibrado, com valores de aluguel mais acess\u00edveis que <strong>Rio de Janeiro<\/strong> e <strong>S\u00e3o Paulo<\/strong>.<\/p>\n\n\n\n<p>O sistema de sa\u00fade conta com hospitais de refer\u00eancia como o <strong>Hospital das Cl\u00ednicas<\/strong> da <strong>UFMG<\/strong>. A educa\u00e7\u00e3o superior \u00e9 representada por institui\u00e7\u00f5es renomadas como <strong>UFMG<\/strong>, <strong>PUC Minas<\/strong> e <strong>FUMEC<\/strong>.<\/p>\n\n\n<div class=\"wp-block-image\">\n<figure class=\"aligncenter size-large\"><img decoding=\"async\" width=\"1024\" height=\"576\" src=\"https:\/\/www.correiobraziliense.com.br\/cbradar\/wp-content\/uploads\/2025\/03\/belo-horizonte_1741057637038-1024x576.jpg\" alt=\"Qualidade de vida e paisagens incr\u00edveis em uma s\u00f3 cidade\" class=\"wp-image-8694\" srcset=\"https:\/\/www.correiobraziliense.com.br\/cbradar\/wp-content\/uploads\/2025\/03\/belo-horizonte_1741057637038-1024x576.jpg 1024w, https:\/\/www.correiobraziliense.com.br\/cbradar\/wp-content\/uploads\/2025\/03\/belo-horizonte_1741057637038-300x169.jpg 300w, https:\/\/www.correiobraziliense.com.br\/cbradar\/wp-content\/uploads\/2025\/03\/belo-horizonte_1741057637038-768x432.jpg 768w, https:\/\/www.correiobraziliense.com.br\/cbradar\/wp-content\/uploads\/2025\/03\/belo-horizonte_1741057637038-750x422.jpg 750w, https:\/\/www.correiobraziliense.com.br\/cbradar\/wp-content\/uploads\/2025\/03\/belo-horizonte_1741057637038-1140x641.jpg 1140w, https:\/\/www.correiobraziliense.com.br\/cbradar\/wp-content\/uploads\/2025\/03\/belo-horizonte_1741057637038.jpg 1280w\" sizes=\"(max-width: 1024px) 100vw, 1024px\" \/><figcaption class=\"wp-element-caption\">Belo Horizonte, Minas Gerais \/\/ Cr\u00e9ditos: depositphotos.com \/ PedroTruffi<\/figcaption><\/figure><\/div>\n\n\n<h2 class=\"wp-block-heading\">Quais s\u00e3o os melhores bairros para morar em Belo Horizonte?<\/h2>\n\n\n\n<ul class=\"wp-block-list\">\n<li>O <strong>Savassi<\/strong> \u00e9 cosmopolita e vibrante, com restaurantes sofisticados, bares animados e proximidade \u00e0 <strong>Pra\u00e7a da Liberdade<\/strong>. Ideal para jovens profissionais que valorizam vida urbana intensa.<\/li>\n\n\n\n<li>O <strong>Funcion\u00e1rios<\/strong> combina tranquilidade residencial com proximidade ao centro, pr\u00f3ximo ao <strong>Parque Municipal<\/strong> e \u00e0 <strong>Avenida do Contorno<\/strong>. Oferece boa infraestrutura para fam\u00edlias.<\/li>\n\n\n\n<li>A <strong>Pampulha<\/strong> encanta com arquitetura modernista de <strong>Oscar Niemeyer<\/strong> e a <strong>Lagoa da Pampulha<\/strong>. \u00c9 regi\u00e3o nobre com casas amplas e ambiente sofisticado.<\/li>\n\n\n\n<li>O <strong>Lourdes<\/strong> atrai moradores que buscam exclusividade, com casar\u00f5es hist\u00f3ricos e proximidade ao <strong>Centro Cultural Banco do Brasil<\/strong>. Combina tradi\u00e7\u00e3o e modernidade urbana.<\/li>\n<\/ul>\n\n\n\n<figure class=\"wp-block-embed aligncenter is-type-video is-provider-youtube wp-block-embed-youtube wp-embed-aspect-16-9 wp-has-aspect-ratio\"><div class=\"wp-block-embed__wrapper\">\n<div class=\"jeg_video_container jeg_video_content\"><iframe loading=\"lazy\" title=\"Belo Horizonte, Brazil \ud83c\udde7\ud83c\uddf7 in 4K 60FPS ULTRA HD Video by Drone\" width=\"500\" height=\"281\" src=\"https:\/\/www.youtube.com\/embed\/T9q10nGN0-c?feature=oembed\" frameborder=\"0\" allow=\"accelerometer; autoplay; clipboard-write; encrypted-media; gyroscope; picture-in-picture; web-share\" referrerpolicy=\"strict-origin-when-cross-origin\" allowfullscreen><\/iframe><\/div>\n<\/div><figcaption class=\"wp-element-caption\">Belo Horizonte \/\/ Cr\u00e9ditos: YouTube @Exploropia<\/figcaption><\/figure>\n\n\n\n<h2 class=\"wp-block-heading\">Quais s\u00e3o as principais atra\u00e7\u00f5es tur\u00edsticas de Belo Horizonte?<\/h2>\n\n\n\n<p>O <strong>Conjunto Arquitet\u00f4nico da Pampulha<\/strong> \u00e9 Patrim\u00f4nio Mundial da <strong>UNESCO<\/strong>, com obras de <strong>Oscar Niemeyer<\/strong> como a <strong>Igreja S\u00e3o Francisco de Assis<\/strong> e o <strong>Museu de Arte<\/strong>. A <strong>Lagoa da Pampulha<\/strong> oferece trilhas e atividades n\u00e1uticas em cen\u00e1rio modernista \u00fanico.<\/p>\n\n\n\n<p>O <strong>Mercado Central<\/strong> re\u00fane 400 lojas com artesanato mineiro, queijos, doces e cacha\u00e7as tradicionais. \u00c9 epicentro da gastronomia local, com sabores aut\u00eanticos que conquistam visitantes, segundo o <strong>Melhores Destinos<\/strong>.<\/p>\n\n\n\n<p>O <strong>Parque das Mangabeiras<\/strong> oferece 2,3 milh\u00f5es de m\u00b2 de mata preservada com trilhas ecol\u00f3gicas e mirantes naturais. A vista panor\u00e2mica da cidade e da <strong>Serra do Curral<\/strong> \u00e9 imperd\u00edvel para fot\u00f3grafos.<\/p>\n\n\n\n<p>A <strong>Feira de Arte e Artesanato da Afonso Pena<\/strong> transforma domingos em festa cultural com mais de 1.000 expositores. Artesanato, comida t\u00edpica e m\u00fasica ao vivo animam uma das maiores feiras do pa\u00eds.<\/p>\n\n\n\n<p>O <strong>Instituto Inhotim<\/strong> em <strong>Brumadinho<\/strong>, a 60 km da capital, combina arte contempor\u00e2nea e jardim bot\u00e2nico em 140 hectares. Obras de artistas internacionais dialogam com a biodiversidade do <strong>Cerrado<\/strong> mineiro.<\/p>\n\n\n\n<ul class=\"wp-block-list\">\n<li><strong>Conjunto da Pampulha<\/strong>: Arquitetura modernista patrim\u00f4nio da <strong>UNESCO<\/strong>.<\/li>\n\n\n\n<li><strong>Mercado Central<\/strong>: Gastronomia e artesanato mineiro aut\u00eanticos.<\/li>\n\n\n\n<li><strong>Parque das Mangabeiras<\/strong>: Mata preservada com vista panor\u00e2mica.<\/li>\n\n\n\n<li><strong>Feira da Afonso Pena<\/strong>: Maior feira de artesanato aos domingos.<\/li>\n\n\n\n<li><strong>Inhotim<\/strong>: Arte contempor\u00e2nea em jardim bot\u00e2nico \u00fanico.<\/li>\n<\/ul>\n\n\n<div class=\"wp-block-image\">\n<figure class=\"aligncenter size-large\"><img decoding=\"async\" width=\"1024\" height=\"576\" src=\"https:\/\/www.correiobraziliense.com.br\/cbradar\/wp-content\/uploads\/2025\/07\/Edicoes-61-1-1024x576.png\" alt=\"\" class=\"wp-image-72486\" srcset=\"https:\/\/www.correiobraziliense.com.br\/cbradar\/wp-content\/uploads\/2025\/07\/Edicoes-61-1-1024x576.png 1024w, https:\/\/www.correiobraziliense.com.br\/cbradar\/wp-content\/uploads\/2025\/07\/Edicoes-61-1-300x169.png 300w, https:\/\/www.correiobraziliense.com.br\/cbradar\/wp-content\/uploads\/2025\/07\/Edicoes-61-1-768x432.png 768w, https:\/\/www.correiobraziliense.com.br\/cbradar\/wp-content\/uploads\/2025\/07\/Edicoes-61-1-750x422.png 750w, https:\/\/www.correiobraziliense.com.br\/cbradar\/wp-content\/uploads\/2025\/07\/Edicoes-61-1-1140x641.png 1140w, https:\/\/www.correiobraziliense.com.br\/cbradar\/wp-content\/uploads\/2025\/07\/Edicoes-61-1.png 1280w\" sizes=\"(max-width: 1024px) 100vw, 1024px\" \/><figcaption class=\"wp-element-caption\">Belo Horizonte \/\/ Cr\u00e9ditos: Wikipedia<\/figcaption><\/figure><\/div>\n\n\n<h2 class=\"wp-block-heading\">Como \u00e9 a vida cultural em Belo Horizonte?<\/h2>\n\n\n\n<p><strong>Belo Horizonte<\/strong> respira m\u00fasica com o <strong>Festival de Inverno de Garanhuns<\/strong> e o <strong>Anima Mundi<\/strong>, que celebra a anima\u00e7\u00e3o nacional e internacional. A cidade \u00e9 ber\u00e7o de bandas como <strong>Skank<\/strong> e <strong>Jota Quest<\/strong>.<\/p>\n\n\n\n<p>A gastronomia mineira brilha nos botecos tradicionais, com pratos como <strong>p\u00e3o de a\u00e7\u00facar<\/strong>, <strong>feij\u00e3o tropeiro<\/strong> e <strong>frango com quiabo<\/strong>. O <strong>Bar do Gomes<\/strong> e o <strong>Xapuri<\/strong> preservam receitas centen\u00e1rias da culin\u00e1ria local.<\/p>\n\n\n\n<p>O <strong>Pal\u00e1cio das Artes<\/strong> e o <strong>Centro Cultural Banco do Brasil<\/strong> oferecem programa\u00e7\u00e3o diversificada com teatro, dan\u00e7a e exposi\u00e7\u00f5es. A arquitetura hist\u00f3rica do centro dialoga com interven\u00e7\u00f5es contempor\u00e2neas.<\/p>\n\n\n\n<h2 class=\"wp-block-heading\">Por que Belo Horizonte \u00e9 refer\u00eancia em minera\u00e7\u00e3o e siderurgia?<\/h2>\n\n\n\n<p><strong>Belo Horizonte<\/strong> lidera a produ\u00e7\u00e3o mineral brasileira, com empresas como <strong>Vale<\/strong> e <strong>Usiminas<\/strong> mantendo sedes na regi\u00e3o, segundo a <strong>Secretaria de Desenvolvimento Econ\u00f4mico de Minas Gerais<\/strong>. O <strong>Quadril\u00e1tero Ferr\u00edfero<\/strong> concentra as maiores reservas de min\u00e9rio de ferro do mundo.<\/p>\n\n\n\n<p>A tradi\u00e7\u00e3o sider\u00fargica mineira data do s\u00e9culo XVIII, com t\u00e9cnicas desenvolvidas pelos portugueses. Hoje, a regi\u00e3o metropolitana concentra 40% da produ\u00e7\u00e3o nacional de a\u00e7o e ferro.<\/p>\n\n\n\n<p>O setor de tecnologia cresce rapidamente, com o <strong>BH-TEC<\/strong> abrigando startups e empresas de base tecnol\u00f3gica. A cidade se diversifica economicamente mantendo a voca\u00e7\u00e3o industrial hist\u00f3rica.<\/p>\n\n\n<div class=\"wp-block-image\">\n<figure class=\"aligncenter size-large\"><img decoding=\"async\" width=\"1024\" height=\"576\" src=\"https:\/\/www.correiobraziliense.com.br\/cbradar\/wp-content\/uploads\/2025\/02\/belo-horizonte_1740635154150-1024x576.jpg\" alt=\"Essa cidade brasileira planejada \u00e9 inspirada na capital dos EUA\" class=\"wp-image-6698\" srcset=\"https:\/\/www.correiobraziliense.com.br\/cbradar\/wp-content\/uploads\/2025\/02\/belo-horizonte_1740635154150-1024x576.jpg 1024w, https:\/\/www.correiobraziliense.com.br\/cbradar\/wp-content\/uploads\/2025\/02\/belo-horizonte_1740635154150-300x169.jpg 300w, https:\/\/www.correiobraziliense.com.br\/cbradar\/wp-content\/uploads\/2025\/02\/belo-horizonte_1740635154150-768x432.jpg 768w, https:\/\/www.correiobraziliense.com.br\/cbradar\/wp-content\/uploads\/2025\/02\/belo-horizonte_1740635154150-750x422.jpg 750w, https:\/\/www.correiobraziliense.com.br\/cbradar\/wp-content\/uploads\/2025\/02\/belo-horizonte_1740635154150-1140x641.jpg 1140w, https:\/\/www.correiobraziliense.com.br\/cbradar\/wp-content\/uploads\/2025\/02\/belo-horizonte_1740635154150.jpg 1280w\" sizes=\"(max-width: 1024px) 100vw, 1024px\" \/><figcaption class=\"wp-element-caption\">Belo Horizonte \/\/ Cr\u00e9ditos: depositphotos.com \/ losak.napior<\/figcaption><\/figure><\/div>\n\n\n<h2 class=\"wp-block-heading\">A capital planejada de Minas Gerais<\/h2>\n\n\n\n<p><strong>Belo Horizonte<\/strong> foi inaugurada em 1897 como primeira capital brasileira planejada, projetada pelo engenheiro <strong>Aar\u00e3o Reis<\/strong>. O tra\u00e7ado em xadrez com avenidas diagonais facilitou o crescimento ordenado da cidade.<\/p>\n\n\n\n<p>A <strong>Serra do Curral<\/strong> forma pano de fundo natural que inspirou o nome da cidade. As montanhas protegem o clima ameno e criam paisagem \u00fanica entre as capitais brasileiras.<\/p>\n\n\n\n<h2 class=\"wp-block-heading\">Melhor \u00e9poca para visitar Belo Horizonte?<\/h2>\n\n\n\n<p>Entre <strong>abril<\/strong> e <strong>setembro<\/strong>, <strong>Belo Horizonte<\/strong> apresenta clima seco com temperaturas entre 18\u202f\u00b0C e 26\u202f\u00b0C, segundo o <strong>Climatempo<\/strong>. O outono e inverno oferecem c\u00e9u azul constante, ideal para atividades ao ar livre.<\/p>\n\n\n\n<p><strong>Maio<\/strong> a <strong>agosto<\/strong> s\u00e3o meses perfeitos para visitar <strong>Inhotim<\/strong> e fazer trilhas no <strong>Parque das Mangabeiras<\/strong>. A baixa umidade e temperaturas amenas favorecem caminhadas e fotografias.<\/p>\n\n\n\n<p>A esta\u00e7\u00e3o chuvosa, de <strong>outubro<\/strong> a <strong>mar\u00e7o<\/strong>, registra temperaturas at\u00e9 28\u202f\u00b0C com chuvas vespertinas regulares. \u00c9 \u00e9poca dos festivais de ver\u00e3o e da <strong>Feira da Afonso Pena<\/strong> mais animada.<\/p>\n\n\n\n<p>O <strong>Festival de Inverno<\/strong> acontece em <strong>julho<\/strong>, aquecendo a cidade culturalmente com shows e eventos gastron\u00f4micos. Os botecos ficam mais concorridos com a temporada tur\u00edstica.<\/p>\n\n\n\n<p><strong>Leia tamb\u00e9m: <a href=\"https:\/\/www.correiobraziliense.com.br\/cbradar\/os-melhores-destinos-brasileiros-para-fotografos-aventureiros\/\" target=\"_blank\" rel=\"noreferrer noopener\">Os melhores destinos brasileiros para fot\u00f3grafos aventureiros<\/a>.<\/strong><\/p>\n\n\n\n<h2 class=\"wp-block-heading\">Vivencie Belo Horizonte<\/h2>\n\n\n\n<p><strong>Belo Horizonte<\/strong> combina tradi\u00e7\u00e3o mineira, modernidade urbana e oportunidades econ\u00f4micas diversas em <strong>Minas Gerais<\/strong>. Do <strong>Conjunto da Pampulha<\/strong> aos botecos tradicionais, \u00e9 destino completo para morar e prosperar. Planeje sua mudan\u00e7a para vivenciar o charme da \u201cCapital dos Botecos\u201d brasileira.<\/p>\n\n\n\n<ul class=\"wp-block-list\">\n<li>Desenvolvimento econ\u00f4mico diversificado e sustent\u00e1vel.<\/li>\n\n\n\n<li>Rica vida cultural com m\u00fasica, gastronomia e festivais.<\/li>\n\n\n\n<li>Localiza\u00e7\u00e3o estrat\u00e9gica no centro do pa\u00eds.<\/li>\n<\/ul>\n","protected":false},"excerpt":{"rendered":"<p>Belo Horizonte, na regi\u00e3o metropolitana de Minas Gerais, Brasil, a 586 km de S\u00e3o Paulo e pr\u00f3xima \u00e0 Contagem e Betim, \u00e9 conhecida como \u201cCapital dos Botecos\u201d. Com IDH de 0,810 e economia diversificada, a cidade oferece qualidade de vida e oportunidades \u00fanicas. Conhe\u00e7a o que torna BH um destino vibrante para morar e investir. [&hellip;]<\/p>\n","protected":false},"author":8,"featured_media":6700,"comment_status":"open","ping_status":"open","sticky":false,"template":"","format":"standard","meta":{"_yoast_wpseo_focuskw":"cidade","_yoast_wpseo_title":"","_yoast_wpseo_metadesc":"Uma cidade brasileira re\u00fane ensino de excel\u00eancia e qualidade de vida rara. Descubra por que ela se tornou refer\u00eancia nacional.","jnews-multi-image_gallery":[],"jnews_single_post":{"format":"standard"},"jnews_primary_category":[],"jnews_social_meta":[],"jnews_override_counter":[],"footnotes":""},"categories":[108,111],"post_tag":[1213,149,388,247],"class_list":["post-105729","post","type-post","status-publish","format-standard","has-post-thumbnail","hentry","category-cidades","category-turismo","tag-belo-horizonte","tag-educacao","tag-minas-gerais","tag-qualidade-de-vida"],"yoast_head":"<!-- This site is optimized with the Yoast SEO plugin v24.6 - https:\/\/yoast.com\/wordpress\/plugins\/seo\/ -->\n<title>A cidade brasileira com a melhor qualidade de vida e educa\u00e7\u00e3o - Correio Braziliense - Radar<\/title>\n<meta name=\"description\" content=\"Uma cidade brasileira re\u00fane ensino de excel\u00eancia e qualidade de vida rara. Descubra por que ela se tornou refer\u00eancia nacional.\" \/>\n<meta name=\"robots\" content=\"index, follow, max-snippet:-1, max-image-preview:large, max-video-preview:-1\" \/>\n<link rel=\"canonical\" href=\"https:\/\/www.correiobraziliense.com.br\/cbradar\/a-cidade-brasileira-com-a-melhor-qualidade-de-vida-e-educacao\/\" \/>\n<meta property=\"og:locale\" content=\"pt_BR\" \/>\n<meta property=\"og:type\" content=\"article\" \/>\n<meta property=\"og:title\" content=\"A cidade brasileira com a melhor qualidade de vida e educa\u00e7\u00e3o - Correio Braziliense - Radar\" \/>\n<meta property=\"og:description\" content=\"Uma cidade brasileira re\u00fane ensino de excel\u00eancia e qualidade de vida rara. Descubra por que ela se tornou refer\u00eancia nacional.\" \/>\n<meta property=\"og:url\" content=\"https:\/\/www.correiobraziliense.com.br\/cbradar\/a-cidade-brasileira-com-a-melhor-qualidade-de-vida-e-educacao\/\" \/>\n<meta property=\"og:site_name\" content=\"Correio Braziliense - Radar\" \/>\n<meta property=\"article:published_time\" content=\"2025-09-19T10:53:00+00:00\" \/>\n<meta property=\"og:image\" content=\"https:\/\/www.correiobraziliense.com.br\/cbradar\/wp-content\/uploads\/2025\/02\/belo-horizonte_1740635165652.jpg\" \/>\n\t<meta property=\"og:image:width\" content=\"1280\" \/>\n\t<meta property=\"og:image:height\" content=\"720\" \/>\n\t<meta property=\"og:image:type\" content=\"image\/jpeg\" \/>\n<meta name=\"author\" content=\"Maura Pereira\" \/>\n<meta name=\"twitter:card\" content=\"summary_large_image\" \/>\n<meta name=\"twitter:label1\" content=\"Escrito por\" \/>\n\t<meta name=\"twitter:data1\" content=\"Maura Pereira\" \/>\n\t<meta name=\"twitter:label2\" content=\"Est. tempo de leitura\" \/>\n\t<meta name=\"twitter:data2\" content=\"7 minutos\" \/>\n<!-- \/ Yoast SEO plugin. -->","yoast_head_json":{"title":"A cidade brasileira com a melhor qualidade de vida e educa\u00e7\u00e3o - Correio Braziliense - Radar","description":"Uma cidade brasileira re\u00fane ensino de excel\u00eancia e qualidade de vida rara. Descubra por que ela se tornou refer\u00eancia nacional.","robots":{"index":"index","follow":"follow","max-snippet":"max-snippet:-1","max-image-preview":"max-image-preview:large","max-video-preview":"max-video-preview:-1"},"canonical":"https:\/\/www.correiobraziliense.com.br\/cbradar\/a-cidade-brasileira-com-a-melhor-qualidade-de-vida-e-educacao\/","og_locale":"pt_BR","og_type":"article","og_title":"A cidade brasileira com a melhor qualidade de vida e educa\u00e7\u00e3o - Correio Braziliense - Radar","og_description":"Uma cidade brasileira re\u00fane ensino de excel\u00eancia e qualidade de vida rara. Descubra por que ela se tornou refer\u00eancia nacional.","og_url":"https:\/\/www.correiobraziliense.com.br\/cbradar\/a-cidade-brasileira-com-a-melhor-qualidade-de-vida-e-educacao\/","og_site_name":"Correio Braziliense - Radar","article_published_time":"2025-09-19T10:53:00+00:00","og_image":[{"width":1280,"height":720,"url":"https:\/\/www.correiobraziliense.com.br\/cbradar\/wp-content\/uploads\/2025\/02\/belo-horizonte_1740635165652.jpg","type":"image\/jpeg"}],"author":"Maura Pereira","twitter_card":"summary_large_image","twitter_misc":{"Escrito por":"Maura Pereira","Est. tempo de leitura":"7 minutos"},"schema":{"@context":"https:\/\/schema.org","@graph":[{"@type":"WebPage","@id":"https:\/\/www.correiobraziliense.com.br\/cbradar\/a-cidade-brasileira-com-a-melhor-qualidade-de-vida-e-educacao\/","url":"https:\/\/www.correiobraziliense.com.br\/cbradar\/a-cidade-brasileira-com-a-melhor-qualidade-de-vida-e-educacao\/","name":"A cidade brasileira com a melhor qualidade de vida e educa\u00e7\u00e3o - Correio Braziliense - Radar","isPartOf":{"@id":"https:\/\/www.correiobraziliense.com.br\/cbradar\/#website"},"primaryImageOfPage":{"@id":"https:\/\/www.correiobraziliense.com.br\/cbradar\/a-cidade-brasileira-com-a-melhor-qualidade-de-vida-e-educacao\/#primaryimage"},"image":{"@id":"https:\/\/www.correiobraziliense.com.br\/cbradar\/a-cidade-brasileira-com-a-melhor-qualidade-de-vida-e-educacao\/#primaryimage"},"thumbnailUrl":"https:\/\/www.correiobraziliense.com.br\/cbradar\/wp-content\/uploads\/2025\/02\/belo-horizonte_1740635165652.jpg","datePublished":"2025-09-19T10:53:00+00:00","author":{"@id":"https:\/\/www.correiobraziliense.com.br\/cbradar\/#\/schema\/person\/4053c651a9bfc785afc6f4cbc9032fd3"},"description":"Uma cidade brasileira re\u00fane ensino de excel\u00eancia e qualidade de vida rara. Descubra por que ela se tornou refer\u00eancia nacional.","breadcrumb":{"@id":"https:\/\/www.correiobraziliense.com.br\/cbradar\/a-cidade-brasileira-com-a-melhor-qualidade-de-vida-e-educacao\/#breadcrumb"},"inLanguage":"pt-BR","potentialAction":[{"@type":"ReadAction","target":["https:\/\/www.correiobraziliense.com.br\/cbradar\/a-cidade-brasileira-com-a-melhor-qualidade-de-vida-e-educacao\/"]}]},{"@type":"ImageObject","inLanguage":"pt-BR","@id":"https:\/\/www.correiobraziliense.com.br\/cbradar\/a-cidade-brasileira-com-a-melhor-qualidade-de-vida-e-educacao\/#primaryimage","url":"https:\/\/www.correiobraziliense.com.br\/cbradar\/wp-content\/uploads\/2025\/02\/belo-horizonte_1740635165652.jpg","contentUrl":"https:\/\/www.correiobraziliense.com.br\/cbradar\/wp-content\/uploads\/2025\/02\/belo-horizonte_1740635165652.jpg","width":1280,"height":720,"caption":"Belo Horizonte \u00e9 reconhecida pela qualidade de vida, gastronomia premiada e riqueza cultural. \/\/ Cr\u00e9ditos: depositphotos.com \/ gustavofrazao"},{"@type":"BreadcrumbList","@id":"https:\/\/www.correiobraziliense.com.br\/cbradar\/a-cidade-brasileira-com-a-melhor-qualidade-de-vida-e-educacao\/#breadcrumb","itemListElement":[{"@type":"ListItem","position":1,"name":"In\u00edcio","item":"https:\/\/www.correiobraziliense.com.br\/cbradar\/"},{"@type":"ListItem","position":2,"name":"A cidade brasileira com a melhor qualidade de vida e educa\u00e7\u00e3o"}]},{"@type":"WebSite","@id":"https:\/\/www.correiobraziliense.com.br\/cbradar\/#website","url":"https:\/\/www.correiobraziliense.com.br\/cbradar\/","name":"Correio Braziliense - Radar","description":"Acompanhe as \u00faltimas not\u00edcias e fique bem informado sobre tudo o que acontece no Brasil e no mundo.","potentialAction":[{"@type":"SearchAction","target":{"@type":"EntryPoint","urlTemplate":"https:\/\/www.correiobraziliense.com.br\/cbradar\/?s={search_term_string}"},"query-input":{"@type":"PropertyValueSpecification","valueRequired":true,"valueName":"search_term_string"}}],"inLanguage":"pt-BR"},{"@type":"Person","@id":"https:\/\/www.correiobraziliense.com.br\/cbradar\/#\/schema\/person\/4053c651a9bfc785afc6f4cbc9032fd3","name":"Maura Pereira","image":{"@type":"ImageObject","inLanguage":"pt-BR","@id":"https:\/\/www.correiobraziliense.com.br\/cbradar\/#\/schema\/person\/image\/","url":"https:\/\/secure.gravatar.com\/avatar\/3effd6bdadfa447f15089c7f7144eaa6?s=96&d=mm&r=g","contentUrl":"https:\/\/secure.gravatar.com\/avatar\/3effd6bdadfa447f15089c7f7144eaa6?s=96&d=mm&r=g","caption":"Maura Pereira"},"sameAs":["https:\/\/www.correiobraziliense.com.br\/"],"url":"https:\/\/www.correiobraziliense.com.br\/cbradar\/author\/mauramyth\/"}]}},"_links":{"self":[{"href":"https:\/\/www.correiobraziliense.com.br\/cbradar\/wp-json\/wp\/v2\/posts\/105729","targetHints":{"allow":["GET"]}}],"collection":[{"href":"https:\/\/www.correiobraziliense.com.br\/cbradar\/wp-json\/wp\/v2\/posts"}],"about":[{"href":"https:\/\/www.correiobraziliense.com.br\/cbradar\/wp-json\/wp\/v2\/types\/post"}],"author":[{"embeddable":true,"href":"https:\/\/www.correiobraziliense.com.br\/cbradar\/wp-json\/wp\/v2\/users\/8"}],"replies":[{"embeddable":true,"href":"https:\/\/www.correiobraziliense.com.br\/cbradar\/wp-json\/wp\/v2\/comments?post=105729"}],"version-history":[{"count":14,"href":"https:\/\/www.correiobraziliense.com.br\/cbradar\/wp-json\/wp\/v2\/posts\/105729\/revisions"}],"predecessor-version":[{"id":105795,"href":"https:\/\/www.correiobraziliense.com.br\/cbradar\/wp-json\/wp\/v2\/posts\/105729\/revisions\/105795"}],"wp:featuredmedia":[{"embeddable":true,"href":"https:\/\/www.correiobraziliense.com.br\/cbradar\/wp-json\/wp\/v2\/media\/6700"}],"wp:attachment":[{"href":"https:\/\/www.correiobraziliense.com.br\/cbradar\/wp-json\/wp\/v2\/media?parent=105729"}],"wp:term":[{"taxonomy":"category","embeddable":true,"href":"https:\/\/www.correiobraziliense.com.br\/cbradar\/wp-json\/wp\/v2\/categories?post=105729"},{"taxonomy":"post_tag","embeddable":true,"href":"https:\/\/www.correiobraziliense.com.br\/cbradar\/wp-json\/wp\/v2\/post_tag?post=105729"}],"curies":[{"name":"wp","href":"https:\/\/api.w.org\/{rel}","templated":true}]}}