{"id":105736,"date":"2025-09-19T19:33:00","date_gmt":"2025-09-19T22:33:00","guid":{"rendered":"https:\/\/www.correiobraziliense.com.br\/cbradar\/?p=105736"},"modified":"2025-09-18T13:16:40","modified_gmt":"2025-09-18T16:16:40","slug":"a-pequena-suica-brasileira-encanta-com-beleza-e-clima-europeu","status":"publish","type":"post","link":"https:\/\/www.correiobraziliense.com.br\/cbradar\/a-pequena-suica-brasileira-encanta-com-beleza-e-clima-europeu\/","title":{"rendered":"A pequena Su\u00ed\u00e7a brasileira encanta com beleza e clima europeu"},"content":{"rendered":"\n<p><strong>Monte Verde<\/strong>, no sul de <strong>Minas Gerais<\/strong>, <strong>Brasil<\/strong>, fica a 180 km de <strong>S\u00e3o Paulo<\/strong> e pr\u00f3ximo a <strong>Campos do Jord\u00e3o<\/strong> e <strong>Itamonte<\/strong>, \u00e9 conhecida como \u201cPequena Su\u00ed\u00e7a Brasileira\u201d. Com clima de montanha e arquitetura europeia, <strong>Monte Verde<\/strong> \u00e9 ideal para visitar. Vivencie o que torna este distrito um ref\u00fagio encantador na <strong>Serra da Mantiqueira<\/strong>.<\/p>\n\n\n\n<ul class=\"wp-block-list\">\n<li>Clima de montanha com temperaturas amenas durante todo o ano.<\/li>\n\n\n\n<li>Arquitetura europeia com pousadas e restaurantes charmosos.<\/li>\n\n\n\n<li>Natureza exuberante com trilhas e cachoeiras na serra.<\/li>\n<\/ul>\n\n\n\n<h2 class=\"wp-block-heading\">Por que visitar Monte Verde?<\/h2>\n\n\n\n<p><strong>Monte Verde<\/strong> encanta turistas com altitude de 1.500 metros na <strong>Serra da Mantiqueira<\/strong>. O distrito de <strong>Camanducaia<\/strong> oferece ref\u00fagio natural a poucos quil\u00f4metros de grandes centros urbanos.<\/p>\n\n\n\n<p>As temperaturas variam entre 10\u202f\u00b0C e 22\u202f\u00b0C durante o ano, segundo o <strong><a href=\"https:\/\/www.climatempo.com.br\/previsao-do-tempo\/15-dias\/cidade\/2586\/monteverde-mg\" target=\"_blank\" rel=\"noreferrer noopener\">Climatempo<\/a><\/strong>. O clima ameno atrai visitantes que buscam descanso e contato com a natureza.<\/p>\n\n\n\n<p>A hospedagem inclui pousadas com estilo europeu e chal\u00e9s aconchegantes. Restaurantes especializados servem fondue e pratos da culin\u00e1ria de montanha.<\/p>\n\n\n\n<p>As atividades ao ar livre incluem trilhas, passeios a cavalo e observa\u00e7\u00e3o da fauna. A regi\u00e3o preserva <strong>Mata Atl\u00e2ntica<\/strong> com biodiversidade \u00fanica.<\/p>\n\n\n<div class=\"wp-block-image\">\n<figure class=\"aligncenter size-large\"><img decoding=\"async\" width=\"1024\" height=\"576\" src=\"https:\/\/www.correiobraziliense.com.br\/cbradar\/wp-content\/uploads\/2025\/07\/Edicoes-85-1-1024x576.png\" alt=\"Essa cidade montanhosa que lembra a Su\u00ed\u00e7a vai deixar sem f\u00f4lego\" class=\"wp-image-76170\" srcset=\"https:\/\/www.correiobraziliense.com.br\/cbradar\/wp-content\/uploads\/2025\/07\/Edicoes-85-1-1024x576.png 1024w, https:\/\/www.correiobraziliense.com.br\/cbradar\/wp-content\/uploads\/2025\/07\/Edicoes-85-1-300x169.png 300w, https:\/\/www.correiobraziliense.com.br\/cbradar\/wp-content\/uploads\/2025\/07\/Edicoes-85-1-768x432.png 768w, https:\/\/www.correiobraziliense.com.br\/cbradar\/wp-content\/uploads\/2025\/07\/Edicoes-85-1-750x422.png 750w, https:\/\/www.correiobraziliense.com.br\/cbradar\/wp-content\/uploads\/2025\/07\/Edicoes-85-1-1140x641.png 1140w, https:\/\/www.correiobraziliense.com.br\/cbradar\/wp-content\/uploads\/2025\/07\/Edicoes-85-1.png 1280w\" sizes=\"(max-width: 1024px) 100vw, 1024px\" \/><figcaption class=\"wp-element-caption\">Monte Verde, Minas Gerais \/\/ Cr\u00e9ditos: YouTube @dronepaulistano<\/figcaption><\/figure><\/div>\n\n\n<h2 class=\"wp-block-heading\">Quais s\u00e3o as principais atra\u00e7\u00f5es tur\u00edsticas de Monte Verde?<\/h2>\n\n\n\n<p>A <strong>Pedra Redonda<\/strong> oferece vista panor\u00e2mica da <strong>Serra da Mantiqueira<\/strong> e <strong>Vale do Para\u00edba<\/strong>. \u00c9 um dos mirantes mais procurados, segundo o <strong>Melhores Destinos<\/strong>.<\/p>\n\n\n\n<p>O <strong>Pico do Selado<\/strong> desafia visitantes com trilha de 3 km at\u00e9 o cume de 1.740 metros. Recompensa com vista deslumbrante das montanhas mineiras.<\/p>\n\n\n\n<p>A <strong>Cachoeira do Jequitib\u00e1<\/strong> impressiona com queda d&#8217;\u00e1gua de 15 metros em meio \u00e0 mata preservada. Ideal para banhos refrescantes e contato com a natureza.<\/p>\n\n\n\n<p>O <strong>Telef\u00e9rico<\/strong> transporta turistas at\u00e9 o <strong>Chap\u00e9u do Bispo<\/strong>, proporcionando vista a\u00e9rea das montanhas. Atra\u00e7\u00e3o popular para toda a fam\u00edlia.<\/p>\n\n\n\n<p>A <strong>Capela do Ros\u00e1rio<\/strong> encanta com arquitetura colonial e localiza\u00e7\u00e3o privilegiada. Ponto de contempla\u00e7\u00e3o e reflex\u00e3o em meio \u00e0s montanhas.<\/p>\n\n\n\n<p>O <strong>Mercado Municipal<\/strong> concentra produtos artesanais, doces caseiros e souvenirs t\u00edpicos. Centro de compras com sabores regionais aut\u00eanticos.<\/p>\n\n\n\n<ul class=\"wp-block-list\">\n<li><strong>Pedra Redonda<\/strong>: Mirante com vista panor\u00e2mica da serra e vale.<\/li>\n\n\n\n<li><strong>Pico do Selado<\/strong>: Trilha desafiadora at\u00e9 1.740 metros de altitude.<\/li>\n\n\n\n<li><strong>Cachoeira do Jequitib\u00e1<\/strong>: Queda d&#8217;\u00e1gua de 15 metros em mata preservada.<\/li>\n\n\n\n<li><strong>Telef\u00e9rico<\/strong>: Transporte a\u00e9reo at\u00e9 mirante do Chap\u00e9u do Bispo.<\/li>\n\n\n\n<li><strong>Capela do Ros\u00e1rio<\/strong>: Arquitetura colonial em localiza\u00e7\u00e3o privilegiada.<\/li>\n<\/ul>\n\n\n<div class=\"wp-block-image\">\n<figure class=\"aligncenter size-large\"><img decoding=\"async\" width=\"1024\" height=\"576\" src=\"https:\/\/www.correiobraziliense.com.br\/cbradar\/wp-content\/uploads\/2025\/06\/Monte-Verde_1749631759033-1024x576.jpg\" alt=\"Escondido nas montanhas, esse destino surpreende visitantes\" class=\"wp-image-51634\" srcset=\"https:\/\/www.correiobraziliense.com.br\/cbradar\/wp-content\/uploads\/2025\/06\/Monte-Verde_1749631759033-1024x576.jpg 1024w, https:\/\/www.correiobraziliense.com.br\/cbradar\/wp-content\/uploads\/2025\/06\/Monte-Verde_1749631759033-300x169.jpg 300w, https:\/\/www.correiobraziliense.com.br\/cbradar\/wp-content\/uploads\/2025\/06\/Monte-Verde_1749631759033-768x432.jpg 768w, https:\/\/www.correiobraziliense.com.br\/cbradar\/wp-content\/uploads\/2025\/06\/Monte-Verde_1749631759033-750x422.jpg 750w, https:\/\/www.correiobraziliense.com.br\/cbradar\/wp-content\/uploads\/2025\/06\/Monte-Verde_1749631759033-1140x641.jpg 1140w, https:\/\/www.correiobraziliense.com.br\/cbradar\/wp-content\/uploads\/2025\/06\/Monte-Verde_1749631759033.jpg 1280w\" sizes=\"(max-width: 1024px) 100vw, 1024px\" \/><figcaption class=\"wp-element-caption\">Monte Verde \/\/ Cr\u00e9ditos: depositphotos.com \/ cesarvr<\/figcaption><\/figure><\/div>\n\n\n<h2 class=\"wp-block-heading\">Como \u00e9 a vida cultural em Monte Verde?<\/h2>\n\n\n\n<p><strong>Monte Verde<\/strong> vibra com o <strong>Festival de Inverno<\/strong>, que re\u00fane m\u00fasica e gastronomia em julho. O <strong>Mercado Municipal<\/strong> oferece produtos artesanais e doces caseiros durante todo o ano.<\/p>\n\n\n\n<p>A <strong>Festa da Truta<\/strong> celebra a piscicultura local com pratos especiais em restaurantes. Tradi\u00e7\u00f5es rurais s\u00e3o preservadas em eventos comunit\u00e1rios.<\/p>\n\n\n\n<p>A culin\u00e1ria de montanha destaca fondue, truta, pinh\u00e3o e queijos artesanais. Restaurantes especializados mant\u00eam receitas europeias adaptadas ao clima mineiro.<\/p>\n\n\n\n<figure class=\"wp-block-embed aligncenter is-type-video is-provider-youtube wp-block-embed-youtube wp-embed-aspect-16-9 wp-has-aspect-ratio\"><div class=\"wp-block-embed__wrapper\">\n<div class=\"jeg_video_container jeg_video_content\"><iframe loading=\"lazy\" title=\"Monte Verde\/MG\" width=\"500\" height=\"281\" src=\"https:\/\/www.youtube.com\/embed\/_5qfEPrQvno?feature=oembed\" frameborder=\"0\" allow=\"accelerometer; autoplay; clipboard-write; encrypted-media; gyroscope; picture-in-picture; web-share\" referrerpolicy=\"strict-origin-when-cross-origin\" allowfullscreen><\/iframe><\/div>\n<\/div><figcaption class=\"wp-element-caption\">Monte Verde \/\/ Cr\u00e9ditos: YouTube @dronepaulistano<\/figcaption><\/figure>\n\n\n\n<h2 class=\"wp-block-heading\">Por que Monte Verde \u00e9 refer\u00eancia em turismo de montanha?<\/h2>\n\n\n\n<p><strong>Monte Verde<\/strong> \u00e9 conhecida pelo turismo ecol\u00f3gico sustent\u00e1vel, segundo a <strong>Secretaria de Turismo de Minas Gerais<\/strong>. O distrito preserva a <strong>Mata Atl\u00e2ntica<\/strong> e oferece experi\u00eancias aut\u00eanticas.<\/p>\n\n\n\n<p>Pousadas familiares e restaurantes locais mant\u00eam atendimento personalizado. A comunidade valoriza o turismo respons\u00e1vel e a conserva\u00e7\u00e3o ambiental.<\/p>\n\n\n\n<p>Atividades como trilhas guiadas e observa\u00e7\u00e3o de aves atraem ecoturistas. <strong>Monte Verde<\/strong> tornou-se modelo de destino sustent\u00e1vel no Sul de <strong>Minas<\/strong>.<\/p>\n\n\n\n<h2 class=\"wp-block-heading\">A origem da Pequena Su\u00ed\u00e7a Brasileira<\/h2>\n\n\n\n<p><strong>Monte Verde<\/strong> ganhou o apelido \u201cPequena Su\u00ed\u00e7a Brasileira\u201d pela arquitetura europeia e clima de montanha. Imigrantes europeus influenciaram a coloniza\u00e7\u00e3o da regi\u00e3o.<\/p>\n\n\n\n<p>Chal\u00e9s em estilo alpino e paisagens montanhosas lembram os Alpes europeus. A altitude e temperatura amena refor\u00e7am a semelhan\u00e7a com destinos su\u00ed\u00e7os.<\/p>\n\n\n\n<p>Restaurantes especializados em fondue e culin\u00e1ria europeia consolidaram a identidade cultural. <strong>Monte Verde<\/strong> mant\u00e9m tradi\u00e7\u00f5es que remetem \u00e0 Su\u00ed\u00e7a.<\/p>\n\n\n<div class=\"wp-block-image\">\n<figure class=\"aligncenter size-large\"><img decoding=\"async\" width=\"1024\" height=\"576\" src=\"https:\/\/www.correiobraziliense.com.br\/cbradar\/wp-content\/uploads\/2025\/02\/Monte-Verde_1739487326026-1024x576.jpg\" alt=\"Esse lugar frio nas montanhas mineiras esconde surpresas incr\u00edveis\" class=\"wp-image-2358\" srcset=\"https:\/\/www.correiobraziliense.com.br\/cbradar\/wp-content\/uploads\/2025\/02\/Monte-Verde_1739487326026-1024x576.jpg 1024w, https:\/\/www.correiobraziliense.com.br\/cbradar\/wp-content\/uploads\/2025\/02\/Monte-Verde_1739487326026-300x169.jpg 300w, https:\/\/www.correiobraziliense.com.br\/cbradar\/wp-content\/uploads\/2025\/02\/Monte-Verde_1739487326026-768x432.jpg 768w, https:\/\/www.correiobraziliense.com.br\/cbradar\/wp-content\/uploads\/2025\/02\/Monte-Verde_1739487326026-750x422.jpg 750w, https:\/\/www.correiobraziliense.com.br\/cbradar\/wp-content\/uploads\/2025\/02\/Monte-Verde_1739487326026-1140x641.jpg 1140w, https:\/\/www.correiobraziliense.com.br\/cbradar\/wp-content\/uploads\/2025\/02\/Monte-Verde_1739487326026.jpg 1280w\" sizes=\"(max-width: 1024px) 100vw, 1024px\" \/><figcaption class=\"wp-element-caption\">Monte Verde \/\/ Cr\u00e9ditos: depositphotos.com \/ sidneydealmeidaCamanducaia, interior of Minas Gerais<\/figcaption><\/figure><\/div>\n\n\n<h2 class=\"wp-block-heading\">Melhor \u00e9poca para visitar Monte Verde?<\/h2>\n\n\n\n<p>Entre <strong>maio<\/strong> e <strong>setembro<\/strong>, <strong>Monte Verde<\/strong> tem temperaturas entre 8\u202f\u00b0C e 18\u202f\u00b0C, segundo o <strong>Climatempo<\/strong>. <strong>Julho<\/strong> \u00e9 ideal para aproveitar o <strong>Festival de Inverno<\/strong>.<\/p>\n\n\n\n<p>O inverno oferece clima seco e temperaturas baixas, perfeitas para lareira e fondue. <strong>Junho<\/strong> a <strong>agosto<\/strong> s\u00e3o meses de alta temporada.<\/p>\n\n\n\n<p><strong>Abril<\/strong> e <strong>maio<\/strong> registram outono colorido com menos movimento tur\u00edstico. A temporada \u00e9 ideal para quem busca tranquilidade e pre\u00e7os mais acess\u00edveis.<\/p>\n\n\n\n<p>O <strong>Festival de Inverno<\/strong> em <strong>julho<\/strong> e a <strong>Festa da Truta<\/strong> movimentam o distrito. Planeje com anteced\u00eancia durante eventos sazonais.<\/p>\n\n\n\n<p><strong>Leia tamb\u00e9m: <a href=\"https:\/\/www.correiobraziliense.com.br\/cbradar\/os-melhores-destinos-brasileiros-para-fotografos-aventureiros\/\" target=\"_blank\" rel=\"noreferrer noopener\">Os melhores destinos brasileiros para fot\u00f3grafos aventureiros<\/a>.<\/strong><\/p>\n\n\n\n<h2 class=\"wp-block-heading\">Vivencie Monte Verde<\/h2>\n\n\n\n<p><strong>Monte Verde<\/strong> une natureza preservada e hospitalidade mineira no Sul de <strong>Minas Gerais<\/strong>. Da <strong>Pedra Redonda<\/strong> ao <strong>Festival de Inverno<\/strong>, \u00e9 destino encantador para relaxar e se conectar com a natureza. Planeje sua viagem para descobrir a Pequena Su\u00ed\u00e7a Brasileira.<\/p>\n\n\n\n<ul class=\"wp-block-list\">\n<li>Clima de montanha com temperaturas amenas durante todo o ano.<\/li>\n\n\n\n<li>Natureza exuberante com trilhas e cachoeiras na Mata Atl\u00e2ntica.<\/li>\n\n\n\n<li>Hospitalidade familiar com pousadas e restaurantes charmosos.<\/li>\n<\/ul>\n","protected":false},"excerpt":{"rendered":"<p>Monte Verde, no sul de Minas Gerais, Brasil, fica a 180 km de S\u00e3o Paulo e pr\u00f3ximo a Campos do Jord\u00e3o e Itamonte, \u00e9 conhecida como \u201cPequena Su\u00ed\u00e7a Brasileira\u201d. Com clima de montanha e arquitetura europeia, Monte Verde \u00e9 ideal para visitar. Vivencie o que torna este distrito um ref\u00fagio encantador na Serra da Mantiqueira. [&hellip;]<\/p>\n","protected":false},"author":8,"featured_media":51636,"comment_status":"open","ping_status":"open","sticky":false,"template":"","format":"standard","meta":{"_yoast_wpseo_focuskw":"Su\u00ed\u00e7a brasileira","_yoast_wpseo_title":"","_yoast_wpseo_metadesc":"Conhe\u00e7a a pequena Su\u00ed\u00e7a brasileira, um destino encantador com clima europeu e paisagens que lembram a Europa.","jnews-multi-image_gallery":[],"jnews_single_post":{"format":"standard"},"jnews_primary_category":[],"jnews_social_meta":[],"jnews_override_counter":[],"footnotes":""},"categories":[108,111],"post_tag":[388,665,278],"class_list":["post-105736","post","type-post","status-publish","format-standard","has-post-thumbnail","hentry","category-cidades","category-turismo","tag-minas-gerais","tag-monte-verde","tag-sao-paulo"],"yoast_head":"<!-- This site is optimized with the Yoast SEO plugin v24.6 - https:\/\/yoast.com\/wordpress\/plugins\/seo\/ -->\n<title>A pequena Su\u00ed\u00e7a brasileira encanta com beleza e clima europeu - Correio Braziliense - Radar<\/title>\n<meta name=\"description\" content=\"Conhe\u00e7a a pequena Su\u00ed\u00e7a brasileira, um destino encantador com clima europeu e paisagens que lembram a Europa.\" \/>\n<meta name=\"robots\" content=\"index, follow, max-snippet:-1, max-image-preview:large, max-video-preview:-1\" \/>\n<link rel=\"canonical\" href=\"https:\/\/www.correiobraziliense.com.br\/cbradar\/a-pequena-suica-brasileira-encanta-com-beleza-e-clima-europeu\/\" \/>\n<meta property=\"og:locale\" content=\"pt_BR\" \/>\n<meta property=\"og:type\" content=\"article\" \/>\n<meta property=\"og:title\" content=\"A pequena Su\u00ed\u00e7a brasileira encanta com beleza e clima europeu - Correio Braziliense - Radar\" \/>\n<meta property=\"og:description\" content=\"Conhe\u00e7a a pequena Su\u00ed\u00e7a brasileira, um destino encantador com clima europeu e paisagens que lembram a Europa.\" \/>\n<meta property=\"og:url\" content=\"https:\/\/www.correiobraziliense.com.br\/cbradar\/a-pequena-suica-brasileira-encanta-com-beleza-e-clima-europeu\/\" \/>\n<meta property=\"og:site_name\" content=\"Correio Braziliense - Radar\" \/>\n<meta property=\"article:published_time\" content=\"2025-09-19T22:33:00+00:00\" \/>\n<meta property=\"og:image\" content=\"https:\/\/www.correiobraziliense.com.br\/cbradar\/wp-content\/uploads\/2025\/06\/Monte-Verde_1749631828708.jpg\" \/>\n\t<meta property=\"og:image:width\" content=\"1280\" \/>\n\t<meta property=\"og:image:height\" content=\"720\" \/>\n\t<meta property=\"og:image:type\" content=\"image\/jpeg\" \/>\n<meta name=\"author\" content=\"Maura Pereira\" \/>\n<meta name=\"twitter:card\" content=\"summary_large_image\" \/>\n<meta name=\"twitter:label1\" content=\"Escrito por\" \/>\n\t<meta name=\"twitter:data1\" content=\"Maura Pereira\" \/>\n\t<meta name=\"twitter:label2\" content=\"Est. tempo de leitura\" \/>\n\t<meta name=\"twitter:data2\" content=\"6 minutos\" \/>\n<!-- \/ Yoast SEO plugin. -->","yoast_head_json":{"title":"A pequena Su\u00ed\u00e7a brasileira encanta com beleza e clima europeu - Correio Braziliense - Radar","description":"Conhe\u00e7a a pequena Su\u00ed\u00e7a brasileira, um destino encantador com clima europeu e paisagens que lembram a Europa.","robots":{"index":"index","follow":"follow","max-snippet":"max-snippet:-1","max-image-preview":"max-image-preview:large","max-video-preview":"max-video-preview:-1"},"canonical":"https:\/\/www.correiobraziliense.com.br\/cbradar\/a-pequena-suica-brasileira-encanta-com-beleza-e-clima-europeu\/","og_locale":"pt_BR","og_type":"article","og_title":"A pequena Su\u00ed\u00e7a brasileira encanta com beleza e clima europeu - Correio Braziliense - Radar","og_description":"Conhe\u00e7a a pequena Su\u00ed\u00e7a brasileira, um destino encantador com clima europeu e paisagens que lembram a Europa.","og_url":"https:\/\/www.correiobraziliense.com.br\/cbradar\/a-pequena-suica-brasileira-encanta-com-beleza-e-clima-europeu\/","og_site_name":"Correio Braziliense - Radar","article_published_time":"2025-09-19T22:33:00+00:00","og_image":[{"width":1280,"height":720,"url":"https:\/\/www.correiobraziliense.com.br\/cbradar\/wp-content\/uploads\/2025\/06\/Monte-Verde_1749631828708.jpg","type":"image\/jpeg"}],"author":"Maura Pereira","twitter_card":"summary_large_image","twitter_misc":{"Escrito por":"Maura Pereira","Est. tempo de leitura":"6 minutos"},"schema":{"@context":"https:\/\/schema.org","@graph":[{"@type":"WebPage","@id":"https:\/\/www.correiobraziliense.com.br\/cbradar\/a-pequena-suica-brasileira-encanta-com-beleza-e-clima-europeu\/","url":"https:\/\/www.correiobraziliense.com.br\/cbradar\/a-pequena-suica-brasileira-encanta-com-beleza-e-clima-europeu\/","name":"A pequena Su\u00ed\u00e7a brasileira encanta com beleza e clima europeu - Correio Braziliense - Radar","isPartOf":{"@id":"https:\/\/www.correiobraziliense.com.br\/cbradar\/#website"},"primaryImageOfPage":{"@id":"https:\/\/www.correiobraziliense.com.br\/cbradar\/a-pequena-suica-brasileira-encanta-com-beleza-e-clima-europeu\/#primaryimage"},"image":{"@id":"https:\/\/www.correiobraziliense.com.br\/cbradar\/a-pequena-suica-brasileira-encanta-com-beleza-e-clima-europeu\/#primaryimage"},"thumbnailUrl":"https:\/\/www.correiobraziliense.com.br\/cbradar\/wp-content\/uploads\/2025\/06\/Monte-Verde_1749631828708.jpg","datePublished":"2025-09-19T22:33:00+00:00","author":{"@id":"https:\/\/www.correiobraziliense.com.br\/cbradar\/#\/schema\/person\/4053c651a9bfc785afc6f4cbc9032fd3"},"description":"Conhe\u00e7a a pequena Su\u00ed\u00e7a brasileira, um destino encantador com clima europeu e paisagens que lembram a Europa.","breadcrumb":{"@id":"https:\/\/www.correiobraziliense.com.br\/cbradar\/a-pequena-suica-brasileira-encanta-com-beleza-e-clima-europeu\/#breadcrumb"},"inLanguage":"pt-BR","potentialAction":[{"@type":"ReadAction","target":["https:\/\/www.correiobraziliense.com.br\/cbradar\/a-pequena-suica-brasileira-encanta-com-beleza-e-clima-europeu\/"]}]},{"@type":"ImageObject","inLanguage":"pt-BR","@id":"https:\/\/www.correiobraziliense.com.br\/cbradar\/a-pequena-suica-brasileira-encanta-com-beleza-e-clima-europeu\/#primaryimage","url":"https:\/\/www.correiobraziliense.com.br\/cbradar\/wp-content\/uploads\/2025\/06\/Monte-Verde_1749631828708.jpg","contentUrl":"https:\/\/www.correiobraziliense.com.br\/cbradar\/wp-content\/uploads\/2025\/06\/Monte-Verde_1749631828708.jpg","width":1280,"height":720,"caption":"Monte Verde, distrito de Camanducaia-MG na Serra da Mantiqueira, encanta com clima frio, arquitetura europeia e trilhas ecol\u00f3gicas.\u200b \/\/ Cr\u00e9ditos: depositphotos.com \/ pajunior1979"},{"@type":"BreadcrumbList","@id":"https:\/\/www.correiobraziliense.com.br\/cbradar\/a-pequena-suica-brasileira-encanta-com-beleza-e-clima-europeu\/#breadcrumb","itemListElement":[{"@type":"ListItem","position":1,"name":"In\u00edcio","item":"https:\/\/www.correiobraziliense.com.br\/cbradar\/"},{"@type":"ListItem","position":2,"name":"A pequena Su\u00ed\u00e7a brasileira encanta com beleza e clima europeu"}]},{"@type":"WebSite","@id":"https:\/\/www.correiobraziliense.com.br\/cbradar\/#website","url":"https:\/\/www.correiobraziliense.com.br\/cbradar\/","name":"Correio Braziliense - Radar","description":"Acompanhe as \u00faltimas not\u00edcias e fique bem informado sobre tudo o que acontece no Brasil e no mundo.","potentialAction":[{"@type":"SearchAction","target":{"@type":"EntryPoint","urlTemplate":"https:\/\/www.correiobraziliense.com.br\/cbradar\/?s={search_term_string}"},"query-input":{"@type":"PropertyValueSpecification","valueRequired":true,"valueName":"search_term_string"}}],"inLanguage":"pt-BR"},{"@type":"Person","@id":"https:\/\/www.correiobraziliense.com.br\/cbradar\/#\/schema\/person\/4053c651a9bfc785afc6f4cbc9032fd3","name":"Maura Pereira","image":{"@type":"ImageObject","inLanguage":"pt-BR","@id":"https:\/\/www.correiobraziliense.com.br\/cbradar\/#\/schema\/person\/image\/","url":"https:\/\/secure.gravatar.com\/avatar\/3effd6bdadfa447f15089c7f7144eaa6?s=96&d=mm&r=g","contentUrl":"https:\/\/secure.gravatar.com\/avatar\/3effd6bdadfa447f15089c7f7144eaa6?s=96&d=mm&r=g","caption":"Maura Pereira"},"sameAs":["https:\/\/www.correiobraziliense.com.br\/"],"url":"https:\/\/www.correiobraziliense.com.br\/cbradar\/author\/mauramyth\/"}]}},"_links":{"self":[{"href":"https:\/\/www.correiobraziliense.com.br\/cbradar\/wp-json\/wp\/v2\/posts\/105736","targetHints":{"allow":["GET"]}}],"collection":[{"href":"https:\/\/www.correiobraziliense.com.br\/cbradar\/wp-json\/wp\/v2\/posts"}],"about":[{"href":"https:\/\/www.correiobraziliense.com.br\/cbradar\/wp-json\/wp\/v2\/types\/post"}],"author":[{"embeddable":true,"href":"https:\/\/www.correiobraziliense.com.br\/cbradar\/wp-json\/wp\/v2\/users\/8"}],"replies":[{"embeddable":true,"href":"https:\/\/www.correiobraziliense.com.br\/cbradar\/wp-json\/wp\/v2\/comments?post=105736"}],"version-history":[{"count":12,"href":"https:\/\/www.correiobraziliense.com.br\/cbradar\/wp-json\/wp\/v2\/posts\/105736\/revisions"}],"predecessor-version":[{"id":105875,"href":"https:\/\/www.correiobraziliense.com.br\/cbradar\/wp-json\/wp\/v2\/posts\/105736\/revisions\/105875"}],"wp:featuredmedia":[{"embeddable":true,"href":"https:\/\/www.correiobraziliense.com.br\/cbradar\/wp-json\/wp\/v2\/media\/51636"}],"wp:attachment":[{"href":"https:\/\/www.correiobraziliense.com.br\/cbradar\/wp-json\/wp\/v2\/media?parent=105736"}],"wp:term":[{"taxonomy":"category","embeddable":true,"href":"https:\/\/www.correiobraziliense.com.br\/cbradar\/wp-json\/wp\/v2\/categories?post=105736"},{"taxonomy":"post_tag","embeddable":true,"href":"https:\/\/www.correiobraziliense.com.br\/cbradar\/wp-json\/wp\/v2\/post_tag?post=105736"}],"curies":[{"name":"wp","href":"https:\/\/api.w.org\/{rel}","templated":true}]}}