{"id":106072,"date":"2025-09-20T16:23:00","date_gmt":"2025-09-20T19:23:00","guid":{"rendered":"https:\/\/www.correiobraziliense.com.br\/cbradar\/?p=106072"},"modified":"2025-09-19T13:37:29","modified_gmt":"2025-09-19T16:37:29","slug":"imediatista-e-vicio-como-o-vitimismo-cronico-esta-silenciosamente-sabotando-sua-vida-e-relacionamentos","status":"publish","type":"post","link":"https:\/\/www.correiobraziliense.com.br\/cbradar\/imediatista-e-vicio-como-o-vitimismo-cronico-esta-silenciosamente-sabotando-sua-vida-e-relacionamentos\/","title":{"rendered":"O que significa quando uma pessoa fica sempre reclamando segundo a psicologia"},"content":{"rendered":"\n<p>Expressar descontentamento \u00e9 uma pr\u00e1tica comum que os seres humanos utilizam no cotidiano para lidar com frustra\u00e7\u00f5es e emo\u00e7\u00f5es negativas. Esse comportamento natural pode at\u00e9 desempenhar um papel construtivo na sa\u00fade mental, permitindo uma descarga emocional. No entanto, algumas pessoas desenvolvem um padr\u00e3o persistente de reclama\u00e7\u00f5es que vai al\u00e9m do normal, conhecido como vitimismo cr\u00f4nico.<\/p>\n\n\n\n<p>O vitimismo cr\u00f4nico \u00e9 caracterizado por uma vis\u00e3o de mundo em que o indiv\u00edduo sempre se percebe como v\u00edtima das circunst\u00e2ncias. Sob essa perspectiva mental, os problemas e desaven\u00e7as s\u00e3o sistematicamente atribu\u00eddos a fatores externos, evitando-se assim qualquer responsabilidade pessoal. Essa atitude pode ser prejudicial, criando uma barreira para a resolu\u00e7\u00e3o de problemas e deteriorando tanto as rela\u00e7\u00f5es pessoais quanto o bem-estar emocional.<\/p>\n\n\n\n<h2 class=\"wp-block-heading\">O que distingue o vitimismo cr\u00f4nico?<\/h2>\n\n\n\n<p>O vitimismo cr\u00f4nico envolve um padr\u00e3o de comportamentos espec\u00edficos que inclui a interpreta\u00e7\u00e3o negativa da realidade. Afetados tendem a perceber as a\u00e7\u00f5es e palavras dos outros como ataques pessoais, alimentando um ciclo de desconfian\u00e7a e insatisfa\u00e7\u00e3o. As reclama\u00e7\u00f5es s\u00e3o usadas n\u00e3o apenas para expressar desconforto, mas tamb\u00e9m como um mecanismo para atrair aten\u00e7\u00e3o e simpatia, tornando-se uma fonte equivocada de autoafirma\u00e7\u00e3o. A culpa pelos eventos adversos \u00e9 sempre atribu\u00edda a agentes externos, havendo uma not\u00e1vel falta de introspec\u00e7\u00e3o ou autocr\u00edtica.<\/p>\n\n\n\n<figure class=\"wp-block-image size-large\"><img decoding=\"async\" width=\"1024\" height=\"576\" src=\"https:\/\/www.correiobraziliense.com.br\/cbradar\/wp-content\/uploads\/2025\/09\/pessoa-reclamando_1758242179993-1024x576.jpg\" alt=\"O que significa quando uma pessoa fica sempre reclamando segundo a psicologia\" class=\"wp-image-106075\" srcset=\"https:\/\/www.correiobraziliense.com.br\/cbradar\/wp-content\/uploads\/2025\/09\/pessoa-reclamando_1758242179993-1024x576.jpg 1024w, https:\/\/www.correiobraziliense.com.br\/cbradar\/wp-content\/uploads\/2025\/09\/pessoa-reclamando_1758242179993-300x169.jpg 300w, https:\/\/www.correiobraziliense.com.br\/cbradar\/wp-content\/uploads\/2025\/09\/pessoa-reclamando_1758242179993-768x432.jpg 768w, https:\/\/www.correiobraziliense.com.br\/cbradar\/wp-content\/uploads\/2025\/09\/pessoa-reclamando_1758242179993-750x422.jpg 750w, https:\/\/www.correiobraziliense.com.br\/cbradar\/wp-content\/uploads\/2025\/09\/pessoa-reclamando_1758242179993-1140x641.jpg 1140w, https:\/\/www.correiobraziliense.com.br\/cbradar\/wp-content\/uploads\/2025\/09\/pessoa-reclamando_1758242179993.jpg 1280w\" sizes=\"(max-width: 1024px) 100vw, 1024px\" \/><figcaption class=\"wp-element-caption\">Pessoa reclamando\nCr\u00e9ditos: depositphotos.com \/ Milkos<\/figcaption><\/figure>\n\n\n\n<h2 class=\"wp-block-heading\">Impacto no ambiente social e pessoal<\/h2>\n\n\n\n<p>O impacto do vitimismo pode ser corrosivo para o ambiente social de uma pessoa. No contexto profissional, isso pode gerar conflitos, diminuir a produtividade e criar um clima hostil. Socialmente, essas atitudes corroem o tecido das rela\u00e7\u00f5es pessoais, pois o negativismo constante e a aus\u00eancia de responsabilidade pessoal podem ser desgastantes para quem est\u00e1 ao redor do indiv\u00edduo.<\/p>\n\n\n\n<h2 class=\"wp-block-heading\">Como lidar e superar o vitimismo<\/h2>\n\n\n\n<p>Superar o vitimismo cr\u00f4nico \u00e9 um processo que come\u00e7a com a tomada de consci\u00eancia. Reconhecer esse comportamento \u00e9 o primeiro passo essencial para a mudan\u00e7a. A interven\u00e7\u00e3o de um profissional de psicologia, por meio de terapias como a cognitivo-comportamental, pode ser fundamental para ajudar na reformula\u00e7\u00e3o de padr\u00f5es de pensamento, no aumento da autoefic\u00e1cia e na promo\u00e7\u00e3o da tomada de responsabilidade sobre as pr\u00f3prias a\u00e7\u00f5es.<\/p>\n\n\n\n<p>Al\u00e9m disso, o papel do entorno \u00e9 crucial. Amigos e familiares devem aprender a refor\u00e7ar comportamentos positivos e estabelecer limites claros, evitando assim fomentar involuntariamente a mentalidade de v\u00edtima. Por meio de uma abordagem combinada, que envolva apoio profissional e pessoal, \u00e9 poss\u00edvel promover uma transforma\u00e7\u00e3o positiva, beneficiando tanto o indiv\u00edduo quanto suas rela\u00e7\u00f5es interpessoais.<\/p>\n","protected":false},"excerpt":{"rendered":"<p>Descubra como o &#8216;vitimismo cr\u00f4nico&#8217; afeta rela\u00e7\u00f5es e sa\u00fade mental, em uma an\u00e1lise do psic\u00f3logo Xavier Molina.<\/p>\n","protected":false},"author":3,"featured_media":106074,"comment_status":"open","ping_status":"open","sticky":false,"template":"","format":"standard","meta":{"_yoast_wpseo_focuskw":"pessoa sempre reclamando psicologia","_yoast_wpseo_title":"%%title%%","_yoast_wpseo_metadesc":"Descubra como o 'vitimismo cr\u00f4nico' afeta rela\u00e7\u00f5es e sa\u00fade mental, em uma an\u00e1lise do psic\u00f3logo Xavier Molina.","jnews-multi-image_gallery":[],"jnews_single_post":{"format":"standard"},"jnews_primary_category":[],"jnews_social_meta":[],"jnews_override_counter":[],"footnotes":""},"categories":[112],"post_tag":[4718,404],"class_list":["post-106072","post","type-post","status-publish","format-standard","has-post-thumbnail","hentry","category-curiosidades","tag-comportamento","tag-psicologia"],"yoast_head":"<!-- This site is optimized with the Yoast SEO plugin v24.6 - https:\/\/yoast.com\/wordpress\/plugins\/seo\/ -->\n<title>O que significa quando uma pessoa fica sempre reclamando segundo a psicologia<\/title>\n<meta name=\"description\" content=\"Descubra como o &#039;vitimismo cr\u00f4nico&#039; afeta rela\u00e7\u00f5es e sa\u00fade mental, em uma an\u00e1lise do psic\u00f3logo Xavier Molina.\" \/>\n<meta name=\"robots\" content=\"index, follow, max-snippet:-1, max-image-preview:large, max-video-preview:-1\" \/>\n<link rel=\"canonical\" href=\"https:\/\/www.correiobraziliense.com.br\/cbradar\/imediatista-e-vicio-como-o-vitimismo-cronico-esta-silenciosamente-sabotando-sua-vida-e-relacionamentos\/\" \/>\n<meta property=\"og:locale\" content=\"pt_BR\" \/>\n<meta property=\"og:type\" content=\"article\" \/>\n<meta property=\"og:title\" content=\"O que significa quando uma pessoa fica sempre reclamando segundo a psicologia\" \/>\n<meta property=\"og:description\" content=\"Descubra como o &#039;vitimismo cr\u00f4nico&#039; afeta rela\u00e7\u00f5es e sa\u00fade mental, em uma an\u00e1lise do psic\u00f3logo Xavier Molina.\" \/>\n<meta property=\"og:url\" content=\"https:\/\/www.correiobraziliense.com.br\/cbradar\/imediatista-e-vicio-como-o-vitimismo-cronico-esta-silenciosamente-sabotando-sua-vida-e-relacionamentos\/\" \/>\n<meta property=\"og:site_name\" content=\"Correio Braziliense - Radar\" \/>\n<meta property=\"article:published_time\" content=\"2025-09-20T19:23:00+00:00\" \/>\n<meta property=\"og:image\" content=\"https:\/\/www.correiobraziliense.com.br\/cbradar\/wp-content\/uploads\/2025\/09\/pessoa-reclamando_1758242148099.jpg\" \/>\n\t<meta property=\"og:image:width\" content=\"1280\" \/>\n\t<meta property=\"og:image:height\" content=\"720\" \/>\n\t<meta property=\"og:image:type\" content=\"image\/jpeg\" \/>\n<meta name=\"author\" content=\"Larissa Carvalho\" \/>\n<meta name=\"twitter:card\" content=\"summary_large_image\" \/>\n<meta name=\"twitter:label1\" content=\"Escrito por\" \/>\n\t<meta name=\"twitter:data1\" content=\"Larissa Carvalho\" \/>\n\t<meta name=\"twitter:label2\" content=\"Est. tempo de leitura\" \/>\n\t<meta name=\"twitter:data2\" content=\"3 minutos\" \/>\n<!-- \/ Yoast SEO plugin. -->","yoast_head_json":{"title":"O que significa quando uma pessoa fica sempre reclamando segundo a psicologia","description":"Descubra como o 'vitimismo cr\u00f4nico' afeta rela\u00e7\u00f5es e sa\u00fade mental, em uma an\u00e1lise do psic\u00f3logo Xavier Molina.","robots":{"index":"index","follow":"follow","max-snippet":"max-snippet:-1","max-image-preview":"max-image-preview:large","max-video-preview":"max-video-preview:-1"},"canonical":"https:\/\/www.correiobraziliense.com.br\/cbradar\/imediatista-e-vicio-como-o-vitimismo-cronico-esta-silenciosamente-sabotando-sua-vida-e-relacionamentos\/","og_locale":"pt_BR","og_type":"article","og_title":"O que significa quando uma pessoa fica sempre reclamando segundo a psicologia","og_description":"Descubra como o 'vitimismo cr\u00f4nico' afeta rela\u00e7\u00f5es e sa\u00fade mental, em uma an\u00e1lise do psic\u00f3logo Xavier Molina.","og_url":"https:\/\/www.correiobraziliense.com.br\/cbradar\/imediatista-e-vicio-como-o-vitimismo-cronico-esta-silenciosamente-sabotando-sua-vida-e-relacionamentos\/","og_site_name":"Correio Braziliense - Radar","article_published_time":"2025-09-20T19:23:00+00:00","og_image":[{"width":1280,"height":720,"url":"https:\/\/www.correiobraziliense.com.br\/cbradar\/wp-content\/uploads\/2025\/09\/pessoa-reclamando_1758242148099.jpg","type":"image\/jpeg"}],"author":"Larissa Carvalho","twitter_card":"summary_large_image","twitter_misc":{"Escrito por":"Larissa Carvalho","Est. tempo de leitura":"3 minutos"},"schema":{"@context":"https:\/\/schema.org","@graph":[{"@type":"WebPage","@id":"https:\/\/www.correiobraziliense.com.br\/cbradar\/imediatista-e-vicio-como-o-vitimismo-cronico-esta-silenciosamente-sabotando-sua-vida-e-relacionamentos\/","url":"https:\/\/www.correiobraziliense.com.br\/cbradar\/imediatista-e-vicio-como-o-vitimismo-cronico-esta-silenciosamente-sabotando-sua-vida-e-relacionamentos\/","name":"O que significa quando uma pessoa fica sempre reclamando segundo a psicologia","isPartOf":{"@id":"https:\/\/www.correiobraziliense.com.br\/cbradar\/#website"},"primaryImageOfPage":{"@id":"https:\/\/www.correiobraziliense.com.br\/cbradar\/imediatista-e-vicio-como-o-vitimismo-cronico-esta-silenciosamente-sabotando-sua-vida-e-relacionamentos\/#primaryimage"},"image":{"@id":"https:\/\/www.correiobraziliense.com.br\/cbradar\/imediatista-e-vicio-como-o-vitimismo-cronico-esta-silenciosamente-sabotando-sua-vida-e-relacionamentos\/#primaryimage"},"thumbnailUrl":"https:\/\/www.correiobraziliense.com.br\/cbradar\/wp-content\/uploads\/2025\/09\/pessoa-reclamando_1758242148099.jpg","datePublished":"2025-09-20T19:23:00+00:00","author":{"@id":"https:\/\/www.correiobraziliense.com.br\/cbradar\/#\/schema\/person\/58422787644df994b53a19d3e56c1513"},"description":"Descubra como o 'vitimismo cr\u00f4nico' afeta rela\u00e7\u00f5es e sa\u00fade mental, em uma an\u00e1lise do psic\u00f3logo Xavier Molina.","breadcrumb":{"@id":"https:\/\/www.correiobraziliense.com.br\/cbradar\/imediatista-e-vicio-como-o-vitimismo-cronico-esta-silenciosamente-sabotando-sua-vida-e-relacionamentos\/#breadcrumb"},"inLanguage":"pt-BR","potentialAction":[{"@type":"ReadAction","target":["https:\/\/www.correiobraziliense.com.br\/cbradar\/imediatista-e-vicio-como-o-vitimismo-cronico-esta-silenciosamente-sabotando-sua-vida-e-relacionamentos\/"]}]},{"@type":"ImageObject","inLanguage":"pt-BR","@id":"https:\/\/www.correiobraziliense.com.br\/cbradar\/imediatista-e-vicio-como-o-vitimismo-cronico-esta-silenciosamente-sabotando-sua-vida-e-relacionamentos\/#primaryimage","url":"https:\/\/www.correiobraziliense.com.br\/cbradar\/wp-content\/uploads\/2025\/09\/pessoa-reclamando_1758242148099.jpg","contentUrl":"https:\/\/www.correiobraziliense.com.br\/cbradar\/wp-content\/uploads\/2025\/09\/pessoa-reclamando_1758242148099.jpg","width":1280,"height":720,"caption":"Pessoa se defendendo Cr\u00e9ditos: depositphotos.com \/ microgen"},{"@type":"BreadcrumbList","@id":"https:\/\/www.correiobraziliense.com.br\/cbradar\/imediatista-e-vicio-como-o-vitimismo-cronico-esta-silenciosamente-sabotando-sua-vida-e-relacionamentos\/#breadcrumb","itemListElement":[{"@type":"ListItem","position":1,"name":"In\u00edcio","item":"https:\/\/www.correiobraziliense.com.br\/cbradar\/"},{"@type":"ListItem","position":2,"name":"O que significa quando uma pessoa fica sempre reclamando segundo a psicologia"}]},{"@type":"WebSite","@id":"https:\/\/www.correiobraziliense.com.br\/cbradar\/#website","url":"https:\/\/www.correiobraziliense.com.br\/cbradar\/","name":"Correio Braziliense - Radar","description":"Acompanhe as \u00faltimas not\u00edcias e fique bem informado sobre tudo o que acontece no Brasil e no mundo.","potentialAction":[{"@type":"SearchAction","target":{"@type":"EntryPoint","urlTemplate":"https:\/\/www.correiobraziliense.com.br\/cbradar\/?s={search_term_string}"},"query-input":{"@type":"PropertyValueSpecification","valueRequired":true,"valueName":"search_term_string"}}],"inLanguage":"pt-BR"},{"@type":"Person","@id":"https:\/\/www.correiobraziliense.com.br\/cbradar\/#\/schema\/person\/58422787644df994b53a19d3e56c1513","name":"Larissa Carvalho","image":{"@type":"ImageObject","inLanguage":"pt-BR","@id":"https:\/\/www.correiobraziliense.com.br\/cbradar\/#\/schema\/person\/image\/","url":"https:\/\/secure.gravatar.com\/avatar\/fe4f91a0de32b52a838d0d612abdc1aa?s=96&d=mm&r=g","contentUrl":"https:\/\/secure.gravatar.com\/avatar\/fe4f91a0de32b52a838d0d612abdc1aa?s=96&d=mm&r=g","caption":"Larissa Carvalho"},"url":"https:\/\/www.correiobraziliense.com.br\/cbradar\/author\/larissamyth\/"}]}},"_links":{"self":[{"href":"https:\/\/www.correiobraziliense.com.br\/cbradar\/wp-json\/wp\/v2\/posts\/106072","targetHints":{"allow":["GET"]}}],"collection":[{"href":"https:\/\/www.correiobraziliense.com.br\/cbradar\/wp-json\/wp\/v2\/posts"}],"about":[{"href":"https:\/\/www.correiobraziliense.com.br\/cbradar\/wp-json\/wp\/v2\/types\/post"}],"author":[{"embeddable":true,"href":"https:\/\/www.correiobraziliense.com.br\/cbradar\/wp-json\/wp\/v2\/users\/3"}],"replies":[{"embeddable":true,"href":"https:\/\/www.correiobraziliense.com.br\/cbradar\/wp-json\/wp\/v2\/comments?post=106072"}],"version-history":[{"count":1,"href":"https:\/\/www.correiobraziliense.com.br\/cbradar\/wp-json\/wp\/v2\/posts\/106072\/revisions"}],"predecessor-version":[{"id":106076,"href":"https:\/\/www.correiobraziliense.com.br\/cbradar\/wp-json\/wp\/v2\/posts\/106072\/revisions\/106076"}],"wp:featuredmedia":[{"embeddable":true,"href":"https:\/\/www.correiobraziliense.com.br\/cbradar\/wp-json\/wp\/v2\/media\/106074"}],"wp:attachment":[{"href":"https:\/\/www.correiobraziliense.com.br\/cbradar\/wp-json\/wp\/v2\/media?parent=106072"}],"wp:term":[{"taxonomy":"category","embeddable":true,"href":"https:\/\/www.correiobraziliense.com.br\/cbradar\/wp-json\/wp\/v2\/categories?post=106072"},{"taxonomy":"post_tag","embeddable":true,"href":"https:\/\/www.correiobraziliense.com.br\/cbradar\/wp-json\/wp\/v2\/post_tag?post=106072"}],"curies":[{"name":"wp","href":"https:\/\/api.w.org\/{rel}","templated":true}]}}