{"id":106098,"date":"2025-09-20T12:23:00","date_gmt":"2025-09-20T15:23:00","guid":{"rendered":"https:\/\/www.correiobraziliense.com.br\/cbradar\/?p=106098"},"modified":"2025-09-19T07:32:22","modified_gmt":"2025-09-19T10:32:22","slug":"exatamente-o-que-acontece-com-seu-corpo-se-voce-comer-aipo-diariamente","status":"publish","type":"post","link":"https:\/\/www.correiobraziliense.com.br\/cbradar\/exatamente-o-que-acontece-com-seu-corpo-se-voce-comer-aipo-diariamente\/","title":{"rendered":"Exatamente o que acontece com seu corpo se voc\u00ea comer aipo diariamente"},"content":{"rendered":"\n<p>O <strong>aipo<\/strong> \u00e9 um vegetal muitas vezes ignorado, mas comer aipo regularmente pode ter benef\u00edcios significativos para a sa\u00fade. Ao integrar esse alimento em sua dieta di\u00e1ria, voc\u00ea pode melhorar a hidrata\u00e7\u00e3o, digest\u00e3o e at\u00e9 a sa\u00fade cerebral. Vamos explorar como essa pr\u00e1tica pode ajud\u00e1-lo a manter uma vida mais saud\u00e1vel.<\/p>\n\n\n\n<ul class=\"wp-block-list\">\n<li>A <strong>hidrata\u00e7\u00e3o<\/strong> \u00e9 refor\u00e7ada atrav\u00e9s do aipo devido ao seu alto teor de \u00e1gua.<\/li>\n\n\n\n<li>Seu consumo regular promove um sistema digestivo saud\u00e1vel gra\u00e7as ao <strong>alto teor de fibra<\/strong>.<\/li>\n\n\n\n<li>Compostos no aipo, como a <strong>luteolina<\/strong>, podem apoiar a sa\u00fade cerebral e at\u00e9 ajudar na preven\u00e7\u00e3o de doen\u00e7as cr\u00f4nicas.<\/li>\n<\/ul>\n\n\n\n<h2 class=\"wp-block-heading\">Como o aipo pode ajudar na hidrata\u00e7\u00e3o?<\/h2>\n\n\n\n<p>O aipo \u00e9 composto por cerca de 95% de \u00e1gua, o que o torna uma \u00f3tima op\u00e7\u00e3o para <strong>aumentar a ingest\u00e3o de l\u00edquidos<\/strong>. Isso \u00e9 especialmente \u00fatil para aqueles que esquecem de beber \u00e1gua suficiente ao longo do dia.<\/p>\n\n\n\n<h2 class=\"wp-block-heading\">O aipo realmente tem calorias negativas?<\/h2>\n\n\n\n<p>Existe um mito de que o aipo tem \u201ccalorias negativas\u201d, o que significa que consumi-lo queimaria mais calorias do que forneceria. No entanto, especialistas destacam que isso n\u00e3o \u00e9 verdade; o aipo cont\u00e9m nutrientes essenciais e deve ser valorizado por seus pr\u00f3prios benef\u00edcios.<\/p>\n\n\n\n<h2 class=\"wp-block-heading\">Contribui\u00e7\u00f5es do aipo para a sa\u00fade digestiva<\/h2>\n\n\n\n<p>O <strong>aipo \u00e9 rico em fibras<\/strong>, o que \u00e9 \u00f3timo para regular a digest\u00e3o e suportar um microbioma intestinal saud\u00e1vel. Integrar fibras em sua dieta pode reduzir o risco de constipa\u00e7\u00e3o e promover movimenta\u00e7\u00f5es intestinais suaves.<\/p>\n\n\n\n<figure class=\"wp-block-image size-large\"><img decoding=\"async\" width=\"1024\" height=\"576\" src=\"https:\/\/www.correiobraziliense.com.br\/cbradar\/wp-content\/uploads\/2025\/09\/aipo_1758277918054-1024x576.jpg\" alt=\"Exatamente o que acontece com seu corpo se voc\u00ea comer aipo diariamente\" class=\"wp-image-106101\" srcset=\"https:\/\/www.correiobraziliense.com.br\/cbradar\/wp-content\/uploads\/2025\/09\/aipo_1758277918054-1024x576.jpg 1024w, https:\/\/www.correiobraziliense.com.br\/cbradar\/wp-content\/uploads\/2025\/09\/aipo_1758277918054-300x169.jpg 300w, https:\/\/www.correiobraziliense.com.br\/cbradar\/wp-content\/uploads\/2025\/09\/aipo_1758277918054-768x432.jpg 768w, https:\/\/www.correiobraziliense.com.br\/cbradar\/wp-content\/uploads\/2025\/09\/aipo_1758277918054-750x422.jpg 750w, https:\/\/www.correiobraziliense.com.br\/cbradar\/wp-content\/uploads\/2025\/09\/aipo_1758277918054-1140x642.jpg 1140w, https:\/\/www.correiobraziliense.com.br\/cbradar\/wp-content\/uploads\/2025\/09\/aipo_1758277918054.jpg 1279w\" sizes=\"(max-width: 1024px) 100vw, 1024px\" \/><figcaption class=\"wp-element-caption\">aipo. Cr\u00e9ditos: depositphotos.com \/ vannphotography<\/figcaption><\/figure>\n\n\n\n<h2 class=\"wp-block-heading\">Os benef\u00edcios antiinflamat\u00f3rios do aipo<\/h2>\n\n\n\n<p>Compostos como a apigenina e a luteolina, encontrados no aipo, t\u00eam propriedades <strong>anti-inflamat\u00f3rias<\/strong> que podem ser ben\u00e9ficas para pessoas que lidam com inflama\u00e7\u00f5es cr\u00f4nicas.<\/p>\n\n\n\n<h2 class=\"wp-block-heading\">Quanto aipo \u00e9 seguro para consumir?<\/h2>\n\n\n\n<p>Embora o aipo seja um \u00f3timo alimento, seu consumo excessivo pode causar <strong>desconforto digestivo<\/strong>, especialmente em pessoas que necessitam de dietas baixas em FODMAP.<\/p>\n\n\n\n<p>Leia tamb\u00e9m: <a href=\"https:\/\/www.correiobraziliense.com.br\/cbradar\/melhores-alimentos-surpreendentemente-ricos-em-fibra-para-sua-saude\/\" target=\"_blank\" rel=\"noreferrer noopener\">Melhores alimentos surpreendentemente ricos em fibra para sua sa\u00fade<\/a><\/p>\n\n\n\n<h2 class=\"wp-block-heading\">Incorpora\u00e7\u00e3o do aipo em diversos pratos<\/h2>\n\n\n\n<p>O aipo \u00e9 um alimento vers\u00e1til que pode ser utilizado em uma variedade de pratos. Adicion\u00e1-lo a saladas, sopas e at\u00e9 mesmo stir-fries pode enriquecer sua dieta com <strong>crunch e sabor<\/strong>. Al\u00e9m disso, o aipo pode ser consumido como snack, acompanhado de pastas saud\u00e1veis, ou batido em sucos detox para potencializar os nutrientes di\u00e1rios.<\/p>\n\n\n\n<h2 class=\"wp-block-heading\">Conclus\u00f5es sobre o aipo e a sa\u00fade<\/h2>\n\n\n\n<ul class=\"wp-block-list\">\n<li>O aipo \u00e9 uma maneira f\u00e1cil de aumentar a hidrata\u00e7\u00e3o e a ingest\u00e3o de fibras.<\/li>\n\n\n\n<li>Ele oferece compostos anti-inflamat\u00f3rios que podem auxiliar na sa\u00fade geral.<\/li>\n\n\n\n<li>Seu uso regular em uma dieta variada pode contribuir significativamente para a sa\u00fade digestiva e bem-estar.<\/li>\n\n\n\n<li>Por ser pouco cal\u00f3rico e muito nutritivo, o aipo \u00e9 indicado em dietas balanceadas e pode ser consumido por pessoas de diferentes faixas et\u00e1rias.<\/li>\n<\/ul>\n","protected":false},"excerpt":{"rendered":"<p>Descubra os surpreendentes benef\u00edcios de comer aipo diariamente com dicas de nutricionistas registrados.<\/p>\n","protected":false},"author":3,"featured_media":106100,"comment_status":"open","ping_status":"open","sticky":false,"template":"","format":"standard","meta":{"_yoast_wpseo_focuskw":"o que acontece corpo aipo","_yoast_wpseo_title":"%%title%%","_yoast_wpseo_metadesc":"Descubra os surpreendentes benef\u00edcios de comer aipo diariamente com dicas de nutricionistas registrados.","jnews-multi-image_gallery":[],"jnews_single_post":{"format":"standard"},"jnews_primary_category":[],"jnews_social_meta":[],"jnews_override_counter":[],"footnotes":""},"categories":[112],"post_tag":[281,1423,144],"class_list":["post-106098","post","type-post","status-publish","format-standard","has-post-thumbnail","hentry","category-curiosidades","tag-alimentacao","tag-alimentos","tag-curiosidades"],"yoast_head":"<!-- This site is optimized with the Yoast SEO plugin v24.6 - https:\/\/yoast.com\/wordpress\/plugins\/seo\/ -->\n<title>Exatamente o que acontece com seu corpo se voc\u00ea comer aipo diariamente<\/title>\n<meta name=\"description\" content=\"Descubra os surpreendentes benef\u00edcios de comer aipo diariamente com dicas de nutricionistas registrados.\" \/>\n<meta name=\"robots\" content=\"index, follow, max-snippet:-1, max-image-preview:large, max-video-preview:-1\" \/>\n<link rel=\"canonical\" href=\"https:\/\/www.correiobraziliense.com.br\/cbradar\/exatamente-o-que-acontece-com-seu-corpo-se-voce-comer-aipo-diariamente\/\" \/>\n<meta property=\"og:locale\" content=\"pt_BR\" \/>\n<meta property=\"og:type\" content=\"article\" \/>\n<meta property=\"og:title\" content=\"Exatamente o que acontece com seu corpo se voc\u00ea comer aipo diariamente\" \/>\n<meta property=\"og:description\" content=\"Descubra os surpreendentes benef\u00edcios de comer aipo diariamente com dicas de nutricionistas registrados.\" \/>\n<meta property=\"og:url\" content=\"https:\/\/www.correiobraziliense.com.br\/cbradar\/exatamente-o-que-acontece-com-seu-corpo-se-voce-comer-aipo-diariamente\/\" \/>\n<meta property=\"og:site_name\" content=\"Correio Braziliense - Radar\" \/>\n<meta property=\"article:published_time\" content=\"2025-09-20T15:23:00+00:00\" \/>\n<meta property=\"og:image\" content=\"https:\/\/www.correiobraziliense.com.br\/cbradar\/wp-content\/uploads\/2025\/09\/aipo_1758277884832.jpg\" \/>\n\t<meta property=\"og:image:width\" content=\"1280\" \/>\n\t<meta property=\"og:image:height\" content=\"720\" \/>\n\t<meta property=\"og:image:type\" content=\"image\/jpeg\" \/>\n<meta name=\"author\" content=\"Larissa Carvalho\" \/>\n<meta name=\"twitter:card\" content=\"summary_large_image\" \/>\n<meta name=\"twitter:label1\" content=\"Escrito por\" \/>\n\t<meta name=\"twitter:data1\" content=\"Larissa Carvalho\" \/>\n\t<meta name=\"twitter:label2\" content=\"Est. tempo de leitura\" \/>\n\t<meta name=\"twitter:data2\" content=\"3 minutos\" \/>\n<!-- \/ Yoast SEO plugin. -->","yoast_head_json":{"title":"Exatamente o que acontece com seu corpo se voc\u00ea comer aipo diariamente","description":"Descubra os surpreendentes benef\u00edcios de comer aipo diariamente com dicas de nutricionistas registrados.","robots":{"index":"index","follow":"follow","max-snippet":"max-snippet:-1","max-image-preview":"max-image-preview:large","max-video-preview":"max-video-preview:-1"},"canonical":"https:\/\/www.correiobraziliense.com.br\/cbradar\/exatamente-o-que-acontece-com-seu-corpo-se-voce-comer-aipo-diariamente\/","og_locale":"pt_BR","og_type":"article","og_title":"Exatamente o que acontece com seu corpo se voc\u00ea comer aipo diariamente","og_description":"Descubra os surpreendentes benef\u00edcios de comer aipo diariamente com dicas de nutricionistas registrados.","og_url":"https:\/\/www.correiobraziliense.com.br\/cbradar\/exatamente-o-que-acontece-com-seu-corpo-se-voce-comer-aipo-diariamente\/","og_site_name":"Correio Braziliense - Radar","article_published_time":"2025-09-20T15:23:00+00:00","og_image":[{"width":1280,"height":720,"url":"https:\/\/www.correiobraziliense.com.br\/cbradar\/wp-content\/uploads\/2025\/09\/aipo_1758277884832.jpg","type":"image\/jpeg"}],"author":"Larissa Carvalho","twitter_card":"summary_large_image","twitter_misc":{"Escrito por":"Larissa Carvalho","Est. tempo de leitura":"3 minutos"},"schema":{"@context":"https:\/\/schema.org","@graph":[{"@type":"WebPage","@id":"https:\/\/www.correiobraziliense.com.br\/cbradar\/exatamente-o-que-acontece-com-seu-corpo-se-voce-comer-aipo-diariamente\/","url":"https:\/\/www.correiobraziliense.com.br\/cbradar\/exatamente-o-que-acontece-com-seu-corpo-se-voce-comer-aipo-diariamente\/","name":"Exatamente o que acontece com seu corpo se voc\u00ea comer aipo diariamente","isPartOf":{"@id":"https:\/\/www.correiobraziliense.com.br\/cbradar\/#website"},"primaryImageOfPage":{"@id":"https:\/\/www.correiobraziliense.com.br\/cbradar\/exatamente-o-que-acontece-com-seu-corpo-se-voce-comer-aipo-diariamente\/#primaryimage"},"image":{"@id":"https:\/\/www.correiobraziliense.com.br\/cbradar\/exatamente-o-que-acontece-com-seu-corpo-se-voce-comer-aipo-diariamente\/#primaryimage"},"thumbnailUrl":"https:\/\/www.correiobraziliense.com.br\/cbradar\/wp-content\/uploads\/2025\/09\/aipo_1758277884832.jpg","datePublished":"2025-09-20T15:23:00+00:00","author":{"@id":"https:\/\/www.correiobraziliense.com.br\/cbradar\/#\/schema\/person\/58422787644df994b53a19d3e56c1513"},"description":"Descubra os surpreendentes benef\u00edcios de comer aipo diariamente com dicas de nutricionistas registrados.","breadcrumb":{"@id":"https:\/\/www.correiobraziliense.com.br\/cbradar\/exatamente-o-que-acontece-com-seu-corpo-se-voce-comer-aipo-diariamente\/#breadcrumb"},"inLanguage":"pt-BR","potentialAction":[{"@type":"ReadAction","target":["https:\/\/www.correiobraziliense.com.br\/cbradar\/exatamente-o-que-acontece-com-seu-corpo-se-voce-comer-aipo-diariamente\/"]}]},{"@type":"ImageObject","inLanguage":"pt-BR","@id":"https:\/\/www.correiobraziliense.com.br\/cbradar\/exatamente-o-que-acontece-com-seu-corpo-se-voce-comer-aipo-diariamente\/#primaryimage","url":"https:\/\/www.correiobraziliense.com.br\/cbradar\/wp-content\/uploads\/2025\/09\/aipo_1758277884832.jpg","contentUrl":"https:\/\/www.correiobraziliense.com.br\/cbradar\/wp-content\/uploads\/2025\/09\/aipo_1758277884832.jpg","width":1280,"height":720,"caption":"Aipo. Cr\u00e9ditos: depositphotos.com \/ VadimVasenin"},{"@type":"BreadcrumbList","@id":"https:\/\/www.correiobraziliense.com.br\/cbradar\/exatamente-o-que-acontece-com-seu-corpo-se-voce-comer-aipo-diariamente\/#breadcrumb","itemListElement":[{"@type":"ListItem","position":1,"name":"In\u00edcio","item":"https:\/\/www.correiobraziliense.com.br\/cbradar\/"},{"@type":"ListItem","position":2,"name":"Exatamente o que acontece com seu corpo se voc\u00ea comer aipo diariamente"}]},{"@type":"WebSite","@id":"https:\/\/www.correiobraziliense.com.br\/cbradar\/#website","url":"https:\/\/www.correiobraziliense.com.br\/cbradar\/","name":"Correio Braziliense - Radar","description":"Acompanhe as \u00faltimas not\u00edcias e fique bem informado sobre tudo o que acontece no Brasil e no mundo.","potentialAction":[{"@type":"SearchAction","target":{"@type":"EntryPoint","urlTemplate":"https:\/\/www.correiobraziliense.com.br\/cbradar\/?s={search_term_string}"},"query-input":{"@type":"PropertyValueSpecification","valueRequired":true,"valueName":"search_term_string"}}],"inLanguage":"pt-BR"},{"@type":"Person","@id":"https:\/\/www.correiobraziliense.com.br\/cbradar\/#\/schema\/person\/58422787644df994b53a19d3e56c1513","name":"Larissa Carvalho","image":{"@type":"ImageObject","inLanguage":"pt-BR","@id":"https:\/\/www.correiobraziliense.com.br\/cbradar\/#\/schema\/person\/image\/","url":"https:\/\/secure.gravatar.com\/avatar\/fe4f91a0de32b52a838d0d612abdc1aa?s=96&d=mm&r=g","contentUrl":"https:\/\/secure.gravatar.com\/avatar\/fe4f91a0de32b52a838d0d612abdc1aa?s=96&d=mm&r=g","caption":"Larissa Carvalho"},"url":"https:\/\/www.correiobraziliense.com.br\/cbradar\/author\/larissamyth\/"}]}},"_links":{"self":[{"href":"https:\/\/www.correiobraziliense.com.br\/cbradar\/wp-json\/wp\/v2\/posts\/106098","targetHints":{"allow":["GET"]}}],"collection":[{"href":"https:\/\/www.correiobraziliense.com.br\/cbradar\/wp-json\/wp\/v2\/posts"}],"about":[{"href":"https:\/\/www.correiobraziliense.com.br\/cbradar\/wp-json\/wp\/v2\/types\/post"}],"author":[{"embeddable":true,"href":"https:\/\/www.correiobraziliense.com.br\/cbradar\/wp-json\/wp\/v2\/users\/3"}],"replies":[{"embeddable":true,"href":"https:\/\/www.correiobraziliense.com.br\/cbradar\/wp-json\/wp\/v2\/comments?post=106098"}],"version-history":[{"count":2,"href":"https:\/\/www.correiobraziliense.com.br\/cbradar\/wp-json\/wp\/v2\/posts\/106098\/revisions"}],"predecessor-version":[{"id":106102,"href":"https:\/\/www.correiobraziliense.com.br\/cbradar\/wp-json\/wp\/v2\/posts\/106098\/revisions\/106102"}],"wp:featuredmedia":[{"embeddable":true,"href":"https:\/\/www.correiobraziliense.com.br\/cbradar\/wp-json\/wp\/v2\/media\/106100"}],"wp:attachment":[{"href":"https:\/\/www.correiobraziliense.com.br\/cbradar\/wp-json\/wp\/v2\/media?parent=106098"}],"wp:term":[{"taxonomy":"category","embeddable":true,"href":"https:\/\/www.correiobraziliense.com.br\/cbradar\/wp-json\/wp\/v2\/categories?post=106098"},{"taxonomy":"post_tag","embeddable":true,"href":"https:\/\/www.correiobraziliense.com.br\/cbradar\/wp-json\/wp\/v2\/post_tag?post=106098"}],"curies":[{"name":"wp","href":"https:\/\/api.w.org\/{rel}","templated":true}]}}